{"id":27722,"date":"2026-01-22T11:23:11","date_gmt":"2026-01-22T11:23:11","guid":{"rendered":"https:\/\/macite.tg\/?p=27722"},"modified":"2026-01-22T11:23:23","modified_gmt":"2026-01-22T11:23:23","slug":"reforme-a-la-ceet-lexecutif-togolais-recrute-un-cabinet-pour-une-meilleure-gouvernance-et-un-management-nouveau","status":"publish","type":"post","link":"https:\/\/macite.tg\/?p=27722","title":{"rendered":"REFORME A LA CEET : L\u2019ex\u00e9cutif togolais recrute un cabinet pour une meilleure gouvernance et un management nouveau"},"content":{"rendered":"\n<p class=\"wp-block-paragraph\"><strong><em>La Compagnie \u00e9nergie \u00e9lectrique du Togo (CEET) s\u2019appr\u00eate \u00e0 entrer dans une nouvelle \u00e8re, celle d\u2019un nouveau management et d\u2019une gouvernance moderne. Le gouvernement togolais, via le minist\u00e8re en charge de l\u2019Energie et des ressources mini\u00e8res, a lanc\u00e9 un avis \u00e0 manifestation d\u2019int\u00e9r\u00eat pour le recruter d\u2019un cabinet dans l\u2019optique de conduite de cette r\u00e9forme.<\/em><\/strong><\/p>\n\n\n\n<p class=\"wp-block-paragraph\">L\u2019objectif principal de cette r\u00e9forme est d\u2019accompagner la Compagnie dans une transformation organisationnelle durable, en concevant une organisation cible moderne et agile, en renfor\u00e7ant la gouvernance ainsi que les capacit\u00e9s institutionnelles et techniques, et en mettant en place un dispositif de management performant et transparent de mani\u00e8re \u00e0 cr\u00e9er les conditions n\u00e9cessaires \u00e0 l\u2019examen et, le cas \u00e9ch\u00e9ant, \u00e0 la mise en \u0153uvre ult\u00e9rieure des options de r\u00e9organisation qui seront retenues \u00e0 l\u2019issue des travaux (dont, \u00e9ventuellement, une option de filialisation).<\/p>\n\n\n<div class=\"wp-block-image\">\n<figure class=\"aligncenter size-full\"><img loading=\"lazy\" decoding=\"async\" width=\"851\" height=\"315\" src=\"https:\/\/macite.tg\/wp-content\/uploads\/2026\/01\/OTR_Ferer-pour-batir-1.jpg\" alt=\"\" class=\"wp-image-27391\" srcset=\"https:\/\/macite.tg\/wp-content\/uploads\/2026\/01\/OTR_Ferer-pour-batir-1.jpg 851w, https:\/\/macite.tg\/wp-content\/uploads\/2026\/01\/OTR_Ferer-pour-batir-1-300x111.jpg 300w, https:\/\/macite.tg\/wp-content\/uploads\/2026\/01\/OTR_Ferer-pour-batir-1-768x284.jpg 768w\" sizes=\"auto, (max-width: 851px) 100vw, 851px\" \/><\/figure>\n<\/div>\n\n\n<p class=\"wp-block-paragraph\">Cette initiative s\u2019inscrit dans le cadre du Projet de d\u00e9veloppement Inclusif \u00e0 travers l\u2019acc\u00e8s \u00e0 l&rsquo;\u00e9lectricit\u00e9 (IDEA), port\u00e9 par le gouvernement. Elle vise \u00e0 am\u00e9liorer la qualit\u00e9 du service pour les consommateurs et de renforcer l\u2019efficacit\u00e9 et la transparence du distributeur public, entre autres.&nbsp;<\/p>\n\n\n\n<p class=\"wp-block-paragraph\">Les Consultants int\u00e9ress\u00e9s, devront prouver qu\u2019ils disposent de qualifications requises et une exp\u00e9rience pertinente pour l\u2019ex\u00e9cution des services.&nbsp;<\/p>\n\n\n\n<p class=\"wp-block-paragraph\">Notons que les manifestations d\u2019int\u00e9r\u00eat, r\u00e9dig\u00e9es en langue fran\u00e7aise doivent \u00eatre d\u00e9pos\u00e9es, au plus tard le 15 f\u00e9vrier 2026 \u00e0 10 heures GMT, en version physique \u00e0 l\u2019adresse ci-apr\u00e8s en trois (03) exemplaires (1 original + 2 copies + 1 cl\u00e9 usb contenant la manifestation d\u2019int\u00e9r\u00eat), ou en version num\u00e9rique aux adresses mail ci-apr\u00e8s, avec la mention <strong>\u00ab RECRUTEMENT D\u2019UN CABINET CHARGE DE LA TRANSFORMATION ORGANISATIONNELLE ET DU RENFORCEMENT DE LA GOUVERNANCE DE LA CEET \u00bb<\/strong>.<\/p>\n\n\n\n<p class=\"wp-block-paragraph\">Pour rappel, cr\u00e9\u00e9e en 1963, la CEET est la principale entit\u00e9 publique en charge de l\u2019approvisionnement et de la fourniture de l\u2019\u00e9nergie \u00e9lectrique sur l\u2019ensemble du territoire national.<\/p>\n\n\n\n<p class=\"wp-block-paragraph\"><strong>Voici l\u2019appel \u00e0 manifestation d\u2019int\u00e9r\u00eat&nbsp;:<\/strong><\/p>\n\n\n\n<div data-wp-interactive=\"core\/file\" class=\"wp-block-file\"><object data-wp-bind--hidden=\"!state.hasPdfPreview\" hidden class=\"wp-block-file__embed\" data=\"https:\/\/macite.tg\/wp-content\/uploads\/2026\/01\/AMI-n\u00b0-002-MDERM-IDEA-2026_Recrutement_Cabinet-Transformation-organisationnelle_CEET-_Phase-1.pdf\" type=\"application\/pdf\" style=\"width:100%;height:600px\" aria-label=\"Contenu embarqu\u00e9 AMI-n\u00b0-002-MDERM-IDEA-2026_Recrutement_Cabinet-Transformation-organisationnelle_CEET-_Phase-1.\"><\/object><a id=\"wp-block-file--media-969c7ceb-20c4-4985-b17a-a816b3fc0714\" href=\"https:\/\/macite.tg\/wp-content\/uploads\/2026\/01\/AMI-n\u00b0-002-MDERM-IDEA-2026_Recrutement_Cabinet-Transformation-organisationnelle_CEET-_Phase-1.pdf\">AMI-n\u00b0-002-MDERM-IDEA-2026_Recrutement_Cabinet-Transformation-organisationnelle_CEET-_Phase-1<\/a><a href=\"https:\/\/macite.tg\/wp-content\/uploads\/2026\/01\/AMI-n\u00b0-002-MDERM-IDEA-2026_Recrutement_Cabinet-Transformation-organisationnelle_CEET-_Phase-1.pdf\" class=\"wp-block-file__button wp-element-button\" download aria-describedby=\"wp-block-file--media-969c7ceb-20c4-4985-b17a-a816b3fc0714\">T\u00e9l\u00e9charger<\/a><\/div>\n\n\n\n<p class=\"wp-block-paragraph\"><a><strong><em>@macite.tg&nbsp;&nbsp;&nbsp;&nbsp;&nbsp;&nbsp;&nbsp;&nbsp;<\/em><\/strong><\/a><\/p>\n\n\n\n<p class=\"wp-block-paragraph\"><strong><em>E-mail&nbsp;: <\/em><\/strong><a href=\"mailto:maciteinfo@gmail.com\"><strong><em>maciteinfo@gmail.com<\/em><\/strong><\/a><strong><em>; <\/em><\/strong><a href=\"mailto:bawela1@gmail.com\"><strong><em>bawela1@gmail.com<\/em><\/strong><\/a><strong><em><\/em><\/strong><\/p>\n\n\n\n<p class=\"wp-block-paragraph\"><strong><em>Pour vos annonces, (publi)reportages, etc., joignez-nous au (00228)91515309\/<strong>79872224 <\/strong><strong><\/strong><\/em><\/strong><\/p>\n\n\n\n<p class=\"wp-block-paragraph\"><strong><em>www.macite.tg, L\u2019information, la bonne&nbsp;!<\/em><\/strong><\/p>\n\n\n\n<p class=\"wp-block-paragraph\"><\/p>\n","protected":false},"excerpt":{"rendered":"<p class=\"text-justify mb-2\" >La Compagnie \u00e9nergie \u00e9lectrique du Togo (CEET) s\u2019appr\u00eate \u00e0 entrer dans une nouvelle \u00e8re, celle d\u2019un nouveau management et d\u2019une gouvernance moderne. Le gouvernement togolais, via le minist\u00e8re en charge de l\u2019Energie et des ressources mini\u00e8res, a lanc\u00e9 un avis \u00e0 manifestation d\u2019int\u00e9r\u00eat pour le [&hellip;]<\/p>\n","protected":false},"author":2,"featured_media":27724,"comment_status":"open","ping_status":"open","sticky":false,"template":"","format":"standard","meta":{"footnotes":""},"categories":[20,31],"tags":[],"class_list":["post-27722","post","type-post","status-publish","format-standard","has-post-thumbnail","hentry","category-actualite","category-annonce"],"yoast_head":"<!-- This site is optimized with the Yoast SEO plugin v28.4 - https:\/\/yoast.com\/product\/yoast-seo-wordpress\/ -->\n<title>REFORME A LA CEET : L\u2019ex\u00e9cutif togolais recrute un cabinet pour une meilleure gouvernance et un management nouveau -<\/title>\n<meta name=\"robots\" content=\"index, follow, max-snippet:-1, max-image-preview:large, max-video-preview:-1\" \/>\n<link rel=\"canonical\" href=\"https:\/\/macite.tg\/?p=27722\" \/>\n<meta property=\"og:locale\" content=\"fr_FR\" \/>\n<meta property=\"og:type\" content=\"article\" \/>\n<meta property=\"og:title\" content=\"REFORME A LA CEET : L\u2019ex\u00e9cutif togolais recrute un cabinet pour une meilleure gouvernance et un management nouveau -\" \/>\n<meta property=\"og:description\" content=\"La Compagnie \u00e9nergie \u00e9lectrique du Togo (CEET) s\u2019appr\u00eate \u00e0 entrer dans une nouvelle \u00e8re, celle d\u2019un nouveau management et d\u2019une gouvernance moderne. Le gouvernement togolais, via le minist\u00e8re en charge de l\u2019Energie et des ressources mini\u00e8res, a lanc\u00e9 un avis \u00e0 manifestation d\u2019int\u00e9r\u00eat pour le [&hellip;]\" \/>\n<meta property=\"og:url\" content=\"https:\/\/macite.tg\/?p=27722\" \/>\n<meta property=\"article:published_time\" content=\"2026-01-22T11:23:11+00:00\" \/>\n<meta property=\"article:modified_time\" content=\"2026-01-22T11:23:23+00:00\" \/>\n<meta property=\"og:image\" content=\"https:\/\/macite.tg\/wp-content\/uploads\/2026\/01\/AVIS-CEET.jpg\" \/>\n\t<meta property=\"og:image:width\" content=\"352\" \/>\n\t<meta property=\"og:image:height\" content=\"375\" \/>\n\t<meta property=\"og:image:type\" content=\"image\/jpeg\" \/>\n<meta name=\"author\" content=\"Jean Pierre BAWELA\" \/>\n<meta name=\"twitter:card\" content=\"summary_large_image\" \/>\n<meta name=\"twitter:label1\" content=\"\u00c9crit par\" \/>\n\t<meta name=\"twitter:data1\" content=\"Jean Pierre BAWELA\" \/>\n\t<meta name=\"twitter:label2\" content=\"Dur\u00e9e de lecture estim\u00e9e\" \/>\n\t<meta name=\"twitter:data2\" content=\"3 minutes\" \/>\n<script type=\"application\/ld+json\" class=\"yoast-schema-graph\">{\"@context\":\"https:\\\/\\\/schema.org\",\"@graph\":[{\"@type\":\"Article\",\"@id\":\"https:\\\/\\\/macite.tg\\\/?p=27722#article\",\"isPartOf\":{\"@id\":\"https:\\\/\\\/macite.tg\\\/?p=27722\"},\"author\":{\"name\":\"Jean Pierre BAWELA\",\"@id\":\"https:\\\/\\\/macite.tg\\\/#\\\/schema\\\/person\\\/e9f2de7e5dbbe7770a9402c7ce82f5c2\"},\"headline\":\"REFORME A LA CEET : L\u2019ex\u00e9cutif togolais recrute un cabinet pour une meilleure gouvernance et un management nouveau\",\"datePublished\":\"2026-01-22T11:23:11+00:00\",\"dateModified\":\"2026-01-22T11:23:23+00:00\",\"mainEntityOfPage\":{\"@id\":\"https:\\\/\\\/macite.tg\\\/?p=27722\"},\"wordCount\":413,\"commentCount\":0,\"image\":{\"@id\":\"https:\\\/\\\/macite.tg\\\/?p=27722#primaryimage\"},\"thumbnailUrl\":\"https:\\\/\\\/macite.tg\\\/wp-content\\\/uploads\\\/2026\\\/01\\\/AVIS-CEET.jpg\",\"articleSection\":[\"ACTUALITE\",\"ANNONCE\"],\"inLanguage\":\"fr-FR\",\"potentialAction\":[{\"@type\":\"CommentAction\",\"name\":\"Comment\",\"target\":[\"https:\\\/\\\/macite.tg\\\/?p=27722#respond\"]}]},{\"@type\":\"WebPage\",\"@id\":\"https:\\\/\\\/macite.tg\\\/?p=27722\",\"url\":\"https:\\\/\\\/macite.tg\\\/?p=27722\",\"name\":\"REFORME A LA CEET : L\u2019ex\u00e9cutif togolais recrute un cabinet pour une meilleure gouvernance et un management nouveau -\",\"isPartOf\":{\"@id\":\"https:\\\/\\\/macite.tg\\\/#website\"},\"primaryImageOfPage\":{\"@id\":\"https:\\\/\\\/macite.tg\\\/?p=27722#primaryimage\"},\"image\":{\"@id\":\"https:\\\/\\\/macite.tg\\\/?p=27722#primaryimage\"},\"thumbnailUrl\":\"https:\\\/\\\/macite.tg\\\/wp-content\\\/uploads\\\/2026\\\/01\\\/AVIS-CEET.jpg\",\"datePublished\":\"2026-01-22T11:23:11+00:00\",\"dateModified\":\"2026-01-22T11:23:23+00:00\",\"author\":{\"@id\":\"https:\\\/\\\/macite.tg\\\/#\\\/schema\\\/person\\\/e9f2de7e5dbbe7770a9402c7ce82f5c2\"},\"breadcrumb\":{\"@id\":\"https:\\\/\\\/macite.tg\\\/?p=27722#breadcrumb\"},\"inLanguage\":\"fr-FR\",\"potentialAction\":[{\"@type\":\"ReadAction\",\"target\":[\"https:\\\/\\\/macite.tg\\\/?p=27722\"]}]},{\"@type\":\"ImageObject\",\"inLanguage\":\"fr-FR\",\"@id\":\"https:\\\/\\\/macite.tg\\\/?p=27722#primaryimage\",\"url\":\"https:\\\/\\\/macite.tg\\\/wp-content\\\/uploads\\\/2026\\\/01\\\/AVIS-CEET.jpg\",\"contentUrl\":\"https:\\\/\\\/macite.tg\\\/wp-content\\\/uploads\\\/2026\\\/01\\\/AVIS-CEET.jpg\",\"width\":352,\"height\":375},{\"@type\":\"BreadcrumbList\",\"@id\":\"https:\\\/\\\/macite.tg\\\/?p=27722#breadcrumb\",\"itemListElement\":[{\"@type\":\"ListItem\",\"position\":1,\"name\":\"Accueil\",\"item\":\"https:\\\/\\\/macite.tg\\\/\"},{\"@type\":\"ListItem\",\"position\":2,\"name\":\"REFORME A LA CEET : L\u2019ex\u00e9cutif togolais recrute un cabinet pour une meilleure gouvernance et un management nouveau\"}]},{\"@type\":\"WebSite\",\"@id\":\"https:\\\/\\\/macite.tg\\\/#website\",\"url\":\"https:\\\/\\\/macite.tg\\\/\",\"name\":\"\",\"description\":\"L&#039;information, la bonne!!!\",\"potentialAction\":[{\"@type\":\"SearchAction\",\"target\":{\"@type\":\"EntryPoint\",\"urlTemplate\":\"https:\\\/\\\/macite.tg\\\/?s={search_term_string}\"},\"query-input\":{\"@type\":\"PropertyValueSpecification\",\"valueRequired\":true,\"valueName\":\"search_term_string\"}}],\"inLanguage\":\"fr-FR\"},{\"@type\":\"Person\",\"@id\":\"https:\\\/\\\/macite.tg\\\/#\\\/schema\\\/person\\\/e9f2de7e5dbbe7770a9402c7ce82f5c2\",\"name\":\"Jean Pierre BAWELA\",\"image\":{\"@type\":\"ImageObject\",\"inLanguage\":\"fr-FR\",\"@id\":\"https:\\\/\\\/macite.tg\\\/wp-content\\\/uploads\\\/2023\\\/09\\\/WhatsApp-Image-2023-09-19-at-14.44.41-122x122.jpeg\",\"url\":\"https:\\\/\\\/macite.tg\\\/wp-content\\\/uploads\\\/2023\\\/09\\\/WhatsApp-Image-2023-09-19-at-14.44.41-122x122.jpeg\",\"contentUrl\":\"https:\\\/\\\/macite.tg\\\/wp-content\\\/uploads\\\/2023\\\/09\\\/WhatsApp-Image-2023-09-19-at-14.44.41-122x122.jpeg\",\"caption\":\"Jean Pierre BAWELA\"},\"url\":\"https:\\\/\\\/macite.tg\\\/?author=2\"}]}<\/script>\n<!-- \/ Yoast SEO plugin. -->","yoast_head_json":{"title":"REFORME A LA CEET : L\u2019ex\u00e9cutif togolais recrute un cabinet pour une meilleure gouvernance et un management nouveau -","robots":{"index":"index","follow":"follow","max-snippet":"max-snippet:-1","max-image-preview":"max-image-preview:large","max-video-preview":"max-video-preview:-1"},"canonical":"https:\/\/macite.tg\/?p=27722","og_locale":"fr_FR","og_type":"article","og_title":"REFORME A LA CEET : L\u2019ex\u00e9cutif togolais recrute un cabinet pour une meilleure gouvernance et un management nouveau -","og_description":"La Compagnie \u00e9nergie \u00e9lectrique du Togo (CEET) s\u2019appr\u00eate \u00e0 entrer dans une nouvelle \u00e8re, celle d\u2019un nouveau management et d\u2019une gouvernance moderne. Le gouvernement togolais, via le minist\u00e8re en charge de l\u2019Energie et des ressources mini\u00e8res, a lanc\u00e9 un avis \u00e0 manifestation d\u2019int\u00e9r\u00eat pour le [&hellip;]","og_url":"https:\/\/macite.tg\/?p=27722","article_published_time":"2026-01-22T11:23:11+00:00","article_modified_time":"2026-01-22T11:23:23+00:00","og_image":[{"width":352,"height":375,"url":"https:\/\/macite.tg\/wp-content\/uploads\/2026\/01\/AVIS-CEET.jpg","type":"image\/jpeg"}],"author":"Jean Pierre BAWELA","twitter_card":"summary_large_image","twitter_misc":{"\u00c9crit par":"Jean Pierre BAWELA","Dur\u00e9e de lecture estim\u00e9e":"3 minutes"},"schema":{"@context":"https:\/\/schema.org","@graph":[{"@type":"Article","@id":"https:\/\/macite.tg\/?p=27722#article","isPartOf":{"@id":"https:\/\/macite.tg\/?p=27722"},"author":{"name":"Jean Pierre BAWELA","@id":"https:\/\/macite.tg\/#\/schema\/person\/e9f2de7e5dbbe7770a9402c7ce82f5c2"},"headline":"REFORME A LA CEET : L\u2019ex\u00e9cutif togolais recrute un cabinet pour une meilleure gouvernance et un management nouveau","datePublished":"2026-01-22T11:23:11+00:00","dateModified":"2026-01-22T11:23:23+00:00","mainEntityOfPage":{"@id":"https:\/\/macite.tg\/?p=27722"},"wordCount":413,"commentCount":0,"image":{"@id":"https:\/\/macite.tg\/?p=27722#primaryimage"},"thumbnailUrl":"https:\/\/macite.tg\/wp-content\/uploads\/2026\/01\/AVIS-CEET.jpg","articleSection":["ACTUALITE","ANNONCE"],"inLanguage":"fr-FR","potentialAction":[{"@type":"CommentAction","name":"Comment","target":["https:\/\/macite.tg\/?p=27722#respond"]}]},{"@type":"WebPage","@id":"https:\/\/macite.tg\/?p=27722","url":"https:\/\/macite.tg\/?p=27722","name":"REFORME A LA CEET : L\u2019ex\u00e9cutif togolais recrute un cabinet pour une meilleure gouvernance et un management nouveau -","isPartOf":{"@id":"https:\/\/macite.tg\/#website"},"primaryImageOfPage":{"@id":"https:\/\/macite.tg\/?p=27722#primaryimage"},"image":{"@id":"https:\/\/macite.tg\/?p=27722#primaryimage"},"thumbnailUrl":"https:\/\/macite.tg\/wp-content\/uploads\/2026\/01\/AVIS-CEET.jpg","datePublished":"2026-01-22T11:23:11+00:00","dateModified":"2026-01-22T11:23:23+00:00","author":{"@id":"https:\/\/macite.tg\/#\/schema\/person\/e9f2de7e5dbbe7770a9402c7ce82f5c2"},"breadcrumb":{"@id":"https:\/\/macite.tg\/?p=27722#breadcrumb"},"inLanguage":"fr-FR","potentialAction":[{"@type":"ReadAction","target":["https:\/\/macite.tg\/?p=27722"]}]},{"@type":"ImageObject","inLanguage":"fr-FR","@id":"https:\/\/macite.tg\/?p=27722#primaryimage","url":"https:\/\/macite.tg\/wp-content\/uploads\/2026\/01\/AVIS-CEET.jpg","contentUrl":"https:\/\/macite.tg\/wp-content\/uploads\/2026\/01\/AVIS-CEET.jpg","width":352,"height":375},{"@type":"BreadcrumbList","@id":"https:\/\/macite.tg\/?p=27722#breadcrumb","itemListElement":[{"@type":"ListItem","position":1,"name":"Accueil","item":"https:\/\/macite.tg\/"},{"@type":"ListItem","position":2,"name":"REFORME A LA CEET : L\u2019ex\u00e9cutif togolais recrute un cabinet pour une meilleure gouvernance et un management nouveau"}]},{"@type":"WebSite","@id":"https:\/\/macite.tg\/#website","url":"https:\/\/macite.tg\/","name":"","description":"L&#039;information, la bonne!!!","potentialAction":[{"@type":"SearchAction","target":{"@type":"EntryPoint","urlTemplate":"https:\/\/macite.tg\/?s={search_term_string}"},"query-input":{"@type":"PropertyValueSpecification","valueRequired":true,"valueName":"search_term_string"}}],"inLanguage":"fr-FR"},{"@type":"Person","@id":"https:\/\/macite.tg\/#\/schema\/person\/e9f2de7e5dbbe7770a9402c7ce82f5c2","name":"Jean Pierre BAWELA","image":{"@type":"ImageObject","inLanguage":"fr-FR","@id":"https:\/\/macite.tg\/wp-content\/uploads\/2023\/09\/WhatsApp-Image-2023-09-19-at-14.44.41-122x122.jpeg","url":"https:\/\/macite.tg\/wp-content\/uploads\/2023\/09\/WhatsApp-Image-2023-09-19-at-14.44.41-122x122.jpeg","contentUrl":"https:\/\/macite.tg\/wp-content\/uploads\/2023\/09\/WhatsApp-Image-2023-09-19-at-14.44.41-122x122.jpeg","caption":"Jean Pierre BAWELA"},"url":"https:\/\/macite.tg\/?author=2"}]}},"_links":{"self":[{"href":"https:\/\/macite.tg\/index.php?rest_route=\/wp\/v2\/posts\/27722","targetHints":{"allow":["GET"]}}],"collection":[{"href":"https:\/\/macite.tg\/index.php?rest_route=\/wp\/v2\/posts"}],"about":[{"href":"https:\/\/macite.tg\/index.php?rest_route=\/wp\/v2\/types\/post"}],"author":[{"embeddable":true,"href":"https:\/\/macite.tg\/index.php?rest_route=\/wp\/v2\/users\/2"}],"replies":[{"embeddable":true,"href":"https:\/\/macite.tg\/index.php?rest_route=%2Fwp%2Fv2%2Fcomments&post=27722"}],"version-history":[{"count":0,"href":"https:\/\/macite.tg\/index.php?rest_route=\/wp\/v2\/posts\/27722\/revisions"}],"wp:featuredmedia":[{"embeddable":true,"href":"https:\/\/macite.tg\/index.php?rest_route=\/wp\/v2\/media\/27724"}],"wp:attachment":[{"href":"https:\/\/macite.tg\/index.php?rest_route=%2Fwp%2Fv2%2Fmedia&parent=27722"}],"wp:term":[{"taxonomy":"category","embeddable":true,"href":"https:\/\/macite.tg\/index.php?rest_route=%2Fwp%2Fv2%2Fcategories&post=27722"},{"taxonomy":"post_tag","embeddable":true,"href":"https:\/\/macite.tg\/index.php?rest_route=%2Fwp%2Fv2%2Ftags&post=27722"}],"curies":[{"name":"wp","href":"https:\/\/api.w.org\/{rel}","templated":true}]}}