{"id":27715,"date":"2026-01-21T18:55:04","date_gmt":"2026-01-21T18:55:04","guid":{"rendered":"https:\/\/macite.tg\/?p=27715"},"modified":"2026-01-21T18:55:14","modified_gmt":"2026-01-21T18:55:14","slug":"la-page-de-la-presidentielle-tournee-en-guinee-le-pa-selom-klassou-temoin-de-linvestiture-du-president-doumbouya","status":"publish","type":"post","link":"https:\/\/macite.tg\/?p=27715","title":{"rendered":"LA PAGE DE LA PRESIDENTIELLE TOURNEE EN GUINEE\u00a0: Le PA Selom Klassou t\u00e9moin de l\u2019investiture du pr\u00e9sident Doumbouya"},"content":{"rendered":"\n<p class=\"wp-block-paragraph\"><strong><em>La page de la pr\u00e9sidentielle en Guin\u00e9e est d\u00e9finitivement tourn\u00e9e le samedi 17 janvier 2026 avec la c\u00e9r\u00e9monie d&rsquo;investiture a rassembl\u00e9 des milliers de Guin\u00e9ens et d&rsquo;autres d\u00e9l\u00e9gations de pays africains dont le Togo ainsi que des repr\u00e9sentants d&rsquo;institutions internationales au stade G\u00e9n\u00e9ral Lansana Cont\u00e9 de Nongo \u00e0 Conakry. D\u00e9sormais, une nouvelle \u00e8re politique et institutionnelle s&rsquo;est ouverte sur la R\u00e9publique de Guin\u00e9e. Le nouveau Pr\u00e9sident de la R\u00e9publique, SEM Mamadi Doumbouya, a pr\u00eat\u00e9 serment pour un mandat de sept (7) ans. &nbsp;<\/em><\/strong><\/p>\n\n\n\n<p class=\"wp-block-paragraph\">Le Pr\u00e9sident de l\u2019Assembl\u00e9e nationale, S.E. Professeur Komi Selom Klassou a pris part \u00e0 cette c\u00e9r\u00e9monie au nom du Pr\u00e9sident du Conseil, Son Excellence Monsieur Faure Essozimna Gnassingb\u00e9.<\/p>\n\n\n\n<p class=\"wp-block-paragraph\">L&rsquo;hymne national de la R\u00e9publique de Guin\u00e9e chant\u00e9 en ch\u0153ur au stade G\u00e9n\u00e9ral Lansana Cont\u00e9 de Nongo \u00e0 Conakry par plus de 50 mille personnes mobilis\u00e9es pour vivre cet \u00e9v\u00e9nement historique dans la vie de la nation guin\u00e9enne.<\/p>\n\n\n<div class=\"wp-block-image\">\n<figure class=\"aligncenter size-full is-resized\"><img loading=\"lazy\" decoding=\"async\" width=\"690\" height=\"170\" src=\"https:\/\/macite.tg\/wp-content\/uploads\/2026\/01\/OTR_TVM.jpg\" alt=\"\" class=\"wp-image-27483\" style=\"width:840px;height:auto\" srcset=\"https:\/\/macite.tg\/wp-content\/uploads\/2026\/01\/OTR_TVM.jpg 690w, https:\/\/macite.tg\/wp-content\/uploads\/2026\/01\/OTR_TVM-300x74.jpg 300w\" sizes=\"auto, (max-width: 690px) 100vw, 690px\" \/><\/figure>\n<\/div>\n\n\n<p class=\"wp-block-paragraph\">Le pays inaugure ainsi son entr\u00e9e officielle dans la Ve R\u00e9publique avec la prestation de serment du Pr\u00e9sident de la R\u00e9publique SEM Mamadi Doumbouya, \u00e9lu au premier tour de l&rsquo;\u00e9lection pr\u00e9sidentielle du 28 d\u00e9cembre dernier avec 86,72% des suffrages exprim\u00e9s, pour un mandat de 7ans \u00e0 la t\u00eate de ce pays de 17 millions d\u2019habitants.<\/p>\n\n\n\n<p class=\"wp-block-paragraph\">Sous le regard du Pr\u00e9sident de l\u2019Assembl\u00e9e nationale, Son Excellence Professeur Komi Selom Klassou, repr\u00e9sentant le Pr\u00e9sident du Conseil, SEM Faure Essozimna Gnassingb\u00e9 et en pr\u00e9sence des autres d\u00e9l\u00e9gations de chefs d&rsquo;\u00c9tat et de gouvernement, le Pr\u00e9sident Mamadi Doumbouya, main droite lev\u00e9e, pr\u00eate serment devant les membres de la Cour Supr\u00eame en audience solennelle d\u00e9localis\u00e9e.<\/p>\n\n\n\n<p class=\"wp-block-paragraph\"><em>\u00ab Je jure devant Dieu et devant le peuple de Guin\u00e9e, sur mon honneur de respecter et de faire respecter scrupuleusement la constitution, les lois, les r\u00e8glements et les d\u00e9cisions de justice, d&rsquo;exercer loyalement et dignement les fonctions qui me sont conf\u00e9r\u00e9es dans l&rsquo;int\u00e9r\u00eat sup\u00e9rieur de la nation, de ne jamais recourir aux pouvoirs qui me sont d\u00e9volus \u00e0 des fins personnelles, de pr\u00e9server en tout lieu et en toutes circonstances la paix, la coh\u00e9sion sociale et l&rsquo;unit\u00e9 nationale, de d\u00e9fendre les institutions de la R\u00e9publique, l&rsquo;int\u00e9grit\u00e9 du territoire et l&rsquo;ind\u00e9pendance nationale en cas de parjure que je subisse la rigueur de la loi \u00bb,<\/em> a d\u00e9clar\u00e9 SEM Mamadi Doumbouya, Pr\u00e9sident de la R\u00e9publique de Guin\u00e9e.<\/p>\n\n\n<div class=\"wp-block-image\">\n<figure class=\"aligncenter size-full\"><img loading=\"lazy\" decoding=\"async\" width=\"851\" height=\"315\" src=\"https:\/\/macite.tg\/wp-content\/uploads\/2026\/01\/OTR_Ferer-pour-batir-1.jpg\" alt=\"\" class=\"wp-image-27391\" srcset=\"https:\/\/macite.tg\/wp-content\/uploads\/2026\/01\/OTR_Ferer-pour-batir-1.jpg 851w, https:\/\/macite.tg\/wp-content\/uploads\/2026\/01\/OTR_Ferer-pour-batir-1-300x111.jpg 300w, https:\/\/macite.tg\/wp-content\/uploads\/2026\/01\/OTR_Ferer-pour-batir-1-768x284.jpg 768w\" sizes=\"auto, (max-width: 851px) 100vw, 851px\" \/><\/figure>\n<\/div>\n\n\n<p class=\"wp-block-paragraph\">Le Pr\u00e9sident investi mesure d\u00e9j\u00e0 l\u2019immensit\u00e9 de la charge qui p\u00e8se d\u00e9sormais sur lui en tant que garant de l\u2019unit\u00e9 nationale. Il s\u2019engage \u00e0 prot\u00e9ger les libert\u00e9s politiques et fondamentales, \u00e0 garantir l\u2019ind\u00e9pendance et la continuit\u00e9 de l\u2019\u00c9tat, et \u00e0 \u0153uvrer pour le bien-\u00eatre de tous les Guin\u00e9ens.<\/p>\n\n\n\n<p class=\"wp-block-paragraph\">Expert en s\u00e9curit\u00e9, le Pr\u00e9sident Doumbouya incarne la vision d&rsquo;une Guin\u00e9e moderne et innovante \u00e0 travers son programme SIMANDOU 2040 qui ambitionne de faire un pont vers la prosp\u00e9rit\u00e9 de la Guin\u00e9e.<\/p>\n\n\n\n<p class=\"wp-block-paragraph\">Avant d&rsquo;\u00eatre renvoy\u00e9 dans l&rsquo;exercice de ses fonctions, le Pr\u00e9sident Guin\u00e9en a re\u00e7u les attributs de l\u2019\u00c9tat des mains du Grand chancelier de la R\u00e9publique de Guin\u00e9e.<\/p>\n\n\n<div class=\"wp-block-image\">\n<figure class=\"aligncenter size-full\"><img loading=\"lazy\" decoding=\"async\" width=\"507\" height=\"720\" src=\"https:\/\/macite.tg\/wp-content\/uploads\/2026\/01\/image-65.png\" alt=\"\" class=\"wp-image-27595\" srcset=\"https:\/\/macite.tg\/wp-content\/uploads\/2026\/01\/image-65.png 507w, https:\/\/macite.tg\/wp-content\/uploads\/2026\/01\/image-65-211x300.png 211w\" sizes=\"auto, (max-width: 507px) 100vw, 507px\" \/><\/figure>\n<\/div>\n\n\n<p class=\"wp-block-paragraph\">La pr\u00e9sence du Togo \u00e0 cet \u00e9v\u00e9nement historique dans ce pays fr\u00e8re et ami illustre l\u2019attachement des plus hautes autorit\u00e9s togolaises aux valeurs d\u00e9mocratiques et r\u00e9publicaines, ainsi qu\u2019au renforcement de la coop\u00e9ration bilat\u00e9rale. A cette occasion, le Pr\u00e9sident de l\u2019Assembl\u00e9e a transmis les chaleureuses f\u00e9licitations du Pr\u00e9sident du Conseil \u00e0 son homologue de la R\u00e9publique de Guin\u00e9e qui connait ainsi, l&rsquo;ouverture d&rsquo;une nouvelle \u00e8re politique et institutionnelle.<\/p>\n\n\n\n<p class=\"wp-block-paragraph\"><strong>AN<\/strong><\/p>\n\n\n\n<p class=\"wp-block-paragraph\"><strong><em>@macite.tg&nbsp;&nbsp;&nbsp;&nbsp;&nbsp;&nbsp;&nbsp;&nbsp;<\/em><\/strong><\/p>\n\n\n\n<p class=\"wp-block-paragraph\"><strong><em>E-mail&nbsp;: <\/em><\/strong><a href=\"mailto:maciteinfo@gmail.com\"><strong><em>maciteinfo@gmail.com<\/em><\/strong><\/a><strong><em>; <\/em><\/strong><a href=\"mailto:bawela1@gmail.com\"><strong><em>bawela1@gmail.com<\/em><\/strong><\/a><strong><em><\/em><\/strong><\/p>\n\n\n\n<p class=\"wp-block-paragraph\"><strong><em>Pour vos annonces, (publi)reportages, etc., joignez-nous au (00228)91515309\/<strong>79872224 <\/strong><strong><\/strong><\/em><\/strong><\/p>\n\n\n\n<p class=\"wp-block-paragraph\"><strong><em>www.macite.tg, L\u2019information, la bonne&nbsp;!<\/em><\/strong><\/p>\n\n\n\n<p class=\"wp-block-paragraph\"><\/p>\n","protected":false},"excerpt":{"rendered":"<p class=\"text-justify mb-2\" >La page de la pr\u00e9sidentielle en Guin\u00e9e est d\u00e9finitivement tourn\u00e9e le samedi 17 janvier 2026 avec la c\u00e9r\u00e9monie d&rsquo;investiture a rassembl\u00e9 des milliers de Guin\u00e9ens et d&rsquo;autres d\u00e9l\u00e9gations de pays africains dont le Togo ainsi que des repr\u00e9sentants d&rsquo;institutions internationales au stade G\u00e9n\u00e9ral Lansana Cont\u00e9 [&hellip;]<\/p>\n","protected":false},"author":2,"featured_media":27718,"comment_status":"open","ping_status":"open","sticky":false,"template":"","format":"standard","meta":{"footnotes":""},"categories":[20,1],"tags":[],"class_list":["post-27715","post","type-post","status-publish","format-standard","has-post-thumbnail","hentry","category-actualite","category-politique"],"yoast_head":"<!-- This site is optimized with the Yoast SEO plugin v28.4 - https:\/\/yoast.com\/product\/yoast-seo-wordpress\/ -->\n<title>LA PAGE DE LA PRESIDENTIELLE TOURNEE EN GUINEE\u00a0: Le PA Selom Klassou t\u00e9moin de l\u2019investiture du pr\u00e9sident Doumbouya -<\/title>\n<meta name=\"robots\" content=\"index, follow, max-snippet:-1, max-image-preview:large, max-video-preview:-1\" \/>\n<link rel=\"canonical\" href=\"https:\/\/macite.tg\/?p=27715\" \/>\n<meta property=\"og:locale\" content=\"fr_FR\" \/>\n<meta property=\"og:type\" content=\"article\" \/>\n<meta property=\"og:title\" content=\"LA PAGE DE LA PRESIDENTIELLE TOURNEE EN GUINEE\u00a0: Le PA Selom Klassou t\u00e9moin de l\u2019investiture du pr\u00e9sident Doumbouya -\" \/>\n<meta property=\"og:description\" content=\"La page de la pr\u00e9sidentielle en Guin\u00e9e est d\u00e9finitivement tourn\u00e9e le samedi 17 janvier 2026 avec la c\u00e9r\u00e9monie d&rsquo;investiture a rassembl\u00e9 des milliers de Guin\u00e9ens et d&rsquo;autres d\u00e9l\u00e9gations de pays africains dont le Togo ainsi que des repr\u00e9sentants d&rsquo;institutions internationales au stade G\u00e9n\u00e9ral Lansana Cont\u00e9 [&hellip;]\" \/>\n<meta property=\"og:url\" content=\"https:\/\/macite.tg\/?p=27715\" \/>\n<meta property=\"article:published_time\" content=\"2026-01-21T18:55:04+00:00\" \/>\n<meta property=\"article:modified_time\" content=\"2026-01-21T18:55:14+00:00\" \/>\n<meta property=\"og:image\" content=\"https:\/\/macite.tg\/wp-content\/uploads\/2026\/01\/Doumbouya-investiture.jpg\" \/>\n\t<meta property=\"og:image:width\" content=\"500\" \/>\n\t<meta property=\"og:image:height\" content=\"315\" \/>\n\t<meta property=\"og:image:type\" content=\"image\/jpeg\" \/>\n<meta name=\"author\" content=\"Jean Pierre BAWELA\" \/>\n<meta name=\"twitter:card\" content=\"summary_large_image\" \/>\n<meta name=\"twitter:label1\" content=\"\u00c9crit par\" \/>\n\t<meta name=\"twitter:data1\" content=\"Jean Pierre BAWELA\" \/>\n\t<meta name=\"twitter:label2\" content=\"Dur\u00e9e de lecture estim\u00e9e\" \/>\n\t<meta name=\"twitter:data2\" content=\"4 minutes\" \/>\n<script type=\"application\/ld+json\" class=\"yoast-schema-graph\">{\"@context\":\"https:\\\/\\\/schema.org\",\"@graph\":[{\"@type\":\"Article\",\"@id\":\"https:\\\/\\\/macite.tg\\\/?p=27715#article\",\"isPartOf\":{\"@id\":\"https:\\\/\\\/macite.tg\\\/?p=27715\"},\"author\":{\"name\":\"Jean Pierre BAWELA\",\"@id\":\"https:\\\/\\\/macite.tg\\\/#\\\/schema\\\/person\\\/e9f2de7e5dbbe7770a9402c7ce82f5c2\"},\"headline\":\"LA PAGE DE LA PRESIDENTIELLE TOURNEE EN GUINEE\u00a0: Le PA Selom Klassou t\u00e9moin de l\u2019investiture du pr\u00e9sident Doumbouya\",\"datePublished\":\"2026-01-21T18:55:04+00:00\",\"dateModified\":\"2026-01-21T18:55:14+00:00\",\"mainEntityOfPage\":{\"@id\":\"https:\\\/\\\/macite.tg\\\/?p=27715\"},\"wordCount\":718,\"commentCount\":0,\"image\":{\"@id\":\"https:\\\/\\\/macite.tg\\\/?p=27715#primaryimage\"},\"thumbnailUrl\":\"https:\\\/\\\/macite.tg\\\/wp-content\\\/uploads\\\/2026\\\/01\\\/Doumbouya-investiture.jpg\",\"articleSection\":[\"ACTUALITE\",\"POLITIQUE\"],\"inLanguage\":\"fr-FR\",\"potentialAction\":[{\"@type\":\"CommentAction\",\"name\":\"Comment\",\"target\":[\"https:\\\/\\\/macite.tg\\\/?p=27715#respond\"]}]},{\"@type\":\"WebPage\",\"@id\":\"https:\\\/\\\/macite.tg\\\/?p=27715\",\"url\":\"https:\\\/\\\/macite.tg\\\/?p=27715\",\"name\":\"LA PAGE DE LA PRESIDENTIELLE TOURNEE EN GUINEE\u00a0: Le PA Selom Klassou t\u00e9moin de l\u2019investiture du pr\u00e9sident Doumbouya -\",\"isPartOf\":{\"@id\":\"https:\\\/\\\/macite.tg\\\/#website\"},\"primaryImageOfPage\":{\"@id\":\"https:\\\/\\\/macite.tg\\\/?p=27715#primaryimage\"},\"image\":{\"@id\":\"https:\\\/\\\/macite.tg\\\/?p=27715#primaryimage\"},\"thumbnailUrl\":\"https:\\\/\\\/macite.tg\\\/wp-content\\\/uploads\\\/2026\\\/01\\\/Doumbouya-investiture.jpg\",\"datePublished\":\"2026-01-21T18:55:04+00:00\",\"dateModified\":\"2026-01-21T18:55:14+00:00\",\"author\":{\"@id\":\"https:\\\/\\\/macite.tg\\\/#\\\/schema\\\/person\\\/e9f2de7e5dbbe7770a9402c7ce82f5c2\"},\"breadcrumb\":{\"@id\":\"https:\\\/\\\/macite.tg\\\/?p=27715#breadcrumb\"},\"inLanguage\":\"fr-FR\",\"potentialAction\":[{\"@type\":\"ReadAction\",\"target\":[\"https:\\\/\\\/macite.tg\\\/?p=27715\"]}]},{\"@type\":\"ImageObject\",\"inLanguage\":\"fr-FR\",\"@id\":\"https:\\\/\\\/macite.tg\\\/?p=27715#primaryimage\",\"url\":\"https:\\\/\\\/macite.tg\\\/wp-content\\\/uploads\\\/2026\\\/01\\\/Doumbouya-investiture.jpg\",\"contentUrl\":\"https:\\\/\\\/macite.tg\\\/wp-content\\\/uploads\\\/2026\\\/01\\\/Doumbouya-investiture.jpg\",\"width\":500,\"height\":315},{\"@type\":\"BreadcrumbList\",\"@id\":\"https:\\\/\\\/macite.tg\\\/?p=27715#breadcrumb\",\"itemListElement\":[{\"@type\":\"ListItem\",\"position\":1,\"name\":\"Accueil\",\"item\":\"https:\\\/\\\/macite.tg\\\/\"},{\"@type\":\"ListItem\",\"position\":2,\"name\":\"LA PAGE DE LA PRESIDENTIELLE TOURNEE EN GUINEE\u00a0: Le PA Selom Klassou t\u00e9moin de l\u2019investiture du pr\u00e9sident Doumbouya\"}]},{\"@type\":\"WebSite\",\"@id\":\"https:\\\/\\\/macite.tg\\\/#website\",\"url\":\"https:\\\/\\\/macite.tg\\\/\",\"name\":\"\",\"description\":\"L&#039;information, la bonne!!!\",\"potentialAction\":[{\"@type\":\"SearchAction\",\"target\":{\"@type\":\"EntryPoint\",\"urlTemplate\":\"https:\\\/\\\/macite.tg\\\/?s={search_term_string}\"},\"query-input\":{\"@type\":\"PropertyValueSpecification\",\"valueRequired\":true,\"valueName\":\"search_term_string\"}}],\"inLanguage\":\"fr-FR\"},{\"@type\":\"Person\",\"@id\":\"https:\\\/\\\/macite.tg\\\/#\\\/schema\\\/person\\\/e9f2de7e5dbbe7770a9402c7ce82f5c2\",\"name\":\"Jean Pierre BAWELA\",\"image\":{\"@type\":\"ImageObject\",\"inLanguage\":\"fr-FR\",\"@id\":\"https:\\\/\\\/macite.tg\\\/wp-content\\\/uploads\\\/2023\\\/09\\\/WhatsApp-Image-2023-09-19-at-14.44.41-122x122.jpeg\",\"url\":\"https:\\\/\\\/macite.tg\\\/wp-content\\\/uploads\\\/2023\\\/09\\\/WhatsApp-Image-2023-09-19-at-14.44.41-122x122.jpeg\",\"contentUrl\":\"https:\\\/\\\/macite.tg\\\/wp-content\\\/uploads\\\/2023\\\/09\\\/WhatsApp-Image-2023-09-19-at-14.44.41-122x122.jpeg\",\"caption\":\"Jean Pierre BAWELA\"},\"url\":\"https:\\\/\\\/macite.tg\\\/?author=2\"}]}<\/script>\n<!-- \/ Yoast SEO plugin. -->","yoast_head_json":{"title":"LA PAGE DE LA PRESIDENTIELLE TOURNEE EN GUINEE\u00a0: Le PA Selom Klassou t\u00e9moin de l\u2019investiture du pr\u00e9sident Doumbouya -","robots":{"index":"index","follow":"follow","max-snippet":"max-snippet:-1","max-image-preview":"max-image-preview:large","max-video-preview":"max-video-preview:-1"},"canonical":"https:\/\/macite.tg\/?p=27715","og_locale":"fr_FR","og_type":"article","og_title":"LA PAGE DE LA PRESIDENTIELLE TOURNEE EN GUINEE\u00a0: Le PA Selom Klassou t\u00e9moin de l\u2019investiture du pr\u00e9sident Doumbouya -","og_description":"La page de la pr\u00e9sidentielle en Guin\u00e9e est d\u00e9finitivement tourn\u00e9e le samedi 17 janvier 2026 avec la c\u00e9r\u00e9monie d&rsquo;investiture a rassembl\u00e9 des milliers de Guin\u00e9ens et d&rsquo;autres d\u00e9l\u00e9gations de pays africains dont le Togo ainsi que des repr\u00e9sentants d&rsquo;institutions internationales au stade G\u00e9n\u00e9ral Lansana Cont\u00e9 [&hellip;]","og_url":"https:\/\/macite.tg\/?p=27715","article_published_time":"2026-01-21T18:55:04+00:00","article_modified_time":"2026-01-21T18:55:14+00:00","og_image":[{"width":500,"height":315,"url":"https:\/\/macite.tg\/wp-content\/uploads\/2026\/01\/Doumbouya-investiture.jpg","type":"image\/jpeg"}],"author":"Jean Pierre BAWELA","twitter_card":"summary_large_image","twitter_misc":{"\u00c9crit par":"Jean Pierre BAWELA","Dur\u00e9e de lecture estim\u00e9e":"4 minutes"},"schema":{"@context":"https:\/\/schema.org","@graph":[{"@type":"Article","@id":"https:\/\/macite.tg\/?p=27715#article","isPartOf":{"@id":"https:\/\/macite.tg\/?p=27715"},"author":{"name":"Jean Pierre BAWELA","@id":"https:\/\/macite.tg\/#\/schema\/person\/e9f2de7e5dbbe7770a9402c7ce82f5c2"},"headline":"LA PAGE DE LA PRESIDENTIELLE TOURNEE EN GUINEE\u00a0: Le PA Selom Klassou t\u00e9moin de l\u2019investiture du pr\u00e9sident Doumbouya","datePublished":"2026-01-21T18:55:04+00:00","dateModified":"2026-01-21T18:55:14+00:00","mainEntityOfPage":{"@id":"https:\/\/macite.tg\/?p=27715"},"wordCount":718,"commentCount":0,"image":{"@id":"https:\/\/macite.tg\/?p=27715#primaryimage"},"thumbnailUrl":"https:\/\/macite.tg\/wp-content\/uploads\/2026\/01\/Doumbouya-investiture.jpg","articleSection":["ACTUALITE","POLITIQUE"],"inLanguage":"fr-FR","potentialAction":[{"@type":"CommentAction","name":"Comment","target":["https:\/\/macite.tg\/?p=27715#respond"]}]},{"@type":"WebPage","@id":"https:\/\/macite.tg\/?p=27715","url":"https:\/\/macite.tg\/?p=27715","name":"LA PAGE DE LA PRESIDENTIELLE TOURNEE EN GUINEE\u00a0: Le PA Selom Klassou t\u00e9moin de l\u2019investiture du pr\u00e9sident Doumbouya -","isPartOf":{"@id":"https:\/\/macite.tg\/#website"},"primaryImageOfPage":{"@id":"https:\/\/macite.tg\/?p=27715#primaryimage"},"image":{"@id":"https:\/\/macite.tg\/?p=27715#primaryimage"},"thumbnailUrl":"https:\/\/macite.tg\/wp-content\/uploads\/2026\/01\/Doumbouya-investiture.jpg","datePublished":"2026-01-21T18:55:04+00:00","dateModified":"2026-01-21T18:55:14+00:00","author":{"@id":"https:\/\/macite.tg\/#\/schema\/person\/e9f2de7e5dbbe7770a9402c7ce82f5c2"},"breadcrumb":{"@id":"https:\/\/macite.tg\/?p=27715#breadcrumb"},"inLanguage":"fr-FR","potentialAction":[{"@type":"ReadAction","target":["https:\/\/macite.tg\/?p=27715"]}]},{"@type":"ImageObject","inLanguage":"fr-FR","@id":"https:\/\/macite.tg\/?p=27715#primaryimage","url":"https:\/\/macite.tg\/wp-content\/uploads\/2026\/01\/Doumbouya-investiture.jpg","contentUrl":"https:\/\/macite.tg\/wp-content\/uploads\/2026\/01\/Doumbouya-investiture.jpg","width":500,"height":315},{"@type":"BreadcrumbList","@id":"https:\/\/macite.tg\/?p=27715#breadcrumb","itemListElement":[{"@type":"ListItem","position":1,"name":"Accueil","item":"https:\/\/macite.tg\/"},{"@type":"ListItem","position":2,"name":"LA PAGE DE LA PRESIDENTIELLE TOURNEE EN GUINEE\u00a0: Le PA Selom Klassou t\u00e9moin de l\u2019investiture du pr\u00e9sident Doumbouya"}]},{"@type":"WebSite","@id":"https:\/\/macite.tg\/#website","url":"https:\/\/macite.tg\/","name":"","description":"L&#039;information, la bonne!!!","potentialAction":[{"@type":"SearchAction","target":{"@type":"EntryPoint","urlTemplate":"https:\/\/macite.tg\/?s={search_term_string}"},"query-input":{"@type":"PropertyValueSpecification","valueRequired":true,"valueName":"search_term_string"}}],"inLanguage":"fr-FR"},{"@type":"Person","@id":"https:\/\/macite.tg\/#\/schema\/person\/e9f2de7e5dbbe7770a9402c7ce82f5c2","name":"Jean Pierre BAWELA","image":{"@type":"ImageObject","inLanguage":"fr-FR","@id":"https:\/\/macite.tg\/wp-content\/uploads\/2023\/09\/WhatsApp-Image-2023-09-19-at-14.44.41-122x122.jpeg","url":"https:\/\/macite.tg\/wp-content\/uploads\/2023\/09\/WhatsApp-Image-2023-09-19-at-14.44.41-122x122.jpeg","contentUrl":"https:\/\/macite.tg\/wp-content\/uploads\/2023\/09\/WhatsApp-Image-2023-09-19-at-14.44.41-122x122.jpeg","caption":"Jean Pierre BAWELA"},"url":"https:\/\/macite.tg\/?author=2"}]}},"_links":{"self":[{"href":"https:\/\/macite.tg\/index.php?rest_route=\/wp\/v2\/posts\/27715","targetHints":{"allow":["GET"]}}],"collection":[{"href":"https:\/\/macite.tg\/index.php?rest_route=\/wp\/v2\/posts"}],"about":[{"href":"https:\/\/macite.tg\/index.php?rest_route=\/wp\/v2\/types\/post"}],"author":[{"embeddable":true,"href":"https:\/\/macite.tg\/index.php?rest_route=\/wp\/v2\/users\/2"}],"replies":[{"embeddable":true,"href":"https:\/\/macite.tg\/index.php?rest_route=%2Fwp%2Fv2%2Fcomments&post=27715"}],"version-history":[{"count":0,"href":"https:\/\/macite.tg\/index.php?rest_route=\/wp\/v2\/posts\/27715\/revisions"}],"wp:featuredmedia":[{"embeddable":true,"href":"https:\/\/macite.tg\/index.php?rest_route=\/wp\/v2\/media\/27718"}],"wp:attachment":[{"href":"https:\/\/macite.tg\/index.php?rest_route=%2Fwp%2Fv2%2Fmedia&parent=27715"}],"wp:term":[{"taxonomy":"category","embeddable":true,"href":"https:\/\/macite.tg\/index.php?rest_route=%2Fwp%2Fv2%2Fcategories&post=27715"},{"taxonomy":"post_tag","embeddable":true,"href":"https:\/\/macite.tg\/index.php?rest_route=%2Fwp%2Fv2%2Ftags&post=27715"}],"curies":[{"name":"wp","href":"https:\/\/api.w.org\/{rel}","templated":true}]}}