{"id":27711,"date":"2026-01-21T18:32:41","date_gmt":"2026-01-21T18:32:41","guid":{"rendered":"https:\/\/macite.tg\/?p=27711"},"modified":"2026-01-21T18:49:06","modified_gmt":"2026-01-21T18:49:06","slug":"commemoration-des-20-ans-du-rappel-a-dieu-du-gal-eyadema-une-conference-publique-organisee-le-23-janvier-prochain-au-cme-a-tchitchao","status":"publish","type":"post","link":"https:\/\/macite.tg\/?p=27711","title":{"rendered":"COMMEMORATION DES 20 ANS DU RAPPEL A DIEU DU GAL EYADEMA\u00a0: Une Conf\u00e9rence publique organis\u00e9e le 23 janvier prochain au CME \u00e0 Tchitchao"},"content":{"rendered":"\n<p class=\"wp-block-paragraph\"><strong><em>Les activit\u00e9s entrant dans le cadre de la comm\u00e9moration des vingt (20) ans du rappel \u00e0 Dieu du P\u00e8re de la Nation Togolaise, G\u00e9n\u00e9ral Gnassingb\u00e9 Eyad\u00e9ma, se poursuivent au Togo.<\/em><\/strong> <strong><em>Dans un communiqu\u00e9 en date du 16 janvier 2026, le pr\u00e9sident national du comit\u00e9 d&rsquo;organisation des hommages, le ministre Awat\u00e9 Hodabalo, informe l&rsquo;opinion de l&rsquo;organisation prochaine d&rsquo;une conf\u00e9rence publique le 23 janvier prochain.<\/em><\/strong><\/p>\n\n\n\n<p class=\"wp-block-paragraph\">Dans la poursuite des activit\u00e9s inscrites au programme de la comm\u00e9moration des vingt ans du rappel \u00e0 Dieu du P\u00e8re de la Nation, le G\u00e9n\u00e9ral Gnassingb\u00e9 Eyad\u00e9ma, il sera organis\u00e9, le 23 janvier prochain, sur le site du Coll\u00e8ge militaire Eyad\u00e9ma \u00e0 Tchitchao, dans la pr\u00e9fecture de la Kozah, une Conf\u00e9rence publique.<\/p>\n\n\n<div class=\"wp-block-image\">\n<figure class=\"aligncenter size-full is-resized\"><img loading=\"lazy\" decoding=\"async\" width=\"690\" height=\"170\" src=\"https:\/\/macite.tg\/wp-content\/uploads\/2026\/01\/OTR_TVM.jpg\" alt=\"\" class=\"wp-image-27483\" style=\"width:840px;height:auto\" srcset=\"https:\/\/macite.tg\/wp-content\/uploads\/2026\/01\/OTR_TVM.jpg 690w, https:\/\/macite.tg\/wp-content\/uploads\/2026\/01\/OTR_TVM-300x74.jpg 300w\" sizes=\"auto, (max-width: 690px) 100vw, 690px\" \/><\/figure>\n<\/div>\n\n\n<p class=\"wp-block-paragraph\">Cette rencontre, d\u00e9di\u00e9e aux activit\u00e9s marquant le quarante-septi\u00e8me anniversaire de la cr\u00e9ation du Coll\u00e8ge militaire Eyad\u00e9ma, est plac\u00e9e sous le haut patronage du Pr\u00e9sident du conseil, Faure Essozimna Gnassingb\u00e9, Chef supr\u00eame des Arm\u00e9es.<\/p>\n\n\n\n<p class=\"wp-block-paragraph\">Manifestation scientifique en perspective, cette conf\u00e9rence sera une occasion de plus pour <em>\u00ab&nbsp;saluer la m\u00e9moire de l\u2019initiateur de cette infrastructure scolaire, feu G\u00e9n\u00e9ral Gnassingb\u00e9 Eyad\u00e9ma, qui a su, gr\u00e2ce \u00e0 sa vision \u00e9clair\u00e9e pour la jeunesse et son sens d\u2019anticipation, faire de cet \u00e9tablissement d\u2019\u00e9ducation et de formation, un mod\u00e8le pour le Togo et la sous-r\u00e9gion&nbsp;\u00bb<\/em>.<\/p>\n\n\n\n<p class=\"wp-block-paragraph\">Au menu de cette rencontre, plusieurs th\u00e9matiques et des t\u00e9moignages li\u00e9s \u00e0 l\u2019\u0153uvre du P\u00e8re de la Nation, notamment les efforts consentis pour la mise en place d\u2019un outil de d\u00e9fense et de s\u00e9curit\u00e9 solide, moderne et int\u00e9gr\u00e9 \u00e0 la nation, seront d\u00e9velopp\u00e9es.<\/p>\n\n\n<div class=\"wp-block-image\">\n<figure class=\"aligncenter size-full\"><img loading=\"lazy\" decoding=\"async\" width=\"507\" height=\"720\" src=\"https:\/\/macite.tg\/wp-content\/uploads\/2026\/01\/image-65.png\" alt=\"\" class=\"wp-image-27595\" srcset=\"https:\/\/macite.tg\/wp-content\/uploads\/2026\/01\/image-65.png 507w, https:\/\/macite.tg\/wp-content\/uploads\/2026\/01\/image-65-211x300.png 211w\" sizes=\"auto, (max-width: 507px) 100vw, 507px\" \/><\/figure>\n<\/div>\n\n\n<p class=\"wp-block-paragraph\">Notons que pour la beaut\u00e9 et l\u2019inclusion de cette manifestation, les populations de la pr\u00e9fecture de la Kozah et de ses environs sont cordialement invit\u00e9es.<\/p>\n\n\n\n<p class=\"wp-block-paragraph\"><strong>La R\u00e9daction<\/strong><\/p>\n\n\n\n<p class=\"wp-block-paragraph\"><strong><em>@macite.tg&nbsp;&nbsp;&nbsp;&nbsp;&nbsp;&nbsp;&nbsp;&nbsp;<\/em><\/strong><\/p>\n\n\n\n<p class=\"wp-block-paragraph\"><strong><em>E-mail&nbsp;: <\/em><\/strong><a href=\"mailto:maciteinfo@gmail.com\"><strong><em>maciteinfo@gmail.com<\/em><\/strong><\/a><strong><em>; <\/em><\/strong><a href=\"mailto:bawela1@gmail.com\"><strong><em>bawela1@gmail.com<\/em><\/strong><\/a><strong><em><\/em><\/strong><\/p>\n\n\n\n<p class=\"wp-block-paragraph\"><strong><em>Pour vos annonces, (publi)reportages, etc., joignez-nous au (00228)91515309\/<strong>79872224 <\/strong><strong><\/strong><\/em><\/strong><\/p>\n\n\n\n<p class=\"wp-block-paragraph\"><strong><em>www.macite.tg, L\u2019information, la bonne&nbsp;!<\/em><\/strong><\/p>\n\n\n\n<p class=\"wp-block-paragraph\"><\/p>\n","protected":false},"excerpt":{"rendered":"<p class=\"text-justify mb-2\" >Les activit\u00e9s entrant dans le cadre de la comm\u00e9moration des vingt (20) ans du rappel \u00e0 Dieu du P\u00e8re de la Nation Togolaise, G\u00e9n\u00e9ral Gnassingb\u00e9 Eyad\u00e9ma, se poursuivent au Togo. Dans un communiqu\u00e9 en date du 16 janvier 2026, le pr\u00e9sident national du comit\u00e9 d&rsquo;organisation [&hellip;]<\/p>\n","protected":false},"author":2,"featured_media":27713,"comment_status":"open","ping_status":"open","sticky":false,"template":"","format":"standard","meta":{"footnotes":""},"categories":[20,62],"tags":[],"class_list":["post-27711","post","type-post","status-publish","format-standard","has-post-thumbnail","hentry","category-actualite","category-hommage"],"yoast_head":"<!-- This site is optimized with the Yoast SEO plugin v28.4 - https:\/\/yoast.com\/product\/yoast-seo-wordpress\/ -->\n<title>COMMEMORATION DES 20 ANS DU RAPPEL A DIEU DU GAL EYADEMA\u00a0: Une Conf\u00e9rence publique organis\u00e9e le 23 janvier prochain au CME \u00e0 Tchitchao -<\/title>\n<meta name=\"robots\" content=\"index, follow, max-snippet:-1, max-image-preview:large, max-video-preview:-1\" \/>\n<link rel=\"canonical\" href=\"https:\/\/macite.tg\/?p=27711\" \/>\n<meta property=\"og:locale\" content=\"fr_FR\" \/>\n<meta property=\"og:type\" content=\"article\" \/>\n<meta property=\"og:title\" content=\"COMMEMORATION DES 20 ANS DU RAPPEL A DIEU DU GAL EYADEMA\u00a0: Une Conf\u00e9rence publique organis\u00e9e le 23 janvier prochain au CME \u00e0 Tchitchao -\" \/>\n<meta property=\"og:description\" content=\"Les activit\u00e9s entrant dans le cadre de la comm\u00e9moration des vingt (20) ans du rappel \u00e0 Dieu du P\u00e8re de la Nation Togolaise, G\u00e9n\u00e9ral Gnassingb\u00e9 Eyad\u00e9ma, se poursuivent au Togo. Dans un communiqu\u00e9 en date du 16 janvier 2026, le pr\u00e9sident national du comit\u00e9 d&rsquo;organisation [&hellip;]\" \/>\n<meta property=\"og:url\" content=\"https:\/\/macite.tg\/?p=27711\" \/>\n<meta property=\"article:published_time\" content=\"2026-01-21T18:32:41+00:00\" \/>\n<meta property=\"article:modified_time\" content=\"2026-01-21T18:49:06+00:00\" \/>\n<meta property=\"og:image\" content=\"https:\/\/macite.tg\/wp-content\/uploads\/2026\/01\/conference-scientifique-CME-de-Tchitchao.jpg\" \/>\n\t<meta property=\"og:image:width\" content=\"500\" \/>\n\t<meta property=\"og:image:height\" content=\"328\" \/>\n\t<meta property=\"og:image:type\" content=\"image\/jpeg\" \/>\n<meta name=\"author\" content=\"Jean Pierre BAWELA\" \/>\n<meta name=\"twitter:card\" content=\"summary_large_image\" \/>\n<meta name=\"twitter:label1\" content=\"\u00c9crit par\" \/>\n\t<meta name=\"twitter:data1\" content=\"Jean Pierre BAWELA\" \/>\n\t<meta name=\"twitter:label2\" content=\"Dur\u00e9e de lecture estim\u00e9e\" \/>\n\t<meta name=\"twitter:data2\" content=\"3 minutes\" \/>\n<script type=\"application\/ld+json\" class=\"yoast-schema-graph\">{\"@context\":\"https:\\\/\\\/schema.org\",\"@graph\":[{\"@type\":\"Article\",\"@id\":\"https:\\\/\\\/macite.tg\\\/?p=27711#article\",\"isPartOf\":{\"@id\":\"https:\\\/\\\/macite.tg\\\/?p=27711\"},\"author\":{\"name\":\"Jean Pierre BAWELA\",\"@id\":\"https:\\\/\\\/macite.tg\\\/#\\\/schema\\\/person\\\/e9f2de7e5dbbe7770a9402c7ce82f5c2\"},\"headline\":\"COMMEMORATION DES 20 ANS DU RAPPEL A DIEU DU GAL EYADEMA\u00a0: Une Conf\u00e9rence publique organis\u00e9e le 23 janvier prochain au CME \u00e0 Tchitchao\",\"datePublished\":\"2026-01-21T18:32:41+00:00\",\"dateModified\":\"2026-01-21T18:49:06+00:00\",\"mainEntityOfPage\":{\"@id\":\"https:\\\/\\\/macite.tg\\\/?p=27711\"},\"wordCount\":381,\"commentCount\":0,\"image\":{\"@id\":\"https:\\\/\\\/macite.tg\\\/?p=27711#primaryimage\"},\"thumbnailUrl\":\"https:\\\/\\\/macite.tg\\\/wp-content\\\/uploads\\\/2026\\\/01\\\/conference-scientifique-CME-de-Tchitchao.jpg\",\"articleSection\":[\"ACTUALITE\",\"HOMMAGE\"],\"inLanguage\":\"fr-FR\",\"potentialAction\":[{\"@type\":\"CommentAction\",\"name\":\"Comment\",\"target\":[\"https:\\\/\\\/macite.tg\\\/?p=27711#respond\"]}]},{\"@type\":\"WebPage\",\"@id\":\"https:\\\/\\\/macite.tg\\\/?p=27711\",\"url\":\"https:\\\/\\\/macite.tg\\\/?p=27711\",\"name\":\"COMMEMORATION DES 20 ANS DU RAPPEL A DIEU DU GAL EYADEMA\u00a0: Une Conf\u00e9rence publique organis\u00e9e le 23 janvier prochain au CME \u00e0 Tchitchao -\",\"isPartOf\":{\"@id\":\"https:\\\/\\\/macite.tg\\\/#website\"},\"primaryImageOfPage\":{\"@id\":\"https:\\\/\\\/macite.tg\\\/?p=27711#primaryimage\"},\"image\":{\"@id\":\"https:\\\/\\\/macite.tg\\\/?p=27711#primaryimage\"},\"thumbnailUrl\":\"https:\\\/\\\/macite.tg\\\/wp-content\\\/uploads\\\/2026\\\/01\\\/conference-scientifique-CME-de-Tchitchao.jpg\",\"datePublished\":\"2026-01-21T18:32:41+00:00\",\"dateModified\":\"2026-01-21T18:49:06+00:00\",\"author\":{\"@id\":\"https:\\\/\\\/macite.tg\\\/#\\\/schema\\\/person\\\/e9f2de7e5dbbe7770a9402c7ce82f5c2\"},\"breadcrumb\":{\"@id\":\"https:\\\/\\\/macite.tg\\\/?p=27711#breadcrumb\"},\"inLanguage\":\"fr-FR\",\"potentialAction\":[{\"@type\":\"ReadAction\",\"target\":[\"https:\\\/\\\/macite.tg\\\/?p=27711\"]}]},{\"@type\":\"ImageObject\",\"inLanguage\":\"fr-FR\",\"@id\":\"https:\\\/\\\/macite.tg\\\/?p=27711#primaryimage\",\"url\":\"https:\\\/\\\/macite.tg\\\/wp-content\\\/uploads\\\/2026\\\/01\\\/conference-scientifique-CME-de-Tchitchao.jpg\",\"contentUrl\":\"https:\\\/\\\/macite.tg\\\/wp-content\\\/uploads\\\/2026\\\/01\\\/conference-scientifique-CME-de-Tchitchao.jpg\",\"width\":500,\"height\":328},{\"@type\":\"BreadcrumbList\",\"@id\":\"https:\\\/\\\/macite.tg\\\/?p=27711#breadcrumb\",\"itemListElement\":[{\"@type\":\"ListItem\",\"position\":1,\"name\":\"Accueil\",\"item\":\"https:\\\/\\\/macite.tg\\\/\"},{\"@type\":\"ListItem\",\"position\":2,\"name\":\"COMMEMORATION DES 20 ANS DU RAPPEL A DIEU DU GAL EYADEMA\u00a0: Une Conf\u00e9rence publique organis\u00e9e le 23 janvier prochain au CME \u00e0 Tchitchao\"}]},{\"@type\":\"WebSite\",\"@id\":\"https:\\\/\\\/macite.tg\\\/#website\",\"url\":\"https:\\\/\\\/macite.tg\\\/\",\"name\":\"\",\"description\":\"L&#039;information, la bonne!!!\",\"potentialAction\":[{\"@type\":\"SearchAction\",\"target\":{\"@type\":\"EntryPoint\",\"urlTemplate\":\"https:\\\/\\\/macite.tg\\\/?s={search_term_string}\"},\"query-input\":{\"@type\":\"PropertyValueSpecification\",\"valueRequired\":true,\"valueName\":\"search_term_string\"}}],\"inLanguage\":\"fr-FR\"},{\"@type\":\"Person\",\"@id\":\"https:\\\/\\\/macite.tg\\\/#\\\/schema\\\/person\\\/e9f2de7e5dbbe7770a9402c7ce82f5c2\",\"name\":\"Jean Pierre BAWELA\",\"image\":{\"@type\":\"ImageObject\",\"inLanguage\":\"fr-FR\",\"@id\":\"https:\\\/\\\/macite.tg\\\/wp-content\\\/uploads\\\/2023\\\/09\\\/WhatsApp-Image-2023-09-19-at-14.44.41-122x122.jpeg\",\"url\":\"https:\\\/\\\/macite.tg\\\/wp-content\\\/uploads\\\/2023\\\/09\\\/WhatsApp-Image-2023-09-19-at-14.44.41-122x122.jpeg\",\"contentUrl\":\"https:\\\/\\\/macite.tg\\\/wp-content\\\/uploads\\\/2023\\\/09\\\/WhatsApp-Image-2023-09-19-at-14.44.41-122x122.jpeg\",\"caption\":\"Jean Pierre BAWELA\"},\"url\":\"https:\\\/\\\/macite.tg\\\/?author=2\"}]}<\/script>\n<!-- \/ Yoast SEO plugin. -->","yoast_head_json":{"title":"COMMEMORATION DES 20 ANS DU RAPPEL A DIEU DU GAL EYADEMA\u00a0: Une Conf\u00e9rence publique organis\u00e9e le 23 janvier prochain au CME \u00e0 Tchitchao -","robots":{"index":"index","follow":"follow","max-snippet":"max-snippet:-1","max-image-preview":"max-image-preview:large","max-video-preview":"max-video-preview:-1"},"canonical":"https:\/\/macite.tg\/?p=27711","og_locale":"fr_FR","og_type":"article","og_title":"COMMEMORATION DES 20 ANS DU RAPPEL A DIEU DU GAL EYADEMA\u00a0: Une Conf\u00e9rence publique organis\u00e9e le 23 janvier prochain au CME \u00e0 Tchitchao -","og_description":"Les activit\u00e9s entrant dans le cadre de la comm\u00e9moration des vingt (20) ans du rappel \u00e0 Dieu du P\u00e8re de la Nation Togolaise, G\u00e9n\u00e9ral Gnassingb\u00e9 Eyad\u00e9ma, se poursuivent au Togo. Dans un communiqu\u00e9 en date du 16 janvier 2026, le pr\u00e9sident national du comit\u00e9 d&rsquo;organisation [&hellip;]","og_url":"https:\/\/macite.tg\/?p=27711","article_published_time":"2026-01-21T18:32:41+00:00","article_modified_time":"2026-01-21T18:49:06+00:00","og_image":[{"width":500,"height":328,"url":"https:\/\/macite.tg\/wp-content\/uploads\/2026\/01\/conference-scientifique-CME-de-Tchitchao.jpg","type":"image\/jpeg"}],"author":"Jean Pierre BAWELA","twitter_card":"summary_large_image","twitter_misc":{"\u00c9crit par":"Jean Pierre BAWELA","Dur\u00e9e de lecture estim\u00e9e":"3 minutes"},"schema":{"@context":"https:\/\/schema.org","@graph":[{"@type":"Article","@id":"https:\/\/macite.tg\/?p=27711#article","isPartOf":{"@id":"https:\/\/macite.tg\/?p=27711"},"author":{"name":"Jean Pierre BAWELA","@id":"https:\/\/macite.tg\/#\/schema\/person\/e9f2de7e5dbbe7770a9402c7ce82f5c2"},"headline":"COMMEMORATION DES 20 ANS DU RAPPEL A DIEU DU GAL EYADEMA\u00a0: Une Conf\u00e9rence publique organis\u00e9e le 23 janvier prochain au CME \u00e0 Tchitchao","datePublished":"2026-01-21T18:32:41+00:00","dateModified":"2026-01-21T18:49:06+00:00","mainEntityOfPage":{"@id":"https:\/\/macite.tg\/?p=27711"},"wordCount":381,"commentCount":0,"image":{"@id":"https:\/\/macite.tg\/?p=27711#primaryimage"},"thumbnailUrl":"https:\/\/macite.tg\/wp-content\/uploads\/2026\/01\/conference-scientifique-CME-de-Tchitchao.jpg","articleSection":["ACTUALITE","HOMMAGE"],"inLanguage":"fr-FR","potentialAction":[{"@type":"CommentAction","name":"Comment","target":["https:\/\/macite.tg\/?p=27711#respond"]}]},{"@type":"WebPage","@id":"https:\/\/macite.tg\/?p=27711","url":"https:\/\/macite.tg\/?p=27711","name":"COMMEMORATION DES 20 ANS DU RAPPEL A DIEU DU GAL EYADEMA\u00a0: Une Conf\u00e9rence publique organis\u00e9e le 23 janvier prochain au CME \u00e0 Tchitchao -","isPartOf":{"@id":"https:\/\/macite.tg\/#website"},"primaryImageOfPage":{"@id":"https:\/\/macite.tg\/?p=27711#primaryimage"},"image":{"@id":"https:\/\/macite.tg\/?p=27711#primaryimage"},"thumbnailUrl":"https:\/\/macite.tg\/wp-content\/uploads\/2026\/01\/conference-scientifique-CME-de-Tchitchao.jpg","datePublished":"2026-01-21T18:32:41+00:00","dateModified":"2026-01-21T18:49:06+00:00","author":{"@id":"https:\/\/macite.tg\/#\/schema\/person\/e9f2de7e5dbbe7770a9402c7ce82f5c2"},"breadcrumb":{"@id":"https:\/\/macite.tg\/?p=27711#breadcrumb"},"inLanguage":"fr-FR","potentialAction":[{"@type":"ReadAction","target":["https:\/\/macite.tg\/?p=27711"]}]},{"@type":"ImageObject","inLanguage":"fr-FR","@id":"https:\/\/macite.tg\/?p=27711#primaryimage","url":"https:\/\/macite.tg\/wp-content\/uploads\/2026\/01\/conference-scientifique-CME-de-Tchitchao.jpg","contentUrl":"https:\/\/macite.tg\/wp-content\/uploads\/2026\/01\/conference-scientifique-CME-de-Tchitchao.jpg","width":500,"height":328},{"@type":"BreadcrumbList","@id":"https:\/\/macite.tg\/?p=27711#breadcrumb","itemListElement":[{"@type":"ListItem","position":1,"name":"Accueil","item":"https:\/\/macite.tg\/"},{"@type":"ListItem","position":2,"name":"COMMEMORATION DES 20 ANS DU RAPPEL A DIEU DU GAL EYADEMA\u00a0: Une Conf\u00e9rence publique organis\u00e9e le 23 janvier prochain au CME \u00e0 Tchitchao"}]},{"@type":"WebSite","@id":"https:\/\/macite.tg\/#website","url":"https:\/\/macite.tg\/","name":"","description":"L&#039;information, la bonne!!!","potentialAction":[{"@type":"SearchAction","target":{"@type":"EntryPoint","urlTemplate":"https:\/\/macite.tg\/?s={search_term_string}"},"query-input":{"@type":"PropertyValueSpecification","valueRequired":true,"valueName":"search_term_string"}}],"inLanguage":"fr-FR"},{"@type":"Person","@id":"https:\/\/macite.tg\/#\/schema\/person\/e9f2de7e5dbbe7770a9402c7ce82f5c2","name":"Jean Pierre BAWELA","image":{"@type":"ImageObject","inLanguage":"fr-FR","@id":"https:\/\/macite.tg\/wp-content\/uploads\/2023\/09\/WhatsApp-Image-2023-09-19-at-14.44.41-122x122.jpeg","url":"https:\/\/macite.tg\/wp-content\/uploads\/2023\/09\/WhatsApp-Image-2023-09-19-at-14.44.41-122x122.jpeg","contentUrl":"https:\/\/macite.tg\/wp-content\/uploads\/2023\/09\/WhatsApp-Image-2023-09-19-at-14.44.41-122x122.jpeg","caption":"Jean Pierre BAWELA"},"url":"https:\/\/macite.tg\/?author=2"}]}},"_links":{"self":[{"href":"https:\/\/macite.tg\/index.php?rest_route=\/wp\/v2\/posts\/27711","targetHints":{"allow":["GET"]}}],"collection":[{"href":"https:\/\/macite.tg\/index.php?rest_route=\/wp\/v2\/posts"}],"about":[{"href":"https:\/\/macite.tg\/index.php?rest_route=\/wp\/v2\/types\/post"}],"author":[{"embeddable":true,"href":"https:\/\/macite.tg\/index.php?rest_route=\/wp\/v2\/users\/2"}],"replies":[{"embeddable":true,"href":"https:\/\/macite.tg\/index.php?rest_route=%2Fwp%2Fv2%2Fcomments&post=27711"}],"version-history":[{"count":0,"href":"https:\/\/macite.tg\/index.php?rest_route=\/wp\/v2\/posts\/27711\/revisions"}],"wp:featuredmedia":[{"embeddable":true,"href":"https:\/\/macite.tg\/index.php?rest_route=\/wp\/v2\/media\/27713"}],"wp:attachment":[{"href":"https:\/\/macite.tg\/index.php?rest_route=%2Fwp%2Fv2%2Fmedia&parent=27711"}],"wp:term":[{"taxonomy":"category","embeddable":true,"href":"https:\/\/macite.tg\/index.php?rest_route=%2Fwp%2Fv2%2Fcategories&post=27711"},{"taxonomy":"post_tag","embeddable":true,"href":"https:\/\/macite.tg\/index.php?rest_route=%2Fwp%2Fv2%2Ftags&post=27711"}],"curies":[{"name":"wp","href":"https:\/\/api.w.org\/{rel}","templated":true}]}}