{"id":27705,"date":"2026-01-21T15:07:15","date_gmt":"2026-01-21T15:07:15","guid":{"rendered":"https:\/\/macite.tg\/?p=27705"},"modified":"2026-01-21T15:07:22","modified_gmt":"2026-01-21T15:07:22","slug":"can-maroc-2025-des-sanctions-severes-tombent-deja","status":"publish","type":"post","link":"https:\/\/macite.tg\/?p=27705","title":{"rendered":"CAN MAROC 2025 : Des sanctions s\u00e9v\u00e8res tombent d\u00e9j\u00e0\u2026"},"content":{"rendered":"\n<p class=\"wp-block-paragraph\"><strong><em>La Conf\u00e9d\u00e9ration africaine de football (Caf) doit s\u2019assumer et prendre des sanctions les plus s\u00e9v\u00e8res contre les Lions de la Teranga, vainqueurs aux \u00e9clats ternis de la 35\u00e8me \u00e9dition de la f\u00eate du football continental, pour avoir contest\u00e9 une d\u00e9cision arbitrale juste et incontestable.<\/em><\/strong> <\/p>\n\n\n\n<p class=\"wp-block-paragraph\">La finale entre les Lions du S\u00e9n\u00e9gal et les Lions de l\u2019Atlas du Maroc s\u2019est caract\u00e9ris\u00e9e par des tensions inutilement provoqu\u00e9es par les S\u00e9n\u00e9galais venus avec leur r\u00e9sultat, \u00e0 imposer par tous les moyens, \u00e0 tout le monde. Y compris l\u2019arbitre charg\u00e9 de faire appliquer les r\u00e8gles.<\/p>\n\n\n\n<p class=\"wp-block-paragraph\">La parade est de crier sur les toits \u00e0 un imaginaire favoritisme au profit du pays organisateur de la CAN 2025, le Maroc.<\/p>\n\n\n\n<p class=\"wp-block-paragraph\">Il est incontestable que la s\u00e9lection s\u00e9n\u00e9galaise, 12\u00e8me au dernier classement de la F\u00e9d\u00e9ration internationale de football association (Fifa), derri\u00e8re le Maroc qui occupe la 8\u00e8me place, est l\u2019une des fiert\u00e9s du continent. Mais, \u00e0 la finale de la CAN marocaine, ils ont \u00e9t\u00e9 indignes du sacre continental.<\/p>\n\n\n\n<p class=\"wp-block-paragraph\">Cette finale offici\u00e9e par un trio arbitral de la R\u00e9publique d\u00e9mocratique du Congo (RDC) a d\u00e9montr\u00e9 \u00e0 la face du monde que les arbitres congolais font preuve de dignit\u00e9 et de personnalit\u00e9.<\/p>\n\n\n\n<p class=\"wp-block-paragraph\">L\u2019arbitre central Jean-Jacques Ndala et ses compatriotes Guylain Ngila et Gradel Mbilizi, sont rest\u00e9s imperturbables, malgr\u00e9 la forte pression ambiante vers la fin des prolongations.<\/p>\n\n\n\n<p class=\"wp-block-paragraph\"><strong>Critiques infond\u00e9es<\/strong><\/p>\n\n\n\n<p class=\"wp-block-paragraph\">Les S\u00e9n\u00e9galais ont quitt\u00e9 l\u2019aire de jeu, jusqu\u2019aux vestiaires parce que, selon eux, l\u2019arbitre congolais aurait d\u00fb constater une faute \u00e0 la fin de l\u2019action, au lieu de sanctionner en temps r\u00e9el, \u00e0 la seconde o\u00f9 le forfait a \u00e9t\u00e9 constat\u00e9.<\/p>\n\n\n\n<p class=\"wp-block-paragraph\">En fait, les joueurs s\u00e9n\u00e9galais et leur coach, ont estim\u00e9 que l\u2019arbitre Ndala a mal fait de siffler une faute, qualifiant <em>\u00ab&nbsp;d\u2019injustice \u00bb<\/em> cette d\u00e9cision arbitrale juste, inattaquable.<\/p>\n\n\n\n<p class=\"wp-block-paragraph\">Pour les joueurs s\u00e9n\u00e9galais, l\u2019arbitre aurait d\u00fb solliciter la VAR. Ce qui \u00e9tait inutile : tout le monde avait constat\u00e9 que le sifflet avait retenti avant l\u2019action.<\/p>\n\n\n\n<p class=\"wp-block-paragraph\">Le fait d\u2019avoir siffl\u00e9 avant ce but litigieux s\u00e9n\u00e9galais, l\u2019arbitre congolais ne pouvait plus solliciter la VAR parce qu\u2019il sait que le but est arriv\u00e9 apr\u00e8s le coup de sifflet sanctionnant une faute flagrante.<\/p>\n\n\n\n<p class=\"wp-block-paragraph\">Quant au penalty accord\u00e9 au Maroc, il est tellement justifi\u00e9 que tout analyste s\u00e9rieux trouve ridicules les all\u00e9gations s\u00e9n\u00e9galaises infond\u00e9es de favoritisme en faveur du Maroc.<\/p>\n\n\n\n<p class=\"wp-block-paragraph\">Pendant plus de 12 minutes, les S\u00e9n\u00e9galais refusaient de jouer pour contester un penalty justifi\u00e9 par la VAR. Certains sont all\u00e9s s\u2019installer aux vestiaires, comme les images peuvent attester.<\/p>\n\n\n\n<p class=\"wp-block-paragraph\">En football, on ne ceinture pas un adversaire dans le rectangle fatal. Le S\u00e9n\u00e9galais El-Hadji Malick Diouf l\u2019a fait sur Brahim Diaz \u00e0 90\u2019+6\u2032. Et les S\u00e9n\u00e9galais voulaient que l\u2019arbitre ne siffle pas cette faute flagrante, attest\u00e9e par la VAR.<\/p>\n\n\n\n<p class=\"wp-block-paragraph\">La Fifa parle d\u2019un <em>\u00ab comportement inacceptable \u00bb<\/em> de certains joueurs s\u00e9n\u00e9galais alors que la Caf qui <em>\u00ab condamne \u00bb,<\/em> promet de prendre <em>\u00ab des sanctions appropri\u00e9es \u00bb<\/em> apr\u00e8s avoir visionn\u00e9 les images.<\/p>\n\n\n\n<p class=\"wp-block-paragraph\">Le r\u00e8glement de la Caf est clair : tout joueur qui quitte le terrain sans l\u2019autorisation de l\u2019arbitre doit-\u00eatre sanctionn\u00e9.<\/p>\n\n\n\n<p class=\"wp-block-paragraph\">A la Caf d\u2019appliquer son r\u00e8glement de mani\u00e8re s\u00e9v\u00e8re contre le S\u00e9n\u00e9gal et quelques joueurs des Lions de la Teranga, souhaite-t-on.<\/p>\n\n\n\n<p class=\"wp-block-paragraph\">Le football africain ne m\u00e9rite pas un champion qui n\u2019accepte pas l\u2019\u00e9ventualit\u00e9 d\u2019une d\u00e9faite.<\/p>\n\n\n\n<p class=\"wp-block-paragraph\"><strong>ACP<\/strong><\/p>\n\n\n\n<p class=\"wp-block-paragraph\"><strong><em>@macite.tg&nbsp;&nbsp;&nbsp;&nbsp;&nbsp;&nbsp;&nbsp;&nbsp;<\/em><\/strong><\/p>\n\n\n\n<p class=\"wp-block-paragraph\"><strong><em>E-mail&nbsp;: <\/em><\/strong><a href=\"mailto:maciteinfo@gmail.com\"><strong><em>maciteinfo@gmail.com<\/em><\/strong><\/a><strong><em>; <\/em><\/strong><a href=\"mailto:bawela1@gmail.com\"><strong><em>bawela1@gmail.com<\/em><\/strong><\/a><strong><em><\/em><\/strong><\/p>\n\n\n\n<p class=\"wp-block-paragraph\"><strong><em>Pour vos annonces, (publi)reportages, etc., joignez-nous au (00228)91515309\/<strong>79872224 <\/strong><strong><\/strong><\/em><\/strong><\/p>\n\n\n\n<p class=\"wp-block-paragraph\"><strong><em>www.macite.tg, L\u2019information, la bonne&nbsp;!<\/em><\/strong><\/p>\n\n\n\n<p class=\"wp-block-paragraph\"><\/p>\n","protected":false},"excerpt":{"rendered":"<p class=\"text-justify mb-2\" >La Conf\u00e9d\u00e9ration africaine de football (Caf) doit s\u2019assumer et prendre des sanctions les plus s\u00e9v\u00e8res contre les Lions de la Teranga, vainqueurs aux \u00e9clats ternis de la 35\u00e8me \u00e9dition de la f\u00eate du football continental, pour avoir contest\u00e9 une d\u00e9cision arbitrale juste et incontestable. La [&hellip;]<\/p>\n","protected":false},"author":2,"featured_media":27706,"comment_status":"open","ping_status":"open","sticky":false,"template":"","format":"standard","meta":{"footnotes":""},"categories":[20,63,7],"tags":[],"class_list":["post-27705","post","type-post","status-publish","format-standard","has-post-thumbnail","hentry","category-actualite","category-football","category-sports"],"yoast_head":"<!-- This site is optimized with the Yoast SEO plugin v28.4 - https:\/\/yoast.com\/product\/yoast-seo-wordpress\/ -->\n<title>CAN MAROC 2025 : Des sanctions s\u00e9v\u00e8res tombent d\u00e9j\u00e0\u2026 -<\/title>\n<meta name=\"robots\" content=\"index, follow, max-snippet:-1, max-image-preview:large, max-video-preview:-1\" \/>\n<link rel=\"canonical\" href=\"https:\/\/macite.tg\/?p=27705\" \/>\n<meta property=\"og:locale\" content=\"fr_FR\" \/>\n<meta property=\"og:type\" content=\"article\" \/>\n<meta property=\"og:title\" content=\"CAN MAROC 2025 : Des sanctions s\u00e9v\u00e8res tombent d\u00e9j\u00e0\u2026 -\" \/>\n<meta property=\"og:description\" content=\"La Conf\u00e9d\u00e9ration africaine de football (Caf) doit s\u2019assumer et prendre des sanctions les plus s\u00e9v\u00e8res contre les Lions de la Teranga, vainqueurs aux \u00e9clats ternis de la 35\u00e8me \u00e9dition de la f\u00eate du football continental, pour avoir contest\u00e9 une d\u00e9cision arbitrale juste et incontestable. La [&hellip;]\" \/>\n<meta property=\"og:url\" content=\"https:\/\/macite.tg\/?p=27705\" \/>\n<meta property=\"article:published_time\" content=\"2026-01-21T15:07:15+00:00\" \/>\n<meta property=\"article:modified_time\" content=\"2026-01-21T15:07:22+00:00\" \/>\n<meta property=\"og:image\" content=\"https:\/\/macite.tg\/wp-content\/uploads\/2026\/01\/image-82.png\" \/>\n\t<meta property=\"og:image:width\" content=\"534\" \/>\n\t<meta property=\"og:image:height\" content=\"356\" \/>\n\t<meta property=\"og:image:type\" content=\"image\/png\" \/>\n<meta name=\"author\" content=\"Jean Pierre BAWELA\" \/>\n<meta name=\"twitter:card\" content=\"summary_large_image\" \/>\n<meta name=\"twitter:label1\" content=\"\u00c9crit par\" \/>\n\t<meta name=\"twitter:data1\" content=\"Jean Pierre BAWELA\" \/>\n\t<meta name=\"twitter:label2\" content=\"Dur\u00e9e de lecture estim\u00e9e\" \/>\n\t<meta name=\"twitter:data2\" content=\"3 minutes\" \/>\n<script type=\"application\/ld+json\" class=\"yoast-schema-graph\">{\"@context\":\"https:\\\/\\\/schema.org\",\"@graph\":[{\"@type\":\"Article\",\"@id\":\"https:\\\/\\\/macite.tg\\\/?p=27705#article\",\"isPartOf\":{\"@id\":\"https:\\\/\\\/macite.tg\\\/?p=27705\"},\"author\":{\"name\":\"Jean Pierre BAWELA\",\"@id\":\"https:\\\/\\\/macite.tg\\\/#\\\/schema\\\/person\\\/e9f2de7e5dbbe7770a9402c7ce82f5c2\"},\"headline\":\"CAN MAROC 2025 : Des sanctions s\u00e9v\u00e8res tombent d\u00e9j\u00e0\u2026\",\"datePublished\":\"2026-01-21T15:07:15+00:00\",\"dateModified\":\"2026-01-21T15:07:22+00:00\",\"mainEntityOfPage\":{\"@id\":\"https:\\\/\\\/macite.tg\\\/?p=27705\"},\"wordCount\":653,\"commentCount\":0,\"image\":{\"@id\":\"https:\\\/\\\/macite.tg\\\/?p=27705#primaryimage\"},\"thumbnailUrl\":\"https:\\\/\\\/macite.tg\\\/wp-content\\\/uploads\\\/2026\\\/01\\\/image-82.png\",\"articleSection\":[\"ACTUALITE\",\"FOOTBALL\",\"SPORTS\"],\"inLanguage\":\"fr-FR\",\"potentialAction\":[{\"@type\":\"CommentAction\",\"name\":\"Comment\",\"target\":[\"https:\\\/\\\/macite.tg\\\/?p=27705#respond\"]}]},{\"@type\":\"WebPage\",\"@id\":\"https:\\\/\\\/macite.tg\\\/?p=27705\",\"url\":\"https:\\\/\\\/macite.tg\\\/?p=27705\",\"name\":\"CAN MAROC 2025 : Des sanctions s\u00e9v\u00e8res tombent d\u00e9j\u00e0\u2026 -\",\"isPartOf\":{\"@id\":\"https:\\\/\\\/macite.tg\\\/#website\"},\"primaryImageOfPage\":{\"@id\":\"https:\\\/\\\/macite.tg\\\/?p=27705#primaryimage\"},\"image\":{\"@id\":\"https:\\\/\\\/macite.tg\\\/?p=27705#primaryimage\"},\"thumbnailUrl\":\"https:\\\/\\\/macite.tg\\\/wp-content\\\/uploads\\\/2026\\\/01\\\/image-82.png\",\"datePublished\":\"2026-01-21T15:07:15+00:00\",\"dateModified\":\"2026-01-21T15:07:22+00:00\",\"author\":{\"@id\":\"https:\\\/\\\/macite.tg\\\/#\\\/schema\\\/person\\\/e9f2de7e5dbbe7770a9402c7ce82f5c2\"},\"breadcrumb\":{\"@id\":\"https:\\\/\\\/macite.tg\\\/?p=27705#breadcrumb\"},\"inLanguage\":\"fr-FR\",\"potentialAction\":[{\"@type\":\"ReadAction\",\"target\":[\"https:\\\/\\\/macite.tg\\\/?p=27705\"]}]},{\"@type\":\"ImageObject\",\"inLanguage\":\"fr-FR\",\"@id\":\"https:\\\/\\\/macite.tg\\\/?p=27705#primaryimage\",\"url\":\"https:\\\/\\\/macite.tg\\\/wp-content\\\/uploads\\\/2026\\\/01\\\/image-82.png\",\"contentUrl\":\"https:\\\/\\\/macite.tg\\\/wp-content\\\/uploads\\\/2026\\\/01\\\/image-82.png\",\"width\":534,\"height\":356},{\"@type\":\"BreadcrumbList\",\"@id\":\"https:\\\/\\\/macite.tg\\\/?p=27705#breadcrumb\",\"itemListElement\":[{\"@type\":\"ListItem\",\"position\":1,\"name\":\"Accueil\",\"item\":\"https:\\\/\\\/macite.tg\\\/\"},{\"@type\":\"ListItem\",\"position\":2,\"name\":\"CAN MAROC 2025 : Des sanctions s\u00e9v\u00e8res tombent d\u00e9j\u00e0\u2026\"}]},{\"@type\":\"WebSite\",\"@id\":\"https:\\\/\\\/macite.tg\\\/#website\",\"url\":\"https:\\\/\\\/macite.tg\\\/\",\"name\":\"\",\"description\":\"L&#039;information, la bonne!!!\",\"potentialAction\":[{\"@type\":\"SearchAction\",\"target\":{\"@type\":\"EntryPoint\",\"urlTemplate\":\"https:\\\/\\\/macite.tg\\\/?s={search_term_string}\"},\"query-input\":{\"@type\":\"PropertyValueSpecification\",\"valueRequired\":true,\"valueName\":\"search_term_string\"}}],\"inLanguage\":\"fr-FR\"},{\"@type\":\"Person\",\"@id\":\"https:\\\/\\\/macite.tg\\\/#\\\/schema\\\/person\\\/e9f2de7e5dbbe7770a9402c7ce82f5c2\",\"name\":\"Jean Pierre BAWELA\",\"image\":{\"@type\":\"ImageObject\",\"inLanguage\":\"fr-FR\",\"@id\":\"https:\\\/\\\/macite.tg\\\/wp-content\\\/uploads\\\/2023\\\/09\\\/WhatsApp-Image-2023-09-19-at-14.44.41-122x122.jpeg\",\"url\":\"https:\\\/\\\/macite.tg\\\/wp-content\\\/uploads\\\/2023\\\/09\\\/WhatsApp-Image-2023-09-19-at-14.44.41-122x122.jpeg\",\"contentUrl\":\"https:\\\/\\\/macite.tg\\\/wp-content\\\/uploads\\\/2023\\\/09\\\/WhatsApp-Image-2023-09-19-at-14.44.41-122x122.jpeg\",\"caption\":\"Jean Pierre BAWELA\"},\"url\":\"https:\\\/\\\/macite.tg\\\/?author=2\"}]}<\/script>\n<!-- \/ Yoast SEO plugin. -->","yoast_head_json":{"title":"CAN MAROC 2025 : Des sanctions s\u00e9v\u00e8res tombent d\u00e9j\u00e0\u2026 -","robots":{"index":"index","follow":"follow","max-snippet":"max-snippet:-1","max-image-preview":"max-image-preview:large","max-video-preview":"max-video-preview:-1"},"canonical":"https:\/\/macite.tg\/?p=27705","og_locale":"fr_FR","og_type":"article","og_title":"CAN MAROC 2025 : Des sanctions s\u00e9v\u00e8res tombent d\u00e9j\u00e0\u2026 -","og_description":"La Conf\u00e9d\u00e9ration africaine de football (Caf) doit s\u2019assumer et prendre des sanctions les plus s\u00e9v\u00e8res contre les Lions de la Teranga, vainqueurs aux \u00e9clats ternis de la 35\u00e8me \u00e9dition de la f\u00eate du football continental, pour avoir contest\u00e9 une d\u00e9cision arbitrale juste et incontestable. La [&hellip;]","og_url":"https:\/\/macite.tg\/?p=27705","article_published_time":"2026-01-21T15:07:15+00:00","article_modified_time":"2026-01-21T15:07:22+00:00","og_image":[{"width":534,"height":356,"url":"https:\/\/macite.tg\/wp-content\/uploads\/2026\/01\/image-82.png","type":"image\/png"}],"author":"Jean Pierre BAWELA","twitter_card":"summary_large_image","twitter_misc":{"\u00c9crit par":"Jean Pierre BAWELA","Dur\u00e9e de lecture estim\u00e9e":"3 minutes"},"schema":{"@context":"https:\/\/schema.org","@graph":[{"@type":"Article","@id":"https:\/\/macite.tg\/?p=27705#article","isPartOf":{"@id":"https:\/\/macite.tg\/?p=27705"},"author":{"name":"Jean Pierre BAWELA","@id":"https:\/\/macite.tg\/#\/schema\/person\/e9f2de7e5dbbe7770a9402c7ce82f5c2"},"headline":"CAN MAROC 2025 : Des sanctions s\u00e9v\u00e8res tombent d\u00e9j\u00e0\u2026","datePublished":"2026-01-21T15:07:15+00:00","dateModified":"2026-01-21T15:07:22+00:00","mainEntityOfPage":{"@id":"https:\/\/macite.tg\/?p=27705"},"wordCount":653,"commentCount":0,"image":{"@id":"https:\/\/macite.tg\/?p=27705#primaryimage"},"thumbnailUrl":"https:\/\/macite.tg\/wp-content\/uploads\/2026\/01\/image-82.png","articleSection":["ACTUALITE","FOOTBALL","SPORTS"],"inLanguage":"fr-FR","potentialAction":[{"@type":"CommentAction","name":"Comment","target":["https:\/\/macite.tg\/?p=27705#respond"]}]},{"@type":"WebPage","@id":"https:\/\/macite.tg\/?p=27705","url":"https:\/\/macite.tg\/?p=27705","name":"CAN MAROC 2025 : Des sanctions s\u00e9v\u00e8res tombent d\u00e9j\u00e0\u2026 -","isPartOf":{"@id":"https:\/\/macite.tg\/#website"},"primaryImageOfPage":{"@id":"https:\/\/macite.tg\/?p=27705#primaryimage"},"image":{"@id":"https:\/\/macite.tg\/?p=27705#primaryimage"},"thumbnailUrl":"https:\/\/macite.tg\/wp-content\/uploads\/2026\/01\/image-82.png","datePublished":"2026-01-21T15:07:15+00:00","dateModified":"2026-01-21T15:07:22+00:00","author":{"@id":"https:\/\/macite.tg\/#\/schema\/person\/e9f2de7e5dbbe7770a9402c7ce82f5c2"},"breadcrumb":{"@id":"https:\/\/macite.tg\/?p=27705#breadcrumb"},"inLanguage":"fr-FR","potentialAction":[{"@type":"ReadAction","target":["https:\/\/macite.tg\/?p=27705"]}]},{"@type":"ImageObject","inLanguage":"fr-FR","@id":"https:\/\/macite.tg\/?p=27705#primaryimage","url":"https:\/\/macite.tg\/wp-content\/uploads\/2026\/01\/image-82.png","contentUrl":"https:\/\/macite.tg\/wp-content\/uploads\/2026\/01\/image-82.png","width":534,"height":356},{"@type":"BreadcrumbList","@id":"https:\/\/macite.tg\/?p=27705#breadcrumb","itemListElement":[{"@type":"ListItem","position":1,"name":"Accueil","item":"https:\/\/macite.tg\/"},{"@type":"ListItem","position":2,"name":"CAN MAROC 2025 : Des sanctions s\u00e9v\u00e8res tombent d\u00e9j\u00e0\u2026"}]},{"@type":"WebSite","@id":"https:\/\/macite.tg\/#website","url":"https:\/\/macite.tg\/","name":"","description":"L&#039;information, la bonne!!!","potentialAction":[{"@type":"SearchAction","target":{"@type":"EntryPoint","urlTemplate":"https:\/\/macite.tg\/?s={search_term_string}"},"query-input":{"@type":"PropertyValueSpecification","valueRequired":true,"valueName":"search_term_string"}}],"inLanguage":"fr-FR"},{"@type":"Person","@id":"https:\/\/macite.tg\/#\/schema\/person\/e9f2de7e5dbbe7770a9402c7ce82f5c2","name":"Jean Pierre BAWELA","image":{"@type":"ImageObject","inLanguage":"fr-FR","@id":"https:\/\/macite.tg\/wp-content\/uploads\/2023\/09\/WhatsApp-Image-2023-09-19-at-14.44.41-122x122.jpeg","url":"https:\/\/macite.tg\/wp-content\/uploads\/2023\/09\/WhatsApp-Image-2023-09-19-at-14.44.41-122x122.jpeg","contentUrl":"https:\/\/macite.tg\/wp-content\/uploads\/2023\/09\/WhatsApp-Image-2023-09-19-at-14.44.41-122x122.jpeg","caption":"Jean Pierre BAWELA"},"url":"https:\/\/macite.tg\/?author=2"}]}},"_links":{"self":[{"href":"https:\/\/macite.tg\/index.php?rest_route=\/wp\/v2\/posts\/27705","targetHints":{"allow":["GET"]}}],"collection":[{"href":"https:\/\/macite.tg\/index.php?rest_route=\/wp\/v2\/posts"}],"about":[{"href":"https:\/\/macite.tg\/index.php?rest_route=\/wp\/v2\/types\/post"}],"author":[{"embeddable":true,"href":"https:\/\/macite.tg\/index.php?rest_route=\/wp\/v2\/users\/2"}],"replies":[{"embeddable":true,"href":"https:\/\/macite.tg\/index.php?rest_route=%2Fwp%2Fv2%2Fcomments&post=27705"}],"version-history":[{"count":0,"href":"https:\/\/macite.tg\/index.php?rest_route=\/wp\/v2\/posts\/27705\/revisions"}],"wp:featuredmedia":[{"embeddable":true,"href":"https:\/\/macite.tg\/index.php?rest_route=\/wp\/v2\/media\/27706"}],"wp:attachment":[{"href":"https:\/\/macite.tg\/index.php?rest_route=%2Fwp%2Fv2%2Fmedia&parent=27705"}],"wp:term":[{"taxonomy":"category","embeddable":true,"href":"https:\/\/macite.tg\/index.php?rest_route=%2Fwp%2Fv2%2Fcategories&post=27705"},{"taxonomy":"post_tag","embeddable":true,"href":"https:\/\/macite.tg\/index.php?rest_route=%2Fwp%2Fv2%2Ftags&post=27705"}],"curies":[{"name":"wp","href":"https:\/\/api.w.org\/{rel}","templated":true}]}}