{"id":27697,"date":"2026-01-20T18:07:58","date_gmt":"2026-01-20T18:07:58","guid":{"rendered":"https:\/\/macite.tg\/?p=27697"},"modified":"2026-01-20T18:08:06","modified_gmt":"2026-01-20T18:08:06","slug":"crise-dans-les-grands-lacs-la-monusco-soutient-les-initiatives-du-mediateur-designe-de-lua","status":"publish","type":"post","link":"https:\/\/macite.tg\/?p=27697","title":{"rendered":"CRISE DANS LES GRANDS LACS\u00a0: La MONUSCO soutient les initiatives du M\u00e9diateur d\u00e9sign\u00e9 de l\u2019Ua"},"content":{"rendered":"\n<p class=\"wp-block-paragraph\"><strong><em>La cheffe par int\u00e9rim de la mission de l\u2019ONU pour la stabilisation en RDC (MONUSCO), et Repr\u00e9sentante sp\u00e9ciale par int\u00e9rim du Secr\u00e9taire g\u00e9n\u00e9ral des Nations unies en R\u00e9publique D\u00e9mocratique du Congo (RDC), Viviane Van de Perre, a \u00e9t\u00e9 re\u00e7ue en audience, le samedi 17 janvier dernier, par le M\u00e9diateur d\u00e9sign\u00e9 de l\u2019Union africaine, Faure Essozimna Gnasisngb\u00e9.<\/em><\/strong><\/p>\n\n\n\n<p class=\"wp-block-paragraph\">Le M\u00e9diateur d\u00e9sign\u00e9 de l\u2019Ua dans la crise qui secoue l\u2019Est de la RDC, a trac\u00e9, en fin de semaine derni\u00e8re, une nouvelle trajectoire dans la recherche de solutions pour une paix durable dans cette parte du continent. En effet, le Pr\u00e9sident du conseil, Faure Essozimna Gnassingb\u00e9 a organis\u00e9, le samedi 17 janvier dernier \u00e0 Lom\u00e9, une rencontre de haut sur la coh\u00e9rence et la consolidation du processus de paix en R\u00e9publique D\u00e9mocratique du Congo (RDC) et dans la r\u00e9gion des Grands Lacs.&nbsp;<\/p>\n\n\n\n<figure class=\"wp-block-image size-full\"><img loading=\"lazy\" decoding=\"async\" width=\"851\" height=\"315\" src=\"https:\/\/macite.tg\/wp-content\/uploads\/2026\/01\/OTR_Ferer-pour-batir-1.jpg\" alt=\"\" class=\"wp-image-27391\" srcset=\"https:\/\/macite.tg\/wp-content\/uploads\/2026\/01\/OTR_Ferer-pour-batir-1.jpg 851w, https:\/\/macite.tg\/wp-content\/uploads\/2026\/01\/OTR_Ferer-pour-batir-1-300x111.jpg 300w, https:\/\/macite.tg\/wp-content\/uploads\/2026\/01\/OTR_Ferer-pour-batir-1-768x284.jpg 768w\" sizes=\"auto, (max-width: 851px) 100vw, 851px\" \/><\/figure>\n\n\n\n<p class=\"wp-block-paragraph\">En marge de cette rencontre, le leader togolais re\u00e7u en audience, la \u00e9galement cheffe par int\u00e9rim de la mission de l\u2019ONU pour la stabilisation en RDC (MONUSCO), \u00e9galement Repr\u00e9sentante sp\u00e9ciale par int\u00e9rim du Secr\u00e9taire g\u00e9n\u00e9ral des Nations unies en R\u00e9publique D\u00e9mocratique du Congo (RDC), Viviane Van de Perre.<\/p>\n\n\n\n<p class=\"wp-block-paragraph\">Tout en abordant avec le M\u00e9diateur d\u00e9sign\u00e9 de l\u2019Ua les questions li\u00e9es \u00e0 l\u2019avenir de la RDC, ainsi que la mani\u00e8re dont les efforts de m\u00e9diation de l\u2019Union africaine pourront favoriser l\u2019instauration d\u2019une paix accept\u00e9e par l\u2019ensemble des parties prenantes, la responsable onusienne a salu\u00e9 les efforts engag\u00e9s par le Togo, et de r\u00e9it\u00e9rer le soutien de la Mission au Pr\u00e9sident du Conseil.&nbsp;<\/p>\n\n\n<div class=\"wp-block-image\">\n<figure class=\"aligncenter size-full\"><img loading=\"lazy\" decoding=\"async\" width=\"507\" height=\"720\" src=\"https:\/\/macite.tg\/wp-content\/uploads\/2026\/01\/image-65.png\" alt=\"\" class=\"wp-image-27595\" srcset=\"https:\/\/macite.tg\/wp-content\/uploads\/2026\/01\/image-65.png 507w, https:\/\/macite.tg\/wp-content\/uploads\/2026\/01\/image-65-211x300.png 211w\" sizes=\"auto, (max-width: 507px) 100vw, 507px\" \/><\/figure>\n<\/div>\n\n\n<p class=\"wp-block-paragraph\">\u00ab&nbsp;<em>La population souffre, et il nous revient de trouver des solutions qui apportent une paix durable. Nous lui avons donn\u00e9 notre plein soutien en tant que MONUSCO pour faire tout ce que nous pouvons pour soutenir ses efforts&nbsp;\u00bb<\/em>, a d\u00e9clar\u00e9 Viviane Van de Perre \u00e0 l\u2019issue de l\u2019audience.<\/p>\n\n\n\n<p class=\"wp-block-paragraph\"><strong>JPB<\/strong><\/p>\n\n\n\n<p class=\"wp-block-paragraph\"><a><strong><em>@macite.tg&nbsp;&nbsp;&nbsp;&nbsp;&nbsp;&nbsp;&nbsp;&nbsp;<\/em><\/strong><\/a><\/p>\n\n\n\n<p class=\"wp-block-paragraph\"><strong><em>E-mail&nbsp;: <\/em><\/strong><a href=\"mailto:maciteinfo@gmail.com\"><strong><em>maciteinfo@gmail.com<\/em><\/strong><\/a><strong><em>; <\/em><\/strong><a href=\"mailto:bawela1@gmail.com\"><strong><em>bawela1@gmail.com<\/em><\/strong><\/a><strong><em><\/em><\/strong><\/p>\n\n\n\n<p class=\"wp-block-paragraph\"><strong><em>Pour vos annonces, (publi)reportages, etc., joignez-nous au (00228)91515309\/<strong>79872224 <\/strong><strong><\/strong><\/em><\/strong><\/p>\n\n\n\n<p class=\"wp-block-paragraph\"><strong><em>www.macite.tg, L\u2019information, la bonne&nbsp;!<\/em><\/strong><\/p>\n\n\n\n<p class=\"wp-block-paragraph\"><\/p>\n","protected":false},"excerpt":{"rendered":"<p class=\"text-justify mb-2\" >La cheffe par int\u00e9rim de la mission de l\u2019ONU pour la stabilisation en RDC (MONUSCO), et Repr\u00e9sentante sp\u00e9ciale par int\u00e9rim du Secr\u00e9taire g\u00e9n\u00e9ral des Nations unies en R\u00e9publique D\u00e9mocratique du Congo (RDC), Viviane Van de Perre, a \u00e9t\u00e9 re\u00e7ue en audience, le samedi 17 janvier [&hellip;]<\/p>\n","protected":false},"author":2,"featured_media":27699,"comment_status":"open","ping_status":"open","sticky":false,"template":"","format":"standard","meta":{"footnotes":""},"categories":[20,8],"tags":[],"class_list":["post-27697","post","type-post","status-publish","format-standard","has-post-thumbnail","hentry","category-actualite","category-diplomatie"],"yoast_head":"<!-- This site is optimized with the Yoast SEO plugin v28.4 - https:\/\/yoast.com\/product\/yoast-seo-wordpress\/ -->\n<title>CRISE DANS LES GRANDS LACS\u00a0: La MONUSCO soutient les initiatives du M\u00e9diateur d\u00e9sign\u00e9 de l\u2019Ua -<\/title>\n<meta name=\"robots\" content=\"index, follow, max-snippet:-1, max-image-preview:large, max-video-preview:-1\" \/>\n<link rel=\"canonical\" href=\"https:\/\/macite.tg\/?p=27697\" \/>\n<meta property=\"og:locale\" content=\"fr_FR\" \/>\n<meta property=\"og:type\" content=\"article\" \/>\n<meta property=\"og:title\" content=\"CRISE DANS LES GRANDS LACS\u00a0: La MONUSCO soutient les initiatives du M\u00e9diateur d\u00e9sign\u00e9 de l\u2019Ua -\" \/>\n<meta property=\"og:description\" content=\"La cheffe par int\u00e9rim de la mission de l\u2019ONU pour la stabilisation en RDC (MONUSCO), et Repr\u00e9sentante sp\u00e9ciale par int\u00e9rim du Secr\u00e9taire g\u00e9n\u00e9ral des Nations unies en R\u00e9publique D\u00e9mocratique du Congo (RDC), Viviane Van de Perre, a \u00e9t\u00e9 re\u00e7ue en audience, le samedi 17 janvier [&hellip;]\" \/>\n<meta property=\"og:url\" content=\"https:\/\/macite.tg\/?p=27697\" \/>\n<meta property=\"article:published_time\" content=\"2026-01-20T18:07:58+00:00\" \/>\n<meta property=\"article:modified_time\" content=\"2026-01-20T18:08:06+00:00\" \/>\n<meta property=\"og:image\" content=\"https:\/\/macite.tg\/wp-content\/uploads\/2026\/01\/79b197a0-47f8-4dca-83fe-6a922f1b3cbb-1.jpg\" \/>\n\t<meta property=\"og:image:width\" content=\"500\" \/>\n\t<meta property=\"og:image:height\" content=\"323\" \/>\n\t<meta property=\"og:image:type\" content=\"image\/jpeg\" \/>\n<meta name=\"author\" content=\"Jean Pierre BAWELA\" \/>\n<meta name=\"twitter:card\" content=\"summary_large_image\" \/>\n<meta name=\"twitter:label1\" content=\"\u00c9crit par\" \/>\n\t<meta name=\"twitter:data1\" content=\"Jean Pierre BAWELA\" \/>\n\t<meta name=\"twitter:label2\" content=\"Dur\u00e9e de lecture estim\u00e9e\" \/>\n\t<meta name=\"twitter:data2\" content=\"3 minutes\" \/>\n<script type=\"application\/ld+json\" class=\"yoast-schema-graph\">{\"@context\":\"https:\\\/\\\/schema.org\",\"@graph\":[{\"@type\":\"Article\",\"@id\":\"https:\\\/\\\/macite.tg\\\/?p=27697#article\",\"isPartOf\":{\"@id\":\"https:\\\/\\\/macite.tg\\\/?p=27697\"},\"author\":{\"name\":\"Jean Pierre BAWELA\",\"@id\":\"https:\\\/\\\/macite.tg\\\/#\\\/schema\\\/person\\\/e9f2de7e5dbbe7770a9402c7ce82f5c2\"},\"headline\":\"CRISE DANS LES GRANDS LACS\u00a0: La MONUSCO soutient les initiatives du M\u00e9diateur d\u00e9sign\u00e9 de l\u2019Ua\",\"datePublished\":\"2026-01-20T18:07:58+00:00\",\"dateModified\":\"2026-01-20T18:08:06+00:00\",\"mainEntityOfPage\":{\"@id\":\"https:\\\/\\\/macite.tg\\\/?p=27697\"},\"wordCount\":404,\"commentCount\":0,\"image\":{\"@id\":\"https:\\\/\\\/macite.tg\\\/?p=27697#primaryimage\"},\"thumbnailUrl\":\"https:\\\/\\\/macite.tg\\\/wp-content\\\/uploads\\\/2026\\\/01\\\/79b197a0-47f8-4dca-83fe-6a922f1b3cbb-1.jpg\",\"articleSection\":[\"ACTUALITE\",\"DIPLOMATIE\"],\"inLanguage\":\"fr-FR\",\"potentialAction\":[{\"@type\":\"CommentAction\",\"name\":\"Comment\",\"target\":[\"https:\\\/\\\/macite.tg\\\/?p=27697#respond\"]}]},{\"@type\":\"WebPage\",\"@id\":\"https:\\\/\\\/macite.tg\\\/?p=27697\",\"url\":\"https:\\\/\\\/macite.tg\\\/?p=27697\",\"name\":\"CRISE DANS LES GRANDS LACS\u00a0: La MONUSCO soutient les initiatives du M\u00e9diateur d\u00e9sign\u00e9 de l\u2019Ua -\",\"isPartOf\":{\"@id\":\"https:\\\/\\\/macite.tg\\\/#website\"},\"primaryImageOfPage\":{\"@id\":\"https:\\\/\\\/macite.tg\\\/?p=27697#primaryimage\"},\"image\":{\"@id\":\"https:\\\/\\\/macite.tg\\\/?p=27697#primaryimage\"},\"thumbnailUrl\":\"https:\\\/\\\/macite.tg\\\/wp-content\\\/uploads\\\/2026\\\/01\\\/79b197a0-47f8-4dca-83fe-6a922f1b3cbb-1.jpg\",\"datePublished\":\"2026-01-20T18:07:58+00:00\",\"dateModified\":\"2026-01-20T18:08:06+00:00\",\"author\":{\"@id\":\"https:\\\/\\\/macite.tg\\\/#\\\/schema\\\/person\\\/e9f2de7e5dbbe7770a9402c7ce82f5c2\"},\"breadcrumb\":{\"@id\":\"https:\\\/\\\/macite.tg\\\/?p=27697#breadcrumb\"},\"inLanguage\":\"fr-FR\",\"potentialAction\":[{\"@type\":\"ReadAction\",\"target\":[\"https:\\\/\\\/macite.tg\\\/?p=27697\"]}]},{\"@type\":\"ImageObject\",\"inLanguage\":\"fr-FR\",\"@id\":\"https:\\\/\\\/macite.tg\\\/?p=27697#primaryimage\",\"url\":\"https:\\\/\\\/macite.tg\\\/wp-content\\\/uploads\\\/2026\\\/01\\\/79b197a0-47f8-4dca-83fe-6a922f1b3cbb-1.jpg\",\"contentUrl\":\"https:\\\/\\\/macite.tg\\\/wp-content\\\/uploads\\\/2026\\\/01\\\/79b197a0-47f8-4dca-83fe-6a922f1b3cbb-1.jpg\",\"width\":500,\"height\":323},{\"@type\":\"BreadcrumbList\",\"@id\":\"https:\\\/\\\/macite.tg\\\/?p=27697#breadcrumb\",\"itemListElement\":[{\"@type\":\"ListItem\",\"position\":1,\"name\":\"Accueil\",\"item\":\"https:\\\/\\\/macite.tg\\\/\"},{\"@type\":\"ListItem\",\"position\":2,\"name\":\"CRISE DANS LES GRANDS LACS\u00a0: La MONUSCO soutient les initiatives du M\u00e9diateur d\u00e9sign\u00e9 de l\u2019Ua\"}]},{\"@type\":\"WebSite\",\"@id\":\"https:\\\/\\\/macite.tg\\\/#website\",\"url\":\"https:\\\/\\\/macite.tg\\\/\",\"name\":\"\",\"description\":\"L&#039;information, la bonne!!!\",\"potentialAction\":[{\"@type\":\"SearchAction\",\"target\":{\"@type\":\"EntryPoint\",\"urlTemplate\":\"https:\\\/\\\/macite.tg\\\/?s={search_term_string}\"},\"query-input\":{\"@type\":\"PropertyValueSpecification\",\"valueRequired\":true,\"valueName\":\"search_term_string\"}}],\"inLanguage\":\"fr-FR\"},{\"@type\":\"Person\",\"@id\":\"https:\\\/\\\/macite.tg\\\/#\\\/schema\\\/person\\\/e9f2de7e5dbbe7770a9402c7ce82f5c2\",\"name\":\"Jean Pierre BAWELA\",\"image\":{\"@type\":\"ImageObject\",\"inLanguage\":\"fr-FR\",\"@id\":\"https:\\\/\\\/macite.tg\\\/wp-content\\\/uploads\\\/2023\\\/09\\\/WhatsApp-Image-2023-09-19-at-14.44.41-122x122.jpeg\",\"url\":\"https:\\\/\\\/macite.tg\\\/wp-content\\\/uploads\\\/2023\\\/09\\\/WhatsApp-Image-2023-09-19-at-14.44.41-122x122.jpeg\",\"contentUrl\":\"https:\\\/\\\/macite.tg\\\/wp-content\\\/uploads\\\/2023\\\/09\\\/WhatsApp-Image-2023-09-19-at-14.44.41-122x122.jpeg\",\"caption\":\"Jean Pierre BAWELA\"},\"url\":\"https:\\\/\\\/macite.tg\\\/?author=2\"}]}<\/script>\n<!-- \/ Yoast SEO plugin. -->","yoast_head_json":{"title":"CRISE DANS LES GRANDS LACS\u00a0: La MONUSCO soutient les initiatives du M\u00e9diateur d\u00e9sign\u00e9 de l\u2019Ua -","robots":{"index":"index","follow":"follow","max-snippet":"max-snippet:-1","max-image-preview":"max-image-preview:large","max-video-preview":"max-video-preview:-1"},"canonical":"https:\/\/macite.tg\/?p=27697","og_locale":"fr_FR","og_type":"article","og_title":"CRISE DANS LES GRANDS LACS\u00a0: La MONUSCO soutient les initiatives du M\u00e9diateur d\u00e9sign\u00e9 de l\u2019Ua -","og_description":"La cheffe par int\u00e9rim de la mission de l\u2019ONU pour la stabilisation en RDC (MONUSCO), et Repr\u00e9sentante sp\u00e9ciale par int\u00e9rim du Secr\u00e9taire g\u00e9n\u00e9ral des Nations unies en R\u00e9publique D\u00e9mocratique du Congo (RDC), Viviane Van de Perre, a \u00e9t\u00e9 re\u00e7ue en audience, le samedi 17 janvier [&hellip;]","og_url":"https:\/\/macite.tg\/?p=27697","article_published_time":"2026-01-20T18:07:58+00:00","article_modified_time":"2026-01-20T18:08:06+00:00","og_image":[{"width":500,"height":323,"url":"https:\/\/macite.tg\/wp-content\/uploads\/2026\/01\/79b197a0-47f8-4dca-83fe-6a922f1b3cbb-1.jpg","type":"image\/jpeg"}],"author":"Jean Pierre BAWELA","twitter_card":"summary_large_image","twitter_misc":{"\u00c9crit par":"Jean Pierre BAWELA","Dur\u00e9e de lecture estim\u00e9e":"3 minutes"},"schema":{"@context":"https:\/\/schema.org","@graph":[{"@type":"Article","@id":"https:\/\/macite.tg\/?p=27697#article","isPartOf":{"@id":"https:\/\/macite.tg\/?p=27697"},"author":{"name":"Jean Pierre BAWELA","@id":"https:\/\/macite.tg\/#\/schema\/person\/e9f2de7e5dbbe7770a9402c7ce82f5c2"},"headline":"CRISE DANS LES GRANDS LACS\u00a0: La MONUSCO soutient les initiatives du M\u00e9diateur d\u00e9sign\u00e9 de l\u2019Ua","datePublished":"2026-01-20T18:07:58+00:00","dateModified":"2026-01-20T18:08:06+00:00","mainEntityOfPage":{"@id":"https:\/\/macite.tg\/?p=27697"},"wordCount":404,"commentCount":0,"image":{"@id":"https:\/\/macite.tg\/?p=27697#primaryimage"},"thumbnailUrl":"https:\/\/macite.tg\/wp-content\/uploads\/2026\/01\/79b197a0-47f8-4dca-83fe-6a922f1b3cbb-1.jpg","articleSection":["ACTUALITE","DIPLOMATIE"],"inLanguage":"fr-FR","potentialAction":[{"@type":"CommentAction","name":"Comment","target":["https:\/\/macite.tg\/?p=27697#respond"]}]},{"@type":"WebPage","@id":"https:\/\/macite.tg\/?p=27697","url":"https:\/\/macite.tg\/?p=27697","name":"CRISE DANS LES GRANDS LACS\u00a0: La MONUSCO soutient les initiatives du M\u00e9diateur d\u00e9sign\u00e9 de l\u2019Ua -","isPartOf":{"@id":"https:\/\/macite.tg\/#website"},"primaryImageOfPage":{"@id":"https:\/\/macite.tg\/?p=27697#primaryimage"},"image":{"@id":"https:\/\/macite.tg\/?p=27697#primaryimage"},"thumbnailUrl":"https:\/\/macite.tg\/wp-content\/uploads\/2026\/01\/79b197a0-47f8-4dca-83fe-6a922f1b3cbb-1.jpg","datePublished":"2026-01-20T18:07:58+00:00","dateModified":"2026-01-20T18:08:06+00:00","author":{"@id":"https:\/\/macite.tg\/#\/schema\/person\/e9f2de7e5dbbe7770a9402c7ce82f5c2"},"breadcrumb":{"@id":"https:\/\/macite.tg\/?p=27697#breadcrumb"},"inLanguage":"fr-FR","potentialAction":[{"@type":"ReadAction","target":["https:\/\/macite.tg\/?p=27697"]}]},{"@type":"ImageObject","inLanguage":"fr-FR","@id":"https:\/\/macite.tg\/?p=27697#primaryimage","url":"https:\/\/macite.tg\/wp-content\/uploads\/2026\/01\/79b197a0-47f8-4dca-83fe-6a922f1b3cbb-1.jpg","contentUrl":"https:\/\/macite.tg\/wp-content\/uploads\/2026\/01\/79b197a0-47f8-4dca-83fe-6a922f1b3cbb-1.jpg","width":500,"height":323},{"@type":"BreadcrumbList","@id":"https:\/\/macite.tg\/?p=27697#breadcrumb","itemListElement":[{"@type":"ListItem","position":1,"name":"Accueil","item":"https:\/\/macite.tg\/"},{"@type":"ListItem","position":2,"name":"CRISE DANS LES GRANDS LACS\u00a0: La MONUSCO soutient les initiatives du M\u00e9diateur d\u00e9sign\u00e9 de l\u2019Ua"}]},{"@type":"WebSite","@id":"https:\/\/macite.tg\/#website","url":"https:\/\/macite.tg\/","name":"","description":"L&#039;information, la bonne!!!","potentialAction":[{"@type":"SearchAction","target":{"@type":"EntryPoint","urlTemplate":"https:\/\/macite.tg\/?s={search_term_string}"},"query-input":{"@type":"PropertyValueSpecification","valueRequired":true,"valueName":"search_term_string"}}],"inLanguage":"fr-FR"},{"@type":"Person","@id":"https:\/\/macite.tg\/#\/schema\/person\/e9f2de7e5dbbe7770a9402c7ce82f5c2","name":"Jean Pierre BAWELA","image":{"@type":"ImageObject","inLanguage":"fr-FR","@id":"https:\/\/macite.tg\/wp-content\/uploads\/2023\/09\/WhatsApp-Image-2023-09-19-at-14.44.41-122x122.jpeg","url":"https:\/\/macite.tg\/wp-content\/uploads\/2023\/09\/WhatsApp-Image-2023-09-19-at-14.44.41-122x122.jpeg","contentUrl":"https:\/\/macite.tg\/wp-content\/uploads\/2023\/09\/WhatsApp-Image-2023-09-19-at-14.44.41-122x122.jpeg","caption":"Jean Pierre BAWELA"},"url":"https:\/\/macite.tg\/?author=2"}]}},"_links":{"self":[{"href":"https:\/\/macite.tg\/index.php?rest_route=\/wp\/v2\/posts\/27697","targetHints":{"allow":["GET"]}}],"collection":[{"href":"https:\/\/macite.tg\/index.php?rest_route=\/wp\/v2\/posts"}],"about":[{"href":"https:\/\/macite.tg\/index.php?rest_route=\/wp\/v2\/types\/post"}],"author":[{"embeddable":true,"href":"https:\/\/macite.tg\/index.php?rest_route=\/wp\/v2\/users\/2"}],"replies":[{"embeddable":true,"href":"https:\/\/macite.tg\/index.php?rest_route=%2Fwp%2Fv2%2Fcomments&post=27697"}],"version-history":[{"count":0,"href":"https:\/\/macite.tg\/index.php?rest_route=\/wp\/v2\/posts\/27697\/revisions"}],"wp:featuredmedia":[{"embeddable":true,"href":"https:\/\/macite.tg\/index.php?rest_route=\/wp\/v2\/media\/27699"}],"wp:attachment":[{"href":"https:\/\/macite.tg\/index.php?rest_route=%2Fwp%2Fv2%2Fmedia&parent=27697"}],"wp:term":[{"taxonomy":"category","embeddable":true,"href":"https:\/\/macite.tg\/index.php?rest_route=%2Fwp%2Fv2%2Fcategories&post=27697"},{"taxonomy":"post_tag","embeddable":true,"href":"https:\/\/macite.tg\/index.php?rest_route=%2Fwp%2Fv2%2Ftags&post=27697"}],"curies":[{"name":"wp","href":"https:\/\/api.w.org\/{rel}","templated":true}]}}