{"id":27693,"date":"2026-01-20T16:59:48","date_gmt":"2026-01-20T16:59:48","guid":{"rendered":"https:\/\/macite.tg\/?p=27693"},"modified":"2026-01-20T17:00:03","modified_gmt":"2026-01-20T17:00:03","slug":"clash-apres-la-can-le-match-entre-le-maroc-et-lafrique-continue","status":"publish","type":"post","link":"https:\/\/macite.tg\/?p=27693","title":{"rendered":"CLASH : Apr\u00e8s la CAN, le match entre le Maroc et l\u2019Afrique continue"},"content":{"rendered":"\n<p class=\"wp-block-paragraph\"><strong><em>Les Marocains se sont mis le reste de l\u2019Afrique \u00e0 dos depuis la CAN 2025. Et \u00e7a chauffe dans les diff\u00e9rents forums sur Internet et m\u00eame dans les art\u00e8res des villes marocaines.<\/em><\/strong><strong><\/strong><\/p>\n\n\n\n<p class=\"wp-block-paragraph\">Tout est parti des irr\u00e9gularit\u00e9s r\u00e9pertori\u00e9es par les internautes durant la comp\u00e9tition : vol de serviettes des gardiens de buts, manque de billets d\u2019entr\u00e9e pour certains matchs, en plus, les Africains pensent que le Maroc a \u00e9t\u00e9 massivement favoris\u00e9s durant les matchs de leur \u00e9quipe.<\/p>\n\n\n<div class=\"wp-block-image\">\n<figure class=\"aligncenter size-full is-resized\"><img loading=\"lazy\" decoding=\"async\" width=\"690\" height=\"170\" src=\"https:\/\/macite.tg\/wp-content\/uploads\/2026\/01\/OTR_TVM.jpg\" alt=\"\" class=\"wp-image-27483\" style=\"width:840px;height:auto\" srcset=\"https:\/\/macite.tg\/wp-content\/uploads\/2026\/01\/OTR_TVM.jpg 690w, https:\/\/macite.tg\/wp-content\/uploads\/2026\/01\/OTR_TVM-300x74.jpg 300w\" sizes=\"auto, (max-width: 690px) 100vw, 690px\" \/><\/figure>\n<\/div>\n\n\n<p class=\"wp-block-paragraph\">Une fois la comp\u00e9tition termin\u00e9e et que le Maroc n\u2019a pas gagn\u00e9, les internautes se sont mis \u00e0 c\u0153ur joie pour se moquer des Marocains.<\/p>\n\n\n\n<p class=\"wp-block-paragraph\">\u00ab&nbsp;<em>ILS ONT ACHET\u00c9 LES ARBITRES. MAIS PAS DIEU !&nbsp;BRAVOOOO AU S\u00c9N\u00c9GAL !&nbsp;CHAMPION D\u2019AFRIQUE !&nbsp;\u00bb, \u00ab&nbsp;Le Maroc voulait broder sa deuxi\u00e8me \u00e9toile mais le S\u00e9n\u00e9gal a arrach\u00e9 l\u2019aiguille&nbsp;\u00bb, \u00ab&nbsp;La l\u00e9gende raconte que Hakimi avait d\u00e9j\u00e0 mis le troph\u00e9e au nom de sa m\u00e8re&nbsp;\u00bb, \u00ab&nbsp;Le Maroc a voulu \u00e9crire l\u2019histoire le S\u00e9n\u00e9gal a arrach\u00e9 le stylo&nbsp;\u00bb,<\/em><\/p>\n\n\n\n<p class=\"wp-block-paragraph\"><em>&nbsp;\u00ab&nbsp;Le Maroc voulait \u00e9crire l\u2019histoire et le S\u00e9n\u00e9gal les a arrach\u00e9s le stylo&nbsp;je suis tellement contente que contente est \u00e9tonner m\u00eame, merci S\u00e9n\u00e9gal tout le Burkina vous remercie&nbsp;\u00bb,<\/em><\/p>\n\n\n\n<p class=\"wp-block-paragraph\"><em>\u00ab&nbsp;Au lieu de se concentrer sur le v\u00e9ritable objectif, c\u2019est vol\u00e9 serviette des autres leur probl\u00e8me\u2026 \u00c0 chacun sa priorit\u00e9&nbsp;Ils n\u2019ont qu\u2019\u00e0 former un troph\u00e9e avec toutes les serviettes vol\u00e9es \u00bb,<\/em><\/p>\n\n\n<div class=\"wp-block-image\">\n<figure class=\"aligncenter size-full\"><img loading=\"lazy\" decoding=\"async\" width=\"507\" height=\"720\" src=\"https:\/\/macite.tg\/wp-content\/uploads\/2026\/01\/image-65.png\" alt=\"\" class=\"wp-image-27595\" srcset=\"https:\/\/macite.tg\/wp-content\/uploads\/2026\/01\/image-65.png 507w, https:\/\/macite.tg\/wp-content\/uploads\/2026\/01\/image-65-211x300.png 211w\" sizes=\"auto, (max-width: 507px) 100vw, 507px\" \/><\/figure>\n<\/div>\n\n\n<p class=\"wp-block-paragraph\"><em>\u00ab&nbsp;Qui vole un \u0153uf, volera un b\u0153uf, vous avez commenc\u00e9 le vol lors du 1 matchs, en voulant vole en finale, vous avez \u00e9t\u00e9 attraper, bravo au S\u00e9n\u00e9gal<\/em>&nbsp;\u00bb peut-on lire sur la toile.<\/p>\n\n\n\n<p class=\"wp-block-paragraph\">Les commentaires venant de diff\u00e9rents pays africains d\u00e9montrent que l\u2019Afrique a form\u00e9 son camp contre le Maroc.<\/p>\n\n\n\n<p class=\"wp-block-paragraph\">De leur c\u00f4t\u00e9, les Marocains trouvent les autres Africains injustes et m\u00eame ingrats. Pour avoir organis\u00e9 cette CAN, ils souhaitent \u00eatre remerci\u00e9s et pas moqu\u00e9s. Plusieurs commentaires de marocains sur Twitter souhaitent le retrait du Maroc de la CAF pour avoir leur propre conf\u00e9d\u00e9ration du Mahgreb. Et les insultes contre les Africains subsahariens ne cessent de monter en violence.<\/p>\n\n\n\n<p class=\"wp-block-paragraph\">Hors du web aussi les r\u00e9percutions se voient. On a pu voir des Africains noirs poignard\u00e9s, harcel\u00e9s, renvoy\u00e9s de leur travail, ou encore les commerces incendi\u00e9s \u00e0 Rabat. Les Marocains passent \u00e0 l\u2019acte contre les Noirs pr\u00e9sents sur leur territoire.<\/p>\n\n\n<div class=\"wp-block-image\">\n<figure class=\"aligncenter size-full\"><img loading=\"lazy\" decoding=\"async\" width=\"500\" height=\"742\" src=\"https:\/\/macite.tg\/wp-content\/uploads\/2026\/01\/OTR_Fausse-annonce.jpg\" alt=\"\" class=\"wp-image-27523\" srcset=\"https:\/\/macite.tg\/wp-content\/uploads\/2026\/01\/OTR_Fausse-annonce.jpg 500w, https:\/\/macite.tg\/wp-content\/uploads\/2026\/01\/OTR_Fausse-annonce-202x300.jpg 202w\" sizes=\"auto, (max-width: 500px) 100vw, 500px\" \/><\/figure>\n<\/div>\n\n\n<p class=\"wp-block-paragraph\">Dans la foul\u00e9e de cette mont\u00e9e d\u2019adr\u00e9naline, deux journalistes ont \u00e9t\u00e9 retrouv\u00e9s morts dans leurs chambres d\u2019h\u00f4tels lors de cette CAN mais aucune enqu\u00eate n\u2019est encore ouverte pour comprendre les circonstances de leurs d\u00e9c\u00e8s.<\/p>\n\n\n\n<p class=\"wp-block-paragraph\">Depuis la fin de la comp\u00e9tition, le climat est vraiment d\u00e9l\u00e9t\u00e8re entre le Maroc et les autres pays du continent. Ce qui ne repr\u00e9sente en rien l\u2019esprit fair-play connu du football.<\/p>\n\n\n\n<p class=\"wp-block-paragraph\"><strong>MSN<\/strong><\/p>\n\n\n\n<p class=\"wp-block-paragraph\"><a><strong><em>@macite.tg&nbsp;&nbsp;&nbsp;&nbsp;&nbsp;&nbsp;&nbsp;&nbsp;<\/em><\/strong><\/a><\/p>\n\n\n\n<p class=\"wp-block-paragraph\"><strong><em>E-mail&nbsp;: <\/em><\/strong><a href=\"mailto:maciteinfo@gmail.com\"><strong><em>maciteinfo@gmail.com<\/em><\/strong><\/a><strong><em>; <\/em><\/strong><a href=\"mailto:bawela1@gmail.com\"><strong><em>bawela1@gmail.com<\/em><\/strong><\/a><strong><em><\/em><\/strong><\/p>\n\n\n\n<p class=\"wp-block-paragraph\"><strong><em>Pour vos annonces, (publi)reportages, etc., joignez-nous au (00228)91515309\/<strong>79872224 <\/strong><strong><\/strong><\/em><\/strong><\/p>\n\n\n\n<p class=\"wp-block-paragraph\"><strong><em>www.macite.tg, L\u2019information, la bonne&nbsp;!<\/em><\/strong><\/p>\n\n\n\n<p class=\"wp-block-paragraph\"><\/p>\n","protected":false},"excerpt":{"rendered":"<p class=\"text-justify mb-2\" >Les Marocains se sont mis le reste de l\u2019Afrique \u00e0 dos depuis la CAN 2025. Et \u00e7a chauffe dans les diff\u00e9rents forums sur Internet et m\u00eame dans les art\u00e8res des villes marocaines. Tout est parti des irr\u00e9gularit\u00e9s r\u00e9pertori\u00e9es par les internautes durant la comp\u00e9tition : [&hellip;]<\/p>\n","protected":false},"author":2,"featured_media":27695,"comment_status":"open","ping_status":"open","sticky":false,"template":"","format":"standard","meta":{"footnotes":""},"categories":[20,63,7],"tags":[],"class_list":["post-27693","post","type-post","status-publish","format-standard","has-post-thumbnail","hentry","category-actualite","category-football","category-sports"],"yoast_head":"<!-- This site is optimized with the Yoast SEO plugin v28.4 - https:\/\/yoast.com\/product\/yoast-seo-wordpress\/ -->\n<title>CLASH : Apr\u00e8s la CAN, le match entre le Maroc et l\u2019Afrique continue -<\/title>\n<meta name=\"robots\" content=\"index, follow, max-snippet:-1, max-image-preview:large, max-video-preview:-1\" \/>\n<link rel=\"canonical\" href=\"https:\/\/macite.tg\/?p=27693\" \/>\n<meta property=\"og:locale\" content=\"fr_FR\" \/>\n<meta property=\"og:type\" content=\"article\" \/>\n<meta property=\"og:title\" content=\"CLASH : Apr\u00e8s la CAN, le match entre le Maroc et l\u2019Afrique continue -\" \/>\n<meta property=\"og:description\" content=\"Les Marocains se sont mis le reste de l\u2019Afrique \u00e0 dos depuis la CAN 2025. Et \u00e7a chauffe dans les diff\u00e9rents forums sur Internet et m\u00eame dans les art\u00e8res des villes marocaines. Tout est parti des irr\u00e9gularit\u00e9s r\u00e9pertori\u00e9es par les internautes durant la comp\u00e9tition : [&hellip;]\" \/>\n<meta property=\"og:url\" content=\"https:\/\/macite.tg\/?p=27693\" \/>\n<meta property=\"article:published_time\" content=\"2026-01-20T16:59:48+00:00\" \/>\n<meta property=\"article:modified_time\" content=\"2026-01-20T17:00:03+00:00\" \/>\n<meta property=\"og:image\" content=\"https:\/\/macite.tg\/wp-content\/uploads\/2026\/01\/Marr.jpg\" \/>\n\t<meta property=\"og:image:width\" content=\"500\" \/>\n\t<meta property=\"og:image:height\" content=\"312\" \/>\n\t<meta property=\"og:image:type\" content=\"image\/jpeg\" \/>\n<meta name=\"author\" content=\"Jean Pierre BAWELA\" \/>\n<meta name=\"twitter:card\" content=\"summary_large_image\" \/>\n<meta name=\"twitter:label1\" content=\"\u00c9crit par\" \/>\n\t<meta name=\"twitter:data1\" content=\"Jean Pierre BAWELA\" \/>\n\t<meta name=\"twitter:label2\" content=\"Dur\u00e9e de lecture estim\u00e9e\" \/>\n\t<meta name=\"twitter:data2\" content=\"4 minutes\" \/>\n<script type=\"application\/ld+json\" class=\"yoast-schema-graph\">{\"@context\":\"https:\\\/\\\/schema.org\",\"@graph\":[{\"@type\":\"Article\",\"@id\":\"https:\\\/\\\/macite.tg\\\/?p=27693#article\",\"isPartOf\":{\"@id\":\"https:\\\/\\\/macite.tg\\\/?p=27693\"},\"author\":{\"name\":\"Jean Pierre BAWELA\",\"@id\":\"https:\\\/\\\/macite.tg\\\/#\\\/schema\\\/person\\\/e9f2de7e5dbbe7770a9402c7ce82f5c2\"},\"headline\":\"CLASH : Apr\u00e8s la CAN, le match entre le Maroc et l\u2019Afrique continue\",\"datePublished\":\"2026-01-20T16:59:48+00:00\",\"dateModified\":\"2026-01-20T17:00:03+00:00\",\"mainEntityOfPage\":{\"@id\":\"https:\\\/\\\/macite.tg\\\/?p=27693\"},\"wordCount\":567,\"commentCount\":0,\"image\":{\"@id\":\"https:\\\/\\\/macite.tg\\\/?p=27693#primaryimage\"},\"thumbnailUrl\":\"https:\\\/\\\/macite.tg\\\/wp-content\\\/uploads\\\/2026\\\/01\\\/Marr.jpg\",\"articleSection\":[\"ACTUALITE\",\"FOOTBALL\",\"SPORTS\"],\"inLanguage\":\"fr-FR\",\"potentialAction\":[{\"@type\":\"CommentAction\",\"name\":\"Comment\",\"target\":[\"https:\\\/\\\/macite.tg\\\/?p=27693#respond\"]}]},{\"@type\":\"WebPage\",\"@id\":\"https:\\\/\\\/macite.tg\\\/?p=27693\",\"url\":\"https:\\\/\\\/macite.tg\\\/?p=27693\",\"name\":\"CLASH : Apr\u00e8s la CAN, le match entre le Maroc et l\u2019Afrique continue -\",\"isPartOf\":{\"@id\":\"https:\\\/\\\/macite.tg\\\/#website\"},\"primaryImageOfPage\":{\"@id\":\"https:\\\/\\\/macite.tg\\\/?p=27693#primaryimage\"},\"image\":{\"@id\":\"https:\\\/\\\/macite.tg\\\/?p=27693#primaryimage\"},\"thumbnailUrl\":\"https:\\\/\\\/macite.tg\\\/wp-content\\\/uploads\\\/2026\\\/01\\\/Marr.jpg\",\"datePublished\":\"2026-01-20T16:59:48+00:00\",\"dateModified\":\"2026-01-20T17:00:03+00:00\",\"author\":{\"@id\":\"https:\\\/\\\/macite.tg\\\/#\\\/schema\\\/person\\\/e9f2de7e5dbbe7770a9402c7ce82f5c2\"},\"breadcrumb\":{\"@id\":\"https:\\\/\\\/macite.tg\\\/?p=27693#breadcrumb\"},\"inLanguage\":\"fr-FR\",\"potentialAction\":[{\"@type\":\"ReadAction\",\"target\":[\"https:\\\/\\\/macite.tg\\\/?p=27693\"]}]},{\"@type\":\"ImageObject\",\"inLanguage\":\"fr-FR\",\"@id\":\"https:\\\/\\\/macite.tg\\\/?p=27693#primaryimage\",\"url\":\"https:\\\/\\\/macite.tg\\\/wp-content\\\/uploads\\\/2026\\\/01\\\/Marr.jpg\",\"contentUrl\":\"https:\\\/\\\/macite.tg\\\/wp-content\\\/uploads\\\/2026\\\/01\\\/Marr.jpg\",\"width\":500,\"height\":312},{\"@type\":\"BreadcrumbList\",\"@id\":\"https:\\\/\\\/macite.tg\\\/?p=27693#breadcrumb\",\"itemListElement\":[{\"@type\":\"ListItem\",\"position\":1,\"name\":\"Accueil\",\"item\":\"https:\\\/\\\/macite.tg\\\/\"},{\"@type\":\"ListItem\",\"position\":2,\"name\":\"CLASH : Apr\u00e8s la CAN, le match entre le Maroc et l\u2019Afrique continue\"}]},{\"@type\":\"WebSite\",\"@id\":\"https:\\\/\\\/macite.tg\\\/#website\",\"url\":\"https:\\\/\\\/macite.tg\\\/\",\"name\":\"\",\"description\":\"L&#039;information, la bonne!!!\",\"potentialAction\":[{\"@type\":\"SearchAction\",\"target\":{\"@type\":\"EntryPoint\",\"urlTemplate\":\"https:\\\/\\\/macite.tg\\\/?s={search_term_string}\"},\"query-input\":{\"@type\":\"PropertyValueSpecification\",\"valueRequired\":true,\"valueName\":\"search_term_string\"}}],\"inLanguage\":\"fr-FR\"},{\"@type\":\"Person\",\"@id\":\"https:\\\/\\\/macite.tg\\\/#\\\/schema\\\/person\\\/e9f2de7e5dbbe7770a9402c7ce82f5c2\",\"name\":\"Jean Pierre BAWELA\",\"image\":{\"@type\":\"ImageObject\",\"inLanguage\":\"fr-FR\",\"@id\":\"https:\\\/\\\/macite.tg\\\/wp-content\\\/uploads\\\/2023\\\/09\\\/WhatsApp-Image-2023-09-19-at-14.44.41-122x122.jpeg\",\"url\":\"https:\\\/\\\/macite.tg\\\/wp-content\\\/uploads\\\/2023\\\/09\\\/WhatsApp-Image-2023-09-19-at-14.44.41-122x122.jpeg\",\"contentUrl\":\"https:\\\/\\\/macite.tg\\\/wp-content\\\/uploads\\\/2023\\\/09\\\/WhatsApp-Image-2023-09-19-at-14.44.41-122x122.jpeg\",\"caption\":\"Jean Pierre BAWELA\"},\"url\":\"https:\\\/\\\/macite.tg\\\/?author=2\"}]}<\/script>\n<!-- \/ Yoast SEO plugin. -->","yoast_head_json":{"title":"CLASH : Apr\u00e8s la CAN, le match entre le Maroc et l\u2019Afrique continue -","robots":{"index":"index","follow":"follow","max-snippet":"max-snippet:-1","max-image-preview":"max-image-preview:large","max-video-preview":"max-video-preview:-1"},"canonical":"https:\/\/macite.tg\/?p=27693","og_locale":"fr_FR","og_type":"article","og_title":"CLASH : Apr\u00e8s la CAN, le match entre le Maroc et l\u2019Afrique continue -","og_description":"Les Marocains se sont mis le reste de l\u2019Afrique \u00e0 dos depuis la CAN 2025. Et \u00e7a chauffe dans les diff\u00e9rents forums sur Internet et m\u00eame dans les art\u00e8res des villes marocaines. Tout est parti des irr\u00e9gularit\u00e9s r\u00e9pertori\u00e9es par les internautes durant la comp\u00e9tition : [&hellip;]","og_url":"https:\/\/macite.tg\/?p=27693","article_published_time":"2026-01-20T16:59:48+00:00","article_modified_time":"2026-01-20T17:00:03+00:00","og_image":[{"width":500,"height":312,"url":"https:\/\/macite.tg\/wp-content\/uploads\/2026\/01\/Marr.jpg","type":"image\/jpeg"}],"author":"Jean Pierre BAWELA","twitter_card":"summary_large_image","twitter_misc":{"\u00c9crit par":"Jean Pierre BAWELA","Dur\u00e9e de lecture estim\u00e9e":"4 minutes"},"schema":{"@context":"https:\/\/schema.org","@graph":[{"@type":"Article","@id":"https:\/\/macite.tg\/?p=27693#article","isPartOf":{"@id":"https:\/\/macite.tg\/?p=27693"},"author":{"name":"Jean Pierre BAWELA","@id":"https:\/\/macite.tg\/#\/schema\/person\/e9f2de7e5dbbe7770a9402c7ce82f5c2"},"headline":"CLASH : Apr\u00e8s la CAN, le match entre le Maroc et l\u2019Afrique continue","datePublished":"2026-01-20T16:59:48+00:00","dateModified":"2026-01-20T17:00:03+00:00","mainEntityOfPage":{"@id":"https:\/\/macite.tg\/?p=27693"},"wordCount":567,"commentCount":0,"image":{"@id":"https:\/\/macite.tg\/?p=27693#primaryimage"},"thumbnailUrl":"https:\/\/macite.tg\/wp-content\/uploads\/2026\/01\/Marr.jpg","articleSection":["ACTUALITE","FOOTBALL","SPORTS"],"inLanguage":"fr-FR","potentialAction":[{"@type":"CommentAction","name":"Comment","target":["https:\/\/macite.tg\/?p=27693#respond"]}]},{"@type":"WebPage","@id":"https:\/\/macite.tg\/?p=27693","url":"https:\/\/macite.tg\/?p=27693","name":"CLASH : Apr\u00e8s la CAN, le match entre le Maroc et l\u2019Afrique continue -","isPartOf":{"@id":"https:\/\/macite.tg\/#website"},"primaryImageOfPage":{"@id":"https:\/\/macite.tg\/?p=27693#primaryimage"},"image":{"@id":"https:\/\/macite.tg\/?p=27693#primaryimage"},"thumbnailUrl":"https:\/\/macite.tg\/wp-content\/uploads\/2026\/01\/Marr.jpg","datePublished":"2026-01-20T16:59:48+00:00","dateModified":"2026-01-20T17:00:03+00:00","author":{"@id":"https:\/\/macite.tg\/#\/schema\/person\/e9f2de7e5dbbe7770a9402c7ce82f5c2"},"breadcrumb":{"@id":"https:\/\/macite.tg\/?p=27693#breadcrumb"},"inLanguage":"fr-FR","potentialAction":[{"@type":"ReadAction","target":["https:\/\/macite.tg\/?p=27693"]}]},{"@type":"ImageObject","inLanguage":"fr-FR","@id":"https:\/\/macite.tg\/?p=27693#primaryimage","url":"https:\/\/macite.tg\/wp-content\/uploads\/2026\/01\/Marr.jpg","contentUrl":"https:\/\/macite.tg\/wp-content\/uploads\/2026\/01\/Marr.jpg","width":500,"height":312},{"@type":"BreadcrumbList","@id":"https:\/\/macite.tg\/?p=27693#breadcrumb","itemListElement":[{"@type":"ListItem","position":1,"name":"Accueil","item":"https:\/\/macite.tg\/"},{"@type":"ListItem","position":2,"name":"CLASH : Apr\u00e8s la CAN, le match entre le Maroc et l\u2019Afrique continue"}]},{"@type":"WebSite","@id":"https:\/\/macite.tg\/#website","url":"https:\/\/macite.tg\/","name":"","description":"L&#039;information, la bonne!!!","potentialAction":[{"@type":"SearchAction","target":{"@type":"EntryPoint","urlTemplate":"https:\/\/macite.tg\/?s={search_term_string}"},"query-input":{"@type":"PropertyValueSpecification","valueRequired":true,"valueName":"search_term_string"}}],"inLanguage":"fr-FR"},{"@type":"Person","@id":"https:\/\/macite.tg\/#\/schema\/person\/e9f2de7e5dbbe7770a9402c7ce82f5c2","name":"Jean Pierre BAWELA","image":{"@type":"ImageObject","inLanguage":"fr-FR","@id":"https:\/\/macite.tg\/wp-content\/uploads\/2023\/09\/WhatsApp-Image-2023-09-19-at-14.44.41-122x122.jpeg","url":"https:\/\/macite.tg\/wp-content\/uploads\/2023\/09\/WhatsApp-Image-2023-09-19-at-14.44.41-122x122.jpeg","contentUrl":"https:\/\/macite.tg\/wp-content\/uploads\/2023\/09\/WhatsApp-Image-2023-09-19-at-14.44.41-122x122.jpeg","caption":"Jean Pierre BAWELA"},"url":"https:\/\/macite.tg\/?author=2"}]}},"_links":{"self":[{"href":"https:\/\/macite.tg\/index.php?rest_route=\/wp\/v2\/posts\/27693","targetHints":{"allow":["GET"]}}],"collection":[{"href":"https:\/\/macite.tg\/index.php?rest_route=\/wp\/v2\/posts"}],"about":[{"href":"https:\/\/macite.tg\/index.php?rest_route=\/wp\/v2\/types\/post"}],"author":[{"embeddable":true,"href":"https:\/\/macite.tg\/index.php?rest_route=\/wp\/v2\/users\/2"}],"replies":[{"embeddable":true,"href":"https:\/\/macite.tg\/index.php?rest_route=%2Fwp%2Fv2%2Fcomments&post=27693"}],"version-history":[{"count":0,"href":"https:\/\/macite.tg\/index.php?rest_route=\/wp\/v2\/posts\/27693\/revisions"}],"wp:featuredmedia":[{"embeddable":true,"href":"https:\/\/macite.tg\/index.php?rest_route=\/wp\/v2\/media\/27695"}],"wp:attachment":[{"href":"https:\/\/macite.tg\/index.php?rest_route=%2Fwp%2Fv2%2Fmedia&parent=27693"}],"wp:term":[{"taxonomy":"category","embeddable":true,"href":"https:\/\/macite.tg\/index.php?rest_route=%2Fwp%2Fv2%2Fcategories&post=27693"},{"taxonomy":"post_tag","embeddable":true,"href":"https:\/\/macite.tg\/index.php?rest_route=%2Fwp%2Fv2%2Ftags&post=27693"}],"curies":[{"name":"wp","href":"https:\/\/api.w.org\/{rel}","templated":true}]}}