{"id":27676,"date":"2026-01-20T08:30:22","date_gmt":"2026-01-20T08:30:22","guid":{"rendered":"https:\/\/macite.tg\/?p=27676"},"modified":"2026-01-20T08:32:32","modified_gmt":"2026-01-20T08:32:32","slug":"paix-durable-et-gouvernance-sa-majeste-le-roi-dit-oui-a-linvitation-du-president-trump-pour-devenir-membre-fondateur-du-conseil-de-paix-mae","status":"publish","type":"post","link":"https:\/\/macite.tg\/?p=27676","title":{"rendered":"PAIX DURABLE ET GOUVERNANCE : Sa Majest\u00e9 le Roi dit \u2018\u2019OUI\u2019\u2019 \u00e0 l\u2019invitation du Pr\u00e9sident Trump pour devenir Membre Fondateur du Conseil de Paix (MAE)"},"content":{"rendered":"\n<p class=\"wp-block-paragraph\"><\/p>\n\n\n\n<p class=\"wp-block-paragraph\"><strong><em>Le pr\u00e9sident des \u00c9tats-Unis d\u2019Am\u00e9rique, Son Excellence M. Donald J. Trump, a adress\u00e9 une invitation \u00e0 Sa Majest\u00e9 le Roi Mohammed VI, que Dieu L\u2019assiste, Pr\u00e9sident du Comit\u00e9 Al-Qods, pour joindre, en tant que Membre Fondateur, au Conseil de Paix de l\u2019initiative du Pr\u00e9sident am\u00e9ricain envisage de lancer comme initiative visant \u00e0 \u00ab&nbsp;contribuer aux efforts de paix au Moyen-Orient et adopter une nouvelle approche pour r\u00e9soudre les conflits dans le monde&nbsp;\u00bb. C\u2019est ce qu\u2019indique un communiqu\u00e9 du minist\u00e8re des Affaires \u00e9trang\u00e8res, de la Coop\u00e9ration africaine et des Marocains r\u00e9sidant \u00e0 l\u2019\u00e9tranger.<\/em><\/strong><\/p>\n\n\n\n<p class=\"wp-block-paragraph\">Selon ledit communiqu\u00e9, ce Conseil est r\u00e9serv\u00e9 \u00e0 un groupe restreint de leaders de stature internationale, engag\u00e9s en faveur d\u2019un avenir s\u00fbr et prosp\u00e8re pour les g\u00e9n\u00e9rations futures. Ainsi, cette invitation se veut une reconnaissance du leadership \u00e9clair\u00e9 de Sa Majest\u00e9 le Roi, que Dieu L\u2019assiste, et de Sa Stature en tant qu\u2019acteur de paix incontournable. Elle t\u00e9moigne de la confiance dont jouit le Souverain aupr\u00e8s du Pr\u00e9sident des \u00c9tats-Unis et de la communaut\u00e9 internationale.<\/p>\n\n\n<div class=\"wp-block-image\">\n<figure class=\"aligncenter size-full\"><img loading=\"lazy\" decoding=\"async\" width=\"500\" height=\"742\" src=\"https:\/\/macite.tg\/wp-content\/uploads\/2026\/01\/OTR_Fausse-annonce.jpg\" alt=\"\" class=\"wp-image-27523\" srcset=\"https:\/\/macite.tg\/wp-content\/uploads\/2026\/01\/OTR_Fausse-annonce.jpg 500w, https:\/\/macite.tg\/wp-content\/uploads\/2026\/01\/OTR_Fausse-annonce-202x300.jpg 202w\" sizes=\"auto, (max-width: 500px) 100vw, 500px\" \/><\/figure>\n<\/div>\n\n\n<p class=\"wp-block-paragraph\">En effet, ce Conseil de Paix, qui prendra la forme juridique d\u2019une organisation internationale, avec pour ambition <em>\u00ab&nbsp;la promotion de la stabilit\u00e9, la restauration de la gouvernance et la garantie d\u2019une paix durable dans les zones touch\u00e9es ou menac\u00e9es par les conflits&nbsp;\u00bb,<\/em> aura un mandat fond\u00e9 <em>\u00ab&nbsp;sur la coop\u00e9ration pratique, l\u2019action effective et des partenariats orient\u00e9s vers des r\u00e9sultats tangibles&nbsp;\u00bb.<\/em><\/p>\n\n\n\n<p class=\"wp-block-paragraph\">La participation \u00e0 cette structure majeure de promotion de la paix durable, se fait exclusivement sur invitation du Pr\u00e9sident des \u00c9tats-Unis d\u2019Am\u00e9rique.<\/p>\n\n\n\n<p class=\"wp-block-paragraph\">Tout en saluant l\u2019engagement et la vision du Pr\u00e9sident am\u00e9ricain pour la promotion de la paix, Sa Majest\u00e9 le Roi, que Dieu L\u2019assiste, a bien voulu r\u00e9pondre favorablement \u00e0 cette invitation, ceci dans un contexte o\u00f9 le Royaume du Maroc va ratifier la Charte constitutive de ce Conseil.<\/p>\n\n\n\n<p class=\"wp-block-paragraph\">Rabat salue, par ailleurs, l\u2019annonce du lancement de la deuxi\u00e8me phase du plan de paix global du Pr\u00e9sident Trump, sans oublier la cr\u00e9ation officielle du Comit\u00e9 national pour l\u2019administration de Gaza, comme organisme transitoire temporaire.<\/p>\n\n\n<div class=\"wp-block-image\">\n<figure class=\"aligncenter size-full\"><img loading=\"lazy\" decoding=\"async\" width=\"507\" height=\"720\" src=\"https:\/\/macite.tg\/wp-content\/uploads\/2026\/01\/image-65.png\" alt=\"\" class=\"wp-image-27595\" srcset=\"https:\/\/macite.tg\/wp-content\/uploads\/2026\/01\/image-65.png 507w, https:\/\/macite.tg\/wp-content\/uploads\/2026\/01\/image-65-211x300.png 211w\" sizes=\"auto, (max-width: 507px) 100vw, 507px\" \/><\/figure>\n<\/div>\n\n\n<p class=\"wp-block-paragraph\">Le communiqu\u00e9 conclut que, sous la conduite \u00e9clair\u00e9e de Sa Majest\u00e9 le Roi, le Royaume du Maroc r\u00e9it\u00e8re son engagement constant en faveur d\u2019une paix juste, globale et durable au Moyen-Orient, permettant l\u2019\u00e9tablissement d\u2019un Etat palestinien dans les fronti\u00e8res de 1967 avec J\u00e9rusalem-Est comme capitale, vivant c\u00f4te-\u00e0-c\u00f4te et en paix avec Isra\u00ebl.<\/p>\n\n\n\n<p class=\"wp-block-paragraph\"><strong>M.C.<br><\/strong><a><strong><em>@macite.tg&nbsp;&nbsp;&nbsp;&nbsp;&nbsp;&nbsp;&nbsp;&nbsp;<\/em><\/strong><\/a><\/p>\n\n\n\n<p class=\"wp-block-paragraph\"><strong><em>E-mail&nbsp;: <\/em><\/strong><a href=\"mailto:maciteinfo@gmail.com\"><strong><em>maciteinfo@gmail.com<\/em><\/strong><\/a><strong><em>; <\/em><\/strong><a href=\"mailto:bawela1@gmail.com\"><strong><em>bawela1@gmail.com<\/em><\/strong><\/a><strong><em><\/em><\/strong><\/p>\n\n\n\n<p class=\"wp-block-paragraph\"><strong><em>Pour vos annonces, (publi)reportages, etc., joignez-nous au (00228)91515309\/<strong>79872224 <\/strong><strong><\/strong><\/em><\/strong><\/p>\n\n\n\n<p class=\"wp-block-paragraph\"><strong><em>www.macite.tg, L\u2019information, la bonne&nbsp;!<\/em><\/strong><\/p>\n\n\n\n<p class=\"wp-block-paragraph\"><\/p>\n","protected":false},"excerpt":{"rendered":"<p class=\"text-justify mb-2\" >Le pr\u00e9sident des \u00c9tats-Unis d\u2019Am\u00e9rique, Son Excellence M. Donald J. Trump, a adress\u00e9 une invitation \u00e0 Sa Majest\u00e9 le Roi Mohammed VI, que Dieu L\u2019assiste, Pr\u00e9sident du Comit\u00e9 Al-Qods, pour joindre, en tant que Membre Fondateur, au Conseil de Paix de l\u2019initiative du Pr\u00e9sident am\u00e9ricain [&hellip;]<\/p>\n","protected":false},"author":2,"featured_media":27680,"comment_status":"open","ping_status":"open","sticky":false,"template":"","format":"standard","meta":{"footnotes":""},"categories":[20,68,70],"tags":[],"class_list":["post-27676","post","type-post","status-publish","format-standard","has-post-thumbnail","hentry","category-actualite","category-gouvernance","category-paix-securite"],"yoast_head":"<!-- This site is optimized with the Yoast SEO plugin v28.4 - https:\/\/yoast.com\/product\/yoast-seo-wordpress\/ -->\n<title>PAIX DURABLE ET GOUVERNANCE : Sa Majest\u00e9 le Roi dit \u2018\u2019OUI\u2019\u2019 \u00e0 l\u2019invitation du Pr\u00e9sident Trump pour devenir Membre Fondateur du Conseil de Paix (MAE) -<\/title>\n<meta name=\"robots\" content=\"index, follow, max-snippet:-1, max-image-preview:large, max-video-preview:-1\" \/>\n<link rel=\"canonical\" href=\"https:\/\/macite.tg\/?p=27676\" \/>\n<meta property=\"og:locale\" content=\"fr_FR\" \/>\n<meta property=\"og:type\" content=\"article\" \/>\n<meta property=\"og:title\" content=\"PAIX DURABLE ET GOUVERNANCE : Sa Majest\u00e9 le Roi dit \u2018\u2019OUI\u2019\u2019 \u00e0 l\u2019invitation du Pr\u00e9sident Trump pour devenir Membre Fondateur du Conseil de Paix (MAE) -\" \/>\n<meta property=\"og:description\" content=\"Le pr\u00e9sident des \u00c9tats-Unis d\u2019Am\u00e9rique, Son Excellence M. Donald J. Trump, a adress\u00e9 une invitation \u00e0 Sa Majest\u00e9 le Roi Mohammed VI, que Dieu L\u2019assiste, Pr\u00e9sident du Comit\u00e9 Al-Qods, pour joindre, en tant que Membre Fondateur, au Conseil de Paix de l\u2019initiative du Pr\u00e9sident am\u00e9ricain [&hellip;]\" \/>\n<meta property=\"og:url\" content=\"https:\/\/macite.tg\/?p=27676\" \/>\n<meta property=\"article:published_time\" content=\"2026-01-20T08:30:22+00:00\" \/>\n<meta property=\"article:modified_time\" content=\"2026-01-20T08:32:32+00:00\" \/>\n<meta property=\"og:image\" content=\"https:\/\/macite.tg\/wp-content\/uploads\/2026\/01\/Donald-Trump-et-SM-Roi.jpg\" \/>\n\t<meta property=\"og:image:width\" content=\"474\" \/>\n\t<meta property=\"og:image:height\" content=\"263\" \/>\n\t<meta property=\"og:image:type\" content=\"image\/jpeg\" \/>\n<meta name=\"author\" content=\"Jean Pierre BAWELA\" \/>\n<meta name=\"twitter:card\" content=\"summary_large_image\" \/>\n<meta name=\"twitter:label1\" content=\"\u00c9crit par\" \/>\n\t<meta name=\"twitter:data1\" content=\"Jean Pierre BAWELA\" \/>\n\t<meta name=\"twitter:label2\" content=\"Dur\u00e9e de lecture estim\u00e9e\" \/>\n\t<meta name=\"twitter:data2\" content=\"3 minutes\" \/>\n<script type=\"application\/ld+json\" class=\"yoast-schema-graph\">{\"@context\":\"https:\\\/\\\/schema.org\",\"@graph\":[{\"@type\":\"Article\",\"@id\":\"https:\\\/\\\/macite.tg\\\/?p=27676#article\",\"isPartOf\":{\"@id\":\"https:\\\/\\\/macite.tg\\\/?p=27676\"},\"author\":{\"name\":\"Jean Pierre BAWELA\",\"@id\":\"https:\\\/\\\/macite.tg\\\/#\\\/schema\\\/person\\\/e9f2de7e5dbbe7770a9402c7ce82f5c2\"},\"headline\":\"PAIX DURABLE ET GOUVERNANCE : Sa Majest\u00e9 le Roi dit \u2018\u2019OUI\u2019\u2019 \u00e0 l\u2019invitation du Pr\u00e9sident Trump pour devenir Membre Fondateur du Conseil de Paix (MAE)\",\"datePublished\":\"2026-01-20T08:30:22+00:00\",\"dateModified\":\"2026-01-20T08:32:32+00:00\",\"mainEntityOfPage\":{\"@id\":\"https:\\\/\\\/macite.tg\\\/?p=27676\"},\"wordCount\":504,\"commentCount\":0,\"image\":{\"@id\":\"https:\\\/\\\/macite.tg\\\/?p=27676#primaryimage\"},\"thumbnailUrl\":\"https:\\\/\\\/macite.tg\\\/wp-content\\\/uploads\\\/2026\\\/01\\\/Donald-Trump-et-SM-Roi.jpg\",\"articleSection\":[\"ACTUALITE\",\"GOUVERNANCE\",\"PAIX &amp; SECURITE\"],\"inLanguage\":\"fr-FR\",\"potentialAction\":[{\"@type\":\"CommentAction\",\"name\":\"Comment\",\"target\":[\"https:\\\/\\\/macite.tg\\\/?p=27676#respond\"]}]},{\"@type\":\"WebPage\",\"@id\":\"https:\\\/\\\/macite.tg\\\/?p=27676\",\"url\":\"https:\\\/\\\/macite.tg\\\/?p=27676\",\"name\":\"PAIX DURABLE ET GOUVERNANCE : Sa Majest\u00e9 le Roi dit \u2018\u2019OUI\u2019\u2019 \u00e0 l\u2019invitation du Pr\u00e9sident Trump pour devenir Membre Fondateur du Conseil de Paix (MAE) -\",\"isPartOf\":{\"@id\":\"https:\\\/\\\/macite.tg\\\/#website\"},\"primaryImageOfPage\":{\"@id\":\"https:\\\/\\\/macite.tg\\\/?p=27676#primaryimage\"},\"image\":{\"@id\":\"https:\\\/\\\/macite.tg\\\/?p=27676#primaryimage\"},\"thumbnailUrl\":\"https:\\\/\\\/macite.tg\\\/wp-content\\\/uploads\\\/2026\\\/01\\\/Donald-Trump-et-SM-Roi.jpg\",\"datePublished\":\"2026-01-20T08:30:22+00:00\",\"dateModified\":\"2026-01-20T08:32:32+00:00\",\"author\":{\"@id\":\"https:\\\/\\\/macite.tg\\\/#\\\/schema\\\/person\\\/e9f2de7e5dbbe7770a9402c7ce82f5c2\"},\"breadcrumb\":{\"@id\":\"https:\\\/\\\/macite.tg\\\/?p=27676#breadcrumb\"},\"inLanguage\":\"fr-FR\",\"potentialAction\":[{\"@type\":\"ReadAction\",\"target\":[\"https:\\\/\\\/macite.tg\\\/?p=27676\"]}]},{\"@type\":\"ImageObject\",\"inLanguage\":\"fr-FR\",\"@id\":\"https:\\\/\\\/macite.tg\\\/?p=27676#primaryimage\",\"url\":\"https:\\\/\\\/macite.tg\\\/wp-content\\\/uploads\\\/2026\\\/01\\\/Donald-Trump-et-SM-Roi.jpg\",\"contentUrl\":\"https:\\\/\\\/macite.tg\\\/wp-content\\\/uploads\\\/2026\\\/01\\\/Donald-Trump-et-SM-Roi.jpg\",\"width\":474,\"height\":263},{\"@type\":\"BreadcrumbList\",\"@id\":\"https:\\\/\\\/macite.tg\\\/?p=27676#breadcrumb\",\"itemListElement\":[{\"@type\":\"ListItem\",\"position\":1,\"name\":\"Accueil\",\"item\":\"https:\\\/\\\/macite.tg\\\/\"},{\"@type\":\"ListItem\",\"position\":2,\"name\":\"PAIX DURABLE ET GOUVERNANCE : Sa Majest\u00e9 le Roi dit \u2018\u2019OUI\u2019\u2019 \u00e0 l\u2019invitation du Pr\u00e9sident Trump pour devenir Membre Fondateur du Conseil de Paix (MAE)\"}]},{\"@type\":\"WebSite\",\"@id\":\"https:\\\/\\\/macite.tg\\\/#website\",\"url\":\"https:\\\/\\\/macite.tg\\\/\",\"name\":\"\",\"description\":\"L&#039;information, la bonne!!!\",\"potentialAction\":[{\"@type\":\"SearchAction\",\"target\":{\"@type\":\"EntryPoint\",\"urlTemplate\":\"https:\\\/\\\/macite.tg\\\/?s={search_term_string}\"},\"query-input\":{\"@type\":\"PropertyValueSpecification\",\"valueRequired\":true,\"valueName\":\"search_term_string\"}}],\"inLanguage\":\"fr-FR\"},{\"@type\":\"Person\",\"@id\":\"https:\\\/\\\/macite.tg\\\/#\\\/schema\\\/person\\\/e9f2de7e5dbbe7770a9402c7ce82f5c2\",\"name\":\"Jean Pierre BAWELA\",\"image\":{\"@type\":\"ImageObject\",\"inLanguage\":\"fr-FR\",\"@id\":\"https:\\\/\\\/macite.tg\\\/wp-content\\\/uploads\\\/2023\\\/09\\\/WhatsApp-Image-2023-09-19-at-14.44.41-122x122.jpeg\",\"url\":\"https:\\\/\\\/macite.tg\\\/wp-content\\\/uploads\\\/2023\\\/09\\\/WhatsApp-Image-2023-09-19-at-14.44.41-122x122.jpeg\",\"contentUrl\":\"https:\\\/\\\/macite.tg\\\/wp-content\\\/uploads\\\/2023\\\/09\\\/WhatsApp-Image-2023-09-19-at-14.44.41-122x122.jpeg\",\"caption\":\"Jean Pierre BAWELA\"},\"url\":\"https:\\\/\\\/macite.tg\\\/?author=2\"}]}<\/script>\n<!-- \/ Yoast SEO plugin. -->","yoast_head_json":{"title":"PAIX DURABLE ET GOUVERNANCE : Sa Majest\u00e9 le Roi dit \u2018\u2019OUI\u2019\u2019 \u00e0 l\u2019invitation du Pr\u00e9sident Trump pour devenir Membre Fondateur du Conseil de Paix (MAE) -","robots":{"index":"index","follow":"follow","max-snippet":"max-snippet:-1","max-image-preview":"max-image-preview:large","max-video-preview":"max-video-preview:-1"},"canonical":"https:\/\/macite.tg\/?p=27676","og_locale":"fr_FR","og_type":"article","og_title":"PAIX DURABLE ET GOUVERNANCE : Sa Majest\u00e9 le Roi dit \u2018\u2019OUI\u2019\u2019 \u00e0 l\u2019invitation du Pr\u00e9sident Trump pour devenir Membre Fondateur du Conseil de Paix (MAE) -","og_description":"Le pr\u00e9sident des \u00c9tats-Unis d\u2019Am\u00e9rique, Son Excellence M. Donald J. Trump, a adress\u00e9 une invitation \u00e0 Sa Majest\u00e9 le Roi Mohammed VI, que Dieu L\u2019assiste, Pr\u00e9sident du Comit\u00e9 Al-Qods, pour joindre, en tant que Membre Fondateur, au Conseil de Paix de l\u2019initiative du Pr\u00e9sident am\u00e9ricain [&hellip;]","og_url":"https:\/\/macite.tg\/?p=27676","article_published_time":"2026-01-20T08:30:22+00:00","article_modified_time":"2026-01-20T08:32:32+00:00","og_image":[{"width":474,"height":263,"url":"https:\/\/macite.tg\/wp-content\/uploads\/2026\/01\/Donald-Trump-et-SM-Roi.jpg","type":"image\/jpeg"}],"author":"Jean Pierre BAWELA","twitter_card":"summary_large_image","twitter_misc":{"\u00c9crit par":"Jean Pierre BAWELA","Dur\u00e9e de lecture estim\u00e9e":"3 minutes"},"schema":{"@context":"https:\/\/schema.org","@graph":[{"@type":"Article","@id":"https:\/\/macite.tg\/?p=27676#article","isPartOf":{"@id":"https:\/\/macite.tg\/?p=27676"},"author":{"name":"Jean Pierre BAWELA","@id":"https:\/\/macite.tg\/#\/schema\/person\/e9f2de7e5dbbe7770a9402c7ce82f5c2"},"headline":"PAIX DURABLE ET GOUVERNANCE : Sa Majest\u00e9 le Roi dit \u2018\u2019OUI\u2019\u2019 \u00e0 l\u2019invitation du Pr\u00e9sident Trump pour devenir Membre Fondateur du Conseil de Paix (MAE)","datePublished":"2026-01-20T08:30:22+00:00","dateModified":"2026-01-20T08:32:32+00:00","mainEntityOfPage":{"@id":"https:\/\/macite.tg\/?p=27676"},"wordCount":504,"commentCount":0,"image":{"@id":"https:\/\/macite.tg\/?p=27676#primaryimage"},"thumbnailUrl":"https:\/\/macite.tg\/wp-content\/uploads\/2026\/01\/Donald-Trump-et-SM-Roi.jpg","articleSection":["ACTUALITE","GOUVERNANCE","PAIX &amp; SECURITE"],"inLanguage":"fr-FR","potentialAction":[{"@type":"CommentAction","name":"Comment","target":["https:\/\/macite.tg\/?p=27676#respond"]}]},{"@type":"WebPage","@id":"https:\/\/macite.tg\/?p=27676","url":"https:\/\/macite.tg\/?p=27676","name":"PAIX DURABLE ET GOUVERNANCE : Sa Majest\u00e9 le Roi dit \u2018\u2019OUI\u2019\u2019 \u00e0 l\u2019invitation du Pr\u00e9sident Trump pour devenir Membre Fondateur du Conseil de Paix (MAE) -","isPartOf":{"@id":"https:\/\/macite.tg\/#website"},"primaryImageOfPage":{"@id":"https:\/\/macite.tg\/?p=27676#primaryimage"},"image":{"@id":"https:\/\/macite.tg\/?p=27676#primaryimage"},"thumbnailUrl":"https:\/\/macite.tg\/wp-content\/uploads\/2026\/01\/Donald-Trump-et-SM-Roi.jpg","datePublished":"2026-01-20T08:30:22+00:00","dateModified":"2026-01-20T08:32:32+00:00","author":{"@id":"https:\/\/macite.tg\/#\/schema\/person\/e9f2de7e5dbbe7770a9402c7ce82f5c2"},"breadcrumb":{"@id":"https:\/\/macite.tg\/?p=27676#breadcrumb"},"inLanguage":"fr-FR","potentialAction":[{"@type":"ReadAction","target":["https:\/\/macite.tg\/?p=27676"]}]},{"@type":"ImageObject","inLanguage":"fr-FR","@id":"https:\/\/macite.tg\/?p=27676#primaryimage","url":"https:\/\/macite.tg\/wp-content\/uploads\/2026\/01\/Donald-Trump-et-SM-Roi.jpg","contentUrl":"https:\/\/macite.tg\/wp-content\/uploads\/2026\/01\/Donald-Trump-et-SM-Roi.jpg","width":474,"height":263},{"@type":"BreadcrumbList","@id":"https:\/\/macite.tg\/?p=27676#breadcrumb","itemListElement":[{"@type":"ListItem","position":1,"name":"Accueil","item":"https:\/\/macite.tg\/"},{"@type":"ListItem","position":2,"name":"PAIX DURABLE ET GOUVERNANCE : Sa Majest\u00e9 le Roi dit \u2018\u2019OUI\u2019\u2019 \u00e0 l\u2019invitation du Pr\u00e9sident Trump pour devenir Membre Fondateur du Conseil de Paix (MAE)"}]},{"@type":"WebSite","@id":"https:\/\/macite.tg\/#website","url":"https:\/\/macite.tg\/","name":"","description":"L&#039;information, la bonne!!!","potentialAction":[{"@type":"SearchAction","target":{"@type":"EntryPoint","urlTemplate":"https:\/\/macite.tg\/?s={search_term_string}"},"query-input":{"@type":"PropertyValueSpecification","valueRequired":true,"valueName":"search_term_string"}}],"inLanguage":"fr-FR"},{"@type":"Person","@id":"https:\/\/macite.tg\/#\/schema\/person\/e9f2de7e5dbbe7770a9402c7ce82f5c2","name":"Jean Pierre BAWELA","image":{"@type":"ImageObject","inLanguage":"fr-FR","@id":"https:\/\/macite.tg\/wp-content\/uploads\/2023\/09\/WhatsApp-Image-2023-09-19-at-14.44.41-122x122.jpeg","url":"https:\/\/macite.tg\/wp-content\/uploads\/2023\/09\/WhatsApp-Image-2023-09-19-at-14.44.41-122x122.jpeg","contentUrl":"https:\/\/macite.tg\/wp-content\/uploads\/2023\/09\/WhatsApp-Image-2023-09-19-at-14.44.41-122x122.jpeg","caption":"Jean Pierre BAWELA"},"url":"https:\/\/macite.tg\/?author=2"}]}},"_links":{"self":[{"href":"https:\/\/macite.tg\/index.php?rest_route=\/wp\/v2\/posts\/27676","targetHints":{"allow":["GET"]}}],"collection":[{"href":"https:\/\/macite.tg\/index.php?rest_route=\/wp\/v2\/posts"}],"about":[{"href":"https:\/\/macite.tg\/index.php?rest_route=\/wp\/v2\/types\/post"}],"author":[{"embeddable":true,"href":"https:\/\/macite.tg\/index.php?rest_route=\/wp\/v2\/users\/2"}],"replies":[{"embeddable":true,"href":"https:\/\/macite.tg\/index.php?rest_route=%2Fwp%2Fv2%2Fcomments&post=27676"}],"version-history":[{"count":0,"href":"https:\/\/macite.tg\/index.php?rest_route=\/wp\/v2\/posts\/27676\/revisions"}],"wp:featuredmedia":[{"embeddable":true,"href":"https:\/\/macite.tg\/index.php?rest_route=\/wp\/v2\/media\/27680"}],"wp:attachment":[{"href":"https:\/\/macite.tg\/index.php?rest_route=%2Fwp%2Fv2%2Fmedia&parent=27676"}],"wp:term":[{"taxonomy":"category","embeddable":true,"href":"https:\/\/macite.tg\/index.php?rest_route=%2Fwp%2Fv2%2Fcategories&post=27676"},{"taxonomy":"post_tag","embeddable":true,"href":"https:\/\/macite.tg\/index.php?rest_route=%2Fwp%2Fv2%2Ftags&post=27676"}],"curies":[{"name":"wp","href":"https:\/\/api.w.org\/{rel}","templated":true}]}}