{"id":27673,"date":"2026-01-20T07:30:59","date_gmt":"2026-01-20T07:30:59","guid":{"rendered":"https:\/\/macite.tg\/?p=27673"},"modified":"2026-01-20T07:41:45","modified_gmt":"2026-01-20T07:41:45","slug":"can-maroc-2025-sar-le-prince-moulay-rachid-recoit-les-membres-de-lequipe-des-lions-de-latlas-sur-les-hautes-instructions-de-sm-le-roi","status":"publish","type":"post","link":"https:\/\/macite.tg\/?p=27673","title":{"rendered":"CAN MAROC-2025\u00a0: SAR le Prince Moulay Rachid re\u00e7oit les membres de l\u2019\u00e9quipe des Lions de l\u2019Atlas, sur les Hautes Instructions de SM le Roi (Vid\u00e9o)"},"content":{"rendered":"\n<p class=\"wp-block-paragraph\"><strong><em>Les rideaux se sont referm\u00e9s, le dimanche 18 janvier dernier, sur la 35<sup>\u00e8me<\/sup> \u00e9dition de la Coupe d\u2019Afrique des Nations (CAN) de football, avec le sacre du S\u00e9n\u00e9gal face au pays h\u00f4te de la comp\u00e9tition, le Maroc, au terme un match \u00e9pic. Hier lundi 19 janvier, sur les Hautes Instructions de Sa Majest\u00e9 le Roi Mohammed VI, que Dieu Le glorifie, les membres de l\u2019\u00e9quipe marocaine ont \u00e9t\u00e9 re\u00e7u par SAR le Prince Moulay Rachid.<\/em><\/strong><\/p>\n\n\n\n<p class=\"wp-block-paragraph\">Cette rencontre qui illustre l\u2019int\u00e9r\u00eat particulier que le Souverain accorde \u00e0 ce secteur en g\u00e9n\u00e9ral, et au football en particulier, est la preuve de la Haute Bienveillance dont le Souverain marocain, n\u2019a eu de cesse d\u2019entourer la jeunesse et de soutenir son \u00e9panouissement \u00e0 travers le sport.<\/p>\n\n\n<div class=\"wp-block-image\">\n<figure class=\"aligncenter size-full is-resized\"><img loading=\"lazy\" decoding=\"async\" width=\"690\" height=\"170\" src=\"https:\/\/macite.tg\/wp-content\/uploads\/2026\/01\/OTR_TVM.jpg\" alt=\"\" class=\"wp-image-27483\" style=\"width:840px;height:auto\" srcset=\"https:\/\/macite.tg\/wp-content\/uploads\/2026\/01\/OTR_TVM.jpg 690w, https:\/\/macite.tg\/wp-content\/uploads\/2026\/01\/OTR_TVM-300x74.jpg 300w\" sizes=\"auto, (max-width: 690px) 100vw, 690px\" \/><\/figure>\n<\/div>\n\n\n<p class=\"wp-block-paragraph\">Lors de cette rencontre, le pr\u00e9sident de la F\u00e9d\u00e9ration Royale Marocaine de Football, M. Fouzi Lekjaa, l\u2019entra\u00eeneur de l\u2019Equipe nationale, M. Walid Regragui et les membres de l\u2019Equipe nationale, ont, tour \u00e0 tour, salu\u00e9 Son Altesse Royale le Prince Moulay Rachid, avant d\u2019immortaliser ladite rencontre par une photo de famille.<\/p>\n\n\n\n<p class=\"wp-block-paragraph\">Rappelons que juste \u00e0 la fin de la finale de cette 35<sup>\u00e8me<\/sup> \u00e9dition de la CAN, SM le Roi Mohammed VI, que Dieu L\u2019assiste, a adress\u00e9 un message fort encourageant aux membres de l\u2019Equipe nationale dans lequel le Souverain a soulign\u00e9 qu\u2019\u00e0 travers leur parcours distingu\u00e9 lors de la CAN-Maroc 2025, les Lions de l\u2019Atlas. Ils ont <em>\u00ab&nbsp;d\u00e9montr\u00e9 que la pers\u00e9v\u00e9rance, le s\u00e9rieux et l\u2019esprit d\u2019\u00e9quipe sont la voie pour l\u2019accomplissement des performances&nbsp;\u00bb <\/em>et<em> \u00ab&nbsp;pr\u00e9sent\u00e9 au monde un exemple de ce que la jeunesse marocaine et africaine peut r\u00e9aliser lorsqu\u2019elle a confiance en ses talents et ses capacit\u00e9s&nbsp;\u00bb, <\/em>a indiqu\u00e9 SM le Roi dans Son message.<\/p>\n\n\n<div class=\"wp-block-image\">\n<figure class=\"aligncenter size-full\"><img loading=\"lazy\" decoding=\"async\" width=\"500\" height=\"742\" src=\"https:\/\/macite.tg\/wp-content\/uploads\/2026\/01\/OTR_Fausse-annonce.jpg\" alt=\"\" class=\"wp-image-27523\" srcset=\"https:\/\/macite.tg\/wp-content\/uploads\/2026\/01\/OTR_Fausse-annonce.jpg 500w, https:\/\/macite.tg\/wp-content\/uploads\/2026\/01\/OTR_Fausse-annonce-202x300.jpg 202w\" sizes=\"auto, (max-width: 500px) 100vw, 500px\" \/><\/figure>\n<\/div>\n\n\n<p class=\"wp-block-paragraph\"><em>\u00ab&nbsp;Vous avez \u00e9galement prouv\u00e9, par la d\u00e9termination et la performance h\u00e9ro\u00efque et honorable dont vous avez fait montre, l\u2019importance de notre vision strat\u00e9gique d\u2019investir dans le capital humain et de moderniser les infrastructures du Royaume, qui ont d\u00e9montr\u00e9 leur r\u00e9silience et leur niveau mondial de pr\u00e9paration en pr\u00e9vision de l\u2019accueil de la Coupe du monde 2030&nbsp;\u00bb,<\/em> a-Il- conclu.<\/p>\n\n\n\n<figure class=\"wp-block-embed is-type-rich is-provider-twitter wp-block-embed-twitter\"><div class=\"wp-block-embed__wrapper\">\n<blockquote class=\"twitter-tweet\" data-width=\"500\" data-dnt=\"true\"><p lang=\"fr\" dir=\"ltr\">\ud83d\udea8 Le prince Moulay Rachid a \ud835\udde5\ud835\uddd8\ud835\uddd6\u0327\ud835\udde8 nos joueurs de la s\u00e9lection marocaine. \ud83c\uddf2\ud83c\udde6\ud83c\udf96\ufe0f<br><br>Brahim Diaz a \u00e9t\u00e9 mis \ud835\uddd4\u0300 \ud835\udddf&#39;\ud835\uddd8\ud835\uddeb\ud835\udde7\ud835\udde5\ud835\uddd8\u0301\ud835\udde0\ud835\udddc\ud835\udde7\ud835\uddd8\u0301 de la photo de groupe, \ud835\uddf9&#39;\ud835\uddf6\ud835\uddfb\ud835\uddf4\ud835\uddff\ud835\uddee\ud835\ude01\ud835\uddf6\ud835\ude01\ud835\ude02\ud835\uddf1\ud835\uddf2. \ud83d\ude33<a href=\"https:\/\/t.co\/TDpiu8T58A\">pic.twitter.com\/TDpiu8T58A<\/a><\/p>&mdash; Actu Foot Maroc (@ActuFootMaroc) <a href=\"https:\/\/twitter.com\/ActuFootMaroc\/status\/2013329994429174134?ref_src=twsrc%5Etfw\">January 19, 2026<\/a><\/blockquote><script async src=\"https:\/\/platform.twitter.com\/widgets.js\" charset=\"utf-8\"><\/script>\n<\/div><\/figure>\n\n\n\n<p class=\"wp-block-paragraph\"><strong>M.C.<\/strong><\/p>\n\n\n\n<p class=\"wp-block-paragraph\"><a><strong><em>@macite.tg&nbsp;&nbsp;&nbsp;&nbsp;&nbsp;&nbsp;&nbsp;&nbsp;<\/em><\/strong><\/a><\/p>\n\n\n\n<p class=\"wp-block-paragraph\"><strong><em>E-mail&nbsp;: <\/em><\/strong><a href=\"mailto:maciteinfo@gmail.com\"><strong><em>maciteinfo@gmail.com<\/em><\/strong><\/a><strong><em>; <\/em><\/strong><a href=\"mailto:bawela1@gmail.com\"><strong><em>bawela1@gmail.com<\/em><\/strong><\/a><strong><em><\/em><\/strong><\/p>\n\n\n\n<p class=\"wp-block-paragraph\"><strong><em>Pour vos annonces, (publi)reportages, etc., joignez-nous au (00228)91515309\/<strong>79872224 <\/strong><strong><\/strong><\/em><\/strong><\/p>\n\n\n\n<p class=\"wp-block-paragraph\"><strong><em>www.macite.tg, L\u2019information, la bonne&nbsp;!<\/em><\/strong><\/p>\n\n\n\n<p class=\"wp-block-paragraph\"><\/p>\n","protected":false},"excerpt":{"rendered":"<p class=\"text-justify mb-2\" >Les rideaux se sont referm\u00e9s, le dimanche 18 janvier dernier, sur la 35\u00e8me \u00e9dition de la Coupe d\u2019Afrique des Nations (CAN) de football, avec le sacre du S\u00e9n\u00e9gal face au pays h\u00f4te de la comp\u00e9tition, le Maroc, au terme un match \u00e9pic. Hier lundi 19 [&hellip;]<\/p>\n","protected":false},"author":2,"featured_media":27674,"comment_status":"open","ping_status":"open","sticky":false,"template":"","format":"standard","meta":{"footnotes":""},"categories":[20,63,7],"tags":[],"class_list":["post-27673","post","type-post","status-publish","format-standard","has-post-thumbnail","hentry","category-actualite","category-football","category-sports"],"yoast_head":"<!-- This site is optimized with the Yoast SEO plugin v28.4 - https:\/\/yoast.com\/product\/yoast-seo-wordpress\/ -->\n<title>CAN MAROC-2025\u00a0: SAR le Prince Moulay Rachid re\u00e7oit les membres de l\u2019\u00e9quipe des Lions de l\u2019Atlas, sur les Hautes Instructions de SM le Roi (Vid\u00e9o) -<\/title>\n<meta name=\"robots\" content=\"index, follow, max-snippet:-1, max-image-preview:large, max-video-preview:-1\" \/>\n<link rel=\"canonical\" href=\"https:\/\/macite.tg\/?p=27673\" \/>\n<meta property=\"og:locale\" content=\"fr_FR\" \/>\n<meta property=\"og:type\" content=\"article\" \/>\n<meta property=\"og:title\" content=\"CAN MAROC-2025\u00a0: SAR le Prince Moulay Rachid re\u00e7oit les membres de l\u2019\u00e9quipe des Lions de l\u2019Atlas, sur les Hautes Instructions de SM le Roi (Vid\u00e9o) -\" \/>\n<meta property=\"og:description\" content=\"Les rideaux se sont referm\u00e9s, le dimanche 18 janvier dernier, sur la 35\u00e8me \u00e9dition de la Coupe d\u2019Afrique des Nations (CAN) de football, avec le sacre du S\u00e9n\u00e9gal face au pays h\u00f4te de la comp\u00e9tition, le Maroc, au terme un match \u00e9pic. Hier lundi 19 [&hellip;]\" \/>\n<meta property=\"og:url\" content=\"https:\/\/macite.tg\/?p=27673\" \/>\n<meta property=\"article:published_time\" content=\"2026-01-20T07:30:59+00:00\" \/>\n<meta property=\"article:modified_time\" content=\"2026-01-20T07:41:45+00:00\" \/>\n<meta property=\"og:image\" content=\"https:\/\/macite.tg\/wp-content\/uploads\/2026\/01\/AA.jpg\" \/>\n\t<meta property=\"og:image:width\" content=\"500\" \/>\n\t<meta property=\"og:image:height\" content=\"333\" \/>\n\t<meta property=\"og:image:type\" content=\"image\/jpeg\" \/>\n<meta name=\"author\" content=\"Jean Pierre BAWELA\" \/>\n<meta name=\"twitter:card\" content=\"summary_large_image\" \/>\n<meta name=\"twitter:label1\" content=\"\u00c9crit par\" \/>\n\t<meta name=\"twitter:data1\" content=\"Jean Pierre BAWELA\" \/>\n\t<meta name=\"twitter:label2\" content=\"Dur\u00e9e de lecture estim\u00e9e\" \/>\n\t<meta name=\"twitter:data2\" content=\"3 minutes\" \/>\n<script type=\"application\/ld+json\" class=\"yoast-schema-graph\">{\"@context\":\"https:\\\/\\\/schema.org\",\"@graph\":[{\"@type\":\"Article\",\"@id\":\"https:\\\/\\\/macite.tg\\\/?p=27673#article\",\"isPartOf\":{\"@id\":\"https:\\\/\\\/macite.tg\\\/?p=27673\"},\"author\":{\"name\":\"Jean Pierre BAWELA\",\"@id\":\"https:\\\/\\\/macite.tg\\\/#\\\/schema\\\/person\\\/e9f2de7e5dbbe7770a9402c7ce82f5c2\"},\"headline\":\"CAN MAROC-2025\u00a0: SAR le Prince Moulay Rachid re\u00e7oit les membres de l\u2019\u00e9quipe des Lions de l\u2019Atlas, sur les Hautes Instructions de SM le Roi (Vid\u00e9o)\",\"datePublished\":\"2026-01-20T07:30:59+00:00\",\"dateModified\":\"2026-01-20T07:41:45+00:00\",\"mainEntityOfPage\":{\"@id\":\"https:\\\/\\\/macite.tg\\\/?p=27673\"},\"wordCount\":452,\"commentCount\":0,\"image\":{\"@id\":\"https:\\\/\\\/macite.tg\\\/?p=27673#primaryimage\"},\"thumbnailUrl\":\"https:\\\/\\\/macite.tg\\\/wp-content\\\/uploads\\\/2026\\\/01\\\/AA.jpg\",\"articleSection\":[\"ACTUALITE\",\"FOOTBALL\",\"SPORTS\"],\"inLanguage\":\"fr-FR\",\"potentialAction\":[{\"@type\":\"CommentAction\",\"name\":\"Comment\",\"target\":[\"https:\\\/\\\/macite.tg\\\/?p=27673#respond\"]}]},{\"@type\":\"WebPage\",\"@id\":\"https:\\\/\\\/macite.tg\\\/?p=27673\",\"url\":\"https:\\\/\\\/macite.tg\\\/?p=27673\",\"name\":\"CAN MAROC-2025\u00a0: SAR le Prince Moulay Rachid re\u00e7oit les membres de l\u2019\u00e9quipe des Lions de l\u2019Atlas, sur les Hautes Instructions de SM le Roi (Vid\u00e9o) -\",\"isPartOf\":{\"@id\":\"https:\\\/\\\/macite.tg\\\/#website\"},\"primaryImageOfPage\":{\"@id\":\"https:\\\/\\\/macite.tg\\\/?p=27673#primaryimage\"},\"image\":{\"@id\":\"https:\\\/\\\/macite.tg\\\/?p=27673#primaryimage\"},\"thumbnailUrl\":\"https:\\\/\\\/macite.tg\\\/wp-content\\\/uploads\\\/2026\\\/01\\\/AA.jpg\",\"datePublished\":\"2026-01-20T07:30:59+00:00\",\"dateModified\":\"2026-01-20T07:41:45+00:00\",\"author\":{\"@id\":\"https:\\\/\\\/macite.tg\\\/#\\\/schema\\\/person\\\/e9f2de7e5dbbe7770a9402c7ce82f5c2\"},\"breadcrumb\":{\"@id\":\"https:\\\/\\\/macite.tg\\\/?p=27673#breadcrumb\"},\"inLanguage\":\"fr-FR\",\"potentialAction\":[{\"@type\":\"ReadAction\",\"target\":[\"https:\\\/\\\/macite.tg\\\/?p=27673\"]}]},{\"@type\":\"ImageObject\",\"inLanguage\":\"fr-FR\",\"@id\":\"https:\\\/\\\/macite.tg\\\/?p=27673#primaryimage\",\"url\":\"https:\\\/\\\/macite.tg\\\/wp-content\\\/uploads\\\/2026\\\/01\\\/AA.jpg\",\"contentUrl\":\"https:\\\/\\\/macite.tg\\\/wp-content\\\/uploads\\\/2026\\\/01\\\/AA.jpg\",\"width\":500,\"height\":333},{\"@type\":\"BreadcrumbList\",\"@id\":\"https:\\\/\\\/macite.tg\\\/?p=27673#breadcrumb\",\"itemListElement\":[{\"@type\":\"ListItem\",\"position\":1,\"name\":\"Accueil\",\"item\":\"https:\\\/\\\/macite.tg\\\/\"},{\"@type\":\"ListItem\",\"position\":2,\"name\":\"CAN MAROC-2025\u00a0: SAR le Prince Moulay Rachid re\u00e7oit les membres de l\u2019\u00e9quipe des Lions de l\u2019Atlas, sur les Hautes Instructions de SM le Roi (Vid\u00e9o)\"}]},{\"@type\":\"WebSite\",\"@id\":\"https:\\\/\\\/macite.tg\\\/#website\",\"url\":\"https:\\\/\\\/macite.tg\\\/\",\"name\":\"\",\"description\":\"L&#039;information, la bonne!!!\",\"potentialAction\":[{\"@type\":\"SearchAction\",\"target\":{\"@type\":\"EntryPoint\",\"urlTemplate\":\"https:\\\/\\\/macite.tg\\\/?s={search_term_string}\"},\"query-input\":{\"@type\":\"PropertyValueSpecification\",\"valueRequired\":true,\"valueName\":\"search_term_string\"}}],\"inLanguage\":\"fr-FR\"},{\"@type\":\"Person\",\"@id\":\"https:\\\/\\\/macite.tg\\\/#\\\/schema\\\/person\\\/e9f2de7e5dbbe7770a9402c7ce82f5c2\",\"name\":\"Jean Pierre BAWELA\",\"image\":{\"@type\":\"ImageObject\",\"inLanguage\":\"fr-FR\",\"@id\":\"https:\\\/\\\/macite.tg\\\/wp-content\\\/uploads\\\/2023\\\/09\\\/WhatsApp-Image-2023-09-19-at-14.44.41-122x122.jpeg\",\"url\":\"https:\\\/\\\/macite.tg\\\/wp-content\\\/uploads\\\/2023\\\/09\\\/WhatsApp-Image-2023-09-19-at-14.44.41-122x122.jpeg\",\"contentUrl\":\"https:\\\/\\\/macite.tg\\\/wp-content\\\/uploads\\\/2023\\\/09\\\/WhatsApp-Image-2023-09-19-at-14.44.41-122x122.jpeg\",\"caption\":\"Jean Pierre BAWELA\"},\"url\":\"https:\\\/\\\/macite.tg\\\/?author=2\"}]}<\/script>\n<!-- \/ Yoast SEO plugin. -->","yoast_head_json":{"title":"CAN MAROC-2025\u00a0: SAR le Prince Moulay Rachid re\u00e7oit les membres de l\u2019\u00e9quipe des Lions de l\u2019Atlas, sur les Hautes Instructions de SM le Roi (Vid\u00e9o) -","robots":{"index":"index","follow":"follow","max-snippet":"max-snippet:-1","max-image-preview":"max-image-preview:large","max-video-preview":"max-video-preview:-1"},"canonical":"https:\/\/macite.tg\/?p=27673","og_locale":"fr_FR","og_type":"article","og_title":"CAN MAROC-2025\u00a0: SAR le Prince Moulay Rachid re\u00e7oit les membres de l\u2019\u00e9quipe des Lions de l\u2019Atlas, sur les Hautes Instructions de SM le Roi (Vid\u00e9o) -","og_description":"Les rideaux se sont referm\u00e9s, le dimanche 18 janvier dernier, sur la 35\u00e8me \u00e9dition de la Coupe d\u2019Afrique des Nations (CAN) de football, avec le sacre du S\u00e9n\u00e9gal face au pays h\u00f4te de la comp\u00e9tition, le Maroc, au terme un match \u00e9pic. Hier lundi 19 [&hellip;]","og_url":"https:\/\/macite.tg\/?p=27673","article_published_time":"2026-01-20T07:30:59+00:00","article_modified_time":"2026-01-20T07:41:45+00:00","og_image":[{"width":500,"height":333,"url":"https:\/\/macite.tg\/wp-content\/uploads\/2026\/01\/AA.jpg","type":"image\/jpeg"}],"author":"Jean Pierre BAWELA","twitter_card":"summary_large_image","twitter_misc":{"\u00c9crit par":"Jean Pierre BAWELA","Dur\u00e9e de lecture estim\u00e9e":"3 minutes"},"schema":{"@context":"https:\/\/schema.org","@graph":[{"@type":"Article","@id":"https:\/\/macite.tg\/?p=27673#article","isPartOf":{"@id":"https:\/\/macite.tg\/?p=27673"},"author":{"name":"Jean Pierre BAWELA","@id":"https:\/\/macite.tg\/#\/schema\/person\/e9f2de7e5dbbe7770a9402c7ce82f5c2"},"headline":"CAN MAROC-2025\u00a0: SAR le Prince Moulay Rachid re\u00e7oit les membres de l\u2019\u00e9quipe des Lions de l\u2019Atlas, sur les Hautes Instructions de SM le Roi (Vid\u00e9o)","datePublished":"2026-01-20T07:30:59+00:00","dateModified":"2026-01-20T07:41:45+00:00","mainEntityOfPage":{"@id":"https:\/\/macite.tg\/?p=27673"},"wordCount":452,"commentCount":0,"image":{"@id":"https:\/\/macite.tg\/?p=27673#primaryimage"},"thumbnailUrl":"https:\/\/macite.tg\/wp-content\/uploads\/2026\/01\/AA.jpg","articleSection":["ACTUALITE","FOOTBALL","SPORTS"],"inLanguage":"fr-FR","potentialAction":[{"@type":"CommentAction","name":"Comment","target":["https:\/\/macite.tg\/?p=27673#respond"]}]},{"@type":"WebPage","@id":"https:\/\/macite.tg\/?p=27673","url":"https:\/\/macite.tg\/?p=27673","name":"CAN MAROC-2025\u00a0: SAR le Prince Moulay Rachid re\u00e7oit les membres de l\u2019\u00e9quipe des Lions de l\u2019Atlas, sur les Hautes Instructions de SM le Roi (Vid\u00e9o) -","isPartOf":{"@id":"https:\/\/macite.tg\/#website"},"primaryImageOfPage":{"@id":"https:\/\/macite.tg\/?p=27673#primaryimage"},"image":{"@id":"https:\/\/macite.tg\/?p=27673#primaryimage"},"thumbnailUrl":"https:\/\/macite.tg\/wp-content\/uploads\/2026\/01\/AA.jpg","datePublished":"2026-01-20T07:30:59+00:00","dateModified":"2026-01-20T07:41:45+00:00","author":{"@id":"https:\/\/macite.tg\/#\/schema\/person\/e9f2de7e5dbbe7770a9402c7ce82f5c2"},"breadcrumb":{"@id":"https:\/\/macite.tg\/?p=27673#breadcrumb"},"inLanguage":"fr-FR","potentialAction":[{"@type":"ReadAction","target":["https:\/\/macite.tg\/?p=27673"]}]},{"@type":"ImageObject","inLanguage":"fr-FR","@id":"https:\/\/macite.tg\/?p=27673#primaryimage","url":"https:\/\/macite.tg\/wp-content\/uploads\/2026\/01\/AA.jpg","contentUrl":"https:\/\/macite.tg\/wp-content\/uploads\/2026\/01\/AA.jpg","width":500,"height":333},{"@type":"BreadcrumbList","@id":"https:\/\/macite.tg\/?p=27673#breadcrumb","itemListElement":[{"@type":"ListItem","position":1,"name":"Accueil","item":"https:\/\/macite.tg\/"},{"@type":"ListItem","position":2,"name":"CAN MAROC-2025\u00a0: SAR le Prince Moulay Rachid re\u00e7oit les membres de l\u2019\u00e9quipe des Lions de l\u2019Atlas, sur les Hautes Instructions de SM le Roi (Vid\u00e9o)"}]},{"@type":"WebSite","@id":"https:\/\/macite.tg\/#website","url":"https:\/\/macite.tg\/","name":"","description":"L&#039;information, la bonne!!!","potentialAction":[{"@type":"SearchAction","target":{"@type":"EntryPoint","urlTemplate":"https:\/\/macite.tg\/?s={search_term_string}"},"query-input":{"@type":"PropertyValueSpecification","valueRequired":true,"valueName":"search_term_string"}}],"inLanguage":"fr-FR"},{"@type":"Person","@id":"https:\/\/macite.tg\/#\/schema\/person\/e9f2de7e5dbbe7770a9402c7ce82f5c2","name":"Jean Pierre BAWELA","image":{"@type":"ImageObject","inLanguage":"fr-FR","@id":"https:\/\/macite.tg\/wp-content\/uploads\/2023\/09\/WhatsApp-Image-2023-09-19-at-14.44.41-122x122.jpeg","url":"https:\/\/macite.tg\/wp-content\/uploads\/2023\/09\/WhatsApp-Image-2023-09-19-at-14.44.41-122x122.jpeg","contentUrl":"https:\/\/macite.tg\/wp-content\/uploads\/2023\/09\/WhatsApp-Image-2023-09-19-at-14.44.41-122x122.jpeg","caption":"Jean Pierre BAWELA"},"url":"https:\/\/macite.tg\/?author=2"}]}},"_links":{"self":[{"href":"https:\/\/macite.tg\/index.php?rest_route=\/wp\/v2\/posts\/27673","targetHints":{"allow":["GET"]}}],"collection":[{"href":"https:\/\/macite.tg\/index.php?rest_route=\/wp\/v2\/posts"}],"about":[{"href":"https:\/\/macite.tg\/index.php?rest_route=\/wp\/v2\/types\/post"}],"author":[{"embeddable":true,"href":"https:\/\/macite.tg\/index.php?rest_route=\/wp\/v2\/users\/2"}],"replies":[{"embeddable":true,"href":"https:\/\/macite.tg\/index.php?rest_route=%2Fwp%2Fv2%2Fcomments&post=27673"}],"version-history":[{"count":0,"href":"https:\/\/macite.tg\/index.php?rest_route=\/wp\/v2\/posts\/27673\/revisions"}],"wp:featuredmedia":[{"embeddable":true,"href":"https:\/\/macite.tg\/index.php?rest_route=\/wp\/v2\/media\/27674"}],"wp:attachment":[{"href":"https:\/\/macite.tg\/index.php?rest_route=%2Fwp%2Fv2%2Fmedia&parent=27673"}],"wp:term":[{"taxonomy":"category","embeddable":true,"href":"https:\/\/macite.tg\/index.php?rest_route=%2Fwp%2Fv2%2Fcategories&post=27673"},{"taxonomy":"post_tag","embeddable":true,"href":"https:\/\/macite.tg\/index.php?rest_route=%2Fwp%2Fv2%2Ftags&post=27673"}],"curies":[{"name":"wp","href":"https:\/\/api.w.org\/{rel}","templated":true}]}}