{"id":27669,"date":"2026-01-19T18:34:22","date_gmt":"2026-01-19T18:34:22","guid":{"rendered":"https:\/\/macite.tg\/?p=27669"},"modified":"2026-01-19T18:34:25","modified_gmt":"2026-01-19T18:34:25","slug":"finale-maroc-senegal-la-frmf-saisit-la-caf-et-la-fifa-apres-le-retrait-des-lions-de-la-teranga","status":"publish","type":"post","link":"https:\/\/macite.tg\/?p=27669","title":{"rendered":"FINALE MAROC\u2013SENEGAL : La FRMF saisit la CAF et la FIFA apr\u00e8s le retrait des Lions de la Teranga"},"content":{"rendered":"\n<p class=\"wp-block-paragraph\"><strong><em>La F\u00e9d\u00e9ration royale marocaine de football (FRMF) a annonc\u00e9 qu\u2019elle recourra aux proc\u00e9dures l\u00e9gales en vigueur aupr\u00e8s de la Conf\u00e9d\u00e9ration africaine de football (CAF) ainsi que de la F\u00e9d\u00e9ration internationale de football (FIFA), afin de statuer sur l\u2019incident li\u00e9 au retrait de la s\u00e9lection s\u00e9n\u00e9galaise de la pelouse lors de la finale qui l\u2019a oppos\u00e9e \u00e0 l\u2019\u00e9quipe nationale marocaine.<\/em><\/strong><\/p>\n\n\n\n<p class=\"wp-block-paragraph\">Selon un communiqu\u00e9 de la F\u00e9d\u00e9ration, cette d\u00e9cision intervient \u00e0 la suite des \u00e9v\u00e9nements ayant suivi l\u2019annonce par l\u2019arbitre de la rencontre d\u2019un penalty jug\u00e9 valable et ayant fait l\u2019unanimit\u00e9 parmi les sp\u00e9cialistes. Une situation qui a eu un impact direct sur le d\u00e9roulement normal du match ainsi que sur le rendement des joueurs.<\/p>\n\n\n<div class=\"wp-block-image\">\n<figure class=\"aligncenter size-full is-resized\"><img loading=\"lazy\" decoding=\"async\" width=\"690\" height=\"170\" src=\"https:\/\/macite.tg\/wp-content\/uploads\/2026\/01\/OTR_TVM.jpg\" alt=\"\" class=\"wp-image-27483\" style=\"width:840px;height:auto\" srcset=\"https:\/\/macite.tg\/wp-content\/uploads\/2026\/01\/OTR_TVM.jpg 690w, https:\/\/macite.tg\/wp-content\/uploads\/2026\/01\/OTR_TVM-300x74.jpg 300w\" sizes=\"auto, (max-width: 690px) 100vw, 690px\" \/><\/figure>\n<\/div>\n\n\n<p class=\"wp-block-paragraph\">Par ailleurs, la F\u00e9d\u00e9ration royale marocaine de football a exprim\u00e9 ses sinc\u00e8res remerciements et sa profonde reconnaissance \u00e0 l\u2019ensemble du public marocain, rest\u00e9 fid\u00e8le \u00e0 l\u2019\u00e9quipe nationale \u00e0 travers une pr\u00e9sence massive et des encouragements exemplaires, aussi bien lors des matchs du Maroc que durant les autres rencontres de cette comp\u00e9tition continentale.<\/p>\n\n\n<div class=\"wp-block-image\">\n<figure class=\"aligncenter size-full\"><img loading=\"lazy\" decoding=\"async\" width=\"500\" height=\"742\" src=\"https:\/\/macite.tg\/wp-content\/uploads\/2026\/01\/OTR_Fausse-annonce.jpg\" alt=\"\" class=\"wp-image-27523\" srcset=\"https:\/\/macite.tg\/wp-content\/uploads\/2026\/01\/OTR_Fausse-annonce.jpg 500w, https:\/\/macite.tg\/wp-content\/uploads\/2026\/01\/OTR_Fausse-annonce-202x300.jpg 202w\" sizes=\"auto, (max-width: 500px) 100vw, 500px\" \/><\/figure>\n<\/div>\n\n\n<p class=\"wp-block-paragraph\">La FRMF a conclu son communiqu\u00e9 en remerciant l\u2019ensemble des intervenants et toutes les parties ayant contribu\u00e9 \u00e0 la r\u00e9ussite de cet \u00e9v\u00e9nement footballistique continental, tant sur le plan de l\u2019organisation que de l\u2019encadrement.<\/p>\n\n\n\n<p class=\"wp-block-paragraph\"><strong>MSN<\/strong><\/p>\n\n\n\n<p class=\"wp-block-paragraph\"><a><strong><em>@macite.tg&nbsp;&nbsp;&nbsp;&nbsp;&nbsp;&nbsp;&nbsp;&nbsp;<\/em><\/strong><\/a><\/p>\n\n\n\n<p class=\"wp-block-paragraph\"><strong><em>E-mail&nbsp;: <\/em><\/strong><a href=\"mailto:maciteinfo@gmail.com\"><strong><em>maciteinfo@gmail.com<\/em><\/strong><\/a><strong><em>; <\/em><\/strong><a href=\"mailto:bawela1@gmail.com\"><strong><em>bawela1@gmail.com<\/em><\/strong><\/a><strong><em><\/em><\/strong><\/p>\n\n\n\n<p class=\"wp-block-paragraph\"><strong><em>Pour vos annonces, (publi)reportages, etc., joignez-nous au (00228)91515309\/<strong>79872224 <\/strong><strong><\/strong><\/em><\/strong><\/p>\n\n\n\n<p class=\"wp-block-paragraph\"><strong><em>www.macite.tg, L\u2019information, la bonne&nbsp;!<\/em><\/strong><\/p>\n\n\n\n<p class=\"wp-block-paragraph\"><\/p>\n","protected":false},"excerpt":{"rendered":"<p class=\"text-justify mb-2\" >La F\u00e9d\u00e9ration royale marocaine de football (FRMF) a annonc\u00e9 qu\u2019elle recourra aux proc\u00e9dures l\u00e9gales en vigueur aupr\u00e8s de la Conf\u00e9d\u00e9ration africaine de football (CAF) ainsi que de la F\u00e9d\u00e9ration internationale de football (FIFA), afin de statuer sur l\u2019incident li\u00e9 au retrait de la s\u00e9lection s\u00e9n\u00e9galaise [&hellip;]<\/p>\n","protected":false},"author":2,"featured_media":27670,"comment_status":"open","ping_status":"open","sticky":false,"template":"","format":"standard","meta":{"footnotes":""},"categories":[20,63,7],"tags":[],"class_list":["post-27669","post","type-post","status-publish","format-standard","has-post-thumbnail","hentry","category-actualite","category-football","category-sports"],"yoast_head":"<!-- This site is optimized with the Yoast SEO plugin v28.4 - https:\/\/yoast.com\/product\/yoast-seo-wordpress\/ -->\n<title>FINALE MAROC\u2013SENEGAL : La FRMF saisit la CAF et la FIFA apr\u00e8s le retrait des Lions de la Teranga -<\/title>\n<meta name=\"robots\" content=\"index, follow, max-snippet:-1, max-image-preview:large, max-video-preview:-1\" \/>\n<link rel=\"canonical\" href=\"https:\/\/macite.tg\/?p=27669\" \/>\n<meta property=\"og:locale\" content=\"fr_FR\" \/>\n<meta property=\"og:type\" content=\"article\" \/>\n<meta property=\"og:title\" content=\"FINALE MAROC\u2013SENEGAL : La FRMF saisit la CAF et la FIFA apr\u00e8s le retrait des Lions de la Teranga -\" \/>\n<meta property=\"og:description\" content=\"La F\u00e9d\u00e9ration royale marocaine de football (FRMF) a annonc\u00e9 qu\u2019elle recourra aux proc\u00e9dures l\u00e9gales en vigueur aupr\u00e8s de la Conf\u00e9d\u00e9ration africaine de football (CAF) ainsi que de la F\u00e9d\u00e9ration internationale de football (FIFA), afin de statuer sur l\u2019incident li\u00e9 au retrait de la s\u00e9lection s\u00e9n\u00e9galaise [&hellip;]\" \/>\n<meta property=\"og:url\" content=\"https:\/\/macite.tg\/?p=27669\" \/>\n<meta property=\"article:published_time\" content=\"2026-01-19T18:34:22+00:00\" \/>\n<meta property=\"article:modified_time\" content=\"2026-01-19T18:34:25+00:00\" \/>\n<meta property=\"og:image\" content=\"https:\/\/macite.tg\/wp-content\/uploads\/2026\/01\/image-80.png\" \/>\n\t<meta property=\"og:image:width\" content=\"393\" \/>\n\t<meta property=\"og:image:height\" content=\"234\" \/>\n\t<meta property=\"og:image:type\" content=\"image\/png\" \/>\n<meta name=\"author\" content=\"Jean Pierre BAWELA\" \/>\n<meta name=\"twitter:card\" content=\"summary_large_image\" \/>\n<meta name=\"twitter:label1\" content=\"\u00c9crit par\" \/>\n\t<meta name=\"twitter:data1\" content=\"Jean Pierre BAWELA\" \/>\n\t<meta name=\"twitter:label2\" content=\"Dur\u00e9e de lecture estim\u00e9e\" \/>\n\t<meta name=\"twitter:data2\" content=\"2 minutes\" \/>\n<script type=\"application\/ld+json\" class=\"yoast-schema-graph\">{\"@context\":\"https:\\\/\\\/schema.org\",\"@graph\":[{\"@type\":\"Article\",\"@id\":\"https:\\\/\\\/macite.tg\\\/?p=27669#article\",\"isPartOf\":{\"@id\":\"https:\\\/\\\/macite.tg\\\/?p=27669\"},\"author\":{\"name\":\"Jean Pierre BAWELA\",\"@id\":\"https:\\\/\\\/macite.tg\\\/#\\\/schema\\\/person\\\/e9f2de7e5dbbe7770a9402c7ce82f5c2\"},\"headline\":\"FINALE MAROC\u2013SENEGAL : La FRMF saisit la CAF et la FIFA apr\u00e8s le retrait des Lions de la Teranga\",\"datePublished\":\"2026-01-19T18:34:22+00:00\",\"dateModified\":\"2026-01-19T18:34:25+00:00\",\"mainEntityOfPage\":{\"@id\":\"https:\\\/\\\/macite.tg\\\/?p=27669\"},\"wordCount\":288,\"commentCount\":0,\"image\":{\"@id\":\"https:\\\/\\\/macite.tg\\\/?p=27669#primaryimage\"},\"thumbnailUrl\":\"https:\\\/\\\/macite.tg\\\/wp-content\\\/uploads\\\/2026\\\/01\\\/image-80.png\",\"articleSection\":[\"ACTUALITE\",\"FOOTBALL\",\"SPORTS\"],\"inLanguage\":\"fr-FR\",\"potentialAction\":[{\"@type\":\"CommentAction\",\"name\":\"Comment\",\"target\":[\"https:\\\/\\\/macite.tg\\\/?p=27669#respond\"]}]},{\"@type\":\"WebPage\",\"@id\":\"https:\\\/\\\/macite.tg\\\/?p=27669\",\"url\":\"https:\\\/\\\/macite.tg\\\/?p=27669\",\"name\":\"FINALE MAROC\u2013SENEGAL : La FRMF saisit la CAF et la FIFA apr\u00e8s le retrait des Lions de la Teranga -\",\"isPartOf\":{\"@id\":\"https:\\\/\\\/macite.tg\\\/#website\"},\"primaryImageOfPage\":{\"@id\":\"https:\\\/\\\/macite.tg\\\/?p=27669#primaryimage\"},\"image\":{\"@id\":\"https:\\\/\\\/macite.tg\\\/?p=27669#primaryimage\"},\"thumbnailUrl\":\"https:\\\/\\\/macite.tg\\\/wp-content\\\/uploads\\\/2026\\\/01\\\/image-80.png\",\"datePublished\":\"2026-01-19T18:34:22+00:00\",\"dateModified\":\"2026-01-19T18:34:25+00:00\",\"author\":{\"@id\":\"https:\\\/\\\/macite.tg\\\/#\\\/schema\\\/person\\\/e9f2de7e5dbbe7770a9402c7ce82f5c2\"},\"breadcrumb\":{\"@id\":\"https:\\\/\\\/macite.tg\\\/?p=27669#breadcrumb\"},\"inLanguage\":\"fr-FR\",\"potentialAction\":[{\"@type\":\"ReadAction\",\"target\":[\"https:\\\/\\\/macite.tg\\\/?p=27669\"]}]},{\"@type\":\"ImageObject\",\"inLanguage\":\"fr-FR\",\"@id\":\"https:\\\/\\\/macite.tg\\\/?p=27669#primaryimage\",\"url\":\"https:\\\/\\\/macite.tg\\\/wp-content\\\/uploads\\\/2026\\\/01\\\/image-80.png\",\"contentUrl\":\"https:\\\/\\\/macite.tg\\\/wp-content\\\/uploads\\\/2026\\\/01\\\/image-80.png\",\"width\":393,\"height\":234},{\"@type\":\"BreadcrumbList\",\"@id\":\"https:\\\/\\\/macite.tg\\\/?p=27669#breadcrumb\",\"itemListElement\":[{\"@type\":\"ListItem\",\"position\":1,\"name\":\"Accueil\",\"item\":\"https:\\\/\\\/macite.tg\\\/\"},{\"@type\":\"ListItem\",\"position\":2,\"name\":\"FINALE MAROC\u2013SENEGAL : La FRMF saisit la CAF et la FIFA apr\u00e8s le retrait des Lions de la Teranga\"}]},{\"@type\":\"WebSite\",\"@id\":\"https:\\\/\\\/macite.tg\\\/#website\",\"url\":\"https:\\\/\\\/macite.tg\\\/\",\"name\":\"\",\"description\":\"L&#039;information, la bonne!!!\",\"potentialAction\":[{\"@type\":\"SearchAction\",\"target\":{\"@type\":\"EntryPoint\",\"urlTemplate\":\"https:\\\/\\\/macite.tg\\\/?s={search_term_string}\"},\"query-input\":{\"@type\":\"PropertyValueSpecification\",\"valueRequired\":true,\"valueName\":\"search_term_string\"}}],\"inLanguage\":\"fr-FR\"},{\"@type\":\"Person\",\"@id\":\"https:\\\/\\\/macite.tg\\\/#\\\/schema\\\/person\\\/e9f2de7e5dbbe7770a9402c7ce82f5c2\",\"name\":\"Jean Pierre BAWELA\",\"image\":{\"@type\":\"ImageObject\",\"inLanguage\":\"fr-FR\",\"@id\":\"https:\\\/\\\/macite.tg\\\/wp-content\\\/uploads\\\/2023\\\/09\\\/WhatsApp-Image-2023-09-19-at-14.44.41-122x122.jpeg\",\"url\":\"https:\\\/\\\/macite.tg\\\/wp-content\\\/uploads\\\/2023\\\/09\\\/WhatsApp-Image-2023-09-19-at-14.44.41-122x122.jpeg\",\"contentUrl\":\"https:\\\/\\\/macite.tg\\\/wp-content\\\/uploads\\\/2023\\\/09\\\/WhatsApp-Image-2023-09-19-at-14.44.41-122x122.jpeg\",\"caption\":\"Jean Pierre BAWELA\"},\"url\":\"https:\\\/\\\/macite.tg\\\/?author=2\"}]}<\/script>\n<!-- \/ Yoast SEO plugin. -->","yoast_head_json":{"title":"FINALE MAROC\u2013SENEGAL : La FRMF saisit la CAF et la FIFA apr\u00e8s le retrait des Lions de la Teranga -","robots":{"index":"index","follow":"follow","max-snippet":"max-snippet:-1","max-image-preview":"max-image-preview:large","max-video-preview":"max-video-preview:-1"},"canonical":"https:\/\/macite.tg\/?p=27669","og_locale":"fr_FR","og_type":"article","og_title":"FINALE MAROC\u2013SENEGAL : La FRMF saisit la CAF et la FIFA apr\u00e8s le retrait des Lions de la Teranga -","og_description":"La F\u00e9d\u00e9ration royale marocaine de football (FRMF) a annonc\u00e9 qu\u2019elle recourra aux proc\u00e9dures l\u00e9gales en vigueur aupr\u00e8s de la Conf\u00e9d\u00e9ration africaine de football (CAF) ainsi que de la F\u00e9d\u00e9ration internationale de football (FIFA), afin de statuer sur l\u2019incident li\u00e9 au retrait de la s\u00e9lection s\u00e9n\u00e9galaise [&hellip;]","og_url":"https:\/\/macite.tg\/?p=27669","article_published_time":"2026-01-19T18:34:22+00:00","article_modified_time":"2026-01-19T18:34:25+00:00","og_image":[{"width":393,"height":234,"url":"https:\/\/macite.tg\/wp-content\/uploads\/2026\/01\/image-80.png","type":"image\/png"}],"author":"Jean Pierre BAWELA","twitter_card":"summary_large_image","twitter_misc":{"\u00c9crit par":"Jean Pierre BAWELA","Dur\u00e9e de lecture estim\u00e9e":"2 minutes"},"schema":{"@context":"https:\/\/schema.org","@graph":[{"@type":"Article","@id":"https:\/\/macite.tg\/?p=27669#article","isPartOf":{"@id":"https:\/\/macite.tg\/?p=27669"},"author":{"name":"Jean Pierre BAWELA","@id":"https:\/\/macite.tg\/#\/schema\/person\/e9f2de7e5dbbe7770a9402c7ce82f5c2"},"headline":"FINALE MAROC\u2013SENEGAL : La FRMF saisit la CAF et la FIFA apr\u00e8s le retrait des Lions de la Teranga","datePublished":"2026-01-19T18:34:22+00:00","dateModified":"2026-01-19T18:34:25+00:00","mainEntityOfPage":{"@id":"https:\/\/macite.tg\/?p=27669"},"wordCount":288,"commentCount":0,"image":{"@id":"https:\/\/macite.tg\/?p=27669#primaryimage"},"thumbnailUrl":"https:\/\/macite.tg\/wp-content\/uploads\/2026\/01\/image-80.png","articleSection":["ACTUALITE","FOOTBALL","SPORTS"],"inLanguage":"fr-FR","potentialAction":[{"@type":"CommentAction","name":"Comment","target":["https:\/\/macite.tg\/?p=27669#respond"]}]},{"@type":"WebPage","@id":"https:\/\/macite.tg\/?p=27669","url":"https:\/\/macite.tg\/?p=27669","name":"FINALE MAROC\u2013SENEGAL : La FRMF saisit la CAF et la FIFA apr\u00e8s le retrait des Lions de la Teranga -","isPartOf":{"@id":"https:\/\/macite.tg\/#website"},"primaryImageOfPage":{"@id":"https:\/\/macite.tg\/?p=27669#primaryimage"},"image":{"@id":"https:\/\/macite.tg\/?p=27669#primaryimage"},"thumbnailUrl":"https:\/\/macite.tg\/wp-content\/uploads\/2026\/01\/image-80.png","datePublished":"2026-01-19T18:34:22+00:00","dateModified":"2026-01-19T18:34:25+00:00","author":{"@id":"https:\/\/macite.tg\/#\/schema\/person\/e9f2de7e5dbbe7770a9402c7ce82f5c2"},"breadcrumb":{"@id":"https:\/\/macite.tg\/?p=27669#breadcrumb"},"inLanguage":"fr-FR","potentialAction":[{"@type":"ReadAction","target":["https:\/\/macite.tg\/?p=27669"]}]},{"@type":"ImageObject","inLanguage":"fr-FR","@id":"https:\/\/macite.tg\/?p=27669#primaryimage","url":"https:\/\/macite.tg\/wp-content\/uploads\/2026\/01\/image-80.png","contentUrl":"https:\/\/macite.tg\/wp-content\/uploads\/2026\/01\/image-80.png","width":393,"height":234},{"@type":"BreadcrumbList","@id":"https:\/\/macite.tg\/?p=27669#breadcrumb","itemListElement":[{"@type":"ListItem","position":1,"name":"Accueil","item":"https:\/\/macite.tg\/"},{"@type":"ListItem","position":2,"name":"FINALE MAROC\u2013SENEGAL : La FRMF saisit la CAF et la FIFA apr\u00e8s le retrait des Lions de la Teranga"}]},{"@type":"WebSite","@id":"https:\/\/macite.tg\/#website","url":"https:\/\/macite.tg\/","name":"","description":"L&#039;information, la bonne!!!","potentialAction":[{"@type":"SearchAction","target":{"@type":"EntryPoint","urlTemplate":"https:\/\/macite.tg\/?s={search_term_string}"},"query-input":{"@type":"PropertyValueSpecification","valueRequired":true,"valueName":"search_term_string"}}],"inLanguage":"fr-FR"},{"@type":"Person","@id":"https:\/\/macite.tg\/#\/schema\/person\/e9f2de7e5dbbe7770a9402c7ce82f5c2","name":"Jean Pierre BAWELA","image":{"@type":"ImageObject","inLanguage":"fr-FR","@id":"https:\/\/macite.tg\/wp-content\/uploads\/2023\/09\/WhatsApp-Image-2023-09-19-at-14.44.41-122x122.jpeg","url":"https:\/\/macite.tg\/wp-content\/uploads\/2023\/09\/WhatsApp-Image-2023-09-19-at-14.44.41-122x122.jpeg","contentUrl":"https:\/\/macite.tg\/wp-content\/uploads\/2023\/09\/WhatsApp-Image-2023-09-19-at-14.44.41-122x122.jpeg","caption":"Jean Pierre BAWELA"},"url":"https:\/\/macite.tg\/?author=2"}]}},"_links":{"self":[{"href":"https:\/\/macite.tg\/index.php?rest_route=\/wp\/v2\/posts\/27669","targetHints":{"allow":["GET"]}}],"collection":[{"href":"https:\/\/macite.tg\/index.php?rest_route=\/wp\/v2\/posts"}],"about":[{"href":"https:\/\/macite.tg\/index.php?rest_route=\/wp\/v2\/types\/post"}],"author":[{"embeddable":true,"href":"https:\/\/macite.tg\/index.php?rest_route=\/wp\/v2\/users\/2"}],"replies":[{"embeddable":true,"href":"https:\/\/macite.tg\/index.php?rest_route=%2Fwp%2Fv2%2Fcomments&post=27669"}],"version-history":[{"count":0,"href":"https:\/\/macite.tg\/index.php?rest_route=\/wp\/v2\/posts\/27669\/revisions"}],"wp:featuredmedia":[{"embeddable":true,"href":"https:\/\/macite.tg\/index.php?rest_route=\/wp\/v2\/media\/27670"}],"wp:attachment":[{"href":"https:\/\/macite.tg\/index.php?rest_route=%2Fwp%2Fv2%2Fmedia&parent=27669"}],"wp:term":[{"taxonomy":"category","embeddable":true,"href":"https:\/\/macite.tg\/index.php?rest_route=%2Fwp%2Fv2%2Fcategories&post=27669"},{"taxonomy":"post_tag","embeddable":true,"href":"https:\/\/macite.tg\/index.php?rest_route=%2Fwp%2Fv2%2Ftags&post=27669"}],"curies":[{"name":"wp","href":"https:\/\/api.w.org\/{rel}","templated":true}]}}