{"id":27656,"date":"2026-01-19T14:07:10","date_gmt":"2026-01-19T14:07:10","guid":{"rendered":"https:\/\/macite.tg\/?p=27656"},"modified":"2026-01-19T14:14:24","modified_gmt":"2026-01-19T14:14:24","slug":"can-maroc-2025-le-roi-mohammed-vi-felicite-la-selection-du-maroc","status":"publish","type":"post","link":"https:\/\/macite.tg\/?p=27656","title":{"rendered":"CAN MAROC 2025 : Le roi Mohammed VI f\u00e9licite les Lions de l&rsquo;Atlas"},"content":{"rendered":"\n<p class=\"wp-block-paragraph\"><strong><em>Le roi Mohammed VI a adress\u00e9 un message de f\u00e9licitations aux membres de l\u2019\u00e9quipe nationale de football, finalistes de la Coupe d\u2019Afrique des nations (CAN 2025). Il a salu\u00e9 joueurs, entra\u00eeneurs, staffs technique, m\u00e9dical et administratif, ainsi que responsables de la F\u00e9d\u00e9ration royale marocaine de football (FRMF) pour cet honorable exploit continental.<\/em><\/strong><\/p>\n\n\n\n<p class=\"wp-block-paragraph\"><em>\u00ab A travers ce parcours distingu\u00e9, vous avez d\u00e9montr\u00e9 que la pers\u00e9v\u00e9rance, le s\u00e9rieux et l&rsquo;esprit d&rsquo;\u00e9quipe sont la voie pour l\u2019accomplissement des performances, de m\u00eame que vous avez pr\u00e9sent\u00e9 au monde un exemple de ce que la jeunesse marocaine et africaine peut r\u00e9aliser lorsqu&rsquo;elle a confiance en ses talents et ses capacit\u00e9s \u00bb,<\/em> souligne le souverain.<\/p>\n\n\n<div class=\"wp-block-image\">\n<figure class=\"aligncenter size-full is-resized\"><img loading=\"lazy\" decoding=\"async\" width=\"690\" height=\"170\" src=\"https:\/\/macite.tg\/wp-content\/uploads\/2026\/01\/OTR_TVM.jpg\" alt=\"\" class=\"wp-image-27483\" style=\"width:840px;height:auto\" srcset=\"https:\/\/macite.tg\/wp-content\/uploads\/2026\/01\/OTR_TVM.jpg 690w, https:\/\/macite.tg\/wp-content\/uploads\/2026\/01\/OTR_TVM-300x74.jpg 300w\" sizes=\"auto, (max-width: 690px) 100vw, 690px\" \/><\/figure>\n<\/div>\n\n\n<p class=\"wp-block-paragraph\"><em>\u00ab Vous avez \u00e9galement prouv\u00e9, par la d\u00e9termination et la performance h\u00e9ro\u00efque et honorable dont vous avez fait montre, l&rsquo;importance de notre vision strat\u00e9gique d&rsquo;investir dans le capital humain et de moderniser les infrastructures du Royaume, qui ont d\u00e9montr\u00e9 leur r\u00e9silience et leur niveau mondial de pr\u00e9paration en pr\u00e9vision de l&rsquo;accueil de la Coupe du monde 2030 \u00bb,<\/em> poursuit le roi.<\/p>\n\n\n\n<p class=\"wp-block-paragraph\"><em>\u00abAutant que Nous consid\u00e9rons que l&rsquo;accueil par notre pays de ce prestigieux championnat, avec une qualit\u00e9 d\u2019organisation et une chaleureuse hospitalit\u00e9, qui tire son origine de la noblesse et des valeurs s\u00e9culaires de notre Nation marocaine, constitue un brillant exploit sportif, autant que Nous y voyons \u00e9galement un message d&rsquo;espoir et de confiance du Maroc envers son continent, confirmant que le talent africain est capable d&rsquo;exceller et d&rsquo;innover dans tous les domaines\u00bb,<\/em> affirme le roi dans ce message.<\/p>\n\n\n<div class=\"wp-block-image\">\n<figure class=\"aligncenter size-full\"><img loading=\"lazy\" decoding=\"async\" width=\"507\" height=\"720\" src=\"https:\/\/macite.tg\/wp-content\/uploads\/2026\/01\/image-65.png\" alt=\"\" class=\"wp-image-27595\" srcset=\"https:\/\/macite.tg\/wp-content\/uploads\/2026\/01\/image-65.png 507w, https:\/\/macite.tg\/wp-content\/uploads\/2026\/01\/image-65-211x300.png 211w\" sizes=\"auto, (max-width: 507px) 100vw, 507px\" \/><\/figure>\n<\/div>\n\n\n<p class=\"wp-block-paragraph\">Saluant aussi les supporters marocains passionn\u00e9s qui ont soutenu l\u2019\u00e9quipe nationale tout au long de ce championnat avec enthousiasme et grande confiance en toutes ses composantes, le roi appelle les membres de l\u2019\u00e9quipe \u00e0 poursuivre les efforts pour accomplir davantage de r\u00e9alisations et d\u2019honorer le football marocain.<\/p>\n\n\n\n<p class=\"wp-block-paragraph\"><strong>MSN<\/strong><\/p>\n\n\n\n<p class=\"wp-block-paragraph\"><a><strong><em>@macite.tg&nbsp;&nbsp;&nbsp;&nbsp;&nbsp;&nbsp;&nbsp;&nbsp;<\/em><\/strong><\/a><\/p>\n\n\n\n<p class=\"wp-block-paragraph\"><strong><em>E-mail&nbsp;: <\/em><\/strong><a href=\"mailto:maciteinfo@gmail.com\"><strong><em>maciteinfo@gmail.com<\/em><\/strong><\/a><strong><em>; <\/em><\/strong><a href=\"mailto:bawela1@gmail.com\"><strong><em>bawela1@gmail.com<\/em><\/strong><\/a><strong><em><\/em><\/strong><\/p>\n\n\n\n<p class=\"wp-block-paragraph\"><strong><em>Pour vos annonces, (publi)reportages, etc., joignez-nous au (00228)91515309\/<strong>79872224 <\/strong><strong><\/strong><\/em><\/strong><\/p>\n\n\n\n<p class=\"wp-block-paragraph\"><strong><em>www.macite.tg, L\u2019information, la bonne&nbsp;!<\/em><\/strong><\/p>\n\n\n\n<p class=\"wp-block-paragraph\"><\/p>\n","protected":false},"excerpt":{"rendered":"<p class=\"text-justify mb-2\" >Le roi Mohammed VI a adress\u00e9 un message de f\u00e9licitations aux membres de l\u2019\u00e9quipe nationale de football, finalistes de la Coupe d\u2019Afrique des nations (CAN 2025). Il a salu\u00e9 joueurs, entra\u00eeneurs, staffs technique, m\u00e9dical et administratif, ainsi que responsables de la F\u00e9d\u00e9ration royale marocaine de [&hellip;]<\/p>\n","protected":false},"author":2,"featured_media":27657,"comment_status":"open","ping_status":"open","sticky":false,"template":"","format":"standard","meta":{"footnotes":""},"categories":[20,63,7],"tags":[],"class_list":["post-27656","post","type-post","status-publish","format-standard","has-post-thumbnail","hentry","category-actualite","category-football","category-sports"],"yoast_head":"<!-- This site is optimized with the Yoast SEO plugin v28.4 - https:\/\/yoast.com\/product\/yoast-seo-wordpress\/ -->\n<title>CAN MAROC 2025 : Le roi Mohammed VI f\u00e9licite les Lions de l&#039;Atlas -<\/title>\n<meta name=\"robots\" content=\"index, follow, max-snippet:-1, max-image-preview:large, max-video-preview:-1\" \/>\n<link rel=\"canonical\" href=\"https:\/\/macite.tg\/?p=27656\" \/>\n<meta property=\"og:locale\" content=\"fr_FR\" \/>\n<meta property=\"og:type\" content=\"article\" \/>\n<meta property=\"og:title\" content=\"CAN MAROC 2025 : Le roi Mohammed VI f\u00e9licite les Lions de l&#039;Atlas -\" \/>\n<meta property=\"og:description\" content=\"Le roi Mohammed VI a adress\u00e9 un message de f\u00e9licitations aux membres de l\u2019\u00e9quipe nationale de football, finalistes de la Coupe d\u2019Afrique des nations (CAN 2025). Il a salu\u00e9 joueurs, entra\u00eeneurs, staffs technique, m\u00e9dical et administratif, ainsi que responsables de la F\u00e9d\u00e9ration royale marocaine de [&hellip;]\" \/>\n<meta property=\"og:url\" content=\"https:\/\/macite.tg\/?p=27656\" \/>\n<meta property=\"article:published_time\" content=\"2026-01-19T14:07:10+00:00\" \/>\n<meta property=\"article:modified_time\" content=\"2026-01-19T14:14:24+00:00\" \/>\n<meta property=\"og:image\" content=\"https:\/\/macite.tg\/wp-content\/uploads\/2026\/01\/image-78.png\" \/>\n\t<meta property=\"og:image:width\" content=\"534\" \/>\n\t<meta property=\"og:image:height\" content=\"355\" \/>\n\t<meta property=\"og:image:type\" content=\"image\/png\" \/>\n<meta name=\"author\" content=\"Jean Pierre BAWELA\" \/>\n<meta name=\"twitter:card\" content=\"summary_large_image\" \/>\n<meta name=\"twitter:label1\" content=\"\u00c9crit par\" \/>\n\t<meta name=\"twitter:data1\" content=\"Jean Pierre BAWELA\" \/>\n\t<meta name=\"twitter:label2\" content=\"Dur\u00e9e de lecture estim\u00e9e\" \/>\n\t<meta name=\"twitter:data2\" content=\"3 minutes\" \/>\n<script type=\"application\/ld+json\" class=\"yoast-schema-graph\">{\"@context\":\"https:\\\/\\\/schema.org\",\"@graph\":[{\"@type\":\"Article\",\"@id\":\"https:\\\/\\\/macite.tg\\\/?p=27656#article\",\"isPartOf\":{\"@id\":\"https:\\\/\\\/macite.tg\\\/?p=27656\"},\"author\":{\"name\":\"Jean Pierre BAWELA\",\"@id\":\"https:\\\/\\\/macite.tg\\\/#\\\/schema\\\/person\\\/e9f2de7e5dbbe7770a9402c7ce82f5c2\"},\"headline\":\"CAN MAROC 2025 : Le roi Mohammed VI f\u00e9licite les Lions de l&rsquo;Atlas\",\"datePublished\":\"2026-01-19T14:07:10+00:00\",\"dateModified\":\"2026-01-19T14:14:24+00:00\",\"mainEntityOfPage\":{\"@id\":\"https:\\\/\\\/macite.tg\\\/?p=27656\"},\"wordCount\":378,\"commentCount\":0,\"image\":{\"@id\":\"https:\\\/\\\/macite.tg\\\/?p=27656#primaryimage\"},\"thumbnailUrl\":\"https:\\\/\\\/macite.tg\\\/wp-content\\\/uploads\\\/2026\\\/01\\\/image-78.png\",\"articleSection\":[\"ACTUALITE\",\"FOOTBALL\",\"SPORTS\"],\"inLanguage\":\"fr-FR\",\"potentialAction\":[{\"@type\":\"CommentAction\",\"name\":\"Comment\",\"target\":[\"https:\\\/\\\/macite.tg\\\/?p=27656#respond\"]}]},{\"@type\":\"WebPage\",\"@id\":\"https:\\\/\\\/macite.tg\\\/?p=27656\",\"url\":\"https:\\\/\\\/macite.tg\\\/?p=27656\",\"name\":\"CAN MAROC 2025 : Le roi Mohammed VI f\u00e9licite les Lions de l'Atlas -\",\"isPartOf\":{\"@id\":\"https:\\\/\\\/macite.tg\\\/#website\"},\"primaryImageOfPage\":{\"@id\":\"https:\\\/\\\/macite.tg\\\/?p=27656#primaryimage\"},\"image\":{\"@id\":\"https:\\\/\\\/macite.tg\\\/?p=27656#primaryimage\"},\"thumbnailUrl\":\"https:\\\/\\\/macite.tg\\\/wp-content\\\/uploads\\\/2026\\\/01\\\/image-78.png\",\"datePublished\":\"2026-01-19T14:07:10+00:00\",\"dateModified\":\"2026-01-19T14:14:24+00:00\",\"author\":{\"@id\":\"https:\\\/\\\/macite.tg\\\/#\\\/schema\\\/person\\\/e9f2de7e5dbbe7770a9402c7ce82f5c2\"},\"breadcrumb\":{\"@id\":\"https:\\\/\\\/macite.tg\\\/?p=27656#breadcrumb\"},\"inLanguage\":\"fr-FR\",\"potentialAction\":[{\"@type\":\"ReadAction\",\"target\":[\"https:\\\/\\\/macite.tg\\\/?p=27656\"]}]},{\"@type\":\"ImageObject\",\"inLanguage\":\"fr-FR\",\"@id\":\"https:\\\/\\\/macite.tg\\\/?p=27656#primaryimage\",\"url\":\"https:\\\/\\\/macite.tg\\\/wp-content\\\/uploads\\\/2026\\\/01\\\/image-78.png\",\"contentUrl\":\"https:\\\/\\\/macite.tg\\\/wp-content\\\/uploads\\\/2026\\\/01\\\/image-78.png\",\"width\":534,\"height\":355,\"caption\":\"SM le Roi Mohammed IV\"},{\"@type\":\"BreadcrumbList\",\"@id\":\"https:\\\/\\\/macite.tg\\\/?p=27656#breadcrumb\",\"itemListElement\":[{\"@type\":\"ListItem\",\"position\":1,\"name\":\"Accueil\",\"item\":\"https:\\\/\\\/macite.tg\\\/\"},{\"@type\":\"ListItem\",\"position\":2,\"name\":\"CAN MAROC 2025 : Le roi Mohammed VI f\u00e9licite les Lions de l&rsquo;Atlas\"}]},{\"@type\":\"WebSite\",\"@id\":\"https:\\\/\\\/macite.tg\\\/#website\",\"url\":\"https:\\\/\\\/macite.tg\\\/\",\"name\":\"\",\"description\":\"L&#039;information, la bonne!!!\",\"potentialAction\":[{\"@type\":\"SearchAction\",\"target\":{\"@type\":\"EntryPoint\",\"urlTemplate\":\"https:\\\/\\\/macite.tg\\\/?s={search_term_string}\"},\"query-input\":{\"@type\":\"PropertyValueSpecification\",\"valueRequired\":true,\"valueName\":\"search_term_string\"}}],\"inLanguage\":\"fr-FR\"},{\"@type\":\"Person\",\"@id\":\"https:\\\/\\\/macite.tg\\\/#\\\/schema\\\/person\\\/e9f2de7e5dbbe7770a9402c7ce82f5c2\",\"name\":\"Jean Pierre BAWELA\",\"image\":{\"@type\":\"ImageObject\",\"inLanguage\":\"fr-FR\",\"@id\":\"https:\\\/\\\/macite.tg\\\/wp-content\\\/uploads\\\/2023\\\/09\\\/WhatsApp-Image-2023-09-19-at-14.44.41-122x122.jpeg\",\"url\":\"https:\\\/\\\/macite.tg\\\/wp-content\\\/uploads\\\/2023\\\/09\\\/WhatsApp-Image-2023-09-19-at-14.44.41-122x122.jpeg\",\"contentUrl\":\"https:\\\/\\\/macite.tg\\\/wp-content\\\/uploads\\\/2023\\\/09\\\/WhatsApp-Image-2023-09-19-at-14.44.41-122x122.jpeg\",\"caption\":\"Jean Pierre BAWELA\"},\"url\":\"https:\\\/\\\/macite.tg\\\/?author=2\"}]}<\/script>\n<!-- \/ Yoast SEO plugin. -->","yoast_head_json":{"title":"CAN MAROC 2025 : Le roi Mohammed VI f\u00e9licite les Lions de l'Atlas -","robots":{"index":"index","follow":"follow","max-snippet":"max-snippet:-1","max-image-preview":"max-image-preview:large","max-video-preview":"max-video-preview:-1"},"canonical":"https:\/\/macite.tg\/?p=27656","og_locale":"fr_FR","og_type":"article","og_title":"CAN MAROC 2025 : Le roi Mohammed VI f\u00e9licite les Lions de l'Atlas -","og_description":"Le roi Mohammed VI a adress\u00e9 un message de f\u00e9licitations aux membres de l\u2019\u00e9quipe nationale de football, finalistes de la Coupe d\u2019Afrique des nations (CAN 2025). Il a salu\u00e9 joueurs, entra\u00eeneurs, staffs technique, m\u00e9dical et administratif, ainsi que responsables de la F\u00e9d\u00e9ration royale marocaine de [&hellip;]","og_url":"https:\/\/macite.tg\/?p=27656","article_published_time":"2026-01-19T14:07:10+00:00","article_modified_time":"2026-01-19T14:14:24+00:00","og_image":[{"width":534,"height":355,"url":"https:\/\/macite.tg\/wp-content\/uploads\/2026\/01\/image-78.png","type":"image\/png"}],"author":"Jean Pierre BAWELA","twitter_card":"summary_large_image","twitter_misc":{"\u00c9crit par":"Jean Pierre BAWELA","Dur\u00e9e de lecture estim\u00e9e":"3 minutes"},"schema":{"@context":"https:\/\/schema.org","@graph":[{"@type":"Article","@id":"https:\/\/macite.tg\/?p=27656#article","isPartOf":{"@id":"https:\/\/macite.tg\/?p=27656"},"author":{"name":"Jean Pierre BAWELA","@id":"https:\/\/macite.tg\/#\/schema\/person\/e9f2de7e5dbbe7770a9402c7ce82f5c2"},"headline":"CAN MAROC 2025 : Le roi Mohammed VI f\u00e9licite les Lions de l&rsquo;Atlas","datePublished":"2026-01-19T14:07:10+00:00","dateModified":"2026-01-19T14:14:24+00:00","mainEntityOfPage":{"@id":"https:\/\/macite.tg\/?p=27656"},"wordCount":378,"commentCount":0,"image":{"@id":"https:\/\/macite.tg\/?p=27656#primaryimage"},"thumbnailUrl":"https:\/\/macite.tg\/wp-content\/uploads\/2026\/01\/image-78.png","articleSection":["ACTUALITE","FOOTBALL","SPORTS"],"inLanguage":"fr-FR","potentialAction":[{"@type":"CommentAction","name":"Comment","target":["https:\/\/macite.tg\/?p=27656#respond"]}]},{"@type":"WebPage","@id":"https:\/\/macite.tg\/?p=27656","url":"https:\/\/macite.tg\/?p=27656","name":"CAN MAROC 2025 : Le roi Mohammed VI f\u00e9licite les Lions de l'Atlas -","isPartOf":{"@id":"https:\/\/macite.tg\/#website"},"primaryImageOfPage":{"@id":"https:\/\/macite.tg\/?p=27656#primaryimage"},"image":{"@id":"https:\/\/macite.tg\/?p=27656#primaryimage"},"thumbnailUrl":"https:\/\/macite.tg\/wp-content\/uploads\/2026\/01\/image-78.png","datePublished":"2026-01-19T14:07:10+00:00","dateModified":"2026-01-19T14:14:24+00:00","author":{"@id":"https:\/\/macite.tg\/#\/schema\/person\/e9f2de7e5dbbe7770a9402c7ce82f5c2"},"breadcrumb":{"@id":"https:\/\/macite.tg\/?p=27656#breadcrumb"},"inLanguage":"fr-FR","potentialAction":[{"@type":"ReadAction","target":["https:\/\/macite.tg\/?p=27656"]}]},{"@type":"ImageObject","inLanguage":"fr-FR","@id":"https:\/\/macite.tg\/?p=27656#primaryimage","url":"https:\/\/macite.tg\/wp-content\/uploads\/2026\/01\/image-78.png","contentUrl":"https:\/\/macite.tg\/wp-content\/uploads\/2026\/01\/image-78.png","width":534,"height":355,"caption":"SM le Roi Mohammed IV"},{"@type":"BreadcrumbList","@id":"https:\/\/macite.tg\/?p=27656#breadcrumb","itemListElement":[{"@type":"ListItem","position":1,"name":"Accueil","item":"https:\/\/macite.tg\/"},{"@type":"ListItem","position":2,"name":"CAN MAROC 2025 : Le roi Mohammed VI f\u00e9licite les Lions de l&rsquo;Atlas"}]},{"@type":"WebSite","@id":"https:\/\/macite.tg\/#website","url":"https:\/\/macite.tg\/","name":"","description":"L&#039;information, la bonne!!!","potentialAction":[{"@type":"SearchAction","target":{"@type":"EntryPoint","urlTemplate":"https:\/\/macite.tg\/?s={search_term_string}"},"query-input":{"@type":"PropertyValueSpecification","valueRequired":true,"valueName":"search_term_string"}}],"inLanguage":"fr-FR"},{"@type":"Person","@id":"https:\/\/macite.tg\/#\/schema\/person\/e9f2de7e5dbbe7770a9402c7ce82f5c2","name":"Jean Pierre BAWELA","image":{"@type":"ImageObject","inLanguage":"fr-FR","@id":"https:\/\/macite.tg\/wp-content\/uploads\/2023\/09\/WhatsApp-Image-2023-09-19-at-14.44.41-122x122.jpeg","url":"https:\/\/macite.tg\/wp-content\/uploads\/2023\/09\/WhatsApp-Image-2023-09-19-at-14.44.41-122x122.jpeg","contentUrl":"https:\/\/macite.tg\/wp-content\/uploads\/2023\/09\/WhatsApp-Image-2023-09-19-at-14.44.41-122x122.jpeg","caption":"Jean Pierre BAWELA"},"url":"https:\/\/macite.tg\/?author=2"}]}},"_links":{"self":[{"href":"https:\/\/macite.tg\/index.php?rest_route=\/wp\/v2\/posts\/27656","targetHints":{"allow":["GET"]}}],"collection":[{"href":"https:\/\/macite.tg\/index.php?rest_route=\/wp\/v2\/posts"}],"about":[{"href":"https:\/\/macite.tg\/index.php?rest_route=\/wp\/v2\/types\/post"}],"author":[{"embeddable":true,"href":"https:\/\/macite.tg\/index.php?rest_route=\/wp\/v2\/users\/2"}],"replies":[{"embeddable":true,"href":"https:\/\/macite.tg\/index.php?rest_route=%2Fwp%2Fv2%2Fcomments&post=27656"}],"version-history":[{"count":0,"href":"https:\/\/macite.tg\/index.php?rest_route=\/wp\/v2\/posts\/27656\/revisions"}],"wp:featuredmedia":[{"embeddable":true,"href":"https:\/\/macite.tg\/index.php?rest_route=\/wp\/v2\/media\/27657"}],"wp:attachment":[{"href":"https:\/\/macite.tg\/index.php?rest_route=%2Fwp%2Fv2%2Fmedia&parent=27656"}],"wp:term":[{"taxonomy":"category","embeddable":true,"href":"https:\/\/macite.tg\/index.php?rest_route=%2Fwp%2Fv2%2Fcategories&post=27656"},{"taxonomy":"post_tag","embeddable":true,"href":"https:\/\/macite.tg\/index.php?rest_route=%2Fwp%2Fv2%2Ftags&post=27656"}],"curies":[{"name":"wp","href":"https:\/\/api.w.org\/{rel}","templated":true}]}}