{"id":27642,"date":"2026-01-19T10:04:52","date_gmt":"2026-01-19T10:04:52","guid":{"rendered":"https:\/\/macite.tg\/?p=27642"},"modified":"2026-01-19T10:05:04","modified_gmt":"2026-01-19T10:05:04","slug":"can-maroc-2025-le-senegal-sur-le-toit-de-lafrique","status":"publish","type":"post","link":"https:\/\/macite.tg\/?p=27642","title":{"rendered":"CAN MAROC 2025 : Le S\u00e9n\u00e9gal sur le toit de l&rsquo;Afrique&#8230;"},"content":{"rendered":"\n<p class=\"wp-block-paragraph\"><strong><em>Les Lions de la Teranga sont champions d&rsquo;Afrique. Le S\u00e9n\u00e9gal succ\u00e8de \u00e0 la C\u00f4te d&rsquo;Ivoire hier dimanche en s&rsquo;imposant, 1-0, en prolongation face au Maroc, gr\u00e2ce \u00e0 une frappe canon de Pape Gueye. Le match s&rsquo;est jou\u00e9 au grand stade de Prince Moulay Abdellah de Rabat.<\/em><\/strong><\/p>\n\n\n\n<p class=\"wp-block-paragraph\">Les rideaux sont tomb\u00e9s sur la 35e \u00e9dition de la Coupe d&rsquo;Afrique des Nations. \u00c0 l&rsquo;arriv\u00e9e, c&rsquo;est le S\u00e9n\u00e9gal qui s&rsquo;offre la seconde \u00e9toile de son histoire. Les S\u00e9n\u00e9galais sont pass\u00e9s par toutes les \u00e9motions durant cette rencontre ainsi que leurs supporters. Gonfl\u00e9s \u00e0 bloc, les Lions de la Teranga se sont signal\u00e9s en premier d\u00e9j\u00e0 la 5e minute.<\/p>\n\n\n\n<figure class=\"wp-block-image size-full\"><img loading=\"lazy\" decoding=\"async\" width=\"851\" height=\"315\" src=\"https:\/\/macite.tg\/wp-content\/uploads\/2026\/01\/OTR_Ferer-pour-batir-1.jpg\" alt=\"\" class=\"wp-image-27391\" srcset=\"https:\/\/macite.tg\/wp-content\/uploads\/2026\/01\/OTR_Ferer-pour-batir-1.jpg 851w, https:\/\/macite.tg\/wp-content\/uploads\/2026\/01\/OTR_Ferer-pour-batir-1-300x111.jpg 300w, https:\/\/macite.tg\/wp-content\/uploads\/2026\/01\/OTR_Ferer-pour-batir-1-768x284.jpg 768w\" sizes=\"auto, (max-width: 851px) 100vw, 851px\" \/><\/figure>\n\n\n\n<p class=\"wp-block-paragraph\">\u00c0 la demi-heure, la plus grosse occasion est \u00e0 mettre \u00e0 l&rsquo;actif de Iliman Ndiaye qui bute sur Yacine Bonou qui venait sortir un arr\u00eat d\u00e9cisif. Les Marocains un peu t\u00e9tanis\u00e9s par la pression d&rsquo;une finale, ont perdu de justesse.<\/p>\n\n\n\n<p class=\"wp-block-paragraph\">Du berger \u00e0 la berg\u00e8re, les deux pays se sont rendus coup pour coup. Entr\u00e9 en jeu, un peu plut\u00f4t Isma\u00efla Sarr pensait avoir donn\u00e9 l&rsquo;avantage aux Lions de la Teranga mais il a \u00e9t\u00e9 rattrap\u00e9 par le Var apr\u00e8s une poussette de Seck Abdoulaye sur Hakimi avant le but. Nous sommes \u00e0 la 90+2e.<\/p>\n\n\n\n<p class=\"wp-block-paragraph\">Quatre minutes apr\u00e8s le Maroc obtient un penalty litigieux. La d\u00e9cision de l&rsquo;arbitre central congolais Ndala est violemment contest\u00e9e apr\u00e8s une quinzaine de minutes d&rsquo;\u00e9chauffour\u00e9es, et que les joueurs reviennent sur le terrain pour disputer le reste de la rencontre, Brahim Diaz d\u00e9cide de rater le p\u00e9nalty du sacre. Le joueur du Real Madrid voulait ridiculer Edouard Mendy par une panenka, un geste manqu\u00e9 et envoie les deux nations en prolongation.<\/p>\n\n\n\n<p class=\"wp-block-paragraph\">Avec ce rat\u00e9, les S\u00e9n\u00e9galais n&rsquo;avaient plus rien \u00e0 perdre. La puissance et la force du mental des S\u00e9n\u00e9galais ont pay\u00e9, quatre minutes apr\u00e8s le d\u00e9but de la prolongation. Pape Gueye d&rsquo;une frappe somptueuse marque de but de l&rsquo;ouverture qui sera m\u00eame le but du second sacre s\u00e9n\u00e9galais. Le Maroc a tent\u00e9 le tout pour revenir au score sans y parvenir. Le S\u00e9n\u00e9gal bat le Maroc, pays organisateur 1-0 et \u00e9crit son nom au panth\u00e9on du football africain avec ce sc\u00e9nario inoubliable, et qui restera grav\u00e9 dans l&rsquo;histoire du foot africain.<\/p>\n\n\n<div class=\"wp-block-image\">\n<figure class=\"aligncenter size-full\"><img loading=\"lazy\" decoding=\"async\" width=\"500\" height=\"742\" src=\"https:\/\/macite.tg\/wp-content\/uploads\/2026\/01\/OTR_Fausse-annonce.jpg\" alt=\"\" class=\"wp-image-27523\" srcset=\"https:\/\/macite.tg\/wp-content\/uploads\/2026\/01\/OTR_Fausse-annonce.jpg 500w, https:\/\/macite.tg\/wp-content\/uploads\/2026\/01\/OTR_Fausse-annonce-202x300.jpg 202w\" sizes=\"auto, (max-width: 500px) 100vw, 500px\" \/><\/figure>\n<\/div>\n\n\n<p class=\"wp-block-paragraph\">Depuis 1976 donc, le Maroc qui court derri\u00e8re un nouveau troph\u00e9e devra encore attendre pour jubiler d&rsquo;une seconde \u00e9toile. Sadio Man\u00e9 et les siens l&rsquo;ont fait. Rendez-vous en 2027 pour une organisation conjointe entre la Tanzanie, le Kenya et l&rsquo;Ouganda.<\/p>\n\n\n\n<p class=\"wp-block-paragraph\">Cette 36e \u00e9dition, sera la derni\u00e8re avec la p\u00e9riodicit\u00e9 de deux ans. Apr\u00e8s 2027, l&rsquo;organisation de la CAN passera \u00e0 tous les quatre ans. F\u00e9licitations aux Lions de la Teranga s\u00e9n\u00e9galais et Pape Thiaw pour son travail abattu.<\/p>\n\n\n\n<p class=\"wp-block-paragraph\"><strong>A.D.<\/strong><\/p>\n\n\n\n<p class=\"wp-block-paragraph\"><a><strong><em>@macite.tg&nbsp;&nbsp;&nbsp;&nbsp;&nbsp;&nbsp;&nbsp;&nbsp;<\/em><\/strong><\/a><\/p>\n\n\n\n<p class=\"wp-block-paragraph\"><strong><em>E-mail&nbsp;: <\/em><\/strong><a href=\"mailto:maciteinfo@gmail.com\"><strong><em>maciteinfo@gmail.com<\/em><\/strong><\/a><strong><em>; <\/em><\/strong><a href=\"mailto:bawela1@gmail.com\"><strong><em>bawela1@gmail.com<\/em><\/strong><\/a><strong><em><\/em><\/strong><\/p>\n\n\n\n<p class=\"wp-block-paragraph\"><strong><em>Pour vos annonces, (publi)reportages, etc., joignez-nous au (00228)91515309\/<strong>79872224 <\/strong><strong><\/strong><\/em><\/strong><\/p>\n\n\n\n<p class=\"wp-block-paragraph\"><strong><em>www.macite.tg, L\u2019information, la bonne&nbsp;!<\/em><\/strong><\/p>\n\n\n\n<p class=\"wp-block-paragraph\"><\/p>\n","protected":false},"excerpt":{"rendered":"<p class=\"text-justify mb-2\" >Les Lions de la Teranga sont champions d&rsquo;Afrique. Le S\u00e9n\u00e9gal succ\u00e8de \u00e0 la C\u00f4te d&rsquo;Ivoire hier dimanche en s&rsquo;imposant, 1-0, en prolongation face au Maroc, gr\u00e2ce \u00e0 une frappe canon de Pape Gueye. Le match s&rsquo;est jou\u00e9 au grand stade de Prince Moulay Abdellah de [&hellip;]<\/p>\n","protected":false},"author":2,"featured_media":27643,"comment_status":"open","ping_status":"open","sticky":false,"template":"","format":"standard","meta":{"footnotes":""},"categories":[20,63,7],"tags":[],"class_list":["post-27642","post","type-post","status-publish","format-standard","has-post-thumbnail","hentry","category-actualite","category-football","category-sports"],"yoast_head":"<!-- This site is optimized with the Yoast SEO plugin v28.4 - https:\/\/yoast.com\/product\/yoast-seo-wordpress\/ -->\n<title>CAN MAROC 2025 : Le S\u00e9n\u00e9gal sur le toit de l&#039;Afrique... -<\/title>\n<meta name=\"robots\" content=\"index, follow, max-snippet:-1, max-image-preview:large, max-video-preview:-1\" \/>\n<link rel=\"canonical\" href=\"https:\/\/macite.tg\/?p=27642\" \/>\n<meta property=\"og:locale\" content=\"fr_FR\" \/>\n<meta property=\"og:type\" content=\"article\" \/>\n<meta property=\"og:title\" content=\"CAN MAROC 2025 : Le S\u00e9n\u00e9gal sur le toit de l&#039;Afrique... -\" \/>\n<meta property=\"og:description\" content=\"Les Lions de la Teranga sont champions d&rsquo;Afrique. Le S\u00e9n\u00e9gal succ\u00e8de \u00e0 la C\u00f4te d&rsquo;Ivoire hier dimanche en s&rsquo;imposant, 1-0, en prolongation face au Maroc, gr\u00e2ce \u00e0 une frappe canon de Pape Gueye. Le match s&rsquo;est jou\u00e9 au grand stade de Prince Moulay Abdellah de [&hellip;]\" \/>\n<meta property=\"og:url\" content=\"https:\/\/macite.tg\/?p=27642\" \/>\n<meta property=\"article:published_time\" content=\"2026-01-19T10:04:52+00:00\" \/>\n<meta property=\"article:modified_time\" content=\"2026-01-19T10:05:04+00:00\" \/>\n<meta property=\"og:image\" content=\"https:\/\/macite.tg\/wp-content\/uploads\/2026\/01\/image-75.png\" \/>\n\t<meta property=\"og:image:width\" content=\"534\" \/>\n\t<meta property=\"og:image:height\" content=\"355\" \/>\n\t<meta property=\"og:image:type\" content=\"image\/png\" \/>\n<meta name=\"author\" content=\"Jean Pierre BAWELA\" \/>\n<meta name=\"twitter:card\" content=\"summary_large_image\" \/>\n<meta name=\"twitter:label1\" content=\"\u00c9crit par\" \/>\n\t<meta name=\"twitter:data1\" content=\"Jean Pierre BAWELA\" \/>\n\t<meta name=\"twitter:label2\" content=\"Dur\u00e9e de lecture estim\u00e9e\" \/>\n\t<meta name=\"twitter:data2\" content=\"3 minutes\" \/>\n<script type=\"application\/ld+json\" class=\"yoast-schema-graph\">{\"@context\":\"https:\\\/\\\/schema.org\",\"@graph\":[{\"@type\":\"Article\",\"@id\":\"https:\\\/\\\/macite.tg\\\/?p=27642#article\",\"isPartOf\":{\"@id\":\"https:\\\/\\\/macite.tg\\\/?p=27642\"},\"author\":{\"name\":\"Jean Pierre BAWELA\",\"@id\":\"https:\\\/\\\/macite.tg\\\/#\\\/schema\\\/person\\\/e9f2de7e5dbbe7770a9402c7ce82f5c2\"},\"headline\":\"CAN MAROC 2025 : Le S\u00e9n\u00e9gal sur le toit de l&rsquo;Afrique&#8230;\",\"datePublished\":\"2026-01-19T10:04:52+00:00\",\"dateModified\":\"2026-01-19T10:05:04+00:00\",\"mainEntityOfPage\":{\"@id\":\"https:\\\/\\\/macite.tg\\\/?p=27642\"},\"wordCount\":546,\"commentCount\":0,\"image\":{\"@id\":\"https:\\\/\\\/macite.tg\\\/?p=27642#primaryimage\"},\"thumbnailUrl\":\"https:\\\/\\\/macite.tg\\\/wp-content\\\/uploads\\\/2026\\\/01\\\/image-75.png\",\"articleSection\":[\"ACTUALITE\",\"FOOTBALL\",\"SPORTS\"],\"inLanguage\":\"fr-FR\",\"potentialAction\":[{\"@type\":\"CommentAction\",\"name\":\"Comment\",\"target\":[\"https:\\\/\\\/macite.tg\\\/?p=27642#respond\"]}]},{\"@type\":\"WebPage\",\"@id\":\"https:\\\/\\\/macite.tg\\\/?p=27642\",\"url\":\"https:\\\/\\\/macite.tg\\\/?p=27642\",\"name\":\"CAN MAROC 2025 : Le S\u00e9n\u00e9gal sur le toit de l'Afrique... -\",\"isPartOf\":{\"@id\":\"https:\\\/\\\/macite.tg\\\/#website\"},\"primaryImageOfPage\":{\"@id\":\"https:\\\/\\\/macite.tg\\\/?p=27642#primaryimage\"},\"image\":{\"@id\":\"https:\\\/\\\/macite.tg\\\/?p=27642#primaryimage\"},\"thumbnailUrl\":\"https:\\\/\\\/macite.tg\\\/wp-content\\\/uploads\\\/2026\\\/01\\\/image-75.png\",\"datePublished\":\"2026-01-19T10:04:52+00:00\",\"dateModified\":\"2026-01-19T10:05:04+00:00\",\"author\":{\"@id\":\"https:\\\/\\\/macite.tg\\\/#\\\/schema\\\/person\\\/e9f2de7e5dbbe7770a9402c7ce82f5c2\"},\"breadcrumb\":{\"@id\":\"https:\\\/\\\/macite.tg\\\/?p=27642#breadcrumb\"},\"inLanguage\":\"fr-FR\",\"potentialAction\":[{\"@type\":\"ReadAction\",\"target\":[\"https:\\\/\\\/macite.tg\\\/?p=27642\"]}]},{\"@type\":\"ImageObject\",\"inLanguage\":\"fr-FR\",\"@id\":\"https:\\\/\\\/macite.tg\\\/?p=27642#primaryimage\",\"url\":\"https:\\\/\\\/macite.tg\\\/wp-content\\\/uploads\\\/2026\\\/01\\\/image-75.png\",\"contentUrl\":\"https:\\\/\\\/macite.tg\\\/wp-content\\\/uploads\\\/2026\\\/01\\\/image-75.png\",\"width\":534,\"height\":355},{\"@type\":\"BreadcrumbList\",\"@id\":\"https:\\\/\\\/macite.tg\\\/?p=27642#breadcrumb\",\"itemListElement\":[{\"@type\":\"ListItem\",\"position\":1,\"name\":\"Accueil\",\"item\":\"https:\\\/\\\/macite.tg\\\/\"},{\"@type\":\"ListItem\",\"position\":2,\"name\":\"CAN MAROC 2025 : Le S\u00e9n\u00e9gal sur le toit de l&rsquo;Afrique&#8230;\"}]},{\"@type\":\"WebSite\",\"@id\":\"https:\\\/\\\/macite.tg\\\/#website\",\"url\":\"https:\\\/\\\/macite.tg\\\/\",\"name\":\"\",\"description\":\"L&#039;information, la bonne!!!\",\"potentialAction\":[{\"@type\":\"SearchAction\",\"target\":{\"@type\":\"EntryPoint\",\"urlTemplate\":\"https:\\\/\\\/macite.tg\\\/?s={search_term_string}\"},\"query-input\":{\"@type\":\"PropertyValueSpecification\",\"valueRequired\":true,\"valueName\":\"search_term_string\"}}],\"inLanguage\":\"fr-FR\"},{\"@type\":\"Person\",\"@id\":\"https:\\\/\\\/macite.tg\\\/#\\\/schema\\\/person\\\/e9f2de7e5dbbe7770a9402c7ce82f5c2\",\"name\":\"Jean Pierre BAWELA\",\"image\":{\"@type\":\"ImageObject\",\"inLanguage\":\"fr-FR\",\"@id\":\"https:\\\/\\\/macite.tg\\\/wp-content\\\/uploads\\\/2023\\\/09\\\/WhatsApp-Image-2023-09-19-at-14.44.41-122x122.jpeg\",\"url\":\"https:\\\/\\\/macite.tg\\\/wp-content\\\/uploads\\\/2023\\\/09\\\/WhatsApp-Image-2023-09-19-at-14.44.41-122x122.jpeg\",\"contentUrl\":\"https:\\\/\\\/macite.tg\\\/wp-content\\\/uploads\\\/2023\\\/09\\\/WhatsApp-Image-2023-09-19-at-14.44.41-122x122.jpeg\",\"caption\":\"Jean Pierre BAWELA\"},\"url\":\"https:\\\/\\\/macite.tg\\\/?author=2\"}]}<\/script>\n<!-- \/ Yoast SEO plugin. -->","yoast_head_json":{"title":"CAN MAROC 2025 : Le S\u00e9n\u00e9gal sur le toit de l'Afrique... -","robots":{"index":"index","follow":"follow","max-snippet":"max-snippet:-1","max-image-preview":"max-image-preview:large","max-video-preview":"max-video-preview:-1"},"canonical":"https:\/\/macite.tg\/?p=27642","og_locale":"fr_FR","og_type":"article","og_title":"CAN MAROC 2025 : Le S\u00e9n\u00e9gal sur le toit de l'Afrique... -","og_description":"Les Lions de la Teranga sont champions d&rsquo;Afrique. Le S\u00e9n\u00e9gal succ\u00e8de \u00e0 la C\u00f4te d&rsquo;Ivoire hier dimanche en s&rsquo;imposant, 1-0, en prolongation face au Maroc, gr\u00e2ce \u00e0 une frappe canon de Pape Gueye. Le match s&rsquo;est jou\u00e9 au grand stade de Prince Moulay Abdellah de [&hellip;]","og_url":"https:\/\/macite.tg\/?p=27642","article_published_time":"2026-01-19T10:04:52+00:00","article_modified_time":"2026-01-19T10:05:04+00:00","og_image":[{"width":534,"height":355,"url":"https:\/\/macite.tg\/wp-content\/uploads\/2026\/01\/image-75.png","type":"image\/png"}],"author":"Jean Pierre BAWELA","twitter_card":"summary_large_image","twitter_misc":{"\u00c9crit par":"Jean Pierre BAWELA","Dur\u00e9e de lecture estim\u00e9e":"3 minutes"},"schema":{"@context":"https:\/\/schema.org","@graph":[{"@type":"Article","@id":"https:\/\/macite.tg\/?p=27642#article","isPartOf":{"@id":"https:\/\/macite.tg\/?p=27642"},"author":{"name":"Jean Pierre BAWELA","@id":"https:\/\/macite.tg\/#\/schema\/person\/e9f2de7e5dbbe7770a9402c7ce82f5c2"},"headline":"CAN MAROC 2025 : Le S\u00e9n\u00e9gal sur le toit de l&rsquo;Afrique&#8230;","datePublished":"2026-01-19T10:04:52+00:00","dateModified":"2026-01-19T10:05:04+00:00","mainEntityOfPage":{"@id":"https:\/\/macite.tg\/?p=27642"},"wordCount":546,"commentCount":0,"image":{"@id":"https:\/\/macite.tg\/?p=27642#primaryimage"},"thumbnailUrl":"https:\/\/macite.tg\/wp-content\/uploads\/2026\/01\/image-75.png","articleSection":["ACTUALITE","FOOTBALL","SPORTS"],"inLanguage":"fr-FR","potentialAction":[{"@type":"CommentAction","name":"Comment","target":["https:\/\/macite.tg\/?p=27642#respond"]}]},{"@type":"WebPage","@id":"https:\/\/macite.tg\/?p=27642","url":"https:\/\/macite.tg\/?p=27642","name":"CAN MAROC 2025 : Le S\u00e9n\u00e9gal sur le toit de l'Afrique... -","isPartOf":{"@id":"https:\/\/macite.tg\/#website"},"primaryImageOfPage":{"@id":"https:\/\/macite.tg\/?p=27642#primaryimage"},"image":{"@id":"https:\/\/macite.tg\/?p=27642#primaryimage"},"thumbnailUrl":"https:\/\/macite.tg\/wp-content\/uploads\/2026\/01\/image-75.png","datePublished":"2026-01-19T10:04:52+00:00","dateModified":"2026-01-19T10:05:04+00:00","author":{"@id":"https:\/\/macite.tg\/#\/schema\/person\/e9f2de7e5dbbe7770a9402c7ce82f5c2"},"breadcrumb":{"@id":"https:\/\/macite.tg\/?p=27642#breadcrumb"},"inLanguage":"fr-FR","potentialAction":[{"@type":"ReadAction","target":["https:\/\/macite.tg\/?p=27642"]}]},{"@type":"ImageObject","inLanguage":"fr-FR","@id":"https:\/\/macite.tg\/?p=27642#primaryimage","url":"https:\/\/macite.tg\/wp-content\/uploads\/2026\/01\/image-75.png","contentUrl":"https:\/\/macite.tg\/wp-content\/uploads\/2026\/01\/image-75.png","width":534,"height":355},{"@type":"BreadcrumbList","@id":"https:\/\/macite.tg\/?p=27642#breadcrumb","itemListElement":[{"@type":"ListItem","position":1,"name":"Accueil","item":"https:\/\/macite.tg\/"},{"@type":"ListItem","position":2,"name":"CAN MAROC 2025 : Le S\u00e9n\u00e9gal sur le toit de l&rsquo;Afrique&#8230;"}]},{"@type":"WebSite","@id":"https:\/\/macite.tg\/#website","url":"https:\/\/macite.tg\/","name":"","description":"L&#039;information, la bonne!!!","potentialAction":[{"@type":"SearchAction","target":{"@type":"EntryPoint","urlTemplate":"https:\/\/macite.tg\/?s={search_term_string}"},"query-input":{"@type":"PropertyValueSpecification","valueRequired":true,"valueName":"search_term_string"}}],"inLanguage":"fr-FR"},{"@type":"Person","@id":"https:\/\/macite.tg\/#\/schema\/person\/e9f2de7e5dbbe7770a9402c7ce82f5c2","name":"Jean Pierre BAWELA","image":{"@type":"ImageObject","inLanguage":"fr-FR","@id":"https:\/\/macite.tg\/wp-content\/uploads\/2023\/09\/WhatsApp-Image-2023-09-19-at-14.44.41-122x122.jpeg","url":"https:\/\/macite.tg\/wp-content\/uploads\/2023\/09\/WhatsApp-Image-2023-09-19-at-14.44.41-122x122.jpeg","contentUrl":"https:\/\/macite.tg\/wp-content\/uploads\/2023\/09\/WhatsApp-Image-2023-09-19-at-14.44.41-122x122.jpeg","caption":"Jean Pierre BAWELA"},"url":"https:\/\/macite.tg\/?author=2"}]}},"_links":{"self":[{"href":"https:\/\/macite.tg\/index.php?rest_route=\/wp\/v2\/posts\/27642","targetHints":{"allow":["GET"]}}],"collection":[{"href":"https:\/\/macite.tg\/index.php?rest_route=\/wp\/v2\/posts"}],"about":[{"href":"https:\/\/macite.tg\/index.php?rest_route=\/wp\/v2\/types\/post"}],"author":[{"embeddable":true,"href":"https:\/\/macite.tg\/index.php?rest_route=\/wp\/v2\/users\/2"}],"replies":[{"embeddable":true,"href":"https:\/\/macite.tg\/index.php?rest_route=%2Fwp%2Fv2%2Fcomments&post=27642"}],"version-history":[{"count":0,"href":"https:\/\/macite.tg\/index.php?rest_route=\/wp\/v2\/posts\/27642\/revisions"}],"wp:featuredmedia":[{"embeddable":true,"href":"https:\/\/macite.tg\/index.php?rest_route=\/wp\/v2\/media\/27643"}],"wp:attachment":[{"href":"https:\/\/macite.tg\/index.php?rest_route=%2Fwp%2Fv2%2Fmedia&parent=27642"}],"wp:term":[{"taxonomy":"category","embeddable":true,"href":"https:\/\/macite.tg\/index.php?rest_route=%2Fwp%2Fv2%2Fcategories&post=27642"},{"taxonomy":"post_tag","embeddable":true,"href":"https:\/\/macite.tg\/index.php?rest_route=%2Fwp%2Fv2%2Ftags&post=27642"}],"curies":[{"name":"wp","href":"https:\/\/api.w.org\/{rel}","templated":true}]}}