{"id":27584,"date":"2026-01-14T18:02:49","date_gmt":"2026-01-14T18:02:49","guid":{"rendered":"https:\/\/macite.tg\/?p=27584"},"modified":"2026-01-14T18:02:52","modified_gmt":"2026-01-14T18:02:52","slug":"togo-nouvel-elan-pour-la-gouvernance-territoriale","status":"publish","type":"post","link":"https:\/\/macite.tg\/?p=27584","title":{"rendered":"TOGO\u00a0: Nouvel \u00e9lan pour la gouvernance territoriale"},"content":{"rendered":"\n<p class=\"wp-block-paragraph\"><strong><em>La gouvernance territoriale conna\u00eet un souffle nouveau, port\u00e9 par une volont\u00e9 de cr\u00e9er une corr\u00e9lation entre les interventions et les r\u00e9alit\u00e9s locales. L&rsquo;\u00c9tat impulse une dynamique qui fait des territoires non plus de simples espaces administr\u00e9s, mais de v\u00e9ritables acteurs du d\u00e9veloppement, capables de penser, de porter et de mettre en \u0153uvre des projets au plus pr\u00e8s des besoins des populations.<\/em><\/strong><\/p>\n\n\n\n<p class=\"wp-block-paragraph\">Cette orientation marque une \u00e9tape d\u00e9cisive dans la construction d&rsquo;un \u00c9tat moderne, attentif aux sp\u00e9cificit\u00e9s de chaque r\u00e9gion et soucieux d&rsquo;un d\u00e9veloppement harmonieux du territoire national. Le Togo compte actuellement 5 r\u00e9gions \u00e9conomiques, 39 pr\u00e9fectures, 117 communes du Togo et 393 cantons qui font tout le territoire national.<\/p>\n\n\n\n<p class=\"wp-block-paragraph\">Le nouvel \u00e9lan donn\u00e9 \u00e0 la gouvernance territoriale repose sur un principe : la proximit\u00e9 comme un gage d&rsquo;efficacit\u00e9. En renfor\u00e7ant les comp\u00e9tences et les moyens des collectivit\u00e9s territoriales, l&rsquo;\u00c9tat favorise une gestion plus r\u00e9active et plus adapt\u00e9e des affaires locales.<\/p>\n\n\n<div class=\"wp-block-image\">\n<figure class=\"aligncenter size-full is-resized\"><img loading=\"lazy\" decoding=\"async\" width=\"690\" height=\"170\" src=\"https:\/\/macite.tg\/wp-content\/uploads\/2026\/01\/OTR_TVM.jpg\" alt=\"\" class=\"wp-image-27483\" style=\"width:840px;height:auto\" srcset=\"https:\/\/macite.tg\/wp-content\/uploads\/2026\/01\/OTR_TVM.jpg 690w, https:\/\/macite.tg\/wp-content\/uploads\/2026\/01\/OTR_TVM-300x74.jpg 300w\" sizes=\"auto, (max-width: 690px) 100vw, 690px\" \/><\/figure>\n<\/div>\n\n\n<p class=\"wp-block-paragraph\"><strong>\u00ab Coop\u00e9ration dans le domaine de la gouvernance territoriale \u00bb<\/strong><\/p>\n\n\n\n<p class=\"wp-block-paragraph\">C&rsquo;est le nouveau projet lanc\u00e9 en d\u00e9cembre 2025 pour donner un nouvel \u00e9lan \u00e0 la d\u00e9centralisation. Pr\u00e9vu pour la p\u00e9riode de 2025 \u00e0 2027 (24 mois), il est copilot\u00e9 par l&rsquo;ambassade de France au Togo et le minist\u00e8re de l&rsquo;Administration territoriale, de la Gouvernance locale et des Affaires coutumi\u00e8res.<\/p>\n\n\n\n<p class=\"wp-block-paragraph\">Il compl\u00e8te les grandes avanc\u00e9es obtenues ces derni\u00e8res ann\u00e9es, comme les \u00e9lections municipales organis\u00e9es en juillet 2025, les \u00e9lections r\u00e9gionales tenues en mai 2024, la Politique nationale de d\u00e9centralisation valid\u00e9e en mars 2025, etc.<\/p>\n\n\n\n<p class=\"wp-block-paragraph\">Le projet est financ\u00e9 \u00e0 hauteur de 620 millions de francs CFA et est attendu pour consolider des acquis. Sa gouvernance, selon le d\u00e9partement gouvernemental susmentionn\u00e9, repose sur deux instances : un comit\u00e9 de pilotage strat\u00e9gique et un comit\u00e9 technique op\u00e9rationnel.<\/p>\n\n\n\n<figure class=\"wp-block-image size-full\"><img loading=\"lazy\" decoding=\"async\" width=\"851\" height=\"315\" src=\"https:\/\/macite.tg\/wp-content\/uploads\/2026\/01\/OTR_Ferer-pour-batir-1.jpg\" alt=\"\" class=\"wp-image-27391\" srcset=\"https:\/\/macite.tg\/wp-content\/uploads\/2026\/01\/OTR_Ferer-pour-batir-1.jpg 851w, https:\/\/macite.tg\/wp-content\/uploads\/2026\/01\/OTR_Ferer-pour-batir-1-300x111.jpg 300w, https:\/\/macite.tg\/wp-content\/uploads\/2026\/01\/OTR_Ferer-pour-batir-1-768x284.jpg 768w\" sizes=\"auto, (max-width: 851px) 100vw, 851px\" \/><\/figure>\n\n\n\n<p class=\"wp-block-paragraph\">Les d\u00e9tails donn\u00e9s montrent que le projet accompagnera l&rsquo;Agence nationale de formation des collectivit\u00e9s territoriales (ANFCT), la Faiti\u00e8re des communes du Togo (FCT)\u2026 3 composantes cl\u00e9s ont \u00e9t\u00e9 d\u00e9finis pour structurer l&rsquo;action territoriale : le renforcement des capacit\u00e9s des acteurs de la d\u00e9centralisation ; la promotion de la coop\u00e9ration d\u00e9centralis\u00e9e ; l&rsquo;accompagnement de la r\u00e9gionalisation et du d\u00e9veloppement territorial.<\/p>\n\n\n\n<p class=\"wp-block-paragraph\"><strong>Une d\u00e9centralisation tourn\u00e9e vers les r\u00e9sultats<\/strong><\/p>\n\n\n\n<p class=\"wp-block-paragraph\">Au-del\u00e0 des textes et des principes, la gouvernance territoriale r\u00e9nov\u00e9e se traduit par des actions concr\u00e8tes. Les investissements dans les infrastructures locales, l&rsquo;am\u00e9lioration des services sociaux de base et la promotion de l&rsquo;\u00e9conomie locale t\u00e9moignent d&rsquo;une d\u00e9centralisation orient\u00e9e vers les r\u00e9sultats.<\/p>\n\n\n\n<p class=\"wp-block-paragraph\">Routes communales, march\u00e9s modernes, \u00e9quipements scolaires et sanitaires, projets d&rsquo;assainissement, ce sont autant de r\u00e9alisations qui prennent corps gr\u00e2ce \u00e0 une meilleure planification territoriale et \u00e0 une implication accrue des \u00e9lus locaux.<\/p>\n\n\n<div class=\"wp-block-image\">\n<figure class=\"aligncenter size-full\"><img loading=\"lazy\" decoding=\"async\" width=\"500\" height=\"742\" src=\"https:\/\/macite.tg\/wp-content\/uploads\/2026\/01\/OTR_Fausse-annonce.jpg\" alt=\"\" class=\"wp-image-27523\" srcset=\"https:\/\/macite.tg\/wp-content\/uploads\/2026\/01\/OTR_Fausse-annonce.jpg 500w, https:\/\/macite.tg\/wp-content\/uploads\/2026\/01\/OTR_Fausse-annonce-202x300.jpg 202w\" sizes=\"auto, (max-width: 500px) 100vw, 500px\" \/><\/figure>\n<\/div>\n\n\n<p class=\"wp-block-paragraph\">Le renouveau de la gouvernance territoriale s&rsquo;appuie \u00e9galement sur une participation citoyenne renforc\u00e9e. Les populations sont encourag\u00e9es \u00e0 prendre part aux processus de d\u00e9cision, \u00e0 travers des cadres de concertation et des m\u00e9canismes de dialogue inclusifs.<\/p>\n\n\n\n<p class=\"wp-block-paragraph\">Cette approche favorise l&rsquo;appropriation des projets et renforce la confiance entre les citoyens et leurs institutions locales. En donnant voix aux communaut\u00e9s, l&rsquo;\u00c9tat fait le choix d&rsquo;une gouvernance partag\u00e9e, o\u00f9 l&rsquo;intelligence collective devient une ressource pr\u00e9cieuse pour le d\u00e9veloppement. C&rsquo;est cela la d\u00e9centralisation dans sa pleine mesure.<\/p>\n\n\n\n<p class=\"wp-block-paragraph\"><strong>La R\u00e9daction<\/strong><\/p>\n\n\n\n<p class=\"wp-block-paragraph\"><a><strong><em>@macite.tg&nbsp;&nbsp;&nbsp;&nbsp;&nbsp;&nbsp;&nbsp;&nbsp;<\/em><\/strong><\/a><\/p>\n\n\n\n<p class=\"wp-block-paragraph\"><strong><em>E-mail&nbsp;: <\/em><\/strong><a href=\"mailto:maciteinfo@gmail.com\"><strong><em>maciteinfo@gmail.com<\/em><\/strong><\/a><strong><em>; <\/em><\/strong><a href=\"mailto:bawela1@gmail.com\"><strong><em>bawela1@gmail.com<\/em><\/strong><\/a><strong><em><\/em><\/strong><\/p>\n\n\n\n<p class=\"wp-block-paragraph\"><strong><em>Pour vos annonces, (publi)reportages, etc., joignez-nous au (00228)91515309\/<strong>79872224 <\/strong><strong><\/strong><\/em><\/strong><\/p>\n\n\n\n<p class=\"wp-block-paragraph\"><strong><em>www.macite.tg, L\u2019information, la bonne&nbsp;!<\/em><\/strong><\/p>\n\n\n\n<p class=\"wp-block-paragraph\"><\/p>\n","protected":false},"excerpt":{"rendered":"<p class=\"text-justify mb-2\" >La gouvernance territoriale conna\u00eet un souffle nouveau, port\u00e9 par une volont\u00e9 de cr\u00e9er une corr\u00e9lation entre les interventions et les r\u00e9alit\u00e9s locales. L&rsquo;\u00c9tat impulse une dynamique qui fait des territoires non plus de simples espaces administr\u00e9s, mais de v\u00e9ritables acteurs du d\u00e9veloppement, capables de penser, [&hellip;]<\/p>\n","protected":false},"author":2,"featured_media":27585,"comment_status":"open","ping_status":"open","sticky":false,"template":"","format":"standard","meta":{"footnotes":""},"categories":[20,68],"tags":[],"class_list":["post-27584","post","type-post","status-publish","format-standard","has-post-thumbnail","hentry","category-actualite","category-gouvernance"],"yoast_head":"<!-- This site is optimized with the Yoast SEO plugin v28.4 - https:\/\/yoast.com\/product\/yoast-seo-wordpress\/ -->\n<title>TOGO\u00a0: Nouvel \u00e9lan pour la gouvernance territoriale -<\/title>\n<meta name=\"robots\" content=\"index, follow, max-snippet:-1, max-image-preview:large, max-video-preview:-1\" \/>\n<link rel=\"canonical\" href=\"https:\/\/macite.tg\/?p=27584\" \/>\n<meta property=\"og:locale\" content=\"fr_FR\" \/>\n<meta property=\"og:type\" content=\"article\" \/>\n<meta property=\"og:title\" content=\"TOGO\u00a0: Nouvel \u00e9lan pour la gouvernance territoriale -\" \/>\n<meta property=\"og:description\" content=\"La gouvernance territoriale conna\u00eet un souffle nouveau, port\u00e9 par une volont\u00e9 de cr\u00e9er une corr\u00e9lation entre les interventions et les r\u00e9alit\u00e9s locales. L&rsquo;\u00c9tat impulse une dynamique qui fait des territoires non plus de simples espaces administr\u00e9s, mais de v\u00e9ritables acteurs du d\u00e9veloppement, capables de penser, [&hellip;]\" \/>\n<meta property=\"og:url\" content=\"https:\/\/macite.tg\/?p=27584\" \/>\n<meta property=\"article:published_time\" content=\"2026-01-14T18:02:49+00:00\" \/>\n<meta property=\"article:modified_time\" content=\"2026-01-14T18:02:52+00:00\" \/>\n<meta property=\"og:image\" content=\"https:\/\/macite.tg\/wp-content\/uploads\/2026\/01\/image-64.png\" \/>\n\t<meta property=\"og:image:width\" content=\"313\" \/>\n\t<meta property=\"og:image:height\" content=\"234\" \/>\n\t<meta property=\"og:image:type\" content=\"image\/png\" \/>\n<meta name=\"author\" content=\"Jean Pierre BAWELA\" \/>\n<meta name=\"twitter:card\" content=\"summary_large_image\" \/>\n<meta name=\"twitter:label1\" content=\"\u00c9crit par\" \/>\n\t<meta name=\"twitter:data1\" content=\"Jean Pierre BAWELA\" \/>\n\t<meta name=\"twitter:label2\" content=\"Dur\u00e9e de lecture estim\u00e9e\" \/>\n\t<meta name=\"twitter:data2\" content=\"4 minutes\" \/>\n<script type=\"application\/ld+json\" class=\"yoast-schema-graph\">{\"@context\":\"https:\\\/\\\/schema.org\",\"@graph\":[{\"@type\":\"Article\",\"@id\":\"https:\\\/\\\/macite.tg\\\/?p=27584#article\",\"isPartOf\":{\"@id\":\"https:\\\/\\\/macite.tg\\\/?p=27584\"},\"author\":{\"name\":\"Jean Pierre BAWELA\",\"@id\":\"https:\\\/\\\/macite.tg\\\/#\\\/schema\\\/person\\\/e9f2de7e5dbbe7770a9402c7ce82f5c2\"},\"headline\":\"TOGO\u00a0: Nouvel \u00e9lan pour la gouvernance territoriale\",\"datePublished\":\"2026-01-14T18:02:49+00:00\",\"dateModified\":\"2026-01-14T18:02:52+00:00\",\"mainEntityOfPage\":{\"@id\":\"https:\\\/\\\/macite.tg\\\/?p=27584\"},\"wordCount\":617,\"commentCount\":0,\"image\":{\"@id\":\"https:\\\/\\\/macite.tg\\\/?p=27584#primaryimage\"},\"thumbnailUrl\":\"https:\\\/\\\/macite.tg\\\/wp-content\\\/uploads\\\/2026\\\/01\\\/image-64.png\",\"articleSection\":[\"ACTUALITE\",\"GOUVERNANCE\"],\"inLanguage\":\"fr-FR\",\"potentialAction\":[{\"@type\":\"CommentAction\",\"name\":\"Comment\",\"target\":[\"https:\\\/\\\/macite.tg\\\/?p=27584#respond\"]}]},{\"@type\":\"WebPage\",\"@id\":\"https:\\\/\\\/macite.tg\\\/?p=27584\",\"url\":\"https:\\\/\\\/macite.tg\\\/?p=27584\",\"name\":\"TOGO\u00a0: Nouvel \u00e9lan pour la gouvernance territoriale -\",\"isPartOf\":{\"@id\":\"https:\\\/\\\/macite.tg\\\/#website\"},\"primaryImageOfPage\":{\"@id\":\"https:\\\/\\\/macite.tg\\\/?p=27584#primaryimage\"},\"image\":{\"@id\":\"https:\\\/\\\/macite.tg\\\/?p=27584#primaryimage\"},\"thumbnailUrl\":\"https:\\\/\\\/macite.tg\\\/wp-content\\\/uploads\\\/2026\\\/01\\\/image-64.png\",\"datePublished\":\"2026-01-14T18:02:49+00:00\",\"dateModified\":\"2026-01-14T18:02:52+00:00\",\"author\":{\"@id\":\"https:\\\/\\\/macite.tg\\\/#\\\/schema\\\/person\\\/e9f2de7e5dbbe7770a9402c7ce82f5c2\"},\"breadcrumb\":{\"@id\":\"https:\\\/\\\/macite.tg\\\/?p=27584#breadcrumb\"},\"inLanguage\":\"fr-FR\",\"potentialAction\":[{\"@type\":\"ReadAction\",\"target\":[\"https:\\\/\\\/macite.tg\\\/?p=27584\"]}]},{\"@type\":\"ImageObject\",\"inLanguage\":\"fr-FR\",\"@id\":\"https:\\\/\\\/macite.tg\\\/?p=27584#primaryimage\",\"url\":\"https:\\\/\\\/macite.tg\\\/wp-content\\\/uploads\\\/2026\\\/01\\\/image-64.png\",\"contentUrl\":\"https:\\\/\\\/macite.tg\\\/wp-content\\\/uploads\\\/2026\\\/01\\\/image-64.png\",\"width\":313,\"height\":234},{\"@type\":\"BreadcrumbList\",\"@id\":\"https:\\\/\\\/macite.tg\\\/?p=27584#breadcrumb\",\"itemListElement\":[{\"@type\":\"ListItem\",\"position\":1,\"name\":\"Accueil\",\"item\":\"https:\\\/\\\/macite.tg\\\/\"},{\"@type\":\"ListItem\",\"position\":2,\"name\":\"TOGO\u00a0: Nouvel \u00e9lan pour la gouvernance territoriale\"}]},{\"@type\":\"WebSite\",\"@id\":\"https:\\\/\\\/macite.tg\\\/#website\",\"url\":\"https:\\\/\\\/macite.tg\\\/\",\"name\":\"\",\"description\":\"L&#039;information, la bonne!!!\",\"potentialAction\":[{\"@type\":\"SearchAction\",\"target\":{\"@type\":\"EntryPoint\",\"urlTemplate\":\"https:\\\/\\\/macite.tg\\\/?s={search_term_string}\"},\"query-input\":{\"@type\":\"PropertyValueSpecification\",\"valueRequired\":true,\"valueName\":\"search_term_string\"}}],\"inLanguage\":\"fr-FR\"},{\"@type\":\"Person\",\"@id\":\"https:\\\/\\\/macite.tg\\\/#\\\/schema\\\/person\\\/e9f2de7e5dbbe7770a9402c7ce82f5c2\",\"name\":\"Jean Pierre BAWELA\",\"image\":{\"@type\":\"ImageObject\",\"inLanguage\":\"fr-FR\",\"@id\":\"https:\\\/\\\/macite.tg\\\/wp-content\\\/uploads\\\/2023\\\/09\\\/WhatsApp-Image-2023-09-19-at-14.44.41-122x122.jpeg\",\"url\":\"https:\\\/\\\/macite.tg\\\/wp-content\\\/uploads\\\/2023\\\/09\\\/WhatsApp-Image-2023-09-19-at-14.44.41-122x122.jpeg\",\"contentUrl\":\"https:\\\/\\\/macite.tg\\\/wp-content\\\/uploads\\\/2023\\\/09\\\/WhatsApp-Image-2023-09-19-at-14.44.41-122x122.jpeg\",\"caption\":\"Jean Pierre BAWELA\"},\"url\":\"https:\\\/\\\/macite.tg\\\/?author=2\"}]}<\/script>\n<!-- \/ Yoast SEO plugin. -->","yoast_head_json":{"title":"TOGO\u00a0: Nouvel \u00e9lan pour la gouvernance territoriale -","robots":{"index":"index","follow":"follow","max-snippet":"max-snippet:-1","max-image-preview":"max-image-preview:large","max-video-preview":"max-video-preview:-1"},"canonical":"https:\/\/macite.tg\/?p=27584","og_locale":"fr_FR","og_type":"article","og_title":"TOGO\u00a0: Nouvel \u00e9lan pour la gouvernance territoriale -","og_description":"La gouvernance territoriale conna\u00eet un souffle nouveau, port\u00e9 par une volont\u00e9 de cr\u00e9er une corr\u00e9lation entre les interventions et les r\u00e9alit\u00e9s locales. L&rsquo;\u00c9tat impulse une dynamique qui fait des territoires non plus de simples espaces administr\u00e9s, mais de v\u00e9ritables acteurs du d\u00e9veloppement, capables de penser, [&hellip;]","og_url":"https:\/\/macite.tg\/?p=27584","article_published_time":"2026-01-14T18:02:49+00:00","article_modified_time":"2026-01-14T18:02:52+00:00","og_image":[{"width":313,"height":234,"url":"https:\/\/macite.tg\/wp-content\/uploads\/2026\/01\/image-64.png","type":"image\/png"}],"author":"Jean Pierre BAWELA","twitter_card":"summary_large_image","twitter_misc":{"\u00c9crit par":"Jean Pierre BAWELA","Dur\u00e9e de lecture estim\u00e9e":"4 minutes"},"schema":{"@context":"https:\/\/schema.org","@graph":[{"@type":"Article","@id":"https:\/\/macite.tg\/?p=27584#article","isPartOf":{"@id":"https:\/\/macite.tg\/?p=27584"},"author":{"name":"Jean Pierre BAWELA","@id":"https:\/\/macite.tg\/#\/schema\/person\/e9f2de7e5dbbe7770a9402c7ce82f5c2"},"headline":"TOGO\u00a0: Nouvel \u00e9lan pour la gouvernance territoriale","datePublished":"2026-01-14T18:02:49+00:00","dateModified":"2026-01-14T18:02:52+00:00","mainEntityOfPage":{"@id":"https:\/\/macite.tg\/?p=27584"},"wordCount":617,"commentCount":0,"image":{"@id":"https:\/\/macite.tg\/?p=27584#primaryimage"},"thumbnailUrl":"https:\/\/macite.tg\/wp-content\/uploads\/2026\/01\/image-64.png","articleSection":["ACTUALITE","GOUVERNANCE"],"inLanguage":"fr-FR","potentialAction":[{"@type":"CommentAction","name":"Comment","target":["https:\/\/macite.tg\/?p=27584#respond"]}]},{"@type":"WebPage","@id":"https:\/\/macite.tg\/?p=27584","url":"https:\/\/macite.tg\/?p=27584","name":"TOGO\u00a0: Nouvel \u00e9lan pour la gouvernance territoriale -","isPartOf":{"@id":"https:\/\/macite.tg\/#website"},"primaryImageOfPage":{"@id":"https:\/\/macite.tg\/?p=27584#primaryimage"},"image":{"@id":"https:\/\/macite.tg\/?p=27584#primaryimage"},"thumbnailUrl":"https:\/\/macite.tg\/wp-content\/uploads\/2026\/01\/image-64.png","datePublished":"2026-01-14T18:02:49+00:00","dateModified":"2026-01-14T18:02:52+00:00","author":{"@id":"https:\/\/macite.tg\/#\/schema\/person\/e9f2de7e5dbbe7770a9402c7ce82f5c2"},"breadcrumb":{"@id":"https:\/\/macite.tg\/?p=27584#breadcrumb"},"inLanguage":"fr-FR","potentialAction":[{"@type":"ReadAction","target":["https:\/\/macite.tg\/?p=27584"]}]},{"@type":"ImageObject","inLanguage":"fr-FR","@id":"https:\/\/macite.tg\/?p=27584#primaryimage","url":"https:\/\/macite.tg\/wp-content\/uploads\/2026\/01\/image-64.png","contentUrl":"https:\/\/macite.tg\/wp-content\/uploads\/2026\/01\/image-64.png","width":313,"height":234},{"@type":"BreadcrumbList","@id":"https:\/\/macite.tg\/?p=27584#breadcrumb","itemListElement":[{"@type":"ListItem","position":1,"name":"Accueil","item":"https:\/\/macite.tg\/"},{"@type":"ListItem","position":2,"name":"TOGO\u00a0: Nouvel \u00e9lan pour la gouvernance territoriale"}]},{"@type":"WebSite","@id":"https:\/\/macite.tg\/#website","url":"https:\/\/macite.tg\/","name":"","description":"L&#039;information, la bonne!!!","potentialAction":[{"@type":"SearchAction","target":{"@type":"EntryPoint","urlTemplate":"https:\/\/macite.tg\/?s={search_term_string}"},"query-input":{"@type":"PropertyValueSpecification","valueRequired":true,"valueName":"search_term_string"}}],"inLanguage":"fr-FR"},{"@type":"Person","@id":"https:\/\/macite.tg\/#\/schema\/person\/e9f2de7e5dbbe7770a9402c7ce82f5c2","name":"Jean Pierre BAWELA","image":{"@type":"ImageObject","inLanguage":"fr-FR","@id":"https:\/\/macite.tg\/wp-content\/uploads\/2023\/09\/WhatsApp-Image-2023-09-19-at-14.44.41-122x122.jpeg","url":"https:\/\/macite.tg\/wp-content\/uploads\/2023\/09\/WhatsApp-Image-2023-09-19-at-14.44.41-122x122.jpeg","contentUrl":"https:\/\/macite.tg\/wp-content\/uploads\/2023\/09\/WhatsApp-Image-2023-09-19-at-14.44.41-122x122.jpeg","caption":"Jean Pierre BAWELA"},"url":"https:\/\/macite.tg\/?author=2"}]}},"_links":{"self":[{"href":"https:\/\/macite.tg\/index.php?rest_route=\/wp\/v2\/posts\/27584","targetHints":{"allow":["GET"]}}],"collection":[{"href":"https:\/\/macite.tg\/index.php?rest_route=\/wp\/v2\/posts"}],"about":[{"href":"https:\/\/macite.tg\/index.php?rest_route=\/wp\/v2\/types\/post"}],"author":[{"embeddable":true,"href":"https:\/\/macite.tg\/index.php?rest_route=\/wp\/v2\/users\/2"}],"replies":[{"embeddable":true,"href":"https:\/\/macite.tg\/index.php?rest_route=%2Fwp%2Fv2%2Fcomments&post=27584"}],"version-history":[{"count":0,"href":"https:\/\/macite.tg\/index.php?rest_route=\/wp\/v2\/posts\/27584\/revisions"}],"wp:featuredmedia":[{"embeddable":true,"href":"https:\/\/macite.tg\/index.php?rest_route=\/wp\/v2\/media\/27585"}],"wp:attachment":[{"href":"https:\/\/macite.tg\/index.php?rest_route=%2Fwp%2Fv2%2Fmedia&parent=27584"}],"wp:term":[{"taxonomy":"category","embeddable":true,"href":"https:\/\/macite.tg\/index.php?rest_route=%2Fwp%2Fv2%2Fcategories&post=27584"},{"taxonomy":"post_tag","embeddable":true,"href":"https:\/\/macite.tg\/index.php?rest_route=%2Fwp%2Fv2%2Ftags&post=27584"}],"curies":[{"name":"wp","href":"https:\/\/api.w.org\/{rel}","templated":true}]}}