{"id":27548,"date":"2026-01-13T18:22:55","date_gmt":"2026-01-13T18:22:55","guid":{"rendered":"https:\/\/macite.tg\/?p=27548"},"modified":"2026-01-13T18:24:37","modified_gmt":"2026-01-13T18:24:37","slug":"liberation-des-detenus-ndh-togo-salue-un-acte-republicain-du-president-du-conseil","status":"publish","type":"post","link":"https:\/\/macite.tg\/?p=27548","title":{"rendered":"TOGO &#8211; LIBERATION DES DETENUS\u00a0: NDH-Togo salue un acte r\u00e9publicain du Pr\u00e9sident du conseil"},"content":{"rendered":"\n<p class=\"wp-block-paragraph\"><strong><em>Dans un communiqu\u00e9 de presse en date du 10 janvier 2026, l\u2019organisation de d\u00e9fenses des droits humains, NOUVEAUX DROITS DE L\u2019HOMME (NDH-TOGO) a salu\u00e9 les mesures de gr\u00e2ce accord\u00e9es par le Pr\u00e9sident du Conseil, Faure Essozimna Gnassingb\u00e9, le 31 d\u00e9cembre 2025 \u00e0 1.511 d\u00e9tenus dans les prisons du Togo.<\/em><\/strong><\/p>\n\n\n\n<p class=\"wp-block-paragraph\">Dans les lignes qui suivent, l&rsquo;int\u00e9gralit\u00e9 du communiqu\u00e9 de presse de NDH-Togo : <\/p>\n\n\n<div class=\"wp-block-image\">\n<figure class=\"aligncenter size-full\"><img loading=\"lazy\" decoding=\"async\" width=\"500\" height=\"742\" src=\"https:\/\/macite.tg\/wp-content\/uploads\/2026\/01\/OTR_Fausse-annonce.jpg\" alt=\"\" class=\"wp-image-27523\" srcset=\"https:\/\/macite.tg\/wp-content\/uploads\/2026\/01\/OTR_Fausse-annonce.jpg 500w, https:\/\/macite.tg\/wp-content\/uploads\/2026\/01\/OTR_Fausse-annonce-202x300.jpg 202w\" sizes=\"auto, (max-width: 500px) 100vw, 500px\" \/><\/figure>\n<\/div>\n\n\n<p class=\"wp-block-paragraph\"><strong>COMMUNIQU\u00c9 DE PRESSE DE NOUVEAUX DROITS DE L&rsquo;HOMME (NDH-TOGO)&nbsp;<\/strong><\/p>\n\n\n\n<p class=\"wp-block-paragraph\">L\u2019Association&nbsp;Nouveaux Droits de l\u2019Homme (NDH-TOGO) salue les mesures de gr\u00e2ce accord\u00e9es par Son Excellence Faure GNASSINGB\u00c9, Pr\u00e9sident du Conseil \u00e0 1.511 d\u00e9tenus dans les prisons du Togo.&nbsp;<\/p>\n\n\n\n<p class=\"wp-block-paragraph\">Cet acte r\u00e9publicain et humaniste contribue au renforcement de la paix sociale, de la coh\u00e9sion nationale et de la confiance des citoyens dans les institutions de la R\u00e9publique.<\/p>\n\n\n\n<p class=\"wp-block-paragraph\">NDH-TOGO f\u00e9licite le Pr\u00e9sident du Conseil pour cette d\u00e9cision empreinte de sagesse et d&rsquo;humilit\u00e9 et invite par cons\u00e9quent les b\u00e9n\u00e9ficiaires de ces mesures \u00e0 faire preuve de responsabilit\u00e9, de civisme et de respect des lois, afin d\u2019\u00e9viter toute r\u00e9cidive et de s\u2019inscrire durablement dans une dynamique de r\u00e9insertion sociale.<\/p>\n\n\n\n<p class=\"wp-block-paragraph\">L\u2019Association Nouveaux Droits de l&rsquo;Homme (NDH-TOGO) appelle l\u2019ensemble des acteurs politiques et sociaux \u00e0 une hauteur d\u2019esprit, au dialogue et au respect des institutions de la R\u00e9publique, conditions indispensables \u00e0 la consolidation de l\u2019\u00c9tat de droit et de la d\u00e9mocratie au Togo.<\/p>\n\n\n\n<p class=\"wp-block-paragraph\"><strong><em>Fait \u00e0 Lom\u00e9, le 10 janvier 2026<\/em><\/strong><\/p>\n\n\n\n<p class=\"wp-block-paragraph\"><strong>\u00a0Le Pr\u00e9sident,\u00a0<\/strong><\/p>\n\n\n\n<p class=\"wp-block-paragraph\"><strong>Me Bertin Kossivi AMEGAH-ATSYON<\/strong><\/p>\n\n\n\n<p class=\"wp-block-paragraph\"><a><strong><em>@macite.tg&nbsp;&nbsp;&nbsp;&nbsp;&nbsp;&nbsp;&nbsp;&nbsp;<\/em><\/strong><\/a><\/p>\n\n\n\n<p class=\"wp-block-paragraph\"><strong><em>E-mail&nbsp;: <\/em><\/strong><a href=\"mailto:maciteinfo@gmail.com\"><strong><em>maciteinfo@gmail.com<\/em><\/strong><\/a><strong><em>; <\/em><\/strong><a href=\"mailto:bawela1@gmail.com\"><strong><em>bawela1@gmail.com<\/em><\/strong><\/a><strong><em><\/em><\/strong><\/p>\n\n\n\n<p class=\"wp-block-paragraph\"><strong><em>Pour vos annonces, (publi)reportages, etc., joignez-nous au (00228)91515309\/<strong>79872224 <\/strong><strong><\/strong><\/em><\/strong><\/p>\n\n\n\n<p class=\"wp-block-paragraph\"><strong><em>www.macite.tg, L\u2019information, la bonne&nbsp;!<\/em><\/strong><\/p>\n","protected":false},"excerpt":{"rendered":"<p class=\"text-justify mb-2\" >Dans un communiqu\u00e9 de presse en date du 10 janvier 2026, l\u2019organisation de d\u00e9fenses des droits humains, NOUVEAUX DROITS DE L\u2019HOMME (NDH-TOGO) a salu\u00e9 les mesures de gr\u00e2ce accord\u00e9es par le Pr\u00e9sident du Conseil, Faure Essozimna Gnassingb\u00e9, le 31 d\u00e9cembre 2025 \u00e0 1.511 d\u00e9tenus dans [&hellip;]<\/p>\n","protected":false},"author":2,"featured_media":27552,"comment_status":"open","ping_status":"open","sticky":false,"template":"","format":"standard","meta":{"footnotes":""},"categories":[20,26],"tags":[],"class_list":["post-27548","post","type-post","status-publish","format-standard","has-post-thumbnail","hentry","category-actualite","category-justice"],"yoast_head":"<!-- This site is optimized with the Yoast SEO plugin v28.4 - https:\/\/yoast.com\/product\/yoast-seo-wordpress\/ -->\n<title>TOGO - LIBERATION DES DETENUS\u00a0: NDH-Togo salue un acte r\u00e9publicain du Pr\u00e9sident du conseil -<\/title>\n<meta name=\"robots\" content=\"index, follow, max-snippet:-1, max-image-preview:large, max-video-preview:-1\" \/>\n<link rel=\"canonical\" href=\"https:\/\/macite.tg\/?p=27548\" \/>\n<meta property=\"og:locale\" content=\"fr_FR\" \/>\n<meta property=\"og:type\" content=\"article\" \/>\n<meta property=\"og:title\" content=\"TOGO - LIBERATION DES DETENUS\u00a0: NDH-Togo salue un acte r\u00e9publicain du Pr\u00e9sident du conseil -\" \/>\n<meta property=\"og:description\" content=\"Dans un communiqu\u00e9 de presse en date du 10 janvier 2026, l\u2019organisation de d\u00e9fenses des droits humains, NOUVEAUX DROITS DE L\u2019HOMME (NDH-TOGO) a salu\u00e9 les mesures de gr\u00e2ce accord\u00e9es par le Pr\u00e9sident du Conseil, Faure Essozimna Gnassingb\u00e9, le 31 d\u00e9cembre 2025 \u00e0 1.511 d\u00e9tenus dans [&hellip;]\" \/>\n<meta property=\"og:url\" content=\"https:\/\/macite.tg\/?p=27548\" \/>\n<meta property=\"article:published_time\" content=\"2026-01-13T18:22:55+00:00\" \/>\n<meta property=\"article:modified_time\" content=\"2026-01-13T18:24:37+00:00\" \/>\n<meta property=\"og:image\" content=\"https:\/\/macite.tg\/wp-content\/uploads\/2026\/01\/image-58.png\" \/>\n\t<meta property=\"og:image:width\" content=\"313\" \/>\n\t<meta property=\"og:image:height\" content=\"234\" \/>\n\t<meta property=\"og:image:type\" content=\"image\/png\" \/>\n<meta name=\"author\" content=\"Jean Pierre BAWELA\" \/>\n<meta name=\"twitter:card\" content=\"summary_large_image\" \/>\n<meta name=\"twitter:label1\" content=\"\u00c9crit par\" \/>\n\t<meta name=\"twitter:data1\" content=\"Jean Pierre BAWELA\" \/>\n\t<meta name=\"twitter:label2\" content=\"Dur\u00e9e de lecture estim\u00e9e\" \/>\n\t<meta name=\"twitter:data2\" content=\"2 minutes\" \/>\n<script type=\"application\/ld+json\" class=\"yoast-schema-graph\">{\"@context\":\"https:\\\/\\\/schema.org\",\"@graph\":[{\"@type\":\"Article\",\"@id\":\"https:\\\/\\\/macite.tg\\\/?p=27548#article\",\"isPartOf\":{\"@id\":\"https:\\\/\\\/macite.tg\\\/?p=27548\"},\"author\":{\"name\":\"Jean Pierre BAWELA\",\"@id\":\"https:\\\/\\\/macite.tg\\\/#\\\/schema\\\/person\\\/e9f2de7e5dbbe7770a9402c7ce82f5c2\"},\"headline\":\"TOGO &#8211; LIBERATION DES DETENUS\u00a0: NDH-Togo salue un acte r\u00e9publicain du Pr\u00e9sident du conseil\",\"datePublished\":\"2026-01-13T18:22:55+00:00\",\"dateModified\":\"2026-01-13T18:24:37+00:00\",\"mainEntityOfPage\":{\"@id\":\"https:\\\/\\\/macite.tg\\\/?p=27548\"},\"wordCount\":308,\"commentCount\":0,\"image\":{\"@id\":\"https:\\\/\\\/macite.tg\\\/?p=27548#primaryimage\"},\"thumbnailUrl\":\"https:\\\/\\\/macite.tg\\\/wp-content\\\/uploads\\\/2026\\\/01\\\/image-58.png\",\"articleSection\":[\"ACTUALITE\",\"JUSTICE\"],\"inLanguage\":\"fr-FR\",\"potentialAction\":[{\"@type\":\"CommentAction\",\"name\":\"Comment\",\"target\":[\"https:\\\/\\\/macite.tg\\\/?p=27548#respond\"]}]},{\"@type\":\"WebPage\",\"@id\":\"https:\\\/\\\/macite.tg\\\/?p=27548\",\"url\":\"https:\\\/\\\/macite.tg\\\/?p=27548\",\"name\":\"TOGO - LIBERATION DES DETENUS\u00a0: NDH-Togo salue un acte r\u00e9publicain du Pr\u00e9sident du conseil -\",\"isPartOf\":{\"@id\":\"https:\\\/\\\/macite.tg\\\/#website\"},\"primaryImageOfPage\":{\"@id\":\"https:\\\/\\\/macite.tg\\\/?p=27548#primaryimage\"},\"image\":{\"@id\":\"https:\\\/\\\/macite.tg\\\/?p=27548#primaryimage\"},\"thumbnailUrl\":\"https:\\\/\\\/macite.tg\\\/wp-content\\\/uploads\\\/2026\\\/01\\\/image-58.png\",\"datePublished\":\"2026-01-13T18:22:55+00:00\",\"dateModified\":\"2026-01-13T18:24:37+00:00\",\"author\":{\"@id\":\"https:\\\/\\\/macite.tg\\\/#\\\/schema\\\/person\\\/e9f2de7e5dbbe7770a9402c7ce82f5c2\"},\"breadcrumb\":{\"@id\":\"https:\\\/\\\/macite.tg\\\/?p=27548#breadcrumb\"},\"inLanguage\":\"fr-FR\",\"potentialAction\":[{\"@type\":\"ReadAction\",\"target\":[\"https:\\\/\\\/macite.tg\\\/?p=27548\"]}]},{\"@type\":\"ImageObject\",\"inLanguage\":\"fr-FR\",\"@id\":\"https:\\\/\\\/macite.tg\\\/?p=27548#primaryimage\",\"url\":\"https:\\\/\\\/macite.tg\\\/wp-content\\\/uploads\\\/2026\\\/01\\\/image-58.png\",\"contentUrl\":\"https:\\\/\\\/macite.tg\\\/wp-content\\\/uploads\\\/2026\\\/01\\\/image-58.png\",\"width\":313,\"height\":234},{\"@type\":\"BreadcrumbList\",\"@id\":\"https:\\\/\\\/macite.tg\\\/?p=27548#breadcrumb\",\"itemListElement\":[{\"@type\":\"ListItem\",\"position\":1,\"name\":\"Accueil\",\"item\":\"https:\\\/\\\/macite.tg\\\/\"},{\"@type\":\"ListItem\",\"position\":2,\"name\":\"TOGO &#8211; LIBERATION DES DETENUS\u00a0: NDH-Togo salue un acte r\u00e9publicain du Pr\u00e9sident du conseil\"}]},{\"@type\":\"WebSite\",\"@id\":\"https:\\\/\\\/macite.tg\\\/#website\",\"url\":\"https:\\\/\\\/macite.tg\\\/\",\"name\":\"\",\"description\":\"L&#039;information, la bonne!!!\",\"potentialAction\":[{\"@type\":\"SearchAction\",\"target\":{\"@type\":\"EntryPoint\",\"urlTemplate\":\"https:\\\/\\\/macite.tg\\\/?s={search_term_string}\"},\"query-input\":{\"@type\":\"PropertyValueSpecification\",\"valueRequired\":true,\"valueName\":\"search_term_string\"}}],\"inLanguage\":\"fr-FR\"},{\"@type\":\"Person\",\"@id\":\"https:\\\/\\\/macite.tg\\\/#\\\/schema\\\/person\\\/e9f2de7e5dbbe7770a9402c7ce82f5c2\",\"name\":\"Jean Pierre BAWELA\",\"image\":{\"@type\":\"ImageObject\",\"inLanguage\":\"fr-FR\",\"@id\":\"https:\\\/\\\/macite.tg\\\/wp-content\\\/uploads\\\/2023\\\/09\\\/WhatsApp-Image-2023-09-19-at-14.44.41-122x122.jpeg\",\"url\":\"https:\\\/\\\/macite.tg\\\/wp-content\\\/uploads\\\/2023\\\/09\\\/WhatsApp-Image-2023-09-19-at-14.44.41-122x122.jpeg\",\"contentUrl\":\"https:\\\/\\\/macite.tg\\\/wp-content\\\/uploads\\\/2023\\\/09\\\/WhatsApp-Image-2023-09-19-at-14.44.41-122x122.jpeg\",\"caption\":\"Jean Pierre BAWELA\"},\"url\":\"https:\\\/\\\/macite.tg\\\/?author=2\"}]}<\/script>\n<!-- \/ Yoast SEO plugin. -->","yoast_head_json":{"title":"TOGO - LIBERATION DES DETENUS\u00a0: NDH-Togo salue un acte r\u00e9publicain du Pr\u00e9sident du conseil -","robots":{"index":"index","follow":"follow","max-snippet":"max-snippet:-1","max-image-preview":"max-image-preview:large","max-video-preview":"max-video-preview:-1"},"canonical":"https:\/\/macite.tg\/?p=27548","og_locale":"fr_FR","og_type":"article","og_title":"TOGO - LIBERATION DES DETENUS\u00a0: NDH-Togo salue un acte r\u00e9publicain du Pr\u00e9sident du conseil -","og_description":"Dans un communiqu\u00e9 de presse en date du 10 janvier 2026, l\u2019organisation de d\u00e9fenses des droits humains, NOUVEAUX DROITS DE L\u2019HOMME (NDH-TOGO) a salu\u00e9 les mesures de gr\u00e2ce accord\u00e9es par le Pr\u00e9sident du Conseil, Faure Essozimna Gnassingb\u00e9, le 31 d\u00e9cembre 2025 \u00e0 1.511 d\u00e9tenus dans [&hellip;]","og_url":"https:\/\/macite.tg\/?p=27548","article_published_time":"2026-01-13T18:22:55+00:00","article_modified_time":"2026-01-13T18:24:37+00:00","og_image":[{"width":313,"height":234,"url":"https:\/\/macite.tg\/wp-content\/uploads\/2026\/01\/image-58.png","type":"image\/png"}],"author":"Jean Pierre BAWELA","twitter_card":"summary_large_image","twitter_misc":{"\u00c9crit par":"Jean Pierre BAWELA","Dur\u00e9e de lecture estim\u00e9e":"2 minutes"},"schema":{"@context":"https:\/\/schema.org","@graph":[{"@type":"Article","@id":"https:\/\/macite.tg\/?p=27548#article","isPartOf":{"@id":"https:\/\/macite.tg\/?p=27548"},"author":{"name":"Jean Pierre BAWELA","@id":"https:\/\/macite.tg\/#\/schema\/person\/e9f2de7e5dbbe7770a9402c7ce82f5c2"},"headline":"TOGO &#8211; LIBERATION DES DETENUS\u00a0: NDH-Togo salue un acte r\u00e9publicain du Pr\u00e9sident du conseil","datePublished":"2026-01-13T18:22:55+00:00","dateModified":"2026-01-13T18:24:37+00:00","mainEntityOfPage":{"@id":"https:\/\/macite.tg\/?p=27548"},"wordCount":308,"commentCount":0,"image":{"@id":"https:\/\/macite.tg\/?p=27548#primaryimage"},"thumbnailUrl":"https:\/\/macite.tg\/wp-content\/uploads\/2026\/01\/image-58.png","articleSection":["ACTUALITE","JUSTICE"],"inLanguage":"fr-FR","potentialAction":[{"@type":"CommentAction","name":"Comment","target":["https:\/\/macite.tg\/?p=27548#respond"]}]},{"@type":"WebPage","@id":"https:\/\/macite.tg\/?p=27548","url":"https:\/\/macite.tg\/?p=27548","name":"TOGO - LIBERATION DES DETENUS\u00a0: NDH-Togo salue un acte r\u00e9publicain du Pr\u00e9sident du conseil -","isPartOf":{"@id":"https:\/\/macite.tg\/#website"},"primaryImageOfPage":{"@id":"https:\/\/macite.tg\/?p=27548#primaryimage"},"image":{"@id":"https:\/\/macite.tg\/?p=27548#primaryimage"},"thumbnailUrl":"https:\/\/macite.tg\/wp-content\/uploads\/2026\/01\/image-58.png","datePublished":"2026-01-13T18:22:55+00:00","dateModified":"2026-01-13T18:24:37+00:00","author":{"@id":"https:\/\/macite.tg\/#\/schema\/person\/e9f2de7e5dbbe7770a9402c7ce82f5c2"},"breadcrumb":{"@id":"https:\/\/macite.tg\/?p=27548#breadcrumb"},"inLanguage":"fr-FR","potentialAction":[{"@type":"ReadAction","target":["https:\/\/macite.tg\/?p=27548"]}]},{"@type":"ImageObject","inLanguage":"fr-FR","@id":"https:\/\/macite.tg\/?p=27548#primaryimage","url":"https:\/\/macite.tg\/wp-content\/uploads\/2026\/01\/image-58.png","contentUrl":"https:\/\/macite.tg\/wp-content\/uploads\/2026\/01\/image-58.png","width":313,"height":234},{"@type":"BreadcrumbList","@id":"https:\/\/macite.tg\/?p=27548#breadcrumb","itemListElement":[{"@type":"ListItem","position":1,"name":"Accueil","item":"https:\/\/macite.tg\/"},{"@type":"ListItem","position":2,"name":"TOGO &#8211; LIBERATION DES DETENUS\u00a0: NDH-Togo salue un acte r\u00e9publicain du Pr\u00e9sident du conseil"}]},{"@type":"WebSite","@id":"https:\/\/macite.tg\/#website","url":"https:\/\/macite.tg\/","name":"","description":"L&#039;information, la bonne!!!","potentialAction":[{"@type":"SearchAction","target":{"@type":"EntryPoint","urlTemplate":"https:\/\/macite.tg\/?s={search_term_string}"},"query-input":{"@type":"PropertyValueSpecification","valueRequired":true,"valueName":"search_term_string"}}],"inLanguage":"fr-FR"},{"@type":"Person","@id":"https:\/\/macite.tg\/#\/schema\/person\/e9f2de7e5dbbe7770a9402c7ce82f5c2","name":"Jean Pierre BAWELA","image":{"@type":"ImageObject","inLanguage":"fr-FR","@id":"https:\/\/macite.tg\/wp-content\/uploads\/2023\/09\/WhatsApp-Image-2023-09-19-at-14.44.41-122x122.jpeg","url":"https:\/\/macite.tg\/wp-content\/uploads\/2023\/09\/WhatsApp-Image-2023-09-19-at-14.44.41-122x122.jpeg","contentUrl":"https:\/\/macite.tg\/wp-content\/uploads\/2023\/09\/WhatsApp-Image-2023-09-19-at-14.44.41-122x122.jpeg","caption":"Jean Pierre BAWELA"},"url":"https:\/\/macite.tg\/?author=2"}]}},"_links":{"self":[{"href":"https:\/\/macite.tg\/index.php?rest_route=\/wp\/v2\/posts\/27548","targetHints":{"allow":["GET"]}}],"collection":[{"href":"https:\/\/macite.tg\/index.php?rest_route=\/wp\/v2\/posts"}],"about":[{"href":"https:\/\/macite.tg\/index.php?rest_route=\/wp\/v2\/types\/post"}],"author":[{"embeddable":true,"href":"https:\/\/macite.tg\/index.php?rest_route=\/wp\/v2\/users\/2"}],"replies":[{"embeddable":true,"href":"https:\/\/macite.tg\/index.php?rest_route=%2Fwp%2Fv2%2Fcomments&post=27548"}],"version-history":[{"count":0,"href":"https:\/\/macite.tg\/index.php?rest_route=\/wp\/v2\/posts\/27548\/revisions"}],"wp:featuredmedia":[{"embeddable":true,"href":"https:\/\/macite.tg\/index.php?rest_route=\/wp\/v2\/media\/27552"}],"wp:attachment":[{"href":"https:\/\/macite.tg\/index.php?rest_route=%2Fwp%2Fv2%2Fmedia&parent=27548"}],"wp:term":[{"taxonomy":"category","embeddable":true,"href":"https:\/\/macite.tg\/index.php?rest_route=%2Fwp%2Fv2%2Fcategories&post=27548"},{"taxonomy":"post_tag","embeddable":true,"href":"https:\/\/macite.tg\/index.php?rest_route=%2Fwp%2Fv2%2Ftags&post=27548"}],"curies":[{"name":"wp","href":"https:\/\/api.w.org\/{rel}","templated":true}]}}