{"id":27533,"date":"2026-01-12T21:41:43","date_gmt":"2026-01-12T21:41:43","guid":{"rendered":"https:\/\/macite.tg\/?p=27533"},"modified":"2026-01-12T21:43:46","modified_gmt":"2026-01-12T21:43:46","slug":"cooperation-togo-rdc-le-president-tshisekedi-tshilombo-en-visite-damitie-a-lome","status":"publish","type":"post","link":"https:\/\/macite.tg\/?p=27533","title":{"rendered":"COOPERATION TOGO- RDC\u00a0: Le Pr\u00e9sident Tshisekedi-Tshilombo en visite \u00e0 Lom\u00e9"},"content":{"rendered":"\n<p class=\"wp-block-paragraph\"><strong><em>Le chef de l\u2019Etat congolais, Antoine Tshisekedi-Tshilombo, est en visite d\u2019amiti\u00e9 et de travail, ce lundi 12 janvier, \u00e0 Lom\u00e9. Le Pr\u00e9sident de la RDC a \u00e9t\u00e9 accueilli, \u00e0 son arriv\u00e9e, par le Pr\u00e9sident du Conseil, Faure Essozimna Gnassingb\u00e9.<\/em><\/strong><\/p>\n\n\n\n<p class=\"wp-block-paragraph\">Apr\u00e8s les civilit\u00e9s, les deux hautes personnalit\u00e9s ont eu des entretiens en t\u00eate-\u00e0-t\u00eate. Au menu, l\u2019examen de la coop\u00e9ration entre Lom\u00e9 et Kinshasa. A cette occasion, les deux dirigeants ont r\u00e9it\u00e9r\u00e9 leur volont\u00e9 d\u2019\u0153uvrer davantage au renforcement de ce partenariat dans divers domaines d\u2019int\u00e9r\u00eat commun.<\/p>\n\n\n<div class=\"wp-block-image\">\n<figure class=\"aligncenter size-full\"><img loading=\"lazy\" decoding=\"async\" width=\"500\" height=\"742\" src=\"https:\/\/macite.tg\/wp-content\/uploads\/2026\/01\/OTR_Fausse-annonce.jpg\" alt=\"\" class=\"wp-image-27523\" srcset=\"https:\/\/macite.tg\/wp-content\/uploads\/2026\/01\/OTR_Fausse-annonce.jpg 500w, https:\/\/macite.tg\/wp-content\/uploads\/2026\/01\/OTR_Fausse-annonce-202x300.jpg 202w\" sizes=\"auto, (max-width: 500px) 100vw, 500px\" \/><\/figure>\n<\/div>\n\n\n<p class=\"wp-block-paragraph\">Les deux hautes personnalit\u00e9s ont, en outre, eu une s\u00e9ance de travail consacr\u00e9e essentiellement aux questions bilat\u00e9rales, \u00e0 la situation dans l\u2019Est de la RDC et \u00e0 l\u2019int\u00e9gration inter-r\u00e9gionale. Ils ont, \u00e0 cet effet, \u00e9voqu\u00e9 les questions de paix et de s\u00e9curit\u00e9 sur le continent, notamment dans la r\u00e9gion des Grands Lacs, une zone qui connait une instabilit\u00e9 aux cons\u00e9quences \u00e9conomiques et humanitaires pr\u00e9judiciables au d\u00e9veloppement.<\/p>\n\n\n\n<p class=\"wp-block-paragraph\">Le Pr\u00e9sident du Conseil, m\u00e9diateur d\u00e9sign\u00e9 de l\u2019Union africaine, a \u00e9t\u00e9 f\u00e9licit\u00e9 par le chef de l\u2019Etat congolais pour ses efforts de m\u00e9diation en vue du retour de la paix et de la s\u00e9r\u00e9nit\u00e9 \u00e0 l\u2019Est de la RDC.<\/p>\n\n\n<div class=\"wp-block-image\">\n<figure class=\"aligncenter size-full\"><img loading=\"lazy\" decoding=\"async\" width=\"507\" height=\"720\" src=\"https:\/\/macite.tg\/wp-content\/uploads\/2026\/01\/image-1.png\" alt=\"\" class=\"wp-image-27262\" srcset=\"https:\/\/macite.tg\/wp-content\/uploads\/2026\/01\/image-1.png 507w, https:\/\/macite.tg\/wp-content\/uploads\/2026\/01\/image-1-211x300.png 211w\" sizes=\"auto, (max-width: 507px) 100vw, 507px\" \/><\/figure>\n<\/div>\n\n\n<p class=\"wp-block-paragraph\">Notons que depuis sa d\u00e9signation par l\u2019Ua en avril 2025, le Pr\u00e9sident de conseil n\u2019a de cesse multiplier des missions diplomatiques aupr\u00e8s des protagonistes et des acteurs proches de cette crise qui \u00e9branle la r\u00e9gion des Grands Lacs. Ces d\u00e9marches ont contribu\u00e9 efficacement au rapprochement des parties en conflits, allant m\u00eame jusqu\u2019\u00e0 la signature d\u2019un accord de paix, notamment entre Kinshasa et Kigali.<\/p>\n\n\n\n<p class=\"wp-block-paragraph\"><strong>La R\u00e9daction<\/strong><\/p>\n\n\n\n<p class=\"wp-block-paragraph\"><a><strong><em>@macite.tg&nbsp;&nbsp;&nbsp;&nbsp;&nbsp;&nbsp;&nbsp;&nbsp;<\/em><\/strong><\/a><\/p>\n\n\n\n<p class=\"wp-block-paragraph\"><strong><em>E-mail&nbsp;: <\/em><\/strong><a href=\"mailto:maciteinfo@gmail.com\"><strong><em>maciteinfo@gmail.com<\/em><\/strong><\/a><strong><em>; <\/em><\/strong><a href=\"mailto:bawela1@gmail.com\"><strong><em>bawela1@gmail.com<\/em><\/strong><\/a><strong><em><\/em><\/strong><\/p>\n\n\n\n<p class=\"wp-block-paragraph\"><strong><em>Pour vos annonces, (publi)reportages, etc., joignez-nous au (00228)91515309\/<strong>79872224 <\/strong><strong><\/strong><\/em><\/strong><\/p>\n\n\n\n<p class=\"wp-block-paragraph\"><strong><em>www.macite.tg, L\u2019information, la bonne&nbsp;!<\/em><\/strong><\/p>\n\n\n\n<p class=\"wp-block-paragraph\"><\/p>\n","protected":false},"excerpt":{"rendered":"<p class=\"text-justify mb-2\" >Le chef de l\u2019Etat congolais, Antoine Tshisekedi-Tshilombo, est en visite d\u2019amiti\u00e9 et de travail, ce lundi 12 janvier, \u00e0 Lom\u00e9. Le Pr\u00e9sident de la RDC a \u00e9t\u00e9 accueilli, \u00e0 son arriv\u00e9e, par le Pr\u00e9sident du Conseil, Faure Essozimna Gnassingb\u00e9. Apr\u00e8s les civilit\u00e9s, les deux hautes [&hellip;]<\/p>\n","protected":false},"author":2,"featured_media":27534,"comment_status":"open","ping_status":"open","sticky":false,"template":"","format":"standard","meta":{"footnotes":""},"categories":[20,8],"tags":[],"class_list":["post-27533","post","type-post","status-publish","format-standard","has-post-thumbnail","hentry","category-actualite","category-diplomatie"],"yoast_head":"<!-- This site is optimized with the Yoast SEO plugin v28.4 - https:\/\/yoast.com\/product\/yoast-seo-wordpress\/ -->\n<title>COOPERATION TOGO- RDC\u00a0: Le Pr\u00e9sident Tshisekedi-Tshilombo en visite \u00e0 Lom\u00e9 -<\/title>\n<meta name=\"robots\" content=\"index, follow, max-snippet:-1, max-image-preview:large, max-video-preview:-1\" \/>\n<link rel=\"canonical\" href=\"https:\/\/macite.tg\/?p=27533\" \/>\n<meta property=\"og:locale\" content=\"fr_FR\" \/>\n<meta property=\"og:type\" content=\"article\" \/>\n<meta property=\"og:title\" content=\"COOPERATION TOGO- RDC\u00a0: Le Pr\u00e9sident Tshisekedi-Tshilombo en visite \u00e0 Lom\u00e9 -\" \/>\n<meta property=\"og:description\" content=\"Le chef de l\u2019Etat congolais, Antoine Tshisekedi-Tshilombo, est en visite d\u2019amiti\u00e9 et de travail, ce lundi 12 janvier, \u00e0 Lom\u00e9. Le Pr\u00e9sident de la RDC a \u00e9t\u00e9 accueilli, \u00e0 son arriv\u00e9e, par le Pr\u00e9sident du Conseil, Faure Essozimna Gnassingb\u00e9. Apr\u00e8s les civilit\u00e9s, les deux hautes [&hellip;]\" \/>\n<meta property=\"og:url\" content=\"https:\/\/macite.tg\/?p=27533\" \/>\n<meta property=\"article:published_time\" content=\"2026-01-12T21:41:43+00:00\" \/>\n<meta property=\"article:modified_time\" content=\"2026-01-12T21:43:46+00:00\" \/>\n<meta property=\"og:image\" content=\"https:\/\/macite.tg\/wp-content\/uploads\/2026\/01\/Diplomatie-mediateur.jpg\" \/>\n\t<meta property=\"og:image:width\" content=\"500\" \/>\n\t<meta property=\"og:image:height\" content=\"346\" \/>\n\t<meta property=\"og:image:type\" content=\"image\/jpeg\" \/>\n<meta name=\"author\" content=\"Jean Pierre BAWELA\" \/>\n<meta name=\"twitter:card\" content=\"summary_large_image\" \/>\n<meta name=\"twitter:label1\" content=\"\u00c9crit par\" \/>\n\t<meta name=\"twitter:data1\" content=\"Jean Pierre BAWELA\" \/>\n\t<meta name=\"twitter:label2\" content=\"Dur\u00e9e de lecture estim\u00e9e\" \/>\n\t<meta name=\"twitter:data2\" content=\"2 minutes\" \/>\n<script type=\"application\/ld+json\" class=\"yoast-schema-graph\">{\"@context\":\"https:\\\/\\\/schema.org\",\"@graph\":[{\"@type\":\"Article\",\"@id\":\"https:\\\/\\\/macite.tg\\\/?p=27533#article\",\"isPartOf\":{\"@id\":\"https:\\\/\\\/macite.tg\\\/?p=27533\"},\"author\":{\"name\":\"Jean Pierre BAWELA\",\"@id\":\"https:\\\/\\\/macite.tg\\\/#\\\/schema\\\/person\\\/e9f2de7e5dbbe7770a9402c7ce82f5c2\"},\"headline\":\"COOPERATION TOGO- RDC\u00a0: Le Pr\u00e9sident Tshisekedi-Tshilombo en visite \u00e0 Lom\u00e9\",\"datePublished\":\"2026-01-12T21:41:43+00:00\",\"dateModified\":\"2026-01-12T21:43:46+00:00\",\"mainEntityOfPage\":{\"@id\":\"https:\\\/\\\/macite.tg\\\/?p=27533\"},\"wordCount\":342,\"commentCount\":0,\"image\":{\"@id\":\"https:\\\/\\\/macite.tg\\\/?p=27533#primaryimage\"},\"thumbnailUrl\":\"https:\\\/\\\/macite.tg\\\/wp-content\\\/uploads\\\/2026\\\/01\\\/Diplomatie-mediateur.jpg\",\"articleSection\":[\"ACTUALITE\",\"DIPLOMATIE\"],\"inLanguage\":\"fr-FR\",\"potentialAction\":[{\"@type\":\"CommentAction\",\"name\":\"Comment\",\"target\":[\"https:\\\/\\\/macite.tg\\\/?p=27533#respond\"]}]},{\"@type\":\"WebPage\",\"@id\":\"https:\\\/\\\/macite.tg\\\/?p=27533\",\"url\":\"https:\\\/\\\/macite.tg\\\/?p=27533\",\"name\":\"COOPERATION TOGO- RDC\u00a0: Le Pr\u00e9sident Tshisekedi-Tshilombo en visite \u00e0 Lom\u00e9 -\",\"isPartOf\":{\"@id\":\"https:\\\/\\\/macite.tg\\\/#website\"},\"primaryImageOfPage\":{\"@id\":\"https:\\\/\\\/macite.tg\\\/?p=27533#primaryimage\"},\"image\":{\"@id\":\"https:\\\/\\\/macite.tg\\\/?p=27533#primaryimage\"},\"thumbnailUrl\":\"https:\\\/\\\/macite.tg\\\/wp-content\\\/uploads\\\/2026\\\/01\\\/Diplomatie-mediateur.jpg\",\"datePublished\":\"2026-01-12T21:41:43+00:00\",\"dateModified\":\"2026-01-12T21:43:46+00:00\",\"author\":{\"@id\":\"https:\\\/\\\/macite.tg\\\/#\\\/schema\\\/person\\\/e9f2de7e5dbbe7770a9402c7ce82f5c2\"},\"breadcrumb\":{\"@id\":\"https:\\\/\\\/macite.tg\\\/?p=27533#breadcrumb\"},\"inLanguage\":\"fr-FR\",\"potentialAction\":[{\"@type\":\"ReadAction\",\"target\":[\"https:\\\/\\\/macite.tg\\\/?p=27533\"]}]},{\"@type\":\"ImageObject\",\"inLanguage\":\"fr-FR\",\"@id\":\"https:\\\/\\\/macite.tg\\\/?p=27533#primaryimage\",\"url\":\"https:\\\/\\\/macite.tg\\\/wp-content\\\/uploads\\\/2026\\\/01\\\/Diplomatie-mediateur.jpg\",\"contentUrl\":\"https:\\\/\\\/macite.tg\\\/wp-content\\\/uploads\\\/2026\\\/01\\\/Diplomatie-mediateur.jpg\",\"width\":500,\"height\":346},{\"@type\":\"BreadcrumbList\",\"@id\":\"https:\\\/\\\/macite.tg\\\/?p=27533#breadcrumb\",\"itemListElement\":[{\"@type\":\"ListItem\",\"position\":1,\"name\":\"Accueil\",\"item\":\"https:\\\/\\\/macite.tg\\\/\"},{\"@type\":\"ListItem\",\"position\":2,\"name\":\"COOPERATION TOGO- RDC\u00a0: Le Pr\u00e9sident Tshisekedi-Tshilombo en visite \u00e0 Lom\u00e9\"}]},{\"@type\":\"WebSite\",\"@id\":\"https:\\\/\\\/macite.tg\\\/#website\",\"url\":\"https:\\\/\\\/macite.tg\\\/\",\"name\":\"\",\"description\":\"L&#039;information, la bonne!!!\",\"potentialAction\":[{\"@type\":\"SearchAction\",\"target\":{\"@type\":\"EntryPoint\",\"urlTemplate\":\"https:\\\/\\\/macite.tg\\\/?s={search_term_string}\"},\"query-input\":{\"@type\":\"PropertyValueSpecification\",\"valueRequired\":true,\"valueName\":\"search_term_string\"}}],\"inLanguage\":\"fr-FR\"},{\"@type\":\"Person\",\"@id\":\"https:\\\/\\\/macite.tg\\\/#\\\/schema\\\/person\\\/e9f2de7e5dbbe7770a9402c7ce82f5c2\",\"name\":\"Jean Pierre BAWELA\",\"image\":{\"@type\":\"ImageObject\",\"inLanguage\":\"fr-FR\",\"@id\":\"https:\\\/\\\/macite.tg\\\/wp-content\\\/uploads\\\/2023\\\/09\\\/WhatsApp-Image-2023-09-19-at-14.44.41-122x122.jpeg\",\"url\":\"https:\\\/\\\/macite.tg\\\/wp-content\\\/uploads\\\/2023\\\/09\\\/WhatsApp-Image-2023-09-19-at-14.44.41-122x122.jpeg\",\"contentUrl\":\"https:\\\/\\\/macite.tg\\\/wp-content\\\/uploads\\\/2023\\\/09\\\/WhatsApp-Image-2023-09-19-at-14.44.41-122x122.jpeg\",\"caption\":\"Jean Pierre BAWELA\"},\"url\":\"https:\\\/\\\/macite.tg\\\/?author=2\"}]}<\/script>\n<!-- \/ Yoast SEO plugin. -->","yoast_head_json":{"title":"COOPERATION TOGO- RDC\u00a0: Le Pr\u00e9sident Tshisekedi-Tshilombo en visite \u00e0 Lom\u00e9 -","robots":{"index":"index","follow":"follow","max-snippet":"max-snippet:-1","max-image-preview":"max-image-preview:large","max-video-preview":"max-video-preview:-1"},"canonical":"https:\/\/macite.tg\/?p=27533","og_locale":"fr_FR","og_type":"article","og_title":"COOPERATION TOGO- RDC\u00a0: Le Pr\u00e9sident Tshisekedi-Tshilombo en visite \u00e0 Lom\u00e9 -","og_description":"Le chef de l\u2019Etat congolais, Antoine Tshisekedi-Tshilombo, est en visite d\u2019amiti\u00e9 et de travail, ce lundi 12 janvier, \u00e0 Lom\u00e9. Le Pr\u00e9sident de la RDC a \u00e9t\u00e9 accueilli, \u00e0 son arriv\u00e9e, par le Pr\u00e9sident du Conseil, Faure Essozimna Gnassingb\u00e9. Apr\u00e8s les civilit\u00e9s, les deux hautes [&hellip;]","og_url":"https:\/\/macite.tg\/?p=27533","article_published_time":"2026-01-12T21:41:43+00:00","article_modified_time":"2026-01-12T21:43:46+00:00","og_image":[{"width":500,"height":346,"url":"https:\/\/macite.tg\/wp-content\/uploads\/2026\/01\/Diplomatie-mediateur.jpg","type":"image\/jpeg"}],"author":"Jean Pierre BAWELA","twitter_card":"summary_large_image","twitter_misc":{"\u00c9crit par":"Jean Pierre BAWELA","Dur\u00e9e de lecture estim\u00e9e":"2 minutes"},"schema":{"@context":"https:\/\/schema.org","@graph":[{"@type":"Article","@id":"https:\/\/macite.tg\/?p=27533#article","isPartOf":{"@id":"https:\/\/macite.tg\/?p=27533"},"author":{"name":"Jean Pierre BAWELA","@id":"https:\/\/macite.tg\/#\/schema\/person\/e9f2de7e5dbbe7770a9402c7ce82f5c2"},"headline":"COOPERATION TOGO- RDC\u00a0: Le Pr\u00e9sident Tshisekedi-Tshilombo en visite \u00e0 Lom\u00e9","datePublished":"2026-01-12T21:41:43+00:00","dateModified":"2026-01-12T21:43:46+00:00","mainEntityOfPage":{"@id":"https:\/\/macite.tg\/?p=27533"},"wordCount":342,"commentCount":0,"image":{"@id":"https:\/\/macite.tg\/?p=27533#primaryimage"},"thumbnailUrl":"https:\/\/macite.tg\/wp-content\/uploads\/2026\/01\/Diplomatie-mediateur.jpg","articleSection":["ACTUALITE","DIPLOMATIE"],"inLanguage":"fr-FR","potentialAction":[{"@type":"CommentAction","name":"Comment","target":["https:\/\/macite.tg\/?p=27533#respond"]}]},{"@type":"WebPage","@id":"https:\/\/macite.tg\/?p=27533","url":"https:\/\/macite.tg\/?p=27533","name":"COOPERATION TOGO- RDC\u00a0: Le Pr\u00e9sident Tshisekedi-Tshilombo en visite \u00e0 Lom\u00e9 -","isPartOf":{"@id":"https:\/\/macite.tg\/#website"},"primaryImageOfPage":{"@id":"https:\/\/macite.tg\/?p=27533#primaryimage"},"image":{"@id":"https:\/\/macite.tg\/?p=27533#primaryimage"},"thumbnailUrl":"https:\/\/macite.tg\/wp-content\/uploads\/2026\/01\/Diplomatie-mediateur.jpg","datePublished":"2026-01-12T21:41:43+00:00","dateModified":"2026-01-12T21:43:46+00:00","author":{"@id":"https:\/\/macite.tg\/#\/schema\/person\/e9f2de7e5dbbe7770a9402c7ce82f5c2"},"breadcrumb":{"@id":"https:\/\/macite.tg\/?p=27533#breadcrumb"},"inLanguage":"fr-FR","potentialAction":[{"@type":"ReadAction","target":["https:\/\/macite.tg\/?p=27533"]}]},{"@type":"ImageObject","inLanguage":"fr-FR","@id":"https:\/\/macite.tg\/?p=27533#primaryimage","url":"https:\/\/macite.tg\/wp-content\/uploads\/2026\/01\/Diplomatie-mediateur.jpg","contentUrl":"https:\/\/macite.tg\/wp-content\/uploads\/2026\/01\/Diplomatie-mediateur.jpg","width":500,"height":346},{"@type":"BreadcrumbList","@id":"https:\/\/macite.tg\/?p=27533#breadcrumb","itemListElement":[{"@type":"ListItem","position":1,"name":"Accueil","item":"https:\/\/macite.tg\/"},{"@type":"ListItem","position":2,"name":"COOPERATION TOGO- RDC\u00a0: Le Pr\u00e9sident Tshisekedi-Tshilombo en visite \u00e0 Lom\u00e9"}]},{"@type":"WebSite","@id":"https:\/\/macite.tg\/#website","url":"https:\/\/macite.tg\/","name":"","description":"L&#039;information, la bonne!!!","potentialAction":[{"@type":"SearchAction","target":{"@type":"EntryPoint","urlTemplate":"https:\/\/macite.tg\/?s={search_term_string}"},"query-input":{"@type":"PropertyValueSpecification","valueRequired":true,"valueName":"search_term_string"}}],"inLanguage":"fr-FR"},{"@type":"Person","@id":"https:\/\/macite.tg\/#\/schema\/person\/e9f2de7e5dbbe7770a9402c7ce82f5c2","name":"Jean Pierre BAWELA","image":{"@type":"ImageObject","inLanguage":"fr-FR","@id":"https:\/\/macite.tg\/wp-content\/uploads\/2023\/09\/WhatsApp-Image-2023-09-19-at-14.44.41-122x122.jpeg","url":"https:\/\/macite.tg\/wp-content\/uploads\/2023\/09\/WhatsApp-Image-2023-09-19-at-14.44.41-122x122.jpeg","contentUrl":"https:\/\/macite.tg\/wp-content\/uploads\/2023\/09\/WhatsApp-Image-2023-09-19-at-14.44.41-122x122.jpeg","caption":"Jean Pierre BAWELA"},"url":"https:\/\/macite.tg\/?author=2"}]}},"_links":{"self":[{"href":"https:\/\/macite.tg\/index.php?rest_route=\/wp\/v2\/posts\/27533","targetHints":{"allow":["GET"]}}],"collection":[{"href":"https:\/\/macite.tg\/index.php?rest_route=\/wp\/v2\/posts"}],"about":[{"href":"https:\/\/macite.tg\/index.php?rest_route=\/wp\/v2\/types\/post"}],"author":[{"embeddable":true,"href":"https:\/\/macite.tg\/index.php?rest_route=\/wp\/v2\/users\/2"}],"replies":[{"embeddable":true,"href":"https:\/\/macite.tg\/index.php?rest_route=%2Fwp%2Fv2%2Fcomments&post=27533"}],"version-history":[{"count":0,"href":"https:\/\/macite.tg\/index.php?rest_route=\/wp\/v2\/posts\/27533\/revisions"}],"wp:featuredmedia":[{"embeddable":true,"href":"https:\/\/macite.tg\/index.php?rest_route=\/wp\/v2\/media\/27534"}],"wp:attachment":[{"href":"https:\/\/macite.tg\/index.php?rest_route=%2Fwp%2Fv2%2Fmedia&parent=27533"}],"wp:term":[{"taxonomy":"category","embeddable":true,"href":"https:\/\/macite.tg\/index.php?rest_route=%2Fwp%2Fv2%2Fcategories&post=27533"},{"taxonomy":"post_tag","embeddable":true,"href":"https:\/\/macite.tg\/index.php?rest_route=%2Fwp%2Fv2%2Ftags&post=27533"}],"curies":[{"name":"wp","href":"https:\/\/api.w.org\/{rel}","templated":true}]}}