{"id":27522,"date":"2026-01-13T09:09:41","date_gmt":"2026-01-13T09:09:41","guid":{"rendered":"https:\/\/macite.tg\/?p=27522"},"modified":"2026-01-13T09:09:49","modified_gmt":"2026-01-13T09:09:49","slug":"togo-la-cinquieme-republique-sous-de-bons-auspices","status":"publish","type":"post","link":"https:\/\/macite.tg\/?p=27522","title":{"rendered":"TOGO\u00a0: La Cinqui\u00e8me R\u00e9publique, sous de bons auspices"},"content":{"rendered":"\n<p class=\"wp-block-paragraph\"><strong><em>Le Togo a ouvert une nouvelle page de son histoire institutionnelle avec l&rsquo;entr\u00e9e en vigueur de la Cinqui\u00e8me R\u00e9publique. Loin d&rsquo;\u00eatre une simple \u00e9volution juridique, ce nouveau cadre r\u00e9publicain s&rsquo;inscrit comme un signal fort d&rsquo;une nation qui assume son visage politique actuel et choisit d&rsquo;ancrer durablement son action publique dans l&rsquo;efficacit\u00e9, la stabilit\u00e9 et le progr\u00e8s partag\u00e9.<\/em><\/strong><\/p>\n\n\n\n<p class=\"wp-block-paragraph\">D\u00e8s ses premiers pas, la Cinqui\u00e8me R\u00e9publique a montr\u00e9 de bonnes choses. Elle s&rsquo;appuie sur des institutions clarifi\u00e9es, un \u00e9quilibre des responsabilit\u00e9s mieux d\u00e9fini et une gouvernance qui se veut plus lisible pour les citoyens. Ce nouvel ordre r\u00e9publicain consacre une ambition affirm\u00e9e : faire de l&rsquo;\u00c9tat un catalyseur de d\u00e9veloppement, capable d&rsquo;\u00e9couter, de d\u00e9cider et d&rsquo;agir avec constance au service de l&rsquo;int\u00e9r\u00eat g\u00e9n\u00e9ral.<\/p>\n\n\n<div class=\"wp-block-image\">\n<figure class=\"aligncenter size-full is-resized\"><img loading=\"lazy\" decoding=\"async\" width=\"690\" height=\"170\" src=\"https:\/\/macite.tg\/wp-content\/uploads\/2026\/01\/OTR_TVM.jpg\" alt=\"\" class=\"wp-image-27483\" style=\"width:840px;height:auto\" srcset=\"https:\/\/macite.tg\/wp-content\/uploads\/2026\/01\/OTR_TVM.jpg 690w, https:\/\/macite.tg\/wp-content\/uploads\/2026\/01\/OTR_TVM-300x74.jpg 300w\" sizes=\"auto, (max-width: 690px) 100vw, 690px\" \/><\/figure>\n<\/div>\n\n\n<p class=\"wp-block-paragraph\">Sous l&rsquo;impulsion du pr\u00e9sident du Conseil, Faure Gnassingb\u00e9, cette nouvelle architecture institutionnelle s&rsquo;est rapidement mise en mouvement. Le cap est d\u00e9fini : consolider la paix sociale, renforcer l&rsquo;unit\u00e9 nationale et transformer les acquis politiques en leviers \u00e9conomiques et sociaux concrets.<\/p>\n\n\n\n<p class=\"wp-block-paragraph\">La Cinqui\u00e8me R\u00e9publique n&rsquo;est pas pens\u00e9e comme une rupture, mais comme une continuit\u00e9 dynamique, qui capitalise sur les r\u00e9formes engag\u00e9es tout en leur donnant une coh\u00e9rence nouvelle.<\/p>\n\n\n\n<p class=\"wp-block-paragraph\"><strong>Changements notables<\/strong><\/p>\n\n\n\n<p class=\"wp-block-paragraph\">La Cinqui\u00e8me R\u00e9publique au Togo, faut-il le rappeler, est entr\u00e9e en vigueur avec la promulgation de la nouvelle Constitution le 6 mai 2024, marquant le passage d&rsquo;un r\u00e9gime semi-pr\u00e9sidentiel \u00e0 un r\u00e9gime parlementaire, avec des implications majeures pour l&rsquo;\u00e9lection du pr\u00e9sident, d\u00e9sormais \u00e9lu par le Parlement. Imm\u00e9diatement lanc\u00e9e, aussit\u00f4t active.<\/p>\n\n\n\n<p class=\"wp-block-paragraph\">Sur le terrain du d\u00e9veloppement, les signaux sont \u00e9loquents. L&rsquo;action publique s&rsquo;est intensifi\u00e9e dans les secteurs sociaux, avec une attention soutenue port\u00e9e \u00e0 la sant\u00e9, \u00e0 la protection sociale, \u00e0 l&rsquo;\u00e9ducation et \u00e0 l&rsquo;acc\u00e8s aux services essentiels. L&rsquo;assurance maladie universelle poursuit son d\u00e9ploiement progressif, int\u00e9grant de nouvelles couches sociales et renfor\u00e7ant l&rsquo;\u00e9quit\u00e9 dans l&rsquo;acc\u00e8s aux soins.<\/p>\n\n\n\n<figure class=\"wp-block-image size-full\"><img loading=\"lazy\" decoding=\"async\" width=\"851\" height=\"315\" src=\"https:\/\/macite.tg\/wp-content\/uploads\/2026\/01\/OTR_Ferer-pour-batir-1.jpg\" alt=\"\" class=\"wp-image-27391\" srcset=\"https:\/\/macite.tg\/wp-content\/uploads\/2026\/01\/OTR_Ferer-pour-batir-1.jpg 851w, https:\/\/macite.tg\/wp-content\/uploads\/2026\/01\/OTR_Ferer-pour-batir-1-300x111.jpg 300w, https:\/\/macite.tg\/wp-content\/uploads\/2026\/01\/OTR_Ferer-pour-batir-1-768x284.jpg 768w\" sizes=\"auto, (max-width: 851px) 100vw, 851px\" \/><\/figure>\n\n\n\n<p class=\"wp-block-paragraph\">L&rsquo;eau potable, l&rsquo;\u00e9lectricit\u00e9 et les infrastructures de base continuent d&rsquo;\u00eatre \u00e9tendues, notamment dans les zones rurales, afin de r\u00e9duire les disparit\u00e9s territoriales. La Cinqui\u00e8me R\u00e9publique s&rsquo;affirme \u00e9galement comme une R\u00e9publique de la proximit\u00e9. La d\u00e9centralisation, la gouvernance territoriale et la modernisation de l&rsquo;administration rapprochent l&rsquo;\u00c9tat des citoyens.<\/p>\n\n\n\n<p class=\"wp-block-paragraph\">La digitalisation croissante des services publics simplifie les d\u00e9marches, raccourcit les d\u00e9lais et renforce la transparence. Elle traduit une volont\u00e9 assum\u00e9e de b\u00e2tir une administration plus agile, plus accessible et plus respectueuse du temps des usagers.<\/p>\n\n\n\n<p class=\"wp-block-paragraph\"><strong>Une R\u00e9publique qui inspire confiance<\/strong><\/p>\n\n\n\n<p class=\"wp-block-paragraph\">Sur le plan \u00e9conomique, le nouveau cadre institutionnel favorise la confiance. La mobilisation des recettes, la rigueur budg\u00e9taire et la promotion du secteur priv\u00e9 participent \u00e0 la construction d&rsquo;une \u00e9conomie plus r\u00e9siliente. Le Togo avance avec m\u00e9thode, en veillant \u00e0 ce que la croissance ne soit pas une abstraction statistique, mais une r\u00e9alit\u00e9 perceptible dans la vie quotidienne des populations.<\/p>\n\n\n\n<p class=\"wp-block-paragraph\">La Cinqui\u00e8me R\u00e9publique se distingue enfin par son attachement profond aux valeurs de paix, de dialogue et de coh\u00e9sion nationale. Dans un contexte r\u00e9gional parfois instable, le Togo fait le choix de la stabilit\u00e9 durable, du vivre ensemble et de la concertation permanente. Cette posture conf\u00e8re au pays une cr\u00e9dibilit\u00e9 renforc\u00e9e et un r\u00f4le apaisant sur la sc\u00e8ne sous-r\u00e9gionale.<\/p>\n\n\n<div class=\"wp-block-image\">\n<figure class=\"aligncenter size-full\"><img loading=\"lazy\" decoding=\"async\" width=\"507\" height=\"720\" src=\"https:\/\/macite.tg\/wp-content\/uploads\/2026\/01\/image-1.png\" alt=\"\" class=\"wp-image-27262\" srcset=\"https:\/\/macite.tg\/wp-content\/uploads\/2026\/01\/image-1.png 507w, https:\/\/macite.tg\/wp-content\/uploads\/2026\/01\/image-1-211x300.png 211w\" sizes=\"auto, (max-width: 507px) 100vw, 507px\" \/><\/figure>\n<\/div>\n\n\n<p class=\"wp-block-paragraph\">En d\u00e9finitive, la Cinqui\u00e8me R\u00e9publique togolaise s&rsquo;installe comme un cadre d&rsquo;esp\u00e9rance et d&rsquo;action. Elle porte l&rsquo;id\u00e9e d&rsquo;un \u00c9tat moderne, responsable et attentif, qui ne se contente pas de proclamer le d\u00e9veloppement, mais qui s&#8217;emploie \u00e0 le construire, pas \u00e0 pas, avec et pour ses citoyens.<\/p>\n\n\n\n<p class=\"wp-block-paragraph\"><strong>Omar A.<\/strong><\/p>\n\n\n\n<p class=\"wp-block-paragraph\"><a><strong><em>@macite.tg&nbsp;&nbsp;&nbsp;&nbsp;&nbsp;&nbsp;&nbsp;&nbsp;<\/em><\/strong><\/a><\/p>\n\n\n\n<p class=\"wp-block-paragraph\"><strong><em>E-mail&nbsp;: <\/em><\/strong><a href=\"mailto:maciteinfo@gmail.com\"><strong><em>maciteinfo@gmail.com<\/em><\/strong><\/a><strong><em>; <\/em><\/strong><a href=\"mailto:bawela1@gmail.com\"><strong><em>bawela1@gmail.com<\/em><\/strong><\/a><strong><em><\/em><\/strong><\/p>\n\n\n\n<p class=\"wp-block-paragraph\"><strong><em>Pour vos annonces, (publi)reportages, etc., joignez-nous au (00228)91515309\/<strong>79872224 <\/strong><strong><\/strong><\/em><\/strong><\/p>\n\n\n\n<p class=\"wp-block-paragraph\"><strong><em>www.macite.tg, L\u2019information, la bonne&nbsp;!<\/em><\/strong><\/p>\n\n\n\n<p class=\"wp-block-paragraph\"><\/p>\n","protected":false},"excerpt":{"rendered":"<p class=\"text-justify mb-2\" >Le Togo a ouvert une nouvelle page de son histoire institutionnelle avec l&rsquo;entr\u00e9e en vigueur de la Cinqui\u00e8me R\u00e9publique. Loin d&rsquo;\u00eatre une simple \u00e9volution juridique, ce nouveau cadre r\u00e9publicain s&rsquo;inscrit comme un signal fort d&rsquo;une nation qui assume son visage politique actuel et choisit d&rsquo;ancrer [&hellip;]<\/p>\n","protected":false},"author":2,"featured_media":27525,"comment_status":"open","ping_status":"open","sticky":false,"template":"","format":"standard","meta":{"footnotes":""},"categories":[1],"tags":[],"class_list":["post-27522","post","type-post","status-publish","format-standard","has-post-thumbnail","hentry","category-politique"],"yoast_head":"<!-- This site is optimized with the Yoast SEO plugin v28.4 - https:\/\/yoast.com\/product\/yoast-seo-wordpress\/ -->\n<title>TOGO\u00a0: La Cinqui\u00e8me R\u00e9publique, sous de bons auspices -<\/title>\n<meta name=\"robots\" content=\"index, follow, max-snippet:-1, max-image-preview:large, max-video-preview:-1\" \/>\n<link rel=\"canonical\" href=\"https:\/\/macite.tg\/?p=27522\" \/>\n<meta property=\"og:locale\" content=\"fr_FR\" \/>\n<meta property=\"og:type\" content=\"article\" \/>\n<meta property=\"og:title\" content=\"TOGO\u00a0: La Cinqui\u00e8me R\u00e9publique, sous de bons auspices -\" \/>\n<meta property=\"og:description\" content=\"Le Togo a ouvert une nouvelle page de son histoire institutionnelle avec l&rsquo;entr\u00e9e en vigueur de la Cinqui\u00e8me R\u00e9publique. Loin d&rsquo;\u00eatre une simple \u00e9volution juridique, ce nouveau cadre r\u00e9publicain s&rsquo;inscrit comme un signal fort d&rsquo;une nation qui assume son visage politique actuel et choisit d&rsquo;ancrer [&hellip;]\" \/>\n<meta property=\"og:url\" content=\"https:\/\/macite.tg\/?p=27522\" \/>\n<meta property=\"article:published_time\" content=\"2026-01-13T09:09:41+00:00\" \/>\n<meta property=\"article:modified_time\" content=\"2026-01-13T09:09:49+00:00\" \/>\n<meta property=\"og:image\" content=\"https:\/\/macite.tg\/wp-content\/uploads\/2026\/01\/image-50.png\" \/>\n\t<meta property=\"og:image:width\" content=\"358\" \/>\n\t<meta property=\"og:image:height\" content=\"234\" \/>\n\t<meta property=\"og:image:type\" content=\"image\/png\" \/>\n<meta name=\"author\" content=\"Jean Pierre BAWELA\" \/>\n<meta name=\"twitter:card\" content=\"summary_large_image\" \/>\n<meta name=\"twitter:label1\" content=\"\u00c9crit par\" \/>\n\t<meta name=\"twitter:data1\" content=\"Jean Pierre BAWELA\" \/>\n\t<meta name=\"twitter:label2\" content=\"Dur\u00e9e de lecture estim\u00e9e\" \/>\n\t<meta name=\"twitter:data2\" content=\"4 minutes\" \/>\n<script type=\"application\/ld+json\" class=\"yoast-schema-graph\">{\"@context\":\"https:\\\/\\\/schema.org\",\"@graph\":[{\"@type\":\"Article\",\"@id\":\"https:\\\/\\\/macite.tg\\\/?p=27522#article\",\"isPartOf\":{\"@id\":\"https:\\\/\\\/macite.tg\\\/?p=27522\"},\"author\":{\"name\":\"Jean Pierre BAWELA\",\"@id\":\"https:\\\/\\\/macite.tg\\\/#\\\/schema\\\/person\\\/e9f2de7e5dbbe7770a9402c7ce82f5c2\"},\"headline\":\"TOGO\u00a0: La Cinqui\u00e8me R\u00e9publique, sous de bons auspices\",\"datePublished\":\"2026-01-13T09:09:41+00:00\",\"dateModified\":\"2026-01-13T09:09:49+00:00\",\"mainEntityOfPage\":{\"@id\":\"https:\\\/\\\/macite.tg\\\/?p=27522\"},\"wordCount\":695,\"commentCount\":0,\"image\":{\"@id\":\"https:\\\/\\\/macite.tg\\\/?p=27522#primaryimage\"},\"thumbnailUrl\":\"https:\\\/\\\/macite.tg\\\/wp-content\\\/uploads\\\/2026\\\/01\\\/image-50.png\",\"articleSection\":[\"POLITIQUE\"],\"inLanguage\":\"fr-FR\",\"potentialAction\":[{\"@type\":\"CommentAction\",\"name\":\"Comment\",\"target\":[\"https:\\\/\\\/macite.tg\\\/?p=27522#respond\"]}]},{\"@type\":\"WebPage\",\"@id\":\"https:\\\/\\\/macite.tg\\\/?p=27522\",\"url\":\"https:\\\/\\\/macite.tg\\\/?p=27522\",\"name\":\"TOGO\u00a0: La Cinqui\u00e8me R\u00e9publique, sous de bons auspices -\",\"isPartOf\":{\"@id\":\"https:\\\/\\\/macite.tg\\\/#website\"},\"primaryImageOfPage\":{\"@id\":\"https:\\\/\\\/macite.tg\\\/?p=27522#primaryimage\"},\"image\":{\"@id\":\"https:\\\/\\\/macite.tg\\\/?p=27522#primaryimage\"},\"thumbnailUrl\":\"https:\\\/\\\/macite.tg\\\/wp-content\\\/uploads\\\/2026\\\/01\\\/image-50.png\",\"datePublished\":\"2026-01-13T09:09:41+00:00\",\"dateModified\":\"2026-01-13T09:09:49+00:00\",\"author\":{\"@id\":\"https:\\\/\\\/macite.tg\\\/#\\\/schema\\\/person\\\/e9f2de7e5dbbe7770a9402c7ce82f5c2\"},\"breadcrumb\":{\"@id\":\"https:\\\/\\\/macite.tg\\\/?p=27522#breadcrumb\"},\"inLanguage\":\"fr-FR\",\"potentialAction\":[{\"@type\":\"ReadAction\",\"target\":[\"https:\\\/\\\/macite.tg\\\/?p=27522\"]}]},{\"@type\":\"ImageObject\",\"inLanguage\":\"fr-FR\",\"@id\":\"https:\\\/\\\/macite.tg\\\/?p=27522#primaryimage\",\"url\":\"https:\\\/\\\/macite.tg\\\/wp-content\\\/uploads\\\/2026\\\/01\\\/image-50.png\",\"contentUrl\":\"https:\\\/\\\/macite.tg\\\/wp-content\\\/uploads\\\/2026\\\/01\\\/image-50.png\",\"width\":358,\"height\":234},{\"@type\":\"BreadcrumbList\",\"@id\":\"https:\\\/\\\/macite.tg\\\/?p=27522#breadcrumb\",\"itemListElement\":[{\"@type\":\"ListItem\",\"position\":1,\"name\":\"Accueil\",\"item\":\"https:\\\/\\\/macite.tg\\\/\"},{\"@type\":\"ListItem\",\"position\":2,\"name\":\"TOGO\u00a0: La Cinqui\u00e8me R\u00e9publique, sous de bons auspices\"}]},{\"@type\":\"WebSite\",\"@id\":\"https:\\\/\\\/macite.tg\\\/#website\",\"url\":\"https:\\\/\\\/macite.tg\\\/\",\"name\":\"\",\"description\":\"L&#039;information, la bonne!!!\",\"potentialAction\":[{\"@type\":\"SearchAction\",\"target\":{\"@type\":\"EntryPoint\",\"urlTemplate\":\"https:\\\/\\\/macite.tg\\\/?s={search_term_string}\"},\"query-input\":{\"@type\":\"PropertyValueSpecification\",\"valueRequired\":true,\"valueName\":\"search_term_string\"}}],\"inLanguage\":\"fr-FR\"},{\"@type\":\"Person\",\"@id\":\"https:\\\/\\\/macite.tg\\\/#\\\/schema\\\/person\\\/e9f2de7e5dbbe7770a9402c7ce82f5c2\",\"name\":\"Jean Pierre BAWELA\",\"image\":{\"@type\":\"ImageObject\",\"inLanguage\":\"fr-FR\",\"@id\":\"https:\\\/\\\/macite.tg\\\/wp-content\\\/uploads\\\/2023\\\/09\\\/WhatsApp-Image-2023-09-19-at-14.44.41-122x122.jpeg\",\"url\":\"https:\\\/\\\/macite.tg\\\/wp-content\\\/uploads\\\/2023\\\/09\\\/WhatsApp-Image-2023-09-19-at-14.44.41-122x122.jpeg\",\"contentUrl\":\"https:\\\/\\\/macite.tg\\\/wp-content\\\/uploads\\\/2023\\\/09\\\/WhatsApp-Image-2023-09-19-at-14.44.41-122x122.jpeg\",\"caption\":\"Jean Pierre BAWELA\"},\"url\":\"https:\\\/\\\/macite.tg\\\/?author=2\"}]}<\/script>\n<!-- \/ Yoast SEO plugin. -->","yoast_head_json":{"title":"TOGO\u00a0: La Cinqui\u00e8me R\u00e9publique, sous de bons auspices -","robots":{"index":"index","follow":"follow","max-snippet":"max-snippet:-1","max-image-preview":"max-image-preview:large","max-video-preview":"max-video-preview:-1"},"canonical":"https:\/\/macite.tg\/?p=27522","og_locale":"fr_FR","og_type":"article","og_title":"TOGO\u00a0: La Cinqui\u00e8me R\u00e9publique, sous de bons auspices -","og_description":"Le Togo a ouvert une nouvelle page de son histoire institutionnelle avec l&rsquo;entr\u00e9e en vigueur de la Cinqui\u00e8me R\u00e9publique. Loin d&rsquo;\u00eatre une simple \u00e9volution juridique, ce nouveau cadre r\u00e9publicain s&rsquo;inscrit comme un signal fort d&rsquo;une nation qui assume son visage politique actuel et choisit d&rsquo;ancrer [&hellip;]","og_url":"https:\/\/macite.tg\/?p=27522","article_published_time":"2026-01-13T09:09:41+00:00","article_modified_time":"2026-01-13T09:09:49+00:00","og_image":[{"width":358,"height":234,"url":"https:\/\/macite.tg\/wp-content\/uploads\/2026\/01\/image-50.png","type":"image\/png"}],"author":"Jean Pierre BAWELA","twitter_card":"summary_large_image","twitter_misc":{"\u00c9crit par":"Jean Pierre BAWELA","Dur\u00e9e de lecture estim\u00e9e":"4 minutes"},"schema":{"@context":"https:\/\/schema.org","@graph":[{"@type":"Article","@id":"https:\/\/macite.tg\/?p=27522#article","isPartOf":{"@id":"https:\/\/macite.tg\/?p=27522"},"author":{"name":"Jean Pierre BAWELA","@id":"https:\/\/macite.tg\/#\/schema\/person\/e9f2de7e5dbbe7770a9402c7ce82f5c2"},"headline":"TOGO\u00a0: La Cinqui\u00e8me R\u00e9publique, sous de bons auspices","datePublished":"2026-01-13T09:09:41+00:00","dateModified":"2026-01-13T09:09:49+00:00","mainEntityOfPage":{"@id":"https:\/\/macite.tg\/?p=27522"},"wordCount":695,"commentCount":0,"image":{"@id":"https:\/\/macite.tg\/?p=27522#primaryimage"},"thumbnailUrl":"https:\/\/macite.tg\/wp-content\/uploads\/2026\/01\/image-50.png","articleSection":["POLITIQUE"],"inLanguage":"fr-FR","potentialAction":[{"@type":"CommentAction","name":"Comment","target":["https:\/\/macite.tg\/?p=27522#respond"]}]},{"@type":"WebPage","@id":"https:\/\/macite.tg\/?p=27522","url":"https:\/\/macite.tg\/?p=27522","name":"TOGO\u00a0: La Cinqui\u00e8me R\u00e9publique, sous de bons auspices -","isPartOf":{"@id":"https:\/\/macite.tg\/#website"},"primaryImageOfPage":{"@id":"https:\/\/macite.tg\/?p=27522#primaryimage"},"image":{"@id":"https:\/\/macite.tg\/?p=27522#primaryimage"},"thumbnailUrl":"https:\/\/macite.tg\/wp-content\/uploads\/2026\/01\/image-50.png","datePublished":"2026-01-13T09:09:41+00:00","dateModified":"2026-01-13T09:09:49+00:00","author":{"@id":"https:\/\/macite.tg\/#\/schema\/person\/e9f2de7e5dbbe7770a9402c7ce82f5c2"},"breadcrumb":{"@id":"https:\/\/macite.tg\/?p=27522#breadcrumb"},"inLanguage":"fr-FR","potentialAction":[{"@type":"ReadAction","target":["https:\/\/macite.tg\/?p=27522"]}]},{"@type":"ImageObject","inLanguage":"fr-FR","@id":"https:\/\/macite.tg\/?p=27522#primaryimage","url":"https:\/\/macite.tg\/wp-content\/uploads\/2026\/01\/image-50.png","contentUrl":"https:\/\/macite.tg\/wp-content\/uploads\/2026\/01\/image-50.png","width":358,"height":234},{"@type":"BreadcrumbList","@id":"https:\/\/macite.tg\/?p=27522#breadcrumb","itemListElement":[{"@type":"ListItem","position":1,"name":"Accueil","item":"https:\/\/macite.tg\/"},{"@type":"ListItem","position":2,"name":"TOGO\u00a0: La Cinqui\u00e8me R\u00e9publique, sous de bons auspices"}]},{"@type":"WebSite","@id":"https:\/\/macite.tg\/#website","url":"https:\/\/macite.tg\/","name":"","description":"L&#039;information, la bonne!!!","potentialAction":[{"@type":"SearchAction","target":{"@type":"EntryPoint","urlTemplate":"https:\/\/macite.tg\/?s={search_term_string}"},"query-input":{"@type":"PropertyValueSpecification","valueRequired":true,"valueName":"search_term_string"}}],"inLanguage":"fr-FR"},{"@type":"Person","@id":"https:\/\/macite.tg\/#\/schema\/person\/e9f2de7e5dbbe7770a9402c7ce82f5c2","name":"Jean Pierre BAWELA","image":{"@type":"ImageObject","inLanguage":"fr-FR","@id":"https:\/\/macite.tg\/wp-content\/uploads\/2023\/09\/WhatsApp-Image-2023-09-19-at-14.44.41-122x122.jpeg","url":"https:\/\/macite.tg\/wp-content\/uploads\/2023\/09\/WhatsApp-Image-2023-09-19-at-14.44.41-122x122.jpeg","contentUrl":"https:\/\/macite.tg\/wp-content\/uploads\/2023\/09\/WhatsApp-Image-2023-09-19-at-14.44.41-122x122.jpeg","caption":"Jean Pierre BAWELA"},"url":"https:\/\/macite.tg\/?author=2"}]}},"_links":{"self":[{"href":"https:\/\/macite.tg\/index.php?rest_route=\/wp\/v2\/posts\/27522","targetHints":{"allow":["GET"]}}],"collection":[{"href":"https:\/\/macite.tg\/index.php?rest_route=\/wp\/v2\/posts"}],"about":[{"href":"https:\/\/macite.tg\/index.php?rest_route=\/wp\/v2\/types\/post"}],"author":[{"embeddable":true,"href":"https:\/\/macite.tg\/index.php?rest_route=\/wp\/v2\/users\/2"}],"replies":[{"embeddable":true,"href":"https:\/\/macite.tg\/index.php?rest_route=%2Fwp%2Fv2%2Fcomments&post=27522"}],"version-history":[{"count":0,"href":"https:\/\/macite.tg\/index.php?rest_route=\/wp\/v2\/posts\/27522\/revisions"}],"wp:featuredmedia":[{"embeddable":true,"href":"https:\/\/macite.tg\/index.php?rest_route=\/wp\/v2\/media\/27525"}],"wp:attachment":[{"href":"https:\/\/macite.tg\/index.php?rest_route=%2Fwp%2Fv2%2Fmedia&parent=27522"}],"wp:term":[{"taxonomy":"category","embeddable":true,"href":"https:\/\/macite.tg\/index.php?rest_route=%2Fwp%2Fv2%2Fcategories&post=27522"},{"taxonomy":"post_tag","embeddable":true,"href":"https:\/\/macite.tg\/index.php?rest_route=%2Fwp%2Fv2%2Ftags&post=27522"}],"curies":[{"name":"wp","href":"https:\/\/api.w.org\/{rel}","templated":true}]}}