{"id":27242,"date":"2026-01-01T17:41:30","date_gmt":"2026-01-01T17:41:30","guid":{"rendered":"https:\/\/macite.tg\/?p=27242"},"modified":"2026-01-01T17:41:36","modified_gmt":"2026-01-01T17:41:36","slug":"nouvel-an-2026-les-voeux-du-president-du-conseil","status":"publish","type":"post","link":"https:\/\/macite.tg\/?p=27242","title":{"rendered":"NOUVEL AN 2026\u00a0: Les V\u0153ux du Pr\u00e9sident du Conseil"},"content":{"rendered":"\n<p class=\"wp-block-paragraph\"><strong><em>Je forme le v\u0153u que 2026 vous apporte la paix, la sant\u00e9 et la force d\u2019avancer unis.<\/em><\/strong><\/p>\n\n\n\n<p class=\"wp-block-paragraph\">Que cette ann\u00e9e soit, pour chaque famille et pour notre Nation, une ann\u00e9e de progr\u00e8s, de solidarit\u00e9 et d\u2019esp\u00e9rance.<\/p>\n\n\n\n<p class=\"wp-block-paragraph\">Que Dieu b\u00e9nisse le #Togo, terre de nos a\u00efeux.<\/p>\n\n\n\n<p class=\"wp-block-paragraph\">Bonne et heureuse ann\u00e9e 2026 !<\/p>\n\n\n\n<p class=\"wp-block-paragraph\">FEG<\/p>\n\n\n\n<h1 class=\"wp-block-heading\"><i class=\"fas fa-pencil-alt\"> <\/i><span>Voeux2026<\/h1>\n\n\n\n<h1 class=\"wp-block-heading\"><i class=\"fas fa-pencil-alt\"> <\/i><span>VoeuxDuNouvelAn<\/h1>\n\n\n\n<p class=\"wp-block-paragraph\"><\/p>\n","protected":false},"excerpt":{"rendered":"<p class=\"text-justify mb-2\" >Je forme le v\u0153u que 2026 vous apporte la paix, la sant\u00e9 et la force d\u2019avancer unis. Que cette ann\u00e9e soit, pour chaque famille et pour notre Nation, une ann\u00e9e de progr\u00e8s, de solidarit\u00e9 et d\u2019esp\u00e9rance. Que Dieu b\u00e9nisse le #Togo, terre de nos a\u00efeux. [&hellip;]<\/p>\n","protected":false},"author":2,"featured_media":27245,"comment_status":"open","ping_status":"open","sticky":false,"template":"","format":"standard","meta":{"footnotes":""},"categories":[20,6],"tags":[],"class_list":["post-27242","post","type-post","status-publish","format-standard","has-post-thumbnail","hentry","category-actualite","category-societe"],"yoast_head":"<!-- This site is optimized with the Yoast SEO plugin v28.4 - https:\/\/yoast.com\/product\/yoast-seo-wordpress\/ -->\n<title>NOUVEL AN 2026\u00a0: Les V\u0153ux du Pr\u00e9sident du Conseil -<\/title>\n<meta name=\"robots\" content=\"index, follow, max-snippet:-1, max-image-preview:large, max-video-preview:-1\" \/>\n<link rel=\"canonical\" href=\"https:\/\/macite.tg\/?p=27242\" \/>\n<meta property=\"og:locale\" content=\"fr_FR\" \/>\n<meta property=\"og:type\" content=\"article\" \/>\n<meta property=\"og:title\" content=\"NOUVEL AN 2026\u00a0: Les V\u0153ux du Pr\u00e9sident du Conseil -\" \/>\n<meta property=\"og:description\" content=\"Je forme le v\u0153u que 2026 vous apporte la paix, la sant\u00e9 et la force d\u2019avancer unis. Que cette ann\u00e9e soit, pour chaque famille et pour notre Nation, une ann\u00e9e de progr\u00e8s, de solidarit\u00e9 et d\u2019esp\u00e9rance. Que Dieu b\u00e9nisse le #Togo, terre de nos a\u00efeux. [&hellip;]\" \/>\n<meta property=\"og:url\" content=\"https:\/\/macite.tg\/?p=27242\" \/>\n<meta property=\"article:published_time\" content=\"2026-01-01T17:41:30+00:00\" \/>\n<meta property=\"article:modified_time\" content=\"2026-01-01T17:41:36+00:00\" \/>\n<meta property=\"og:image\" content=\"https:\/\/macite.tg\/wp-content\/uploads\/2026\/01\/FEG-VOEUX.jpg\" \/>\n\t<meta property=\"og:image:width\" content=\"500\" \/>\n\t<meta property=\"og:image:height\" content=\"500\" \/>\n\t<meta property=\"og:image:type\" content=\"image\/jpeg\" \/>\n<meta name=\"author\" content=\"Jean Pierre BAWELA\" \/>\n<meta name=\"twitter:card\" content=\"summary_large_image\" \/>\n<meta name=\"twitter:label1\" content=\"\u00c9crit par\" \/>\n\t<meta name=\"twitter:data1\" content=\"Jean Pierre BAWELA\" \/>\n\t<meta name=\"twitter:label2\" content=\"Dur\u00e9e de lecture estim\u00e9e\" \/>\n\t<meta name=\"twitter:data2\" content=\"1 minute\" \/>\n<script type=\"application\/ld+json\" class=\"yoast-schema-graph\">{\"@context\":\"https:\\\/\\\/schema.org\",\"@graph\":[{\"@type\":\"Article\",\"@id\":\"https:\\\/\\\/macite.tg\\\/?p=27242#article\",\"isPartOf\":{\"@id\":\"https:\\\/\\\/macite.tg\\\/?p=27242\"},\"author\":{\"name\":\"Jean Pierre BAWELA\",\"@id\":\"https:\\\/\\\/macite.tg\\\/#\\\/schema\\\/person\\\/e9f2de7e5dbbe7770a9402c7ce82f5c2\"},\"headline\":\"NOUVEL AN 2026\u00a0: Les V\u0153ux du Pr\u00e9sident du Conseil\",\"datePublished\":\"2026-01-01T17:41:30+00:00\",\"dateModified\":\"2026-01-01T17:41:36+00:00\",\"mainEntityOfPage\":{\"@id\":\"https:\\\/\\\/macite.tg\\\/?p=27242\"},\"wordCount\":71,\"commentCount\":0,\"image\":{\"@id\":\"https:\\\/\\\/macite.tg\\\/?p=27242#primaryimage\"},\"thumbnailUrl\":\"https:\\\/\\\/macite.tg\\\/wp-content\\\/uploads\\\/2026\\\/01\\\/FEG-VOEUX.jpg\",\"articleSection\":[\"ACTUALITE\",\"SOCIETE\"],\"inLanguage\":\"fr-FR\",\"potentialAction\":[{\"@type\":\"CommentAction\",\"name\":\"Comment\",\"target\":[\"https:\\\/\\\/macite.tg\\\/?p=27242#respond\"]}]},{\"@type\":\"WebPage\",\"@id\":\"https:\\\/\\\/macite.tg\\\/?p=27242\",\"url\":\"https:\\\/\\\/macite.tg\\\/?p=27242\",\"name\":\"NOUVEL AN 2026\u00a0: Les V\u0153ux du Pr\u00e9sident du Conseil -\",\"isPartOf\":{\"@id\":\"https:\\\/\\\/macite.tg\\\/#website\"},\"primaryImageOfPage\":{\"@id\":\"https:\\\/\\\/macite.tg\\\/?p=27242#primaryimage\"},\"image\":{\"@id\":\"https:\\\/\\\/macite.tg\\\/?p=27242#primaryimage\"},\"thumbnailUrl\":\"https:\\\/\\\/macite.tg\\\/wp-content\\\/uploads\\\/2026\\\/01\\\/FEG-VOEUX.jpg\",\"datePublished\":\"2026-01-01T17:41:30+00:00\",\"dateModified\":\"2026-01-01T17:41:36+00:00\",\"author\":{\"@id\":\"https:\\\/\\\/macite.tg\\\/#\\\/schema\\\/person\\\/e9f2de7e5dbbe7770a9402c7ce82f5c2\"},\"breadcrumb\":{\"@id\":\"https:\\\/\\\/macite.tg\\\/?p=27242#breadcrumb\"},\"inLanguage\":\"fr-FR\",\"potentialAction\":[{\"@type\":\"ReadAction\",\"target\":[\"https:\\\/\\\/macite.tg\\\/?p=27242\"]}]},{\"@type\":\"ImageObject\",\"inLanguage\":\"fr-FR\",\"@id\":\"https:\\\/\\\/macite.tg\\\/?p=27242#primaryimage\",\"url\":\"https:\\\/\\\/macite.tg\\\/wp-content\\\/uploads\\\/2026\\\/01\\\/FEG-VOEUX.jpg\",\"contentUrl\":\"https:\\\/\\\/macite.tg\\\/wp-content\\\/uploads\\\/2026\\\/01\\\/FEG-VOEUX.jpg\",\"width\":500,\"height\":500},{\"@type\":\"BreadcrumbList\",\"@id\":\"https:\\\/\\\/macite.tg\\\/?p=27242#breadcrumb\",\"itemListElement\":[{\"@type\":\"ListItem\",\"position\":1,\"name\":\"Accueil\",\"item\":\"https:\\\/\\\/macite.tg\\\/\"},{\"@type\":\"ListItem\",\"position\":2,\"name\":\"NOUVEL AN 2026\u00a0: Les V\u0153ux du Pr\u00e9sident du Conseil\"}]},{\"@type\":\"WebSite\",\"@id\":\"https:\\\/\\\/macite.tg\\\/#website\",\"url\":\"https:\\\/\\\/macite.tg\\\/\",\"name\":\"\",\"description\":\"L&#039;information, la bonne!!!\",\"potentialAction\":[{\"@type\":\"SearchAction\",\"target\":{\"@type\":\"EntryPoint\",\"urlTemplate\":\"https:\\\/\\\/macite.tg\\\/?s={search_term_string}\"},\"query-input\":{\"@type\":\"PropertyValueSpecification\",\"valueRequired\":true,\"valueName\":\"search_term_string\"}}],\"inLanguage\":\"fr-FR\"},{\"@type\":\"Person\",\"@id\":\"https:\\\/\\\/macite.tg\\\/#\\\/schema\\\/person\\\/e9f2de7e5dbbe7770a9402c7ce82f5c2\",\"name\":\"Jean Pierre BAWELA\",\"image\":{\"@type\":\"ImageObject\",\"inLanguage\":\"fr-FR\",\"@id\":\"https:\\\/\\\/macite.tg\\\/wp-content\\\/uploads\\\/2023\\\/09\\\/WhatsApp-Image-2023-09-19-at-14.44.41-122x122.jpeg\",\"url\":\"https:\\\/\\\/macite.tg\\\/wp-content\\\/uploads\\\/2023\\\/09\\\/WhatsApp-Image-2023-09-19-at-14.44.41-122x122.jpeg\",\"contentUrl\":\"https:\\\/\\\/macite.tg\\\/wp-content\\\/uploads\\\/2023\\\/09\\\/WhatsApp-Image-2023-09-19-at-14.44.41-122x122.jpeg\",\"caption\":\"Jean Pierre BAWELA\"},\"url\":\"https:\\\/\\\/macite.tg\\\/?author=2\"}]}<\/script>\n<!-- \/ Yoast SEO plugin. -->","yoast_head_json":{"title":"NOUVEL AN 2026\u00a0: Les V\u0153ux du Pr\u00e9sident du Conseil -","robots":{"index":"index","follow":"follow","max-snippet":"max-snippet:-1","max-image-preview":"max-image-preview:large","max-video-preview":"max-video-preview:-1"},"canonical":"https:\/\/macite.tg\/?p=27242","og_locale":"fr_FR","og_type":"article","og_title":"NOUVEL AN 2026\u00a0: Les V\u0153ux du Pr\u00e9sident du Conseil -","og_description":"Je forme le v\u0153u que 2026 vous apporte la paix, la sant\u00e9 et la force d\u2019avancer unis. Que cette ann\u00e9e soit, pour chaque famille et pour notre Nation, une ann\u00e9e de progr\u00e8s, de solidarit\u00e9 et d\u2019esp\u00e9rance. Que Dieu b\u00e9nisse le #Togo, terre de nos a\u00efeux. [&hellip;]","og_url":"https:\/\/macite.tg\/?p=27242","article_published_time":"2026-01-01T17:41:30+00:00","article_modified_time":"2026-01-01T17:41:36+00:00","og_image":[{"width":500,"height":500,"url":"https:\/\/macite.tg\/wp-content\/uploads\/2026\/01\/FEG-VOEUX.jpg","type":"image\/jpeg"}],"author":"Jean Pierre BAWELA","twitter_card":"summary_large_image","twitter_misc":{"\u00c9crit par":"Jean Pierre BAWELA","Dur\u00e9e de lecture estim\u00e9e":"1 minute"},"schema":{"@context":"https:\/\/schema.org","@graph":[{"@type":"Article","@id":"https:\/\/macite.tg\/?p=27242#article","isPartOf":{"@id":"https:\/\/macite.tg\/?p=27242"},"author":{"name":"Jean Pierre BAWELA","@id":"https:\/\/macite.tg\/#\/schema\/person\/e9f2de7e5dbbe7770a9402c7ce82f5c2"},"headline":"NOUVEL AN 2026\u00a0: Les V\u0153ux du Pr\u00e9sident du Conseil","datePublished":"2026-01-01T17:41:30+00:00","dateModified":"2026-01-01T17:41:36+00:00","mainEntityOfPage":{"@id":"https:\/\/macite.tg\/?p=27242"},"wordCount":71,"commentCount":0,"image":{"@id":"https:\/\/macite.tg\/?p=27242#primaryimage"},"thumbnailUrl":"https:\/\/macite.tg\/wp-content\/uploads\/2026\/01\/FEG-VOEUX.jpg","articleSection":["ACTUALITE","SOCIETE"],"inLanguage":"fr-FR","potentialAction":[{"@type":"CommentAction","name":"Comment","target":["https:\/\/macite.tg\/?p=27242#respond"]}]},{"@type":"WebPage","@id":"https:\/\/macite.tg\/?p=27242","url":"https:\/\/macite.tg\/?p=27242","name":"NOUVEL AN 2026\u00a0: Les V\u0153ux du Pr\u00e9sident du Conseil -","isPartOf":{"@id":"https:\/\/macite.tg\/#website"},"primaryImageOfPage":{"@id":"https:\/\/macite.tg\/?p=27242#primaryimage"},"image":{"@id":"https:\/\/macite.tg\/?p=27242#primaryimage"},"thumbnailUrl":"https:\/\/macite.tg\/wp-content\/uploads\/2026\/01\/FEG-VOEUX.jpg","datePublished":"2026-01-01T17:41:30+00:00","dateModified":"2026-01-01T17:41:36+00:00","author":{"@id":"https:\/\/macite.tg\/#\/schema\/person\/e9f2de7e5dbbe7770a9402c7ce82f5c2"},"breadcrumb":{"@id":"https:\/\/macite.tg\/?p=27242#breadcrumb"},"inLanguage":"fr-FR","potentialAction":[{"@type":"ReadAction","target":["https:\/\/macite.tg\/?p=27242"]}]},{"@type":"ImageObject","inLanguage":"fr-FR","@id":"https:\/\/macite.tg\/?p=27242#primaryimage","url":"https:\/\/macite.tg\/wp-content\/uploads\/2026\/01\/FEG-VOEUX.jpg","contentUrl":"https:\/\/macite.tg\/wp-content\/uploads\/2026\/01\/FEG-VOEUX.jpg","width":500,"height":500},{"@type":"BreadcrumbList","@id":"https:\/\/macite.tg\/?p=27242#breadcrumb","itemListElement":[{"@type":"ListItem","position":1,"name":"Accueil","item":"https:\/\/macite.tg\/"},{"@type":"ListItem","position":2,"name":"NOUVEL AN 2026\u00a0: Les V\u0153ux du Pr\u00e9sident du Conseil"}]},{"@type":"WebSite","@id":"https:\/\/macite.tg\/#website","url":"https:\/\/macite.tg\/","name":"","description":"L&#039;information, la bonne!!!","potentialAction":[{"@type":"SearchAction","target":{"@type":"EntryPoint","urlTemplate":"https:\/\/macite.tg\/?s={search_term_string}"},"query-input":{"@type":"PropertyValueSpecification","valueRequired":true,"valueName":"search_term_string"}}],"inLanguage":"fr-FR"},{"@type":"Person","@id":"https:\/\/macite.tg\/#\/schema\/person\/e9f2de7e5dbbe7770a9402c7ce82f5c2","name":"Jean Pierre BAWELA","image":{"@type":"ImageObject","inLanguage":"fr-FR","@id":"https:\/\/macite.tg\/wp-content\/uploads\/2023\/09\/WhatsApp-Image-2023-09-19-at-14.44.41-122x122.jpeg","url":"https:\/\/macite.tg\/wp-content\/uploads\/2023\/09\/WhatsApp-Image-2023-09-19-at-14.44.41-122x122.jpeg","contentUrl":"https:\/\/macite.tg\/wp-content\/uploads\/2023\/09\/WhatsApp-Image-2023-09-19-at-14.44.41-122x122.jpeg","caption":"Jean Pierre BAWELA"},"url":"https:\/\/macite.tg\/?author=2"}]}},"_links":{"self":[{"href":"https:\/\/macite.tg\/index.php?rest_route=\/wp\/v2\/posts\/27242","targetHints":{"allow":["GET"]}}],"collection":[{"href":"https:\/\/macite.tg\/index.php?rest_route=\/wp\/v2\/posts"}],"about":[{"href":"https:\/\/macite.tg\/index.php?rest_route=\/wp\/v2\/types\/post"}],"author":[{"embeddable":true,"href":"https:\/\/macite.tg\/index.php?rest_route=\/wp\/v2\/users\/2"}],"replies":[{"embeddable":true,"href":"https:\/\/macite.tg\/index.php?rest_route=%2Fwp%2Fv2%2Fcomments&post=27242"}],"version-history":[{"count":0,"href":"https:\/\/macite.tg\/index.php?rest_route=\/wp\/v2\/posts\/27242\/revisions"}],"wp:featuredmedia":[{"embeddable":true,"href":"https:\/\/macite.tg\/index.php?rest_route=\/wp\/v2\/media\/27245"}],"wp:attachment":[{"href":"https:\/\/macite.tg\/index.php?rest_route=%2Fwp%2Fv2%2Fmedia&parent=27242"}],"wp:term":[{"taxonomy":"category","embeddable":true,"href":"https:\/\/macite.tg\/index.php?rest_route=%2Fwp%2Fv2%2Fcategories&post=27242"},{"taxonomy":"post_tag","embeddable":true,"href":"https:\/\/macite.tg\/index.php?rest_route=%2Fwp%2Fv2%2Ftags&post=27242"}],"curies":[{"name":"wp","href":"https:\/\/api.w.org\/{rel}","templated":true}]}}