{"id":27235,"date":"2026-01-01T12:19:35","date_gmt":"2026-01-01T12:19:35","guid":{"rendered":"https:\/\/macite.tg\/?p=27235"},"modified":"2026-01-01T12:19:41","modified_gmt":"2026-01-01T12:19:41","slug":"can-2025-grp-f-le-cameroun-et-la-cote-divoire-main-dans-la-main-filent-au-second-tour","status":"publish","type":"post","link":"https:\/\/macite.tg\/?p=27235","title":{"rendered":"CAN 2025\/Grp F : Le Cameroun et la C\u00f4te d&rsquo;Ivoire, main dans la main, filent au second tour"},"content":{"rendered":"\n<p class=\"wp-block-paragraph\"><strong><em>La hi\u00e9rarchie a \u00e9t\u00e9 respect\u00e9e dans la poule F, comme un peu partout. D\u00e9j\u00e0 assur\u00e9s de disputer le tour suivant, le Cameroun et la C\u00f4te d&rsquo;Ivoire ont confirm\u00e9 leur statut. La C\u00f4te d&rsquo;Ivoire renverse le Gabon d\u00e9j\u00e0 \u00e9limin\u00e9.<\/em><\/strong><\/p>\n\n\n\n<p class=\"wp-block-paragraph\">Men\u00e9e, 2-0, la CIV a fini par s&rsquo;imposer 3-2 dans la partie. Jean-Philippe Krasso ou encore Evann Guessand ont marqu\u00e9 pour les El\u00e9phants.<\/p>\n\n\n\n<p class=\"wp-block-paragraph\">Quant au Cameroun, c&rsquo;est l&rsquo;avant-centre du Bayer Leverkusen, qui a sauv\u00e9 les meubles. Men\u00e9 par la nouvelle et derni\u00e8re r\u00e9alisation de Geny Catamo (23e), le Cameroun a \u00e9galis\u00e9 par un contre son camp de N\u00e9n\u00e9, avant que Christian Kofane ne donne la victoire au peuple camerounais.<\/p>\n\n\n<div class=\"wp-block-image\">\n<figure class=\"aligncenter size-full\"><img loading=\"lazy\" decoding=\"async\" width=\"512\" height=\"640\" src=\"https:\/\/macite.tg\/wp-content\/uploads\/2025\/12\/image-88.png\" alt=\"\" class=\"wp-image-27176\" srcset=\"https:\/\/macite.tg\/wp-content\/uploads\/2025\/12\/image-88.png 512w, https:\/\/macite.tg\/wp-content\/uploads\/2025\/12\/image-88-240x300.png 240w\" sizes=\"auto, (max-width: 512px) 100vw, 512px\" \/><\/figure>\n<\/div>\n\n\n<p class=\"wp-block-paragraph\">Les hommes d&rsquo;Emerse Fae terminent premiers avec 07pts (+2). 07pts (+2) \u00e9galement pour le Cameroun. Le Mozambique dispose de 03pts (-1) et le Gabon ferme le groupe avec 0pt (-3).<\/p>\n\n\n\n<p class=\"wp-block-paragraph\"><strong>A.D.<\/strong><\/p>\n\n\n\n<p class=\"wp-block-paragraph\"><a><strong><em>@macite.tg&nbsp;&nbsp;&nbsp;&nbsp;&nbsp;&nbsp;&nbsp;&nbsp;<\/em><\/strong><\/a><\/p>\n\n\n\n<p class=\"wp-block-paragraph\"><strong><em>E-mail&nbsp;: <\/em><\/strong><a href=\"mailto:maciteinfo@gmail.com\"><strong><em>maciteinfo@gmail.com<\/em><\/strong><\/a><strong><em>; <\/em><\/strong><a href=\"mailto:bawela1@gmail.com\"><strong><em>bawela1@gmail.com<\/em><\/strong><\/a><strong><em><\/em><\/strong><\/p>\n\n\n\n<p class=\"wp-block-paragraph\"><strong><em>Pour vos annonces, (publi)reportages, etc., joignez-nous au (00228)91515309\/<strong>79872224 <\/strong><strong><\/strong><\/em><\/strong><\/p>\n\n\n\n<p class=\"wp-block-paragraph\"><strong><em>www.macite.tg, L\u2019information, la bonne&nbsp;!<\/em><\/strong><\/p>\n\n\n\n<p class=\"wp-block-paragraph\"><\/p>\n","protected":false},"excerpt":{"rendered":"<p class=\"text-justify mb-2\" >La hi\u00e9rarchie a \u00e9t\u00e9 respect\u00e9e dans la poule F, comme un peu partout. D\u00e9j\u00e0 assur\u00e9s de disputer le tour suivant, le Cameroun et la C\u00f4te d&rsquo;Ivoire ont confirm\u00e9 leur statut. La C\u00f4te d&rsquo;Ivoire renverse le Gabon d\u00e9j\u00e0 \u00e9limin\u00e9. Men\u00e9e, 2-0, la CIV a fini par [&hellip;]<\/p>\n","protected":false},"author":2,"featured_media":27239,"comment_status":"open","ping_status":"open","sticky":false,"template":"","format":"standard","meta":{"footnotes":""},"categories":[20,63,7],"tags":[],"class_list":["post-27235","post","type-post","status-publish","format-standard","has-post-thumbnail","hentry","category-actualite","category-football","category-sports"],"yoast_head":"<!-- This site is optimized with the Yoast SEO plugin v28.4 - https:\/\/yoast.com\/product\/yoast-seo-wordpress\/ -->\n<title>CAN 2025\/Grp F : Le Cameroun et la C\u00f4te d&#039;Ivoire, main dans la main, filent au second tour -<\/title>\n<meta name=\"robots\" content=\"index, follow, max-snippet:-1, max-image-preview:large, max-video-preview:-1\" \/>\n<link rel=\"canonical\" href=\"https:\/\/macite.tg\/?p=27235\" \/>\n<meta property=\"og:locale\" content=\"fr_FR\" \/>\n<meta property=\"og:type\" content=\"article\" \/>\n<meta property=\"og:title\" content=\"CAN 2025\/Grp F : Le Cameroun et la C\u00f4te d&#039;Ivoire, main dans la main, filent au second tour -\" \/>\n<meta property=\"og:description\" content=\"La hi\u00e9rarchie a \u00e9t\u00e9 respect\u00e9e dans la poule F, comme un peu partout. D\u00e9j\u00e0 assur\u00e9s de disputer le tour suivant, le Cameroun et la C\u00f4te d&rsquo;Ivoire ont confirm\u00e9 leur statut. La C\u00f4te d&rsquo;Ivoire renverse le Gabon d\u00e9j\u00e0 \u00e9limin\u00e9. Men\u00e9e, 2-0, la CIV a fini par [&hellip;]\" \/>\n<meta property=\"og:url\" content=\"https:\/\/macite.tg\/?p=27235\" \/>\n<meta property=\"article:published_time\" content=\"2026-01-01T12:19:35+00:00\" \/>\n<meta property=\"article:modified_time\" content=\"2026-01-01T12:19:41+00:00\" \/>\n<meta property=\"og:image\" content=\"https:\/\/macite.tg\/wp-content\/uploads\/2026\/01\/Cameroun-CI_8e.jpg\" \/>\n\t<meta property=\"og:image:width\" content=\"500\" \/>\n\t<meta property=\"og:image:height\" content=\"154\" \/>\n\t<meta property=\"og:image:type\" content=\"image\/jpeg\" \/>\n<meta name=\"author\" content=\"Jean Pierre BAWELA\" \/>\n<meta name=\"twitter:card\" content=\"summary_large_image\" \/>\n<meta name=\"twitter:label1\" content=\"\u00c9crit par\" \/>\n\t<meta name=\"twitter:data1\" content=\"Jean Pierre BAWELA\" \/>\n\t<meta name=\"twitter:label2\" content=\"Dur\u00e9e de lecture estim\u00e9e\" \/>\n\t<meta name=\"twitter:data2\" content=\"2 minutes\" \/>\n<script type=\"application\/ld+json\" class=\"yoast-schema-graph\">{\"@context\":\"https:\\\/\\\/schema.org\",\"@graph\":[{\"@type\":\"Article\",\"@id\":\"https:\\\/\\\/macite.tg\\\/?p=27235#article\",\"isPartOf\":{\"@id\":\"https:\\\/\\\/macite.tg\\\/?p=27235\"},\"author\":{\"name\":\"Jean Pierre BAWELA\",\"@id\":\"https:\\\/\\\/macite.tg\\\/#\\\/schema\\\/person\\\/e9f2de7e5dbbe7770a9402c7ce82f5c2\"},\"headline\":\"CAN 2025\\\/Grp F : Le Cameroun et la C\u00f4te d&rsquo;Ivoire, main dans la main, filent au second tour\",\"datePublished\":\"2026-01-01T12:19:35+00:00\",\"dateModified\":\"2026-01-01T12:19:41+00:00\",\"mainEntityOfPage\":{\"@id\":\"https:\\\/\\\/macite.tg\\\/?p=27235\"},\"wordCount\":208,\"commentCount\":0,\"image\":{\"@id\":\"https:\\\/\\\/macite.tg\\\/?p=27235#primaryimage\"},\"thumbnailUrl\":\"https:\\\/\\\/macite.tg\\\/wp-content\\\/uploads\\\/2026\\\/01\\\/Cameroun-CI_8e.jpg\",\"articleSection\":[\"ACTUALITE\",\"FOOTBALL\",\"SPORTS\"],\"inLanguage\":\"fr-FR\",\"potentialAction\":[{\"@type\":\"CommentAction\",\"name\":\"Comment\",\"target\":[\"https:\\\/\\\/macite.tg\\\/?p=27235#respond\"]}]},{\"@type\":\"WebPage\",\"@id\":\"https:\\\/\\\/macite.tg\\\/?p=27235\",\"url\":\"https:\\\/\\\/macite.tg\\\/?p=27235\",\"name\":\"CAN 2025\\\/Grp F : Le Cameroun et la C\u00f4te d'Ivoire, main dans la main, filent au second tour -\",\"isPartOf\":{\"@id\":\"https:\\\/\\\/macite.tg\\\/#website\"},\"primaryImageOfPage\":{\"@id\":\"https:\\\/\\\/macite.tg\\\/?p=27235#primaryimage\"},\"image\":{\"@id\":\"https:\\\/\\\/macite.tg\\\/?p=27235#primaryimage\"},\"thumbnailUrl\":\"https:\\\/\\\/macite.tg\\\/wp-content\\\/uploads\\\/2026\\\/01\\\/Cameroun-CI_8e.jpg\",\"datePublished\":\"2026-01-01T12:19:35+00:00\",\"dateModified\":\"2026-01-01T12:19:41+00:00\",\"author\":{\"@id\":\"https:\\\/\\\/macite.tg\\\/#\\\/schema\\\/person\\\/e9f2de7e5dbbe7770a9402c7ce82f5c2\"},\"breadcrumb\":{\"@id\":\"https:\\\/\\\/macite.tg\\\/?p=27235#breadcrumb\"},\"inLanguage\":\"fr-FR\",\"potentialAction\":[{\"@type\":\"ReadAction\",\"target\":[\"https:\\\/\\\/macite.tg\\\/?p=27235\"]}]},{\"@type\":\"ImageObject\",\"inLanguage\":\"fr-FR\",\"@id\":\"https:\\\/\\\/macite.tg\\\/?p=27235#primaryimage\",\"url\":\"https:\\\/\\\/macite.tg\\\/wp-content\\\/uploads\\\/2026\\\/01\\\/Cameroun-CI_8e.jpg\",\"contentUrl\":\"https:\\\/\\\/macite.tg\\\/wp-content\\\/uploads\\\/2026\\\/01\\\/Cameroun-CI_8e.jpg\",\"width\":500,\"height\":154},{\"@type\":\"BreadcrumbList\",\"@id\":\"https:\\\/\\\/macite.tg\\\/?p=27235#breadcrumb\",\"itemListElement\":[{\"@type\":\"ListItem\",\"position\":1,\"name\":\"Accueil\",\"item\":\"https:\\\/\\\/macite.tg\\\/\"},{\"@type\":\"ListItem\",\"position\":2,\"name\":\"CAN 2025\\\/Grp F : Le Cameroun et la C\u00f4te d&rsquo;Ivoire, main dans la main, filent au second tour\"}]},{\"@type\":\"WebSite\",\"@id\":\"https:\\\/\\\/macite.tg\\\/#website\",\"url\":\"https:\\\/\\\/macite.tg\\\/\",\"name\":\"\",\"description\":\"L&#039;information, la bonne!!!\",\"potentialAction\":[{\"@type\":\"SearchAction\",\"target\":{\"@type\":\"EntryPoint\",\"urlTemplate\":\"https:\\\/\\\/macite.tg\\\/?s={search_term_string}\"},\"query-input\":{\"@type\":\"PropertyValueSpecification\",\"valueRequired\":true,\"valueName\":\"search_term_string\"}}],\"inLanguage\":\"fr-FR\"},{\"@type\":\"Person\",\"@id\":\"https:\\\/\\\/macite.tg\\\/#\\\/schema\\\/person\\\/e9f2de7e5dbbe7770a9402c7ce82f5c2\",\"name\":\"Jean Pierre BAWELA\",\"image\":{\"@type\":\"ImageObject\",\"inLanguage\":\"fr-FR\",\"@id\":\"https:\\\/\\\/macite.tg\\\/wp-content\\\/uploads\\\/2023\\\/09\\\/WhatsApp-Image-2023-09-19-at-14.44.41-122x122.jpeg\",\"url\":\"https:\\\/\\\/macite.tg\\\/wp-content\\\/uploads\\\/2023\\\/09\\\/WhatsApp-Image-2023-09-19-at-14.44.41-122x122.jpeg\",\"contentUrl\":\"https:\\\/\\\/macite.tg\\\/wp-content\\\/uploads\\\/2023\\\/09\\\/WhatsApp-Image-2023-09-19-at-14.44.41-122x122.jpeg\",\"caption\":\"Jean Pierre BAWELA\"},\"url\":\"https:\\\/\\\/macite.tg\\\/?author=2\"}]}<\/script>\n<!-- \/ Yoast SEO plugin. -->","yoast_head_json":{"title":"CAN 2025\/Grp F : Le Cameroun et la C\u00f4te d'Ivoire, main dans la main, filent au second tour -","robots":{"index":"index","follow":"follow","max-snippet":"max-snippet:-1","max-image-preview":"max-image-preview:large","max-video-preview":"max-video-preview:-1"},"canonical":"https:\/\/macite.tg\/?p=27235","og_locale":"fr_FR","og_type":"article","og_title":"CAN 2025\/Grp F : Le Cameroun et la C\u00f4te d'Ivoire, main dans la main, filent au second tour -","og_description":"La hi\u00e9rarchie a \u00e9t\u00e9 respect\u00e9e dans la poule F, comme un peu partout. D\u00e9j\u00e0 assur\u00e9s de disputer le tour suivant, le Cameroun et la C\u00f4te d&rsquo;Ivoire ont confirm\u00e9 leur statut. La C\u00f4te d&rsquo;Ivoire renverse le Gabon d\u00e9j\u00e0 \u00e9limin\u00e9. Men\u00e9e, 2-0, la CIV a fini par [&hellip;]","og_url":"https:\/\/macite.tg\/?p=27235","article_published_time":"2026-01-01T12:19:35+00:00","article_modified_time":"2026-01-01T12:19:41+00:00","og_image":[{"width":500,"height":154,"url":"https:\/\/macite.tg\/wp-content\/uploads\/2026\/01\/Cameroun-CI_8e.jpg","type":"image\/jpeg"}],"author":"Jean Pierre BAWELA","twitter_card":"summary_large_image","twitter_misc":{"\u00c9crit par":"Jean Pierre BAWELA","Dur\u00e9e de lecture estim\u00e9e":"2 minutes"},"schema":{"@context":"https:\/\/schema.org","@graph":[{"@type":"Article","@id":"https:\/\/macite.tg\/?p=27235#article","isPartOf":{"@id":"https:\/\/macite.tg\/?p=27235"},"author":{"name":"Jean Pierre BAWELA","@id":"https:\/\/macite.tg\/#\/schema\/person\/e9f2de7e5dbbe7770a9402c7ce82f5c2"},"headline":"CAN 2025\/Grp F : Le Cameroun et la C\u00f4te d&rsquo;Ivoire, main dans la main, filent au second tour","datePublished":"2026-01-01T12:19:35+00:00","dateModified":"2026-01-01T12:19:41+00:00","mainEntityOfPage":{"@id":"https:\/\/macite.tg\/?p=27235"},"wordCount":208,"commentCount":0,"image":{"@id":"https:\/\/macite.tg\/?p=27235#primaryimage"},"thumbnailUrl":"https:\/\/macite.tg\/wp-content\/uploads\/2026\/01\/Cameroun-CI_8e.jpg","articleSection":["ACTUALITE","FOOTBALL","SPORTS"],"inLanguage":"fr-FR","potentialAction":[{"@type":"CommentAction","name":"Comment","target":["https:\/\/macite.tg\/?p=27235#respond"]}]},{"@type":"WebPage","@id":"https:\/\/macite.tg\/?p=27235","url":"https:\/\/macite.tg\/?p=27235","name":"CAN 2025\/Grp F : Le Cameroun et la C\u00f4te d'Ivoire, main dans la main, filent au second tour -","isPartOf":{"@id":"https:\/\/macite.tg\/#website"},"primaryImageOfPage":{"@id":"https:\/\/macite.tg\/?p=27235#primaryimage"},"image":{"@id":"https:\/\/macite.tg\/?p=27235#primaryimage"},"thumbnailUrl":"https:\/\/macite.tg\/wp-content\/uploads\/2026\/01\/Cameroun-CI_8e.jpg","datePublished":"2026-01-01T12:19:35+00:00","dateModified":"2026-01-01T12:19:41+00:00","author":{"@id":"https:\/\/macite.tg\/#\/schema\/person\/e9f2de7e5dbbe7770a9402c7ce82f5c2"},"breadcrumb":{"@id":"https:\/\/macite.tg\/?p=27235#breadcrumb"},"inLanguage":"fr-FR","potentialAction":[{"@type":"ReadAction","target":["https:\/\/macite.tg\/?p=27235"]}]},{"@type":"ImageObject","inLanguage":"fr-FR","@id":"https:\/\/macite.tg\/?p=27235#primaryimage","url":"https:\/\/macite.tg\/wp-content\/uploads\/2026\/01\/Cameroun-CI_8e.jpg","contentUrl":"https:\/\/macite.tg\/wp-content\/uploads\/2026\/01\/Cameroun-CI_8e.jpg","width":500,"height":154},{"@type":"BreadcrumbList","@id":"https:\/\/macite.tg\/?p=27235#breadcrumb","itemListElement":[{"@type":"ListItem","position":1,"name":"Accueil","item":"https:\/\/macite.tg\/"},{"@type":"ListItem","position":2,"name":"CAN 2025\/Grp F : Le Cameroun et la C\u00f4te d&rsquo;Ivoire, main dans la main, filent au second tour"}]},{"@type":"WebSite","@id":"https:\/\/macite.tg\/#website","url":"https:\/\/macite.tg\/","name":"","description":"L&#039;information, la bonne!!!","potentialAction":[{"@type":"SearchAction","target":{"@type":"EntryPoint","urlTemplate":"https:\/\/macite.tg\/?s={search_term_string}"},"query-input":{"@type":"PropertyValueSpecification","valueRequired":true,"valueName":"search_term_string"}}],"inLanguage":"fr-FR"},{"@type":"Person","@id":"https:\/\/macite.tg\/#\/schema\/person\/e9f2de7e5dbbe7770a9402c7ce82f5c2","name":"Jean Pierre BAWELA","image":{"@type":"ImageObject","inLanguage":"fr-FR","@id":"https:\/\/macite.tg\/wp-content\/uploads\/2023\/09\/WhatsApp-Image-2023-09-19-at-14.44.41-122x122.jpeg","url":"https:\/\/macite.tg\/wp-content\/uploads\/2023\/09\/WhatsApp-Image-2023-09-19-at-14.44.41-122x122.jpeg","contentUrl":"https:\/\/macite.tg\/wp-content\/uploads\/2023\/09\/WhatsApp-Image-2023-09-19-at-14.44.41-122x122.jpeg","caption":"Jean Pierre BAWELA"},"url":"https:\/\/macite.tg\/?author=2"}]}},"_links":{"self":[{"href":"https:\/\/macite.tg\/index.php?rest_route=\/wp\/v2\/posts\/27235","targetHints":{"allow":["GET"]}}],"collection":[{"href":"https:\/\/macite.tg\/index.php?rest_route=\/wp\/v2\/posts"}],"about":[{"href":"https:\/\/macite.tg\/index.php?rest_route=\/wp\/v2\/types\/post"}],"author":[{"embeddable":true,"href":"https:\/\/macite.tg\/index.php?rest_route=\/wp\/v2\/users\/2"}],"replies":[{"embeddable":true,"href":"https:\/\/macite.tg\/index.php?rest_route=%2Fwp%2Fv2%2Fcomments&post=27235"}],"version-history":[{"count":0,"href":"https:\/\/macite.tg\/index.php?rest_route=\/wp\/v2\/posts\/27235\/revisions"}],"wp:featuredmedia":[{"embeddable":true,"href":"https:\/\/macite.tg\/index.php?rest_route=\/wp\/v2\/media\/27239"}],"wp:attachment":[{"href":"https:\/\/macite.tg\/index.php?rest_route=%2Fwp%2Fv2%2Fmedia&parent=27235"}],"wp:term":[{"taxonomy":"category","embeddable":true,"href":"https:\/\/macite.tg\/index.php?rest_route=%2Fwp%2Fv2%2Fcategories&post=27235"},{"taxonomy":"post_tag","embeddable":true,"href":"https:\/\/macite.tg\/index.php?rest_route=%2Fwp%2Fv2%2Ftags&post=27235"}],"curies":[{"name":"wp","href":"https:\/\/api.w.org\/{rel}","templated":true}]}}