{"id":27232,"date":"2025-12-31T16:38:00","date_gmt":"2025-12-31T16:38:00","guid":{"rendered":"https:\/\/macite.tg\/?p=27232"},"modified":"2025-12-31T16:38:13","modified_gmt":"2025-12-31T16:38:13","slug":"reveillon-du-nouvel-an-2026-des-feux-dartifices-au-programme-a-lome-et-a-kara","status":"publish","type":"post","link":"https:\/\/macite.tg\/?p=27232","title":{"rendered":"REVEILLON DU NOUVEL AN 2026: Des feux d\u2019artifices au programme \u00e0 Lom\u00e9 et \u00e0 Kara"},"content":{"rendered":"\n<p class=\"wp-block-paragraph\"><strong><em>Dans le cadre des festivit\u00e9s de fin d\u2019ann\u00e9e, le ministre de la S\u00e9curit\u00e9, le colonel Calixte Batossie Madjoulba, informe l\u2019opinion qu\u2019il est pr\u00e9vu, pour le r\u00e9veillon du nouvel an, des tirs de feux d\u2019artifice, notamment \u00e0 Lom\u00e9 et \u00e0 Kara.<\/em><\/strong><\/p>\n\n\n\n<p class=\"wp-block-paragraph\">Dans le souci de pr\u00e9server la s\u00e9curit\u00e9 des personnes et des biens, et dans l\u2019optique de garantir le bon d\u00e9roulement de ces manifestations, il est pr\u00e9vu des d\u00e9viations temporaires de la circulation routi\u00e8re, ceci aux abords des sites concern\u00e9s.<\/p>\n\n\n<div class=\"wp-block-image\">\n<figure class=\"aligncenter size-full is-resized\"><img loading=\"lazy\" decoding=\"async\" width=\"690\" height=\"170\" src=\"https:\/\/macite.tg\/wp-content\/uploads\/2025\/12\/OTR_TVM.jpg\" alt=\"\" class=\"wp-image-27077\" style=\"width:840px;height:auto\" srcset=\"https:\/\/macite.tg\/wp-content\/uploads\/2025\/12\/OTR_TVM.jpg 690w, https:\/\/macite.tg\/wp-content\/uploads\/2025\/12\/OTR_TVM-300x74.jpg 300w\" sizes=\"auto, (max-width: 690px) 100vw, 690px\" \/><\/figure>\n<\/div>\n\n\n<p class=\"wp-block-paragraph\">Il s\u2019agit, notamment&nbsp;;<\/p>\n\n\n\n<p class=\"wp-block-paragraph\">A Lom\u00e9&nbsp;:<\/p>\n\n\n\n<p class=\"wp-block-paragraph\">&#8211; du carrefour Colombe de la Paix (CALIENTE)&nbsp;: du 31 d\u00e9cembre 2025 \u00e0 14 heures au 02 janvier 2026 \u00e0 06 heures&nbsp;;<\/p>\n\n\n\n<p class=\"wp-block-paragraph\">&#8211; Carrefour Deux Lions&nbsp;: du 31 d\u00e9cembre 2025 \u00e0 15 heures au 1<sup>er<\/sup> janvier 2026 \u00e0 06 heures.<\/p>\n\n\n\n<p class=\"wp-block-paragraph\">A Kara&nbsp;: au Palais des congr\u00e8s et \u00e0 Pya&nbsp;: du 31 d\u00e9cembre 2025 \u00e0 16 heures au 1<sup>er<\/sup> Janvier 2026 \u00e0 06 heures&nbsp;;<\/p>\n\n\n\n<figure class=\"wp-block-image size-full\"><img loading=\"lazy\" decoding=\"async\" width=\"851\" height=\"315\" src=\"https:\/\/macite.tg\/wp-content\/uploads\/2025\/12\/OTR_Ferer-pour-batir-1-1.jpg\" alt=\"\" class=\"wp-image-27032\" srcset=\"https:\/\/macite.tg\/wp-content\/uploads\/2025\/12\/OTR_Ferer-pour-batir-1-1.jpg 851w, https:\/\/macite.tg\/wp-content\/uploads\/2025\/12\/OTR_Ferer-pour-batir-1-1-300x111.jpg 300w, https:\/\/macite.tg\/wp-content\/uploads\/2025\/12\/OTR_Ferer-pour-batir-1-1-768x284.jpg 768w\" sizes=\"auto, (max-width: 851px) 100vw, 851px\" \/><\/figure>\n\n\n\n<p class=\"wp-block-paragraph\">Tout en invitant les <em>\u00ab&nbsp;usagers de la route et les populations riveraines \u00e0 prendre toutes les dispositions n\u00e9cessaires afin de respecter les itin\u00e9raires de d\u00e9viation qui seront indiqu\u00e9s et \u00e0 se conformer strictement aux consignes des forces de s\u00e9curit\u00e9&nbsp;\u00bb, <\/em>le ministre de la S\u00e9curit\u00e9 dit <em>\u00ab&nbsp;compter&nbsp;sur le civisme et la compr\u00e9hension de tous pour le bon d\u00e9roulement des festivit\u00e9s dans un climat de paix et de s\u00e9curit\u00e9&nbsp;\u00bb.<\/em><\/p>\n\n\n\n<p class=\"wp-block-paragraph\"><strong>La R\u00e9daction<\/strong><\/p>\n\n\n\n<p class=\"wp-block-paragraph\"><a><strong><em>@macite.tg&nbsp;&nbsp;&nbsp;&nbsp;&nbsp;&nbsp;&nbsp;&nbsp;<\/em><\/strong><\/a><\/p>\n\n\n\n<p class=\"wp-block-paragraph\"><strong><em>E-mail&nbsp;: <\/em><\/strong><a href=\"mailto:maciteinfo@gmail.com\"><strong><em>maciteinfo@gmail.com<\/em><\/strong><\/a><strong><em>; <\/em><\/strong><a href=\"mailto:bawela1@gmail.com\"><strong><em>bawela1@gmail.com<\/em><\/strong><\/a><strong><em><\/em><\/strong><\/p>\n\n\n\n<p class=\"wp-block-paragraph\"><strong><em>Pour vos annonces, (publi)reportages, etc., joignez-nous au (00228)91515309\/<strong>79872224 <\/strong><strong><\/strong><\/em><\/strong><\/p>\n\n\n\n<p class=\"wp-block-paragraph\"><strong><em>www.macite.tg, L\u2019information, la bonne&nbsp;!<\/em><\/strong><\/p>\n\n\n\n<p class=\"wp-block-paragraph\"><\/p>\n","protected":false},"excerpt":{"rendered":"<p class=\"text-justify mb-2\" >Dans le cadre des festivit\u00e9s de fin d\u2019ann\u00e9e, le ministre de la S\u00e9curit\u00e9, le colonel Calixte Batossie Madjoulba, informe l\u2019opinion qu\u2019il est pr\u00e9vu, pour le r\u00e9veillon du nouvel an, des tirs de feux d\u2019artifice, notamment \u00e0 Lom\u00e9 et \u00e0 Kara. Dans le souci de pr\u00e9server [&hellip;]<\/p>\n","protected":false},"author":2,"featured_media":27233,"comment_status":"open","ping_status":"open","sticky":false,"template":"","format":"standard","meta":{"footnotes":""},"categories":[20,6],"tags":[],"class_list":["post-27232","post","type-post","status-publish","format-standard","has-post-thumbnail","hentry","category-actualite","category-societe"],"yoast_head":"<!-- This site is optimized with the Yoast SEO plugin v28.4 - https:\/\/yoast.com\/product\/yoast-seo-wordpress\/ -->\n<title>REVEILLON DU NOUVEL AN 2026: Des feux d\u2019artifices au programme \u00e0 Lom\u00e9 et \u00e0 Kara -<\/title>\n<meta name=\"robots\" content=\"index, follow, max-snippet:-1, max-image-preview:large, max-video-preview:-1\" \/>\n<link rel=\"canonical\" href=\"https:\/\/macite.tg\/?p=27232\" \/>\n<meta property=\"og:locale\" content=\"fr_FR\" \/>\n<meta property=\"og:type\" content=\"article\" \/>\n<meta property=\"og:title\" content=\"REVEILLON DU NOUVEL AN 2026: Des feux d\u2019artifices au programme \u00e0 Lom\u00e9 et \u00e0 Kara -\" \/>\n<meta property=\"og:description\" content=\"Dans le cadre des festivit\u00e9s de fin d\u2019ann\u00e9e, le ministre de la S\u00e9curit\u00e9, le colonel Calixte Batossie Madjoulba, informe l\u2019opinion qu\u2019il est pr\u00e9vu, pour le r\u00e9veillon du nouvel an, des tirs de feux d\u2019artifice, notamment \u00e0 Lom\u00e9 et \u00e0 Kara. Dans le souci de pr\u00e9server [&hellip;]\" \/>\n<meta property=\"og:url\" content=\"https:\/\/macite.tg\/?p=27232\" \/>\n<meta property=\"article:published_time\" content=\"2025-12-31T16:38:00+00:00\" \/>\n<meta property=\"article:modified_time\" content=\"2025-12-31T16:38:13+00:00\" \/>\n<meta property=\"og:image\" content=\"https:\/\/macite.tg\/wp-content\/uploads\/2025\/12\/2026.jpg\" \/>\n\t<meta property=\"og:image:width\" content=\"500\" \/>\n\t<meta property=\"og:image:height\" content=\"117\" \/>\n\t<meta property=\"og:image:type\" content=\"image\/jpeg\" \/>\n<meta name=\"author\" content=\"Jean Pierre BAWELA\" \/>\n<meta name=\"twitter:card\" content=\"summary_large_image\" \/>\n<meta name=\"twitter:label1\" content=\"\u00c9crit par\" \/>\n\t<meta name=\"twitter:data1\" content=\"Jean Pierre BAWELA\" \/>\n\t<meta name=\"twitter:label2\" content=\"Dur\u00e9e de lecture estim\u00e9e\" \/>\n\t<meta name=\"twitter:data2\" content=\"2 minutes\" \/>\n<script type=\"application\/ld+json\" class=\"yoast-schema-graph\">{\"@context\":\"https:\\\/\\\/schema.org\",\"@graph\":[{\"@type\":\"Article\",\"@id\":\"https:\\\/\\\/macite.tg\\\/?p=27232#article\",\"isPartOf\":{\"@id\":\"https:\\\/\\\/macite.tg\\\/?p=27232\"},\"author\":{\"name\":\"Jean Pierre BAWELA\",\"@id\":\"https:\\\/\\\/macite.tg\\\/#\\\/schema\\\/person\\\/e9f2de7e5dbbe7770a9402c7ce82f5c2\"},\"headline\":\"REVEILLON DU NOUVEL AN 2026: Des feux d\u2019artifices au programme \u00e0 Lom\u00e9 et \u00e0 Kara\",\"datePublished\":\"2025-12-31T16:38:00+00:00\",\"dateModified\":\"2025-12-31T16:38:13+00:00\",\"mainEntityOfPage\":{\"@id\":\"https:\\\/\\\/macite.tg\\\/?p=27232\"},\"wordCount\":283,\"commentCount\":0,\"image\":{\"@id\":\"https:\\\/\\\/macite.tg\\\/?p=27232#primaryimage\"},\"thumbnailUrl\":\"https:\\\/\\\/macite.tg\\\/wp-content\\\/uploads\\\/2025\\\/12\\\/2026.jpg\",\"articleSection\":[\"ACTUALITE\",\"SOCIETE\"],\"inLanguage\":\"fr-FR\",\"potentialAction\":[{\"@type\":\"CommentAction\",\"name\":\"Comment\",\"target\":[\"https:\\\/\\\/macite.tg\\\/?p=27232#respond\"]}]},{\"@type\":\"WebPage\",\"@id\":\"https:\\\/\\\/macite.tg\\\/?p=27232\",\"url\":\"https:\\\/\\\/macite.tg\\\/?p=27232\",\"name\":\"REVEILLON DU NOUVEL AN 2026: Des feux d\u2019artifices au programme \u00e0 Lom\u00e9 et \u00e0 Kara -\",\"isPartOf\":{\"@id\":\"https:\\\/\\\/macite.tg\\\/#website\"},\"primaryImageOfPage\":{\"@id\":\"https:\\\/\\\/macite.tg\\\/?p=27232#primaryimage\"},\"image\":{\"@id\":\"https:\\\/\\\/macite.tg\\\/?p=27232#primaryimage\"},\"thumbnailUrl\":\"https:\\\/\\\/macite.tg\\\/wp-content\\\/uploads\\\/2025\\\/12\\\/2026.jpg\",\"datePublished\":\"2025-12-31T16:38:00+00:00\",\"dateModified\":\"2025-12-31T16:38:13+00:00\",\"author\":{\"@id\":\"https:\\\/\\\/macite.tg\\\/#\\\/schema\\\/person\\\/e9f2de7e5dbbe7770a9402c7ce82f5c2\"},\"breadcrumb\":{\"@id\":\"https:\\\/\\\/macite.tg\\\/?p=27232#breadcrumb\"},\"inLanguage\":\"fr-FR\",\"potentialAction\":[{\"@type\":\"ReadAction\",\"target\":[\"https:\\\/\\\/macite.tg\\\/?p=27232\"]}]},{\"@type\":\"ImageObject\",\"inLanguage\":\"fr-FR\",\"@id\":\"https:\\\/\\\/macite.tg\\\/?p=27232#primaryimage\",\"url\":\"https:\\\/\\\/macite.tg\\\/wp-content\\\/uploads\\\/2025\\\/12\\\/2026.jpg\",\"contentUrl\":\"https:\\\/\\\/macite.tg\\\/wp-content\\\/uploads\\\/2025\\\/12\\\/2026.jpg\",\"width\":500,\"height\":117},{\"@type\":\"BreadcrumbList\",\"@id\":\"https:\\\/\\\/macite.tg\\\/?p=27232#breadcrumb\",\"itemListElement\":[{\"@type\":\"ListItem\",\"position\":1,\"name\":\"Accueil\",\"item\":\"https:\\\/\\\/macite.tg\\\/\"},{\"@type\":\"ListItem\",\"position\":2,\"name\":\"REVEILLON DU NOUVEL AN 2026: Des feux d\u2019artifices au programme \u00e0 Lom\u00e9 et \u00e0 Kara\"}]},{\"@type\":\"WebSite\",\"@id\":\"https:\\\/\\\/macite.tg\\\/#website\",\"url\":\"https:\\\/\\\/macite.tg\\\/\",\"name\":\"\",\"description\":\"L&#039;information, la bonne!!!\",\"potentialAction\":[{\"@type\":\"SearchAction\",\"target\":{\"@type\":\"EntryPoint\",\"urlTemplate\":\"https:\\\/\\\/macite.tg\\\/?s={search_term_string}\"},\"query-input\":{\"@type\":\"PropertyValueSpecification\",\"valueRequired\":true,\"valueName\":\"search_term_string\"}}],\"inLanguage\":\"fr-FR\"},{\"@type\":\"Person\",\"@id\":\"https:\\\/\\\/macite.tg\\\/#\\\/schema\\\/person\\\/e9f2de7e5dbbe7770a9402c7ce82f5c2\",\"name\":\"Jean Pierre BAWELA\",\"image\":{\"@type\":\"ImageObject\",\"inLanguage\":\"fr-FR\",\"@id\":\"https:\\\/\\\/macite.tg\\\/wp-content\\\/uploads\\\/2023\\\/09\\\/WhatsApp-Image-2023-09-19-at-14.44.41-122x122.jpeg\",\"url\":\"https:\\\/\\\/macite.tg\\\/wp-content\\\/uploads\\\/2023\\\/09\\\/WhatsApp-Image-2023-09-19-at-14.44.41-122x122.jpeg\",\"contentUrl\":\"https:\\\/\\\/macite.tg\\\/wp-content\\\/uploads\\\/2023\\\/09\\\/WhatsApp-Image-2023-09-19-at-14.44.41-122x122.jpeg\",\"caption\":\"Jean Pierre BAWELA\"},\"url\":\"https:\\\/\\\/macite.tg\\\/?author=2\"}]}<\/script>\n<!-- \/ Yoast SEO plugin. -->","yoast_head_json":{"title":"REVEILLON DU NOUVEL AN 2026: Des feux d\u2019artifices au programme \u00e0 Lom\u00e9 et \u00e0 Kara -","robots":{"index":"index","follow":"follow","max-snippet":"max-snippet:-1","max-image-preview":"max-image-preview:large","max-video-preview":"max-video-preview:-1"},"canonical":"https:\/\/macite.tg\/?p=27232","og_locale":"fr_FR","og_type":"article","og_title":"REVEILLON DU NOUVEL AN 2026: Des feux d\u2019artifices au programme \u00e0 Lom\u00e9 et \u00e0 Kara -","og_description":"Dans le cadre des festivit\u00e9s de fin d\u2019ann\u00e9e, le ministre de la S\u00e9curit\u00e9, le colonel Calixte Batossie Madjoulba, informe l\u2019opinion qu\u2019il est pr\u00e9vu, pour le r\u00e9veillon du nouvel an, des tirs de feux d\u2019artifice, notamment \u00e0 Lom\u00e9 et \u00e0 Kara. Dans le souci de pr\u00e9server [&hellip;]","og_url":"https:\/\/macite.tg\/?p=27232","article_published_time":"2025-12-31T16:38:00+00:00","article_modified_time":"2025-12-31T16:38:13+00:00","og_image":[{"width":500,"height":117,"url":"https:\/\/macite.tg\/wp-content\/uploads\/2025\/12\/2026.jpg","type":"image\/jpeg"}],"author":"Jean Pierre BAWELA","twitter_card":"summary_large_image","twitter_misc":{"\u00c9crit par":"Jean Pierre BAWELA","Dur\u00e9e de lecture estim\u00e9e":"2 minutes"},"schema":{"@context":"https:\/\/schema.org","@graph":[{"@type":"Article","@id":"https:\/\/macite.tg\/?p=27232#article","isPartOf":{"@id":"https:\/\/macite.tg\/?p=27232"},"author":{"name":"Jean Pierre BAWELA","@id":"https:\/\/macite.tg\/#\/schema\/person\/e9f2de7e5dbbe7770a9402c7ce82f5c2"},"headline":"REVEILLON DU NOUVEL AN 2026: Des feux d\u2019artifices au programme \u00e0 Lom\u00e9 et \u00e0 Kara","datePublished":"2025-12-31T16:38:00+00:00","dateModified":"2025-12-31T16:38:13+00:00","mainEntityOfPage":{"@id":"https:\/\/macite.tg\/?p=27232"},"wordCount":283,"commentCount":0,"image":{"@id":"https:\/\/macite.tg\/?p=27232#primaryimage"},"thumbnailUrl":"https:\/\/macite.tg\/wp-content\/uploads\/2025\/12\/2026.jpg","articleSection":["ACTUALITE","SOCIETE"],"inLanguage":"fr-FR","potentialAction":[{"@type":"CommentAction","name":"Comment","target":["https:\/\/macite.tg\/?p=27232#respond"]}]},{"@type":"WebPage","@id":"https:\/\/macite.tg\/?p=27232","url":"https:\/\/macite.tg\/?p=27232","name":"REVEILLON DU NOUVEL AN 2026: Des feux d\u2019artifices au programme \u00e0 Lom\u00e9 et \u00e0 Kara -","isPartOf":{"@id":"https:\/\/macite.tg\/#website"},"primaryImageOfPage":{"@id":"https:\/\/macite.tg\/?p=27232#primaryimage"},"image":{"@id":"https:\/\/macite.tg\/?p=27232#primaryimage"},"thumbnailUrl":"https:\/\/macite.tg\/wp-content\/uploads\/2025\/12\/2026.jpg","datePublished":"2025-12-31T16:38:00+00:00","dateModified":"2025-12-31T16:38:13+00:00","author":{"@id":"https:\/\/macite.tg\/#\/schema\/person\/e9f2de7e5dbbe7770a9402c7ce82f5c2"},"breadcrumb":{"@id":"https:\/\/macite.tg\/?p=27232#breadcrumb"},"inLanguage":"fr-FR","potentialAction":[{"@type":"ReadAction","target":["https:\/\/macite.tg\/?p=27232"]}]},{"@type":"ImageObject","inLanguage":"fr-FR","@id":"https:\/\/macite.tg\/?p=27232#primaryimage","url":"https:\/\/macite.tg\/wp-content\/uploads\/2025\/12\/2026.jpg","contentUrl":"https:\/\/macite.tg\/wp-content\/uploads\/2025\/12\/2026.jpg","width":500,"height":117},{"@type":"BreadcrumbList","@id":"https:\/\/macite.tg\/?p=27232#breadcrumb","itemListElement":[{"@type":"ListItem","position":1,"name":"Accueil","item":"https:\/\/macite.tg\/"},{"@type":"ListItem","position":2,"name":"REVEILLON DU NOUVEL AN 2026: Des feux d\u2019artifices au programme \u00e0 Lom\u00e9 et \u00e0 Kara"}]},{"@type":"WebSite","@id":"https:\/\/macite.tg\/#website","url":"https:\/\/macite.tg\/","name":"","description":"L&#039;information, la bonne!!!","potentialAction":[{"@type":"SearchAction","target":{"@type":"EntryPoint","urlTemplate":"https:\/\/macite.tg\/?s={search_term_string}"},"query-input":{"@type":"PropertyValueSpecification","valueRequired":true,"valueName":"search_term_string"}}],"inLanguage":"fr-FR"},{"@type":"Person","@id":"https:\/\/macite.tg\/#\/schema\/person\/e9f2de7e5dbbe7770a9402c7ce82f5c2","name":"Jean Pierre BAWELA","image":{"@type":"ImageObject","inLanguage":"fr-FR","@id":"https:\/\/macite.tg\/wp-content\/uploads\/2023\/09\/WhatsApp-Image-2023-09-19-at-14.44.41-122x122.jpeg","url":"https:\/\/macite.tg\/wp-content\/uploads\/2023\/09\/WhatsApp-Image-2023-09-19-at-14.44.41-122x122.jpeg","contentUrl":"https:\/\/macite.tg\/wp-content\/uploads\/2023\/09\/WhatsApp-Image-2023-09-19-at-14.44.41-122x122.jpeg","caption":"Jean Pierre BAWELA"},"url":"https:\/\/macite.tg\/?author=2"}]}},"_links":{"self":[{"href":"https:\/\/macite.tg\/index.php?rest_route=\/wp\/v2\/posts\/27232","targetHints":{"allow":["GET"]}}],"collection":[{"href":"https:\/\/macite.tg\/index.php?rest_route=\/wp\/v2\/posts"}],"about":[{"href":"https:\/\/macite.tg\/index.php?rest_route=\/wp\/v2\/types\/post"}],"author":[{"embeddable":true,"href":"https:\/\/macite.tg\/index.php?rest_route=\/wp\/v2\/users\/2"}],"replies":[{"embeddable":true,"href":"https:\/\/macite.tg\/index.php?rest_route=%2Fwp%2Fv2%2Fcomments&post=27232"}],"version-history":[{"count":0,"href":"https:\/\/macite.tg\/index.php?rest_route=\/wp\/v2\/posts\/27232\/revisions"}],"wp:featuredmedia":[{"embeddable":true,"href":"https:\/\/macite.tg\/index.php?rest_route=\/wp\/v2\/media\/27233"}],"wp:attachment":[{"href":"https:\/\/macite.tg\/index.php?rest_route=%2Fwp%2Fv2%2Fmedia&parent=27232"}],"wp:term":[{"taxonomy":"category","embeddable":true,"href":"https:\/\/macite.tg\/index.php?rest_route=%2Fwp%2Fv2%2Fcategories&post=27232"},{"taxonomy":"post_tag","embeddable":true,"href":"https:\/\/macite.tg\/index.php?rest_route=%2Fwp%2Fv2%2Ftags&post=27232"}],"curies":[{"name":"wp","href":"https:\/\/api.w.org\/{rel}","templated":true}]}}