{"id":27220,"date":"2025-12-31T15:46:41","date_gmt":"2025-12-31T15:46:41","guid":{"rendered":"https:\/\/macite.tg\/?p=27220"},"modified":"2025-12-31T15:47:12","modified_gmt":"2025-12-31T15:47:12","slug":"presidentielle-en-guinee-mamadi-doumbouya-elu-a-la-sovietique","status":"publish","type":"post","link":"https:\/\/macite.tg\/?p=27220","title":{"rendered":"PRESIDENTIELLE EN GUINEE : Mamadi Doumbouya \u00e9lu \u00e0 la sovi\u00e9tique\u2026"},"content":{"rendered":"\n<p class=\"wp-block-paragraph\"><strong><em>Le pr\u00e9sident de la transition en Guin\u00e9e, Mamadi Doumbouya, a \u00e9t\u00e9 port\u00e9 \u00e0 la magistrature supr\u00eame avec 86,72% des suffrages \u00e0 l\u2019issue de l\u2019\u00e9lection pr\u00e9sidentielle du 28 d\u00e9cembre, selon les donn\u00e9es communiqu\u00e9es, mardi soir, par la Direction g\u00e9n\u00e9rale des \u00e9lections (DGE).<\/em><\/strong><\/p>\n\n\n\n<p class=\"wp-block-paragraph\">D\u2019apr\u00e8s la DGE, le scrutin s\u2019est d\u00e9roul\u00e9 sur l\u2019ensemble du territoire national et \u00e0 l\u2019\u00e9tranger, enregistrant un taux de participation de 80,95%. Ainsi, Mamadi Doumbouya arrive largement en t\u00eate devant ses concurrents, devan\u00e7ant notamment Abdoulaye Y\u00e9ro Bald\u00e9, cr\u00e9dit\u00e9 de 6,59% des voix.<\/p>\n\n\n\n<p class=\"wp-block-paragraph\">Les r\u00e9sultats doivent encore \u00eatre valid\u00e9s par la Cour supr\u00eame de Guin\u00e9e, seule institution habilit\u00e9e \u00e0 proclamer les r\u00e9sultats d\u00e9finitifs de l\u2019\u00e9lection pr\u00e9sidentielle.<\/p>\n\n\n<div class=\"wp-block-image\">\n<figure class=\"aligncenter size-full\"><img loading=\"lazy\" decoding=\"async\" width=\"512\" height=\"640\" src=\"https:\/\/macite.tg\/wp-content\/uploads\/2025\/12\/image-88.png\" alt=\"\" class=\"wp-image-27176\" srcset=\"https:\/\/macite.tg\/wp-content\/uploads\/2025\/12\/image-88.png 512w, https:\/\/macite.tg\/wp-content\/uploads\/2025\/12\/image-88-240x300.png 240w\" sizes=\"auto, (max-width: 512px) 100vw, 512px\" \/><\/figure>\n<\/div>\n\n\n<p class=\"wp-block-paragraph\">Par ailleurs, la mission d\u2019observation de l\u2019Union africaine a salu\u00e9, dans communiqu\u00e9 publi\u00e9 mardi, le scrutin qu\u2019elle a qualifi\u00e9 de cr\u00e9dible et s\u2019\u00e9tant d\u00e9roul\u00e9 dans le calme. De m\u00eame, la mission a \u00e9voqu\u00e9 la possibilit\u00e9 d\u2019un r\u00e9examen des sanctions prises \u00e0 l\u2019encontre de la Guin\u00e9e, tout en appelant \u00e0 des efforts accrus en mati\u00e8re de protection des droits et libert\u00e9s.<\/p>\n\n\n\n<p class=\"wp-block-paragraph\">Neuf candidats \u00e9taient en lice lors de ce scrutin, parmi lesquels Mamadi Doumbouya, candidat ind\u00e9pendant, ainsi qu\u2019Abdoulaye Y\u00e9ro Bald\u00e9, Makal\u00e9 Camara, Ibrahima Ab\u00e9 Sylla, Faya Lansana Millimouno, Abdoulaye Kourouma, Mohamed Nab\u00e9, Elhadj Bouna Keita et Mohamed Ch\u00e9rif Tounkara.<\/p>\n\n\n\n<figure class=\"wp-block-image size-full\"><img loading=\"lazy\" decoding=\"async\" width=\"851\" height=\"315\" src=\"https:\/\/macite.tg\/wp-content\/uploads\/2025\/12\/OTR_Ferer-pour-batir-1-1.jpg\" alt=\"\" class=\"wp-image-27032\" srcset=\"https:\/\/macite.tg\/wp-content\/uploads\/2025\/12\/OTR_Ferer-pour-batir-1-1.jpg 851w, https:\/\/macite.tg\/wp-content\/uploads\/2025\/12\/OTR_Ferer-pour-batir-1-1-300x111.jpg 300w, https:\/\/macite.tg\/wp-content\/uploads\/2025\/12\/OTR_Ferer-pour-batir-1-1-768x284.jpg 768w\" sizes=\"auto, (max-width: 851px) 100vw, 851px\" \/><\/figure>\n\n\n\n<p class=\"wp-block-paragraph\">Pr\u00e9sent\u00e9e par les autorit\u00e9s comme l\u2019aboutissement du calendrier de transition, l\u2019\u00e9lection pr\u00e9sidentielle du 28 d\u00e9cembre doit ouvrir la voie \u00e0 l\u2019installation d\u2019institutions \u00e9lues et \u00e0 la consolidation du processus d\u00e9mocratique en Guin\u00e9e.<\/p>\n\n\n\n<p class=\"wp-block-paragraph\"><strong>MSN<\/strong><\/p>\n\n\n\n<p class=\"wp-block-paragraph\"><a><strong><em>@macite.tg&nbsp;&nbsp;&nbsp;&nbsp;&nbsp;&nbsp;&nbsp;&nbsp;<\/em><\/strong><\/a><\/p>\n\n\n\n<p class=\"wp-block-paragraph\"><strong><em>E-mail&nbsp;: <\/em><\/strong><a href=\"mailto:maciteinfo@gmail.com\"><strong><em>maciteinfo@gmail.com<\/em><\/strong><\/a><strong><em>; <\/em><\/strong><a href=\"mailto:bawela1@gmail.com\"><strong><em>bawela1@gmail.com<\/em><\/strong><\/a><strong><em><\/em><\/strong><\/p>\n\n\n\n<p class=\"wp-block-paragraph\"><strong><em>Pour vos annonces, (publi)reportages, etc., joignez-nous au (00228)91515309\/<strong>79872224 <\/strong><strong><\/strong><\/em><\/strong><\/p>\n\n\n\n<p class=\"wp-block-paragraph\"><strong><em>www.macite.tg, L\u2019information, la bonne&nbsp;!<\/em><\/strong><\/p>\n\n\n\n<p class=\"wp-block-paragraph\"><\/p>\n","protected":false},"excerpt":{"rendered":"<p class=\"text-justify mb-2\" >Le pr\u00e9sident de la transition en Guin\u00e9e, Mamadi Doumbouya, a \u00e9t\u00e9 port\u00e9 \u00e0 la magistrature supr\u00eame avec 86,72% des suffrages \u00e0 l\u2019issue de l\u2019\u00e9lection pr\u00e9sidentielle du 28 d\u00e9cembre, selon les donn\u00e9es communiqu\u00e9es, mardi soir, par la Direction g\u00e9n\u00e9rale des \u00e9lections (DGE). D\u2019apr\u00e8s la DGE, le [&hellip;]<\/p>\n","protected":false},"author":2,"featured_media":27227,"comment_status":"open","ping_status":"open","sticky":false,"template":"","format":"standard","meta":{"footnotes":""},"categories":[20,1],"tags":[],"class_list":["post-27220","post","type-post","status-publish","format-standard","has-post-thumbnail","hentry","category-actualite","category-politique"],"yoast_head":"<!-- This site is optimized with the Yoast SEO plugin v28.4 - https:\/\/yoast.com\/product\/yoast-seo-wordpress\/ -->\n<title>PRESIDENTIELLE EN GUINEE : Mamadi Doumbouya \u00e9lu \u00e0 la sovi\u00e9tique\u2026 -<\/title>\n<meta name=\"robots\" content=\"index, follow, max-snippet:-1, max-image-preview:large, max-video-preview:-1\" \/>\n<link rel=\"canonical\" href=\"https:\/\/macite.tg\/?p=27220\" \/>\n<meta property=\"og:locale\" content=\"fr_FR\" \/>\n<meta property=\"og:type\" content=\"article\" \/>\n<meta property=\"og:title\" content=\"PRESIDENTIELLE EN GUINEE : Mamadi Doumbouya \u00e9lu \u00e0 la sovi\u00e9tique\u2026 -\" \/>\n<meta property=\"og:description\" content=\"Le pr\u00e9sident de la transition en Guin\u00e9e, Mamadi Doumbouya, a \u00e9t\u00e9 port\u00e9 \u00e0 la magistrature supr\u00eame avec 86,72% des suffrages \u00e0 l\u2019issue de l\u2019\u00e9lection pr\u00e9sidentielle du 28 d\u00e9cembre, selon les donn\u00e9es communiqu\u00e9es, mardi soir, par la Direction g\u00e9n\u00e9rale des \u00e9lections (DGE). D\u2019apr\u00e8s la DGE, le [&hellip;]\" \/>\n<meta property=\"og:url\" content=\"https:\/\/macite.tg\/?p=27220\" \/>\n<meta property=\"article:published_time\" content=\"2025-12-31T15:46:41+00:00\" \/>\n<meta property=\"article:modified_time\" content=\"2025-12-31T15:47:12+00:00\" \/>\n<meta property=\"og:image\" content=\"https:\/\/macite.tg\/wp-content\/uploads\/2025\/12\/image-94.png\" \/>\n\t<meta property=\"og:image:width\" content=\"534\" \/>\n\t<meta property=\"og:image:height\" content=\"356\" \/>\n\t<meta property=\"og:image:type\" content=\"image\/png\" \/>\n<meta name=\"author\" content=\"Jean Pierre BAWELA\" \/>\n<meta name=\"twitter:card\" content=\"summary_large_image\" \/>\n<meta name=\"twitter:label1\" content=\"\u00c9crit par\" \/>\n\t<meta name=\"twitter:data1\" content=\"Jean Pierre BAWELA\" \/>\n\t<meta name=\"twitter:label2\" content=\"Dur\u00e9e de lecture estim\u00e9e\" \/>\n\t<meta name=\"twitter:data2\" content=\"2 minutes\" \/>\n<script type=\"application\/ld+json\" class=\"yoast-schema-graph\">{\"@context\":\"https:\\\/\\\/schema.org\",\"@graph\":[{\"@type\":\"Article\",\"@id\":\"https:\\\/\\\/macite.tg\\\/?p=27220#article\",\"isPartOf\":{\"@id\":\"https:\\\/\\\/macite.tg\\\/?p=27220\"},\"author\":{\"name\":\"Jean Pierre BAWELA\",\"@id\":\"https:\\\/\\\/macite.tg\\\/#\\\/schema\\\/person\\\/e9f2de7e5dbbe7770a9402c7ce82f5c2\"},\"headline\":\"PRESIDENTIELLE EN GUINEE : Mamadi Doumbouya \u00e9lu \u00e0 la sovi\u00e9tique\u2026\",\"datePublished\":\"2025-12-31T15:46:41+00:00\",\"dateModified\":\"2025-12-31T15:47:12+00:00\",\"mainEntityOfPage\":{\"@id\":\"https:\\\/\\\/macite.tg\\\/?p=27220\"},\"wordCount\":325,\"commentCount\":0,\"image\":{\"@id\":\"https:\\\/\\\/macite.tg\\\/?p=27220#primaryimage\"},\"thumbnailUrl\":\"https:\\\/\\\/macite.tg\\\/wp-content\\\/uploads\\\/2025\\\/12\\\/image-94.png\",\"articleSection\":[\"ACTUALITE\",\"POLITIQUE\"],\"inLanguage\":\"fr-FR\",\"potentialAction\":[{\"@type\":\"CommentAction\",\"name\":\"Comment\",\"target\":[\"https:\\\/\\\/macite.tg\\\/?p=27220#respond\"]}]},{\"@type\":\"WebPage\",\"@id\":\"https:\\\/\\\/macite.tg\\\/?p=27220\",\"url\":\"https:\\\/\\\/macite.tg\\\/?p=27220\",\"name\":\"PRESIDENTIELLE EN GUINEE : Mamadi Doumbouya \u00e9lu \u00e0 la sovi\u00e9tique\u2026 -\",\"isPartOf\":{\"@id\":\"https:\\\/\\\/macite.tg\\\/#website\"},\"primaryImageOfPage\":{\"@id\":\"https:\\\/\\\/macite.tg\\\/?p=27220#primaryimage\"},\"image\":{\"@id\":\"https:\\\/\\\/macite.tg\\\/?p=27220#primaryimage\"},\"thumbnailUrl\":\"https:\\\/\\\/macite.tg\\\/wp-content\\\/uploads\\\/2025\\\/12\\\/image-94.png\",\"datePublished\":\"2025-12-31T15:46:41+00:00\",\"dateModified\":\"2025-12-31T15:47:12+00:00\",\"author\":{\"@id\":\"https:\\\/\\\/macite.tg\\\/#\\\/schema\\\/person\\\/e9f2de7e5dbbe7770a9402c7ce82f5c2\"},\"breadcrumb\":{\"@id\":\"https:\\\/\\\/macite.tg\\\/?p=27220#breadcrumb\"},\"inLanguage\":\"fr-FR\",\"potentialAction\":[{\"@type\":\"ReadAction\",\"target\":[\"https:\\\/\\\/macite.tg\\\/?p=27220\"]}]},{\"@type\":\"ImageObject\",\"inLanguage\":\"fr-FR\",\"@id\":\"https:\\\/\\\/macite.tg\\\/?p=27220#primaryimage\",\"url\":\"https:\\\/\\\/macite.tg\\\/wp-content\\\/uploads\\\/2025\\\/12\\\/image-94.png\",\"contentUrl\":\"https:\\\/\\\/macite.tg\\\/wp-content\\\/uploads\\\/2025\\\/12\\\/image-94.png\",\"width\":534,\"height\":356},{\"@type\":\"BreadcrumbList\",\"@id\":\"https:\\\/\\\/macite.tg\\\/?p=27220#breadcrumb\",\"itemListElement\":[{\"@type\":\"ListItem\",\"position\":1,\"name\":\"Accueil\",\"item\":\"https:\\\/\\\/macite.tg\\\/\"},{\"@type\":\"ListItem\",\"position\":2,\"name\":\"PRESIDENTIELLE EN GUINEE : Mamadi Doumbouya \u00e9lu \u00e0 la sovi\u00e9tique\u2026\"}]},{\"@type\":\"WebSite\",\"@id\":\"https:\\\/\\\/macite.tg\\\/#website\",\"url\":\"https:\\\/\\\/macite.tg\\\/\",\"name\":\"\",\"description\":\"L&#039;information, la bonne!!!\",\"potentialAction\":[{\"@type\":\"SearchAction\",\"target\":{\"@type\":\"EntryPoint\",\"urlTemplate\":\"https:\\\/\\\/macite.tg\\\/?s={search_term_string}\"},\"query-input\":{\"@type\":\"PropertyValueSpecification\",\"valueRequired\":true,\"valueName\":\"search_term_string\"}}],\"inLanguage\":\"fr-FR\"},{\"@type\":\"Person\",\"@id\":\"https:\\\/\\\/macite.tg\\\/#\\\/schema\\\/person\\\/e9f2de7e5dbbe7770a9402c7ce82f5c2\",\"name\":\"Jean Pierre BAWELA\",\"image\":{\"@type\":\"ImageObject\",\"inLanguage\":\"fr-FR\",\"@id\":\"https:\\\/\\\/macite.tg\\\/wp-content\\\/uploads\\\/2023\\\/09\\\/WhatsApp-Image-2023-09-19-at-14.44.41-122x122.jpeg\",\"url\":\"https:\\\/\\\/macite.tg\\\/wp-content\\\/uploads\\\/2023\\\/09\\\/WhatsApp-Image-2023-09-19-at-14.44.41-122x122.jpeg\",\"contentUrl\":\"https:\\\/\\\/macite.tg\\\/wp-content\\\/uploads\\\/2023\\\/09\\\/WhatsApp-Image-2023-09-19-at-14.44.41-122x122.jpeg\",\"caption\":\"Jean Pierre BAWELA\"},\"url\":\"https:\\\/\\\/macite.tg\\\/?author=2\"}]}<\/script>\n<!-- \/ Yoast SEO plugin. -->","yoast_head_json":{"title":"PRESIDENTIELLE EN GUINEE : Mamadi Doumbouya \u00e9lu \u00e0 la sovi\u00e9tique\u2026 -","robots":{"index":"index","follow":"follow","max-snippet":"max-snippet:-1","max-image-preview":"max-image-preview:large","max-video-preview":"max-video-preview:-1"},"canonical":"https:\/\/macite.tg\/?p=27220","og_locale":"fr_FR","og_type":"article","og_title":"PRESIDENTIELLE EN GUINEE : Mamadi Doumbouya \u00e9lu \u00e0 la sovi\u00e9tique\u2026 -","og_description":"Le pr\u00e9sident de la transition en Guin\u00e9e, Mamadi Doumbouya, a \u00e9t\u00e9 port\u00e9 \u00e0 la magistrature supr\u00eame avec 86,72% des suffrages \u00e0 l\u2019issue de l\u2019\u00e9lection pr\u00e9sidentielle du 28 d\u00e9cembre, selon les donn\u00e9es communiqu\u00e9es, mardi soir, par la Direction g\u00e9n\u00e9rale des \u00e9lections (DGE). D\u2019apr\u00e8s la DGE, le [&hellip;]","og_url":"https:\/\/macite.tg\/?p=27220","article_published_time":"2025-12-31T15:46:41+00:00","article_modified_time":"2025-12-31T15:47:12+00:00","og_image":[{"width":534,"height":356,"url":"https:\/\/macite.tg\/wp-content\/uploads\/2025\/12\/image-94.png","type":"image\/png"}],"author":"Jean Pierre BAWELA","twitter_card":"summary_large_image","twitter_misc":{"\u00c9crit par":"Jean Pierre BAWELA","Dur\u00e9e de lecture estim\u00e9e":"2 minutes"},"schema":{"@context":"https:\/\/schema.org","@graph":[{"@type":"Article","@id":"https:\/\/macite.tg\/?p=27220#article","isPartOf":{"@id":"https:\/\/macite.tg\/?p=27220"},"author":{"name":"Jean Pierre BAWELA","@id":"https:\/\/macite.tg\/#\/schema\/person\/e9f2de7e5dbbe7770a9402c7ce82f5c2"},"headline":"PRESIDENTIELLE EN GUINEE : Mamadi Doumbouya \u00e9lu \u00e0 la sovi\u00e9tique\u2026","datePublished":"2025-12-31T15:46:41+00:00","dateModified":"2025-12-31T15:47:12+00:00","mainEntityOfPage":{"@id":"https:\/\/macite.tg\/?p=27220"},"wordCount":325,"commentCount":0,"image":{"@id":"https:\/\/macite.tg\/?p=27220#primaryimage"},"thumbnailUrl":"https:\/\/macite.tg\/wp-content\/uploads\/2025\/12\/image-94.png","articleSection":["ACTUALITE","POLITIQUE"],"inLanguage":"fr-FR","potentialAction":[{"@type":"CommentAction","name":"Comment","target":["https:\/\/macite.tg\/?p=27220#respond"]}]},{"@type":"WebPage","@id":"https:\/\/macite.tg\/?p=27220","url":"https:\/\/macite.tg\/?p=27220","name":"PRESIDENTIELLE EN GUINEE : Mamadi Doumbouya \u00e9lu \u00e0 la sovi\u00e9tique\u2026 -","isPartOf":{"@id":"https:\/\/macite.tg\/#website"},"primaryImageOfPage":{"@id":"https:\/\/macite.tg\/?p=27220#primaryimage"},"image":{"@id":"https:\/\/macite.tg\/?p=27220#primaryimage"},"thumbnailUrl":"https:\/\/macite.tg\/wp-content\/uploads\/2025\/12\/image-94.png","datePublished":"2025-12-31T15:46:41+00:00","dateModified":"2025-12-31T15:47:12+00:00","author":{"@id":"https:\/\/macite.tg\/#\/schema\/person\/e9f2de7e5dbbe7770a9402c7ce82f5c2"},"breadcrumb":{"@id":"https:\/\/macite.tg\/?p=27220#breadcrumb"},"inLanguage":"fr-FR","potentialAction":[{"@type":"ReadAction","target":["https:\/\/macite.tg\/?p=27220"]}]},{"@type":"ImageObject","inLanguage":"fr-FR","@id":"https:\/\/macite.tg\/?p=27220#primaryimage","url":"https:\/\/macite.tg\/wp-content\/uploads\/2025\/12\/image-94.png","contentUrl":"https:\/\/macite.tg\/wp-content\/uploads\/2025\/12\/image-94.png","width":534,"height":356},{"@type":"BreadcrumbList","@id":"https:\/\/macite.tg\/?p=27220#breadcrumb","itemListElement":[{"@type":"ListItem","position":1,"name":"Accueil","item":"https:\/\/macite.tg\/"},{"@type":"ListItem","position":2,"name":"PRESIDENTIELLE EN GUINEE : Mamadi Doumbouya \u00e9lu \u00e0 la sovi\u00e9tique\u2026"}]},{"@type":"WebSite","@id":"https:\/\/macite.tg\/#website","url":"https:\/\/macite.tg\/","name":"","description":"L&#039;information, la bonne!!!","potentialAction":[{"@type":"SearchAction","target":{"@type":"EntryPoint","urlTemplate":"https:\/\/macite.tg\/?s={search_term_string}"},"query-input":{"@type":"PropertyValueSpecification","valueRequired":true,"valueName":"search_term_string"}}],"inLanguage":"fr-FR"},{"@type":"Person","@id":"https:\/\/macite.tg\/#\/schema\/person\/e9f2de7e5dbbe7770a9402c7ce82f5c2","name":"Jean Pierre BAWELA","image":{"@type":"ImageObject","inLanguage":"fr-FR","@id":"https:\/\/macite.tg\/wp-content\/uploads\/2023\/09\/WhatsApp-Image-2023-09-19-at-14.44.41-122x122.jpeg","url":"https:\/\/macite.tg\/wp-content\/uploads\/2023\/09\/WhatsApp-Image-2023-09-19-at-14.44.41-122x122.jpeg","contentUrl":"https:\/\/macite.tg\/wp-content\/uploads\/2023\/09\/WhatsApp-Image-2023-09-19-at-14.44.41-122x122.jpeg","caption":"Jean Pierre BAWELA"},"url":"https:\/\/macite.tg\/?author=2"}]}},"_links":{"self":[{"href":"https:\/\/macite.tg\/index.php?rest_route=\/wp\/v2\/posts\/27220","targetHints":{"allow":["GET"]}}],"collection":[{"href":"https:\/\/macite.tg\/index.php?rest_route=\/wp\/v2\/posts"}],"about":[{"href":"https:\/\/macite.tg\/index.php?rest_route=\/wp\/v2\/types\/post"}],"author":[{"embeddable":true,"href":"https:\/\/macite.tg\/index.php?rest_route=\/wp\/v2\/users\/2"}],"replies":[{"embeddable":true,"href":"https:\/\/macite.tg\/index.php?rest_route=%2Fwp%2Fv2%2Fcomments&post=27220"}],"version-history":[{"count":0,"href":"https:\/\/macite.tg\/index.php?rest_route=\/wp\/v2\/posts\/27220\/revisions"}],"wp:featuredmedia":[{"embeddable":true,"href":"https:\/\/macite.tg\/index.php?rest_route=\/wp\/v2\/media\/27227"}],"wp:attachment":[{"href":"https:\/\/macite.tg\/index.php?rest_route=%2Fwp%2Fv2%2Fmedia&parent=27220"}],"wp:term":[{"taxonomy":"category","embeddable":true,"href":"https:\/\/macite.tg\/index.php?rest_route=%2Fwp%2Fv2%2Fcategories&post=27220"},{"taxonomy":"post_tag","embeddable":true,"href":"https:\/\/macite.tg\/index.php?rest_route=%2Fwp%2Fv2%2Ftags&post=27220"}],"curies":[{"name":"wp","href":"https:\/\/api.w.org\/{rel}","templated":true}]}}