{"id":27205,"date":"2025-12-31T11:18:45","date_gmt":"2025-12-31T11:18:45","guid":{"rendered":"https:\/\/macite.tg\/?p=27205"},"modified":"2025-12-31T11:18:50","modified_gmt":"2025-12-31T11:18:50","slug":"senat-cloture-de-la-deuxieme-session-ordinaire-de-lannee-2025","status":"publish","type":"post","link":"https:\/\/macite.tg\/?p=27205","title":{"rendered":"SENAT\u00a0: Cl\u00f4ture de la deuxi\u00e8me session ordinaire de l\u2019ann\u00e9e 2025"},"content":{"rendered":"\n<p class=\"wp-block-paragraph\"><strong><em>Le S\u00e9nat, seconde chambre du Parlement togolais, a cl\u00f4tur\u00e9 sa deuxi\u00e8me session ordinaire de l\u2019ann\u00e9e 2025, ce mardi 30 d\u00e9cembre 2025, conform\u00e9ment aux dispositions de l\u2019article 12 de la Constitution. La s\u00e9ance solennelle de cl\u00f4ture a \u00e9t\u00e9 pr\u00e9sid\u00e9e par Son Excellence Monsieur Barry Moussa Barqu\u00e9, Pr\u00e9sident du S\u00e9nat, en pr\u00e9sence de Gilbert Bawara, ministre charg\u00e9 des relations avec le Parlement et les institutions.<\/em><\/strong><\/p>\n\n\n\n<p class=\"wp-block-paragraph\">Ouverte le jeudi 2 octobre 2025, cette session a marqu\u00e9 une \u00e9tape importante dans le processus de consolidation et de structuration du S\u00e9nat, institution r\u00e9cemment install\u00e9e dans l\u2019architecture parlementaire de la Ve R\u00e9publique.<\/p>\n\n\n\n<p class=\"wp-block-paragraph\">Durant les trois mois de travaux ayant suivi l\u2019ouverture de la session, dite budg\u00e9taire, le S\u00e9nat s\u2019est pleinement acquitt\u00e9 de ses missions constitutionnelles. Les s\u00e9nateurs ont notamment proc\u00e9d\u00e9 \u00e0 la ratification de sept commissions permanentes, \u00e9tape d\u00e9terminante dans l\u2019op\u00e9rationnalisation de l\u2019institution. Sur le plan l\u00e9gislatif et financier, la deuxi\u00e8me chambre a \u00e9tudi\u00e9 et adopt\u00e9 le projet de loi de finances rectificative, exercice 2025, ainsi que le projet de loi de finances, exercice 2026, traduisant les orientations strat\u00e9giques de l\u2019\u00c9tat et les priorit\u00e9s nationales en mati\u00e8re de d\u00e9veloppement.<\/p>\n\n\n<div class=\"wp-block-image\">\n<figure class=\"aligncenter size-full\"><img loading=\"lazy\" decoding=\"async\" width=\"512\" height=\"640\" src=\"https:\/\/macite.tg\/wp-content\/uploads\/2025\/12\/image-88.png\" alt=\"\" class=\"wp-image-27176\" srcset=\"https:\/\/macite.tg\/wp-content\/uploads\/2025\/12\/image-88.png 512w, https:\/\/macite.tg\/wp-content\/uploads\/2025\/12\/image-88-240x300.png 240w\" sizes=\"auto, (max-width: 512px) 100vw, 512px\" \/><\/figure>\n<\/div>\n\n\n<p class=\"wp-block-paragraph\">Par ailleurs, le S\u00e9nat a organis\u00e9 plusieurs s\u00e9minaires parlementaires, destin\u00e9s \u00e0 renforcer les capacit\u00e9s des s\u00e9nateurs et \u00e0 les outiller sur les enjeux de la gouvernance l\u00e9gislative et budg\u00e9taire.<\/p>\n\n\n\n<p class=\"wp-block-paragraph\">Dans son discours de cl\u00f4ture, le Pr\u00e9sident du S\u00e9nat est revenu sur le sens profond du travail parlementaire, qu\u2019il a compar\u00e9 \u00e0 une \u0153uvre collective exigeante, port\u00e9e par l\u2019engagement individuel de chaque s\u00e9nateur au service de l\u2019int\u00e9r\u00eat g\u00e9n\u00e9ral. Il a soulign\u00e9 la responsabilit\u00e9 qui incombe aux parlementaires, rappelant l\u2019impact direct de leurs d\u00e9cisions sur la vie des citoyens.<\/p>\n\n\n\n<p class=\"wp-block-paragraph\"><em>\u00ab Nous sommes, au-del\u00e0 des l\u00e9gislateurs, les gardiens des aspirations de notre peuple, les ma\u00e7ons du grand \u00e9difice qu\u2019est notre R\u00e9publique \u00bb,<\/em> a-t-il affirm\u00e9.<\/p>\n\n\n\n<p class=\"wp-block-paragraph\">S.E.M. Barry Moussa Barqu\u00e9 a \u00e9galement soulign\u00e9 le caract\u00e8re structurant de l\u2019ann\u00e9e 2025 pour l\u2019institution, marqu\u00e9e par la consolidation de ses bases et l\u2019affirmation de son r\u00f4le dans l\u2019architecture d\u00e9mocratique nationale.<\/p>\n\n\n\n<p class=\"wp-block-paragraph\"><em>\u00ab L\u2019ann\u00e9e 2025 a \u00e9t\u00e9 une ann\u00e9e charni\u00e8re pour notre S\u00e9nat, une ann\u00e9e o\u00f9 nous avons consolid\u00e9 nos bases institutionnelles. Nous avons aussi d\u00e9montr\u00e9 notre capacit\u00e9 \u00e0 jouer pleinement notre r\u00f4le dans l\u2019architecture d\u00e9mocratique de notre R\u00e9publique \u00bb,<\/em> a-t-il d\u00e9clar\u00e9.<\/p>\n\n\n\n<p class=\"wp-block-paragraph\">Abordant les perspectives, le pr\u00e9sident de la deuxi\u00e8me chambre du Parlement a indiqu\u00e9 que les travaux de structuration se poursuivront activement, notamment pour la mise en place des diff\u00e9rentes instances et de l\u2019administration du S\u00e9nat.<\/p>\n\n\n\n<p class=\"wp-block-paragraph\"><em>\u00ab Notre travail ne s\u2019arr\u00eate pas l\u00e0. Nous sommes encore dans une phase de structuration de notre institution. Durant l\u2019intersession, les r\u00e9flexions et les actions se poursuivront activement pour la mise en place des diff\u00e9rentes instances du S\u00e9nat et de son administration. Nous devons nous assurer que notre Chambre parlementaire fonctionne \u00e0 plein r\u00e9gime, avec efficacit\u00e9 et rigueur \u00bb,<\/em> a-t-il soulign\u00e9.<\/p>\n\n\n\n<p class=\"wp-block-paragraph\">Il a ainsi invit\u00e9 les s\u00e9nateurs \u00e0 maintenir un contact \u00e9troit avec leurs circonscriptions et a rappel\u00e9 que la l\u00e9gitimit\u00e9 de l\u2019institution repose sur l\u2019\u00e9coute et la proximit\u00e9 avec les citoyens.<\/p>\n\n\n\n<p class=\"wp-block-paragraph\"><em>\u00ab Si l\u2019appel de la Nation retentit, nous devrons r\u00e9pondre pr\u00e9sents avec le m\u00eame d\u00e9vouement et le m\u00eame s\u00e9rieux \u00bb,<\/em> a-t-il d\u00e9clar\u00e9, avant d\u2019inviter chacun \u00e0 \u0153uvrer pour un avenir commun fond\u00e9 sur la paix, l\u2019unit\u00e9 et la prosp\u00e9rit\u00e9.<\/p>\n\n\n\n<p class=\"wp-block-paragraph\">Enfin, le Pr\u00e9sident du S\u00e9nat a adress\u00e9 ses v\u0153ux de sant\u00e9, de paix et de succ\u00e8s aux s\u00e9nateurs, aux membres du Gouvernement et \u00e0 l\u2019ensemble du peuple togolais, formulant le souhait que l\u2019ann\u00e9e 2026 soit plac\u00e9e sous le signe de la stabilit\u00e9, de l\u2019unit\u00e9 nationale et de la prosp\u00e9rit\u00e9.<\/p>\n\n\n<div class=\"wp-block-image\">\n<figure class=\"aligncenter size-full\"><img loading=\"lazy\" decoding=\"async\" width=\"714\" height=\"1025\" src=\"https:\/\/macite.tg\/wp-content\/uploads\/2025\/12\/144b9972-f6d3-488d-b55b-55bd4c865f8d.jpg\" alt=\"\" class=\"wp-image-27142\" srcset=\"https:\/\/macite.tg\/wp-content\/uploads\/2025\/12\/144b9972-f6d3-488d-b55b-55bd4c865f8d.jpg 714w, https:\/\/macite.tg\/wp-content\/uploads\/2025\/12\/144b9972-f6d3-488d-b55b-55bd4c865f8d-209x300.jpg 209w\" sizes=\"auto, (max-width: 714px) 100vw, 714px\" \/><\/figure>\n<\/div>\n\n\n<p class=\"wp-block-paragraph\"><em>\u00ab Si la politique est parfois un combat, elle demeure avant tout un art noble, celui de construire ensemble un avenir meilleur \u00bb,<\/em> a-t-il rappel\u00e9.<\/p>\n\n\n\n<p class=\"wp-block-paragraph\">Les s\u00e9nateurs entrent en p\u00e9riode d\u2019intersession pour une dur\u00e9e de trois mois. La premi\u00e8re session ordinaire de l\u2019ann\u00e9e 2026 s\u2019ouvrira le jeudi 2 avril 2026, conform\u00e9ment aux dispositions constitutionnelles en vigueur.<\/p>\n\n\n\n<p class=\"wp-block-paragraph\"><strong>AN<\/strong><\/p>\n\n\n\n<p class=\"wp-block-paragraph\"><strong><em>@macite.tg&nbsp;&nbsp;&nbsp;&nbsp;&nbsp;&nbsp;&nbsp;&nbsp;<\/em><\/strong><\/p>\n\n\n\n<p class=\"wp-block-paragraph\"><strong><em>E-mail&nbsp;: <\/em><\/strong><a href=\"mailto:maciteinfo@gmail.com\"><strong><em>maciteinfo@gmail.com<\/em><\/strong><\/a><strong><em>; <\/em><\/strong><a href=\"mailto:bawela1@gmail.com\"><strong><em>bawela1@gmail.com<\/em><\/strong><\/a><strong><em><\/em><\/strong><\/p>\n\n\n\n<p class=\"wp-block-paragraph\"><strong><em>Pour vos annonces, (publi)reportages, etc., joignez-nous au (00228)91515309\/<strong>79872224 <\/strong><strong><\/strong><\/em><\/strong><\/p>\n\n\n\n<p class=\"wp-block-paragraph\"><strong><em>www.macite.tg, L\u2019information, la bonne&nbsp;!<\/em><\/strong><\/p>\n\n\n\n<p class=\"wp-block-paragraph\"><\/p>\n","protected":false},"excerpt":{"rendered":"<p class=\"text-justify mb-2\" >Le S\u00e9nat, seconde chambre du Parlement togolais, a cl\u00f4tur\u00e9 sa deuxi\u00e8me session ordinaire de l\u2019ann\u00e9e 2025, ce mardi 30 d\u00e9cembre 2025, conform\u00e9ment aux dispositions de l\u2019article 12 de la Constitution. La s\u00e9ance solennelle de cl\u00f4ture a \u00e9t\u00e9 pr\u00e9sid\u00e9e par Son Excellence Monsieur Barry Moussa Barqu\u00e9, [&hellip;]<\/p>\n","protected":false},"author":2,"featured_media":27206,"comment_status":"open","ping_status":"open","sticky":false,"template":"","format":"standard","meta":{"footnotes":""},"categories":[20,1],"tags":[],"class_list":["post-27205","post","type-post","status-publish","format-standard","has-post-thumbnail","hentry","category-actualite","category-politique"],"yoast_head":"<!-- This site is optimized with the Yoast SEO plugin v28.4 - https:\/\/yoast.com\/product\/yoast-seo-wordpress\/ -->\n<title>SENAT\u00a0: Cl\u00f4ture de la deuxi\u00e8me session ordinaire de l\u2019ann\u00e9e 2025 -<\/title>\n<meta name=\"robots\" content=\"index, follow, max-snippet:-1, max-image-preview:large, max-video-preview:-1\" \/>\n<link rel=\"canonical\" href=\"https:\/\/macite.tg\/?p=27205\" \/>\n<meta property=\"og:locale\" content=\"fr_FR\" \/>\n<meta property=\"og:type\" content=\"article\" \/>\n<meta property=\"og:title\" content=\"SENAT\u00a0: Cl\u00f4ture de la deuxi\u00e8me session ordinaire de l\u2019ann\u00e9e 2025 -\" \/>\n<meta property=\"og:description\" content=\"Le S\u00e9nat, seconde chambre du Parlement togolais, a cl\u00f4tur\u00e9 sa deuxi\u00e8me session ordinaire de l\u2019ann\u00e9e 2025, ce mardi 30 d\u00e9cembre 2025, conform\u00e9ment aux dispositions de l\u2019article 12 de la Constitution. La s\u00e9ance solennelle de cl\u00f4ture a \u00e9t\u00e9 pr\u00e9sid\u00e9e par Son Excellence Monsieur Barry Moussa Barqu\u00e9, [&hellip;]\" \/>\n<meta property=\"og:url\" content=\"https:\/\/macite.tg\/?p=27205\" \/>\n<meta property=\"article:published_time\" content=\"2025-12-31T11:18:45+00:00\" \/>\n<meta property=\"article:modified_time\" content=\"2025-12-31T11:18:50+00:00\" \/>\n<meta property=\"og:image\" content=\"https:\/\/macite.tg\/wp-content\/uploads\/2025\/12\/Barquey.jpg\" \/>\n\t<meta property=\"og:image:width\" content=\"500\" \/>\n\t<meta property=\"og:image:height\" content=\"340\" \/>\n\t<meta property=\"og:image:type\" content=\"image\/jpeg\" \/>\n<meta name=\"author\" content=\"Jean Pierre BAWELA\" \/>\n<meta name=\"twitter:card\" content=\"summary_large_image\" \/>\n<meta name=\"twitter:label1\" content=\"\u00c9crit par\" \/>\n\t<meta name=\"twitter:data1\" content=\"Jean Pierre BAWELA\" \/>\n\t<meta name=\"twitter:label2\" content=\"Dur\u00e9e de lecture estim\u00e9e\" \/>\n\t<meta name=\"twitter:data2\" content=\"4 minutes\" \/>\n<script type=\"application\/ld+json\" class=\"yoast-schema-graph\">{\"@context\":\"https:\\\/\\\/schema.org\",\"@graph\":[{\"@type\":\"Article\",\"@id\":\"https:\\\/\\\/macite.tg\\\/?p=27205#article\",\"isPartOf\":{\"@id\":\"https:\\\/\\\/macite.tg\\\/?p=27205\"},\"author\":{\"name\":\"Jean Pierre BAWELA\",\"@id\":\"https:\\\/\\\/macite.tg\\\/#\\\/schema\\\/person\\\/e9f2de7e5dbbe7770a9402c7ce82f5c2\"},\"headline\":\"SENAT\u00a0: Cl\u00f4ture de la deuxi\u00e8me session ordinaire de l\u2019ann\u00e9e 2025\",\"datePublished\":\"2025-12-31T11:18:45+00:00\",\"dateModified\":\"2025-12-31T11:18:50+00:00\",\"mainEntityOfPage\":{\"@id\":\"https:\\\/\\\/macite.tg\\\/?p=27205\"},\"wordCount\":783,\"commentCount\":0,\"image\":{\"@id\":\"https:\\\/\\\/macite.tg\\\/?p=27205#primaryimage\"},\"thumbnailUrl\":\"https:\\\/\\\/macite.tg\\\/wp-content\\\/uploads\\\/2025\\\/12\\\/Barquey.jpg\",\"articleSection\":[\"ACTUALITE\",\"POLITIQUE\"],\"inLanguage\":\"fr-FR\",\"potentialAction\":[{\"@type\":\"CommentAction\",\"name\":\"Comment\",\"target\":[\"https:\\\/\\\/macite.tg\\\/?p=27205#respond\"]}]},{\"@type\":\"WebPage\",\"@id\":\"https:\\\/\\\/macite.tg\\\/?p=27205\",\"url\":\"https:\\\/\\\/macite.tg\\\/?p=27205\",\"name\":\"SENAT\u00a0: Cl\u00f4ture de la deuxi\u00e8me session ordinaire de l\u2019ann\u00e9e 2025 -\",\"isPartOf\":{\"@id\":\"https:\\\/\\\/macite.tg\\\/#website\"},\"primaryImageOfPage\":{\"@id\":\"https:\\\/\\\/macite.tg\\\/?p=27205#primaryimage\"},\"image\":{\"@id\":\"https:\\\/\\\/macite.tg\\\/?p=27205#primaryimage\"},\"thumbnailUrl\":\"https:\\\/\\\/macite.tg\\\/wp-content\\\/uploads\\\/2025\\\/12\\\/Barquey.jpg\",\"datePublished\":\"2025-12-31T11:18:45+00:00\",\"dateModified\":\"2025-12-31T11:18:50+00:00\",\"author\":{\"@id\":\"https:\\\/\\\/macite.tg\\\/#\\\/schema\\\/person\\\/e9f2de7e5dbbe7770a9402c7ce82f5c2\"},\"breadcrumb\":{\"@id\":\"https:\\\/\\\/macite.tg\\\/?p=27205#breadcrumb\"},\"inLanguage\":\"fr-FR\",\"potentialAction\":[{\"@type\":\"ReadAction\",\"target\":[\"https:\\\/\\\/macite.tg\\\/?p=27205\"]}]},{\"@type\":\"ImageObject\",\"inLanguage\":\"fr-FR\",\"@id\":\"https:\\\/\\\/macite.tg\\\/?p=27205#primaryimage\",\"url\":\"https:\\\/\\\/macite.tg\\\/wp-content\\\/uploads\\\/2025\\\/12\\\/Barquey.jpg\",\"contentUrl\":\"https:\\\/\\\/macite.tg\\\/wp-content\\\/uploads\\\/2025\\\/12\\\/Barquey.jpg\",\"width\":500,\"height\":340},{\"@type\":\"BreadcrumbList\",\"@id\":\"https:\\\/\\\/macite.tg\\\/?p=27205#breadcrumb\",\"itemListElement\":[{\"@type\":\"ListItem\",\"position\":1,\"name\":\"Accueil\",\"item\":\"https:\\\/\\\/macite.tg\\\/\"},{\"@type\":\"ListItem\",\"position\":2,\"name\":\"SENAT\u00a0: Cl\u00f4ture de la deuxi\u00e8me session ordinaire de l\u2019ann\u00e9e 2025\"}]},{\"@type\":\"WebSite\",\"@id\":\"https:\\\/\\\/macite.tg\\\/#website\",\"url\":\"https:\\\/\\\/macite.tg\\\/\",\"name\":\"\",\"description\":\"L&#039;information, la bonne!!!\",\"potentialAction\":[{\"@type\":\"SearchAction\",\"target\":{\"@type\":\"EntryPoint\",\"urlTemplate\":\"https:\\\/\\\/macite.tg\\\/?s={search_term_string}\"},\"query-input\":{\"@type\":\"PropertyValueSpecification\",\"valueRequired\":true,\"valueName\":\"search_term_string\"}}],\"inLanguage\":\"fr-FR\"},{\"@type\":\"Person\",\"@id\":\"https:\\\/\\\/macite.tg\\\/#\\\/schema\\\/person\\\/e9f2de7e5dbbe7770a9402c7ce82f5c2\",\"name\":\"Jean Pierre BAWELA\",\"image\":{\"@type\":\"ImageObject\",\"inLanguage\":\"fr-FR\",\"@id\":\"https:\\\/\\\/macite.tg\\\/wp-content\\\/uploads\\\/2023\\\/09\\\/WhatsApp-Image-2023-09-19-at-14.44.41-122x122.jpeg\",\"url\":\"https:\\\/\\\/macite.tg\\\/wp-content\\\/uploads\\\/2023\\\/09\\\/WhatsApp-Image-2023-09-19-at-14.44.41-122x122.jpeg\",\"contentUrl\":\"https:\\\/\\\/macite.tg\\\/wp-content\\\/uploads\\\/2023\\\/09\\\/WhatsApp-Image-2023-09-19-at-14.44.41-122x122.jpeg\",\"caption\":\"Jean Pierre BAWELA\"},\"url\":\"https:\\\/\\\/macite.tg\\\/?author=2\"}]}<\/script>\n<!-- \/ Yoast SEO plugin. -->","yoast_head_json":{"title":"SENAT\u00a0: Cl\u00f4ture de la deuxi\u00e8me session ordinaire de l\u2019ann\u00e9e 2025 -","robots":{"index":"index","follow":"follow","max-snippet":"max-snippet:-1","max-image-preview":"max-image-preview:large","max-video-preview":"max-video-preview:-1"},"canonical":"https:\/\/macite.tg\/?p=27205","og_locale":"fr_FR","og_type":"article","og_title":"SENAT\u00a0: Cl\u00f4ture de la deuxi\u00e8me session ordinaire de l\u2019ann\u00e9e 2025 -","og_description":"Le S\u00e9nat, seconde chambre du Parlement togolais, a cl\u00f4tur\u00e9 sa deuxi\u00e8me session ordinaire de l\u2019ann\u00e9e 2025, ce mardi 30 d\u00e9cembre 2025, conform\u00e9ment aux dispositions de l\u2019article 12 de la Constitution. La s\u00e9ance solennelle de cl\u00f4ture a \u00e9t\u00e9 pr\u00e9sid\u00e9e par Son Excellence Monsieur Barry Moussa Barqu\u00e9, [&hellip;]","og_url":"https:\/\/macite.tg\/?p=27205","article_published_time":"2025-12-31T11:18:45+00:00","article_modified_time":"2025-12-31T11:18:50+00:00","og_image":[{"width":500,"height":340,"url":"https:\/\/macite.tg\/wp-content\/uploads\/2025\/12\/Barquey.jpg","type":"image\/jpeg"}],"author":"Jean Pierre BAWELA","twitter_card":"summary_large_image","twitter_misc":{"\u00c9crit par":"Jean Pierre BAWELA","Dur\u00e9e de lecture estim\u00e9e":"4 minutes"},"schema":{"@context":"https:\/\/schema.org","@graph":[{"@type":"Article","@id":"https:\/\/macite.tg\/?p=27205#article","isPartOf":{"@id":"https:\/\/macite.tg\/?p=27205"},"author":{"name":"Jean Pierre BAWELA","@id":"https:\/\/macite.tg\/#\/schema\/person\/e9f2de7e5dbbe7770a9402c7ce82f5c2"},"headline":"SENAT\u00a0: Cl\u00f4ture de la deuxi\u00e8me session ordinaire de l\u2019ann\u00e9e 2025","datePublished":"2025-12-31T11:18:45+00:00","dateModified":"2025-12-31T11:18:50+00:00","mainEntityOfPage":{"@id":"https:\/\/macite.tg\/?p=27205"},"wordCount":783,"commentCount":0,"image":{"@id":"https:\/\/macite.tg\/?p=27205#primaryimage"},"thumbnailUrl":"https:\/\/macite.tg\/wp-content\/uploads\/2025\/12\/Barquey.jpg","articleSection":["ACTUALITE","POLITIQUE"],"inLanguage":"fr-FR","potentialAction":[{"@type":"CommentAction","name":"Comment","target":["https:\/\/macite.tg\/?p=27205#respond"]}]},{"@type":"WebPage","@id":"https:\/\/macite.tg\/?p=27205","url":"https:\/\/macite.tg\/?p=27205","name":"SENAT\u00a0: Cl\u00f4ture de la deuxi\u00e8me session ordinaire de l\u2019ann\u00e9e 2025 -","isPartOf":{"@id":"https:\/\/macite.tg\/#website"},"primaryImageOfPage":{"@id":"https:\/\/macite.tg\/?p=27205#primaryimage"},"image":{"@id":"https:\/\/macite.tg\/?p=27205#primaryimage"},"thumbnailUrl":"https:\/\/macite.tg\/wp-content\/uploads\/2025\/12\/Barquey.jpg","datePublished":"2025-12-31T11:18:45+00:00","dateModified":"2025-12-31T11:18:50+00:00","author":{"@id":"https:\/\/macite.tg\/#\/schema\/person\/e9f2de7e5dbbe7770a9402c7ce82f5c2"},"breadcrumb":{"@id":"https:\/\/macite.tg\/?p=27205#breadcrumb"},"inLanguage":"fr-FR","potentialAction":[{"@type":"ReadAction","target":["https:\/\/macite.tg\/?p=27205"]}]},{"@type":"ImageObject","inLanguage":"fr-FR","@id":"https:\/\/macite.tg\/?p=27205#primaryimage","url":"https:\/\/macite.tg\/wp-content\/uploads\/2025\/12\/Barquey.jpg","contentUrl":"https:\/\/macite.tg\/wp-content\/uploads\/2025\/12\/Barquey.jpg","width":500,"height":340},{"@type":"BreadcrumbList","@id":"https:\/\/macite.tg\/?p=27205#breadcrumb","itemListElement":[{"@type":"ListItem","position":1,"name":"Accueil","item":"https:\/\/macite.tg\/"},{"@type":"ListItem","position":2,"name":"SENAT\u00a0: Cl\u00f4ture de la deuxi\u00e8me session ordinaire de l\u2019ann\u00e9e 2025"}]},{"@type":"WebSite","@id":"https:\/\/macite.tg\/#website","url":"https:\/\/macite.tg\/","name":"","description":"L&#039;information, la bonne!!!","potentialAction":[{"@type":"SearchAction","target":{"@type":"EntryPoint","urlTemplate":"https:\/\/macite.tg\/?s={search_term_string}"},"query-input":{"@type":"PropertyValueSpecification","valueRequired":true,"valueName":"search_term_string"}}],"inLanguage":"fr-FR"},{"@type":"Person","@id":"https:\/\/macite.tg\/#\/schema\/person\/e9f2de7e5dbbe7770a9402c7ce82f5c2","name":"Jean Pierre BAWELA","image":{"@type":"ImageObject","inLanguage":"fr-FR","@id":"https:\/\/macite.tg\/wp-content\/uploads\/2023\/09\/WhatsApp-Image-2023-09-19-at-14.44.41-122x122.jpeg","url":"https:\/\/macite.tg\/wp-content\/uploads\/2023\/09\/WhatsApp-Image-2023-09-19-at-14.44.41-122x122.jpeg","contentUrl":"https:\/\/macite.tg\/wp-content\/uploads\/2023\/09\/WhatsApp-Image-2023-09-19-at-14.44.41-122x122.jpeg","caption":"Jean Pierre BAWELA"},"url":"https:\/\/macite.tg\/?author=2"}]}},"_links":{"self":[{"href":"https:\/\/macite.tg\/index.php?rest_route=\/wp\/v2\/posts\/27205","targetHints":{"allow":["GET"]}}],"collection":[{"href":"https:\/\/macite.tg\/index.php?rest_route=\/wp\/v2\/posts"}],"about":[{"href":"https:\/\/macite.tg\/index.php?rest_route=\/wp\/v2\/types\/post"}],"author":[{"embeddable":true,"href":"https:\/\/macite.tg\/index.php?rest_route=\/wp\/v2\/users\/2"}],"replies":[{"embeddable":true,"href":"https:\/\/macite.tg\/index.php?rest_route=%2Fwp%2Fv2%2Fcomments&post=27205"}],"version-history":[{"count":0,"href":"https:\/\/macite.tg\/index.php?rest_route=\/wp\/v2\/posts\/27205\/revisions"}],"wp:featuredmedia":[{"embeddable":true,"href":"https:\/\/macite.tg\/index.php?rest_route=\/wp\/v2\/media\/27206"}],"wp:attachment":[{"href":"https:\/\/macite.tg\/index.php?rest_route=%2Fwp%2Fv2%2Fmedia&parent=27205"}],"wp:term":[{"taxonomy":"category","embeddable":true,"href":"https:\/\/macite.tg\/index.php?rest_route=%2Fwp%2Fv2%2Fcategories&post=27205"},{"taxonomy":"post_tag","embeddable":true,"href":"https:\/\/macite.tg\/index.php?rest_route=%2Fwp%2Fv2%2Ftags&post=27205"}],"curies":[{"name":"wp","href":"https:\/\/api.w.org\/{rel}","templated":true}]}}