{"id":27167,"date":"2025-12-29T19:48:08","date_gmt":"2025-12-29T19:48:08","guid":{"rendered":"https:\/\/macite.tg\/?p=27167"},"modified":"2025-12-29T19:48:27","modified_gmt":"2025-12-29T19:48:27","slug":"eperviers-dare-nibombe-limoge-avec-tout-son-staff-technique","status":"publish","type":"post","link":"https:\/\/macite.tg\/?p=27167","title":{"rendered":"EPERVIERS : Dar\u00e9 Nibomb\u00e9 limog\u00e9, avec tout son staff technique"},"content":{"rendered":"\n<p class=\"wp-block-paragraph\"><strong><em>C&rsquo;est officiel, Dar\u00e9 Nibomb\u00e9 n&rsquo;est plus s\u00e9lectionneur des \u00c9perviers A du Togo. L&rsquo;information a \u00e9t\u00e9 donn\u00e9e ce lundi dans la soir\u00e9e \u00e0 travers un communiqu\u00e9 publi\u00e9 sur le site de la F\u00e9d\u00e9ration Togolaise de Football (FTF).<\/em><\/strong><\/p>\n\n\n\n<p class=\"wp-block-paragraph\"><em>\u00ab&nbsp;La F\u00e9d\u00e9ration Togolaise de Football (FTF) informe l\u2019opinion nationale et internationale de la fin de sa collaboration avec le staff technique de l\u2019Equipe nationale A du Togo, dirig\u00e9 par Monsieur NIBOMB\u00c9 Dar\u00e9&nbsp;\u00bb,<\/em> c&rsquo;est avec ses mots qu&rsquo;on a appris le limogeage du d\u00e9sormais ex entra\u00eeneur des \u00c9perviers du Togo. Arriv\u00e9 en juillet 2024, l&rsquo;ancien international n&rsquo;a jamais su s&rsquo;imposer que ce soit sur ses joueurs ou dans les matchs.<\/p>\n\n\n<div class=\"wp-block-image\">\n<figure class=\"aligncenter size-full is-resized\"><img loading=\"lazy\" decoding=\"async\" width=\"690\" height=\"170\" src=\"https:\/\/macite.tg\/wp-content\/uploads\/2025\/12\/OTR_TVM.jpg\" alt=\"\" class=\"wp-image-27077\" style=\"width:840px;height:auto\" srcset=\"https:\/\/macite.tg\/wp-content\/uploads\/2025\/12\/OTR_TVM.jpg 690w, https:\/\/macite.tg\/wp-content\/uploads\/2025\/12\/OTR_TVM-300x74.jpg 300w\" sizes=\"auto, (max-width: 690px) 100vw, 690px\" \/><\/figure>\n<\/div>\n\n\n<p class=\"wp-block-paragraph\">Le communiqu\u00e9 r\u00e9v\u00e8le que <em>\u00ab&nbsp;cette d\u00e9cision fait suite \u00e0 une \u00e9valuation objective des performances de l\u2019\u00e9quipe nationale, r\u00e9alis\u00e9e par le comit\u00e9 technique de la F\u00e9d\u00e9ration Togolaise de Football&nbsp;\u00bb<\/em> et <em>\u00ab&nbsp;ce bilan a mis en lumi\u00e8re des r\u00e9sultats inf\u00e9rieurs aux objectifs fix\u00e9s, notamment la qualification du Togo \u00e0 la phase finale de la CAN Maroc 2025 et un parcours honorable lors des \u00e9liminatoires de la Coupe du Monde FIFA United 2026&nbsp;\u00bb.<\/em><\/p>\n\n\n\n<p class=\"wp-block-paragraph\">La FTF remercie Monsieur Nibomb\u00e9 Dar\u00e9 et l\u2019ensemble de son staff pour les efforts consentis tout au long de leur mission \u00e0 la t\u00eate de l\u2019\u00e9quipe nationale des \u00c9perviers.<\/p>\n\n\n\n<figure class=\"wp-block-image size-full\"><img loading=\"lazy\" decoding=\"async\" width=\"851\" height=\"315\" src=\"https:\/\/macite.tg\/wp-content\/uploads\/2025\/12\/OTR_Ferer-pour-batir-1-1.jpg\" alt=\"\" class=\"wp-image-27032\" srcset=\"https:\/\/macite.tg\/wp-content\/uploads\/2025\/12\/OTR_Ferer-pour-batir-1-1.jpg 851w, https:\/\/macite.tg\/wp-content\/uploads\/2025\/12\/OTR_Ferer-pour-batir-1-1-300x111.jpg 300w, https:\/\/macite.tg\/wp-content\/uploads\/2025\/12\/OTR_Ferer-pour-batir-1-1-768x284.jpg 768w\" sizes=\"auto, (max-width: 851px) 100vw, 851px\" \/><\/figure>\n\n\n\n<p class=\"wp-block-paragraph\">L&rsquo;instance fa\u00eeti\u00e8re invite les supporters des \u00c9perviers que les d\u00e9cisions devront \u00eatre prises pour le renouveau des \u00c9perviers du Togo dans les plus brefs d\u00e9lais.<\/p>\n\n\n\n<p class=\"wp-block-paragraph\"><strong>A.D.<\/strong><\/p>\n\n\n\n<p class=\"wp-block-paragraph\"><a><strong><em>@macite.tg&nbsp;&nbsp;&nbsp;&nbsp;&nbsp;&nbsp;&nbsp;&nbsp;<\/em><\/strong><\/a><\/p>\n\n\n\n<p class=\"wp-block-paragraph\"><strong><em>E-mail&nbsp;: <\/em><\/strong><a href=\"mailto:maciteinfo@gmail.com\"><strong><em>maciteinfo@gmail.com<\/em><\/strong><\/a><strong><em>; <\/em><\/strong><a href=\"mailto:bawela1@gmail.com\"><strong><em>bawela1@gmail.com<\/em><\/strong><\/a><strong><em><\/em><\/strong><\/p>\n\n\n\n<p class=\"wp-block-paragraph\"><strong><em>Pour vos annonces, (publi)reportages, etc., joignez-nous au (00228)91515309\/<strong>79872224 <\/strong><strong><\/strong><\/em><\/strong><\/p>\n\n\n\n<p class=\"wp-block-paragraph\"><strong><em>www.macite.tg, L\u2019information, la bonne&nbsp;!<\/em><\/strong><\/p>\n\n\n\n<p class=\"wp-block-paragraph\"><\/p>\n","protected":false},"excerpt":{"rendered":"<p class=\"text-justify mb-2\" >C&rsquo;est officiel, Dar\u00e9 Nibomb\u00e9 n&rsquo;est plus s\u00e9lectionneur des \u00c9perviers A du Togo. L&rsquo;information a \u00e9t\u00e9 donn\u00e9e ce lundi dans la soir\u00e9e \u00e0 travers un communiqu\u00e9 publi\u00e9 sur le site de la F\u00e9d\u00e9ration Togolaise de Football (FTF). \u00ab&nbsp;La F\u00e9d\u00e9ration Togolaise de Football (FTF) informe l\u2019opinion nationale [&hellip;]<\/p>\n","protected":false},"author":2,"featured_media":27168,"comment_status":"open","ping_status":"open","sticky":false,"template":"","format":"standard","meta":{"footnotes":""},"categories":[20,63,7],"tags":[],"class_list":["post-27167","post","type-post","status-publish","format-standard","has-post-thumbnail","hentry","category-actualite","category-football","category-sports"],"yoast_head":"<!-- This site is optimized with the Yoast SEO plugin v28.4 - https:\/\/yoast.com\/product\/yoast-seo-wordpress\/ -->\n<title>EPERVIERS : Dar\u00e9 Nibomb\u00e9 limog\u00e9, avec tout son staff technique -<\/title>\n<meta name=\"robots\" content=\"index, follow, max-snippet:-1, max-image-preview:large, max-video-preview:-1\" \/>\n<link rel=\"canonical\" href=\"https:\/\/macite.tg\/?p=27167\" \/>\n<meta property=\"og:locale\" content=\"fr_FR\" \/>\n<meta property=\"og:type\" content=\"article\" \/>\n<meta property=\"og:title\" content=\"EPERVIERS : Dar\u00e9 Nibomb\u00e9 limog\u00e9, avec tout son staff technique -\" \/>\n<meta property=\"og:description\" content=\"C&rsquo;est officiel, Dar\u00e9 Nibomb\u00e9 n&rsquo;est plus s\u00e9lectionneur des \u00c9perviers A du Togo. L&rsquo;information a \u00e9t\u00e9 donn\u00e9e ce lundi dans la soir\u00e9e \u00e0 travers un communiqu\u00e9 publi\u00e9 sur le site de la F\u00e9d\u00e9ration Togolaise de Football (FTF). \u00ab&nbsp;La F\u00e9d\u00e9ration Togolaise de Football (FTF) informe l\u2019opinion nationale [&hellip;]\" \/>\n<meta property=\"og:url\" content=\"https:\/\/macite.tg\/?p=27167\" \/>\n<meta property=\"article:published_time\" content=\"2025-12-29T19:48:08+00:00\" \/>\n<meta property=\"article:modified_time\" content=\"2025-12-29T19:48:27+00:00\" \/>\n<meta property=\"og:image\" content=\"https:\/\/macite.tg\/wp-content\/uploads\/2025\/12\/Dare-Nibombe.jpg\" \/>\n\t<meta property=\"og:image:width\" content=\"500\" \/>\n\t<meta property=\"og:image:height\" content=\"285\" \/>\n\t<meta property=\"og:image:type\" content=\"image\/jpeg\" \/>\n<meta name=\"author\" content=\"Jean Pierre BAWELA\" \/>\n<meta name=\"twitter:card\" content=\"summary_large_image\" \/>\n<meta name=\"twitter:label1\" content=\"\u00c9crit par\" \/>\n\t<meta name=\"twitter:data1\" content=\"Jean Pierre BAWELA\" \/>\n\t<meta name=\"twitter:label2\" content=\"Dur\u00e9e de lecture estim\u00e9e\" \/>\n\t<meta name=\"twitter:data2\" content=\"2 minutes\" \/>\n<script type=\"application\/ld+json\" class=\"yoast-schema-graph\">{\"@context\":\"https:\\\/\\\/schema.org\",\"@graph\":[{\"@type\":\"Article\",\"@id\":\"https:\\\/\\\/macite.tg\\\/?p=27167#article\",\"isPartOf\":{\"@id\":\"https:\\\/\\\/macite.tg\\\/?p=27167\"},\"author\":{\"name\":\"Jean Pierre BAWELA\",\"@id\":\"https:\\\/\\\/macite.tg\\\/#\\\/schema\\\/person\\\/e9f2de7e5dbbe7770a9402c7ce82f5c2\"},\"headline\":\"EPERVIERS : Dar\u00e9 Nibomb\u00e9 limog\u00e9, avec tout son staff technique\",\"datePublished\":\"2025-12-29T19:48:08+00:00\",\"dateModified\":\"2025-12-29T19:48:27+00:00\",\"mainEntityOfPage\":{\"@id\":\"https:\\\/\\\/macite.tg\\\/?p=27167\"},\"wordCount\":312,\"commentCount\":0,\"image\":{\"@id\":\"https:\\\/\\\/macite.tg\\\/?p=27167#primaryimage\"},\"thumbnailUrl\":\"https:\\\/\\\/macite.tg\\\/wp-content\\\/uploads\\\/2025\\\/12\\\/Dare-Nibombe.jpg\",\"articleSection\":[\"ACTUALITE\",\"FOOTBALL\",\"SPORTS\"],\"inLanguage\":\"fr-FR\",\"potentialAction\":[{\"@type\":\"CommentAction\",\"name\":\"Comment\",\"target\":[\"https:\\\/\\\/macite.tg\\\/?p=27167#respond\"]}]},{\"@type\":\"WebPage\",\"@id\":\"https:\\\/\\\/macite.tg\\\/?p=27167\",\"url\":\"https:\\\/\\\/macite.tg\\\/?p=27167\",\"name\":\"EPERVIERS : Dar\u00e9 Nibomb\u00e9 limog\u00e9, avec tout son staff technique -\",\"isPartOf\":{\"@id\":\"https:\\\/\\\/macite.tg\\\/#website\"},\"primaryImageOfPage\":{\"@id\":\"https:\\\/\\\/macite.tg\\\/?p=27167#primaryimage\"},\"image\":{\"@id\":\"https:\\\/\\\/macite.tg\\\/?p=27167#primaryimage\"},\"thumbnailUrl\":\"https:\\\/\\\/macite.tg\\\/wp-content\\\/uploads\\\/2025\\\/12\\\/Dare-Nibombe.jpg\",\"datePublished\":\"2025-12-29T19:48:08+00:00\",\"dateModified\":\"2025-12-29T19:48:27+00:00\",\"author\":{\"@id\":\"https:\\\/\\\/macite.tg\\\/#\\\/schema\\\/person\\\/e9f2de7e5dbbe7770a9402c7ce82f5c2\"},\"breadcrumb\":{\"@id\":\"https:\\\/\\\/macite.tg\\\/?p=27167#breadcrumb\"},\"inLanguage\":\"fr-FR\",\"potentialAction\":[{\"@type\":\"ReadAction\",\"target\":[\"https:\\\/\\\/macite.tg\\\/?p=27167\"]}]},{\"@type\":\"ImageObject\",\"inLanguage\":\"fr-FR\",\"@id\":\"https:\\\/\\\/macite.tg\\\/?p=27167#primaryimage\",\"url\":\"https:\\\/\\\/macite.tg\\\/wp-content\\\/uploads\\\/2025\\\/12\\\/Dare-Nibombe.jpg\",\"contentUrl\":\"https:\\\/\\\/macite.tg\\\/wp-content\\\/uploads\\\/2025\\\/12\\\/Dare-Nibombe.jpg\",\"width\":500,\"height\":285},{\"@type\":\"BreadcrumbList\",\"@id\":\"https:\\\/\\\/macite.tg\\\/?p=27167#breadcrumb\",\"itemListElement\":[{\"@type\":\"ListItem\",\"position\":1,\"name\":\"Accueil\",\"item\":\"https:\\\/\\\/macite.tg\\\/\"},{\"@type\":\"ListItem\",\"position\":2,\"name\":\"EPERVIERS : Dar\u00e9 Nibomb\u00e9 limog\u00e9, avec tout son staff technique\"}]},{\"@type\":\"WebSite\",\"@id\":\"https:\\\/\\\/macite.tg\\\/#website\",\"url\":\"https:\\\/\\\/macite.tg\\\/\",\"name\":\"\",\"description\":\"L&#039;information, la bonne!!!\",\"potentialAction\":[{\"@type\":\"SearchAction\",\"target\":{\"@type\":\"EntryPoint\",\"urlTemplate\":\"https:\\\/\\\/macite.tg\\\/?s={search_term_string}\"},\"query-input\":{\"@type\":\"PropertyValueSpecification\",\"valueRequired\":true,\"valueName\":\"search_term_string\"}}],\"inLanguage\":\"fr-FR\"},{\"@type\":\"Person\",\"@id\":\"https:\\\/\\\/macite.tg\\\/#\\\/schema\\\/person\\\/e9f2de7e5dbbe7770a9402c7ce82f5c2\",\"name\":\"Jean Pierre BAWELA\",\"image\":{\"@type\":\"ImageObject\",\"inLanguage\":\"fr-FR\",\"@id\":\"https:\\\/\\\/macite.tg\\\/wp-content\\\/uploads\\\/2023\\\/09\\\/WhatsApp-Image-2023-09-19-at-14.44.41-122x122.jpeg\",\"url\":\"https:\\\/\\\/macite.tg\\\/wp-content\\\/uploads\\\/2023\\\/09\\\/WhatsApp-Image-2023-09-19-at-14.44.41-122x122.jpeg\",\"contentUrl\":\"https:\\\/\\\/macite.tg\\\/wp-content\\\/uploads\\\/2023\\\/09\\\/WhatsApp-Image-2023-09-19-at-14.44.41-122x122.jpeg\",\"caption\":\"Jean Pierre BAWELA\"},\"url\":\"https:\\\/\\\/macite.tg\\\/?author=2\"}]}<\/script>\n<!-- \/ Yoast SEO plugin. -->","yoast_head_json":{"title":"EPERVIERS : Dar\u00e9 Nibomb\u00e9 limog\u00e9, avec tout son staff technique -","robots":{"index":"index","follow":"follow","max-snippet":"max-snippet:-1","max-image-preview":"max-image-preview:large","max-video-preview":"max-video-preview:-1"},"canonical":"https:\/\/macite.tg\/?p=27167","og_locale":"fr_FR","og_type":"article","og_title":"EPERVIERS : Dar\u00e9 Nibomb\u00e9 limog\u00e9, avec tout son staff technique -","og_description":"C&rsquo;est officiel, Dar\u00e9 Nibomb\u00e9 n&rsquo;est plus s\u00e9lectionneur des \u00c9perviers A du Togo. L&rsquo;information a \u00e9t\u00e9 donn\u00e9e ce lundi dans la soir\u00e9e \u00e0 travers un communiqu\u00e9 publi\u00e9 sur le site de la F\u00e9d\u00e9ration Togolaise de Football (FTF). \u00ab&nbsp;La F\u00e9d\u00e9ration Togolaise de Football (FTF) informe l\u2019opinion nationale [&hellip;]","og_url":"https:\/\/macite.tg\/?p=27167","article_published_time":"2025-12-29T19:48:08+00:00","article_modified_time":"2025-12-29T19:48:27+00:00","og_image":[{"width":500,"height":285,"url":"https:\/\/macite.tg\/wp-content\/uploads\/2025\/12\/Dare-Nibombe.jpg","type":"image\/jpeg"}],"author":"Jean Pierre BAWELA","twitter_card":"summary_large_image","twitter_misc":{"\u00c9crit par":"Jean Pierre BAWELA","Dur\u00e9e de lecture estim\u00e9e":"2 minutes"},"schema":{"@context":"https:\/\/schema.org","@graph":[{"@type":"Article","@id":"https:\/\/macite.tg\/?p=27167#article","isPartOf":{"@id":"https:\/\/macite.tg\/?p=27167"},"author":{"name":"Jean Pierre BAWELA","@id":"https:\/\/macite.tg\/#\/schema\/person\/e9f2de7e5dbbe7770a9402c7ce82f5c2"},"headline":"EPERVIERS : Dar\u00e9 Nibomb\u00e9 limog\u00e9, avec tout son staff technique","datePublished":"2025-12-29T19:48:08+00:00","dateModified":"2025-12-29T19:48:27+00:00","mainEntityOfPage":{"@id":"https:\/\/macite.tg\/?p=27167"},"wordCount":312,"commentCount":0,"image":{"@id":"https:\/\/macite.tg\/?p=27167#primaryimage"},"thumbnailUrl":"https:\/\/macite.tg\/wp-content\/uploads\/2025\/12\/Dare-Nibombe.jpg","articleSection":["ACTUALITE","FOOTBALL","SPORTS"],"inLanguage":"fr-FR","potentialAction":[{"@type":"CommentAction","name":"Comment","target":["https:\/\/macite.tg\/?p=27167#respond"]}]},{"@type":"WebPage","@id":"https:\/\/macite.tg\/?p=27167","url":"https:\/\/macite.tg\/?p=27167","name":"EPERVIERS : Dar\u00e9 Nibomb\u00e9 limog\u00e9, avec tout son staff technique -","isPartOf":{"@id":"https:\/\/macite.tg\/#website"},"primaryImageOfPage":{"@id":"https:\/\/macite.tg\/?p=27167#primaryimage"},"image":{"@id":"https:\/\/macite.tg\/?p=27167#primaryimage"},"thumbnailUrl":"https:\/\/macite.tg\/wp-content\/uploads\/2025\/12\/Dare-Nibombe.jpg","datePublished":"2025-12-29T19:48:08+00:00","dateModified":"2025-12-29T19:48:27+00:00","author":{"@id":"https:\/\/macite.tg\/#\/schema\/person\/e9f2de7e5dbbe7770a9402c7ce82f5c2"},"breadcrumb":{"@id":"https:\/\/macite.tg\/?p=27167#breadcrumb"},"inLanguage":"fr-FR","potentialAction":[{"@type":"ReadAction","target":["https:\/\/macite.tg\/?p=27167"]}]},{"@type":"ImageObject","inLanguage":"fr-FR","@id":"https:\/\/macite.tg\/?p=27167#primaryimage","url":"https:\/\/macite.tg\/wp-content\/uploads\/2025\/12\/Dare-Nibombe.jpg","contentUrl":"https:\/\/macite.tg\/wp-content\/uploads\/2025\/12\/Dare-Nibombe.jpg","width":500,"height":285},{"@type":"BreadcrumbList","@id":"https:\/\/macite.tg\/?p=27167#breadcrumb","itemListElement":[{"@type":"ListItem","position":1,"name":"Accueil","item":"https:\/\/macite.tg\/"},{"@type":"ListItem","position":2,"name":"EPERVIERS : Dar\u00e9 Nibomb\u00e9 limog\u00e9, avec tout son staff technique"}]},{"@type":"WebSite","@id":"https:\/\/macite.tg\/#website","url":"https:\/\/macite.tg\/","name":"","description":"L&#039;information, la bonne!!!","potentialAction":[{"@type":"SearchAction","target":{"@type":"EntryPoint","urlTemplate":"https:\/\/macite.tg\/?s={search_term_string}"},"query-input":{"@type":"PropertyValueSpecification","valueRequired":true,"valueName":"search_term_string"}}],"inLanguage":"fr-FR"},{"@type":"Person","@id":"https:\/\/macite.tg\/#\/schema\/person\/e9f2de7e5dbbe7770a9402c7ce82f5c2","name":"Jean Pierre BAWELA","image":{"@type":"ImageObject","inLanguage":"fr-FR","@id":"https:\/\/macite.tg\/wp-content\/uploads\/2023\/09\/WhatsApp-Image-2023-09-19-at-14.44.41-122x122.jpeg","url":"https:\/\/macite.tg\/wp-content\/uploads\/2023\/09\/WhatsApp-Image-2023-09-19-at-14.44.41-122x122.jpeg","contentUrl":"https:\/\/macite.tg\/wp-content\/uploads\/2023\/09\/WhatsApp-Image-2023-09-19-at-14.44.41-122x122.jpeg","caption":"Jean Pierre BAWELA"},"url":"https:\/\/macite.tg\/?author=2"}]}},"_links":{"self":[{"href":"https:\/\/macite.tg\/index.php?rest_route=\/wp\/v2\/posts\/27167","targetHints":{"allow":["GET"]}}],"collection":[{"href":"https:\/\/macite.tg\/index.php?rest_route=\/wp\/v2\/posts"}],"about":[{"href":"https:\/\/macite.tg\/index.php?rest_route=\/wp\/v2\/types\/post"}],"author":[{"embeddable":true,"href":"https:\/\/macite.tg\/index.php?rest_route=\/wp\/v2\/users\/2"}],"replies":[{"embeddable":true,"href":"https:\/\/macite.tg\/index.php?rest_route=%2Fwp%2Fv2%2Fcomments&post=27167"}],"version-history":[{"count":0,"href":"https:\/\/macite.tg\/index.php?rest_route=\/wp\/v2\/posts\/27167\/revisions"}],"wp:featuredmedia":[{"embeddable":true,"href":"https:\/\/macite.tg\/index.php?rest_route=\/wp\/v2\/media\/27168"}],"wp:attachment":[{"href":"https:\/\/macite.tg\/index.php?rest_route=%2Fwp%2Fv2%2Fmedia&parent=27167"}],"wp:term":[{"taxonomy":"category","embeddable":true,"href":"https:\/\/macite.tg\/index.php?rest_route=%2Fwp%2Fv2%2Fcategories&post=27167"},{"taxonomy":"post_tag","embeddable":true,"href":"https:\/\/macite.tg\/index.php?rest_route=%2Fwp%2Fv2%2Ftags&post=27167"}],"curies":[{"name":"wp","href":"https:\/\/api.w.org\/{rel}","templated":true}]}}