{"id":27160,"date":"2025-12-29T18:15:22","date_gmt":"2025-12-29T18:15:22","guid":{"rendered":"https:\/\/macite.tg\/?p=27160"},"modified":"2025-12-29T18:15:31","modified_gmt":"2025-12-29T18:15:31","slug":"voeux-au-president-du-conseil-un-plan-temporaire-de-circulation-mis-en-place","status":"publish","type":"post","link":"https:\/\/macite.tg\/?p=27160","title":{"rendered":"V\u0152UX AU PRESIDENT DU CONSEIL\u00a0: Un plan temporaire de circulation mis en place"},"content":{"rendered":"\n<p class=\"wp-block-paragraph\"><strong><em>Il sera organis\u00e9, demain mardi 30 d\u00e9cembre, une c\u00e9r\u00e9monie solennelle de pr\u00e9sentation de v\u0153ux des forces vives de la Nation au Pr\u00e9sident du Conseil, Faure Essozimna Gnassingb\u00e9.<\/em><\/strong><\/p>\n\n\n\n<p class=\"wp-block-paragraph\">A cette occasion, le ministre de la S\u00e9curit\u00e9, le Col Calixte Madjoulba, annonce qu\u2019il sera mis en place un plan temporaire de circulation dans la capitale.<\/p>\n\n\n\n<figure class=\"wp-block-image size-full\"><img loading=\"lazy\" decoding=\"async\" width=\"992\" height=\"680\" src=\"https:\/\/macite.tg\/wp-content\/uploads\/2025\/12\/image-86.png\" alt=\"\" class=\"wp-image-27163\" srcset=\"https:\/\/macite.tg\/wp-content\/uploads\/2025\/12\/image-86.png 992w, https:\/\/macite.tg\/wp-content\/uploads\/2025\/12\/image-86-300x206.png 300w, https:\/\/macite.tg\/wp-content\/uploads\/2025\/12\/image-86-768x526.png 768w\" sizes=\"auto, (max-width: 992px) 100vw, 992px\" \/><\/figure>\n\n\n\n<p class=\"wp-block-paragraph\"><a><strong><em>@macite.tg&nbsp;&nbsp;&nbsp;&nbsp;&nbsp;&nbsp;&nbsp;&nbsp;<\/em><\/strong><\/a><\/p>\n\n\n\n<p class=\"wp-block-paragraph\"><strong><em>E-mail&nbsp;: <\/em><\/strong><a href=\"mailto:maciteinfo@gmail.com\"><strong><em>maciteinfo@gmail.com<\/em><\/strong><\/a><strong><em>; <\/em><\/strong><a href=\"mailto:bawela1@gmail.com\"><strong><em>bawela1@gmail.com<\/em><\/strong><\/a><strong><em><\/em><\/strong><\/p>\n\n\n\n<p class=\"wp-block-paragraph\"><strong><em>Pour vos annonces, (publi)reportages, etc., joignez-nous au (00228)91515309\/<strong>79872224 <\/strong><strong><\/strong><\/em><\/strong><\/p>\n\n\n\n<p class=\"wp-block-paragraph\"><strong><em>www.macite.tg, L\u2019information, la bonne&nbsp;!<\/em><\/strong><\/p>\n","protected":false},"excerpt":{"rendered":"<p class=\"text-justify mb-2\" >Il sera organis\u00e9, demain mardi 30 d\u00e9cembre, une c\u00e9r\u00e9monie solennelle de pr\u00e9sentation de v\u0153ux des forces vives de la Nation au Pr\u00e9sident du Conseil, Faure Essozimna Gnassingb\u00e9. A cette occasion, le ministre de la S\u00e9curit\u00e9, le Col Calixte Madjoulba, annonce qu\u2019il sera mis en place [&hellip;]<\/p>\n","protected":false},"author":2,"featured_media":27164,"comment_status":"open","ping_status":"open","sticky":false,"template":"","format":"standard","meta":{"footnotes":""},"categories":[20,41],"tags":[],"class_list":["post-27160","post","type-post","status-publish","format-standard","has-post-thumbnail","hentry","category-actualite","category-transports"],"yoast_head":"<!-- This site is optimized with the Yoast SEO plugin v28.4 - https:\/\/yoast.com\/product\/yoast-seo-wordpress\/ -->\n<title>V\u0152UX AU PRESIDENT DU CONSEIL\u00a0: Un plan temporaire de circulation mis en place -<\/title>\n<meta name=\"robots\" content=\"index, follow, max-snippet:-1, max-image-preview:large, max-video-preview:-1\" \/>\n<link rel=\"canonical\" href=\"https:\/\/macite.tg\/?p=27160\" \/>\n<meta property=\"og:locale\" content=\"fr_FR\" \/>\n<meta property=\"og:type\" content=\"article\" \/>\n<meta property=\"og:title\" content=\"V\u0152UX AU PRESIDENT DU CONSEIL\u00a0: Un plan temporaire de circulation mis en place -\" \/>\n<meta property=\"og:description\" content=\"Il sera organis\u00e9, demain mardi 30 d\u00e9cembre, une c\u00e9r\u00e9monie solennelle de pr\u00e9sentation de v\u0153ux des forces vives de la Nation au Pr\u00e9sident du Conseil, Faure Essozimna Gnassingb\u00e9. A cette occasion, le ministre de la S\u00e9curit\u00e9, le Col Calixte Madjoulba, annonce qu\u2019il sera mis en place [&hellip;]\" \/>\n<meta property=\"og:url\" content=\"https:\/\/macite.tg\/?p=27160\" \/>\n<meta property=\"article:published_time\" content=\"2025-12-29T18:15:22+00:00\" \/>\n<meta property=\"article:modified_time\" content=\"2025-12-29T18:15:31+00:00\" \/>\n<meta property=\"og:image\" content=\"https:\/\/macite.tg\/wp-content\/uploads\/2025\/12\/image-87.png\" \/>\n\t<meta property=\"og:image:width\" content=\"347\" \/>\n\t<meta property=\"og:image:height\" content=\"234\" \/>\n\t<meta property=\"og:image:type\" content=\"image\/png\" \/>\n<meta name=\"author\" content=\"Jean Pierre BAWELA\" \/>\n<meta name=\"twitter:card\" content=\"summary_large_image\" \/>\n<meta name=\"twitter:label1\" content=\"\u00c9crit par\" \/>\n\t<meta name=\"twitter:data1\" content=\"Jean Pierre BAWELA\" \/>\n\t<meta name=\"twitter:label2\" content=\"Dur\u00e9e de lecture estim\u00e9e\" \/>\n\t<meta name=\"twitter:data2\" content=\"1 minute\" \/>\n<script type=\"application\/ld+json\" class=\"yoast-schema-graph\">{\"@context\":\"https:\\\/\\\/schema.org\",\"@graph\":[{\"@type\":\"Article\",\"@id\":\"https:\\\/\\\/macite.tg\\\/?p=27160#article\",\"isPartOf\":{\"@id\":\"https:\\\/\\\/macite.tg\\\/?p=27160\"},\"author\":{\"name\":\"Jean Pierre BAWELA\",\"@id\":\"https:\\\/\\\/macite.tg\\\/#\\\/schema\\\/person\\\/e9f2de7e5dbbe7770a9402c7ce82f5c2\"},\"headline\":\"V\u0152UX AU PRESIDENT DU CONSEIL\u00a0: Un plan temporaire de circulation mis en place\",\"datePublished\":\"2025-12-29T18:15:22+00:00\",\"dateModified\":\"2025-12-29T18:15:31+00:00\",\"mainEntityOfPage\":{\"@id\":\"https:\\\/\\\/macite.tg\\\/?p=27160\"},\"wordCount\":108,\"commentCount\":0,\"image\":{\"@id\":\"https:\\\/\\\/macite.tg\\\/?p=27160#primaryimage\"},\"thumbnailUrl\":\"https:\\\/\\\/macite.tg\\\/wp-content\\\/uploads\\\/2025\\\/12\\\/image-87.png\",\"articleSection\":[\"ACTUALITE\",\"TRANSPORTS\"],\"inLanguage\":\"fr-FR\",\"potentialAction\":[{\"@type\":\"CommentAction\",\"name\":\"Comment\",\"target\":[\"https:\\\/\\\/macite.tg\\\/?p=27160#respond\"]}]},{\"@type\":\"WebPage\",\"@id\":\"https:\\\/\\\/macite.tg\\\/?p=27160\",\"url\":\"https:\\\/\\\/macite.tg\\\/?p=27160\",\"name\":\"V\u0152UX AU PRESIDENT DU CONSEIL\u00a0: Un plan temporaire de circulation mis en place -\",\"isPartOf\":{\"@id\":\"https:\\\/\\\/macite.tg\\\/#website\"},\"primaryImageOfPage\":{\"@id\":\"https:\\\/\\\/macite.tg\\\/?p=27160#primaryimage\"},\"image\":{\"@id\":\"https:\\\/\\\/macite.tg\\\/?p=27160#primaryimage\"},\"thumbnailUrl\":\"https:\\\/\\\/macite.tg\\\/wp-content\\\/uploads\\\/2025\\\/12\\\/image-87.png\",\"datePublished\":\"2025-12-29T18:15:22+00:00\",\"dateModified\":\"2025-12-29T18:15:31+00:00\",\"author\":{\"@id\":\"https:\\\/\\\/macite.tg\\\/#\\\/schema\\\/person\\\/e9f2de7e5dbbe7770a9402c7ce82f5c2\"},\"breadcrumb\":{\"@id\":\"https:\\\/\\\/macite.tg\\\/?p=27160#breadcrumb\"},\"inLanguage\":\"fr-FR\",\"potentialAction\":[{\"@type\":\"ReadAction\",\"target\":[\"https:\\\/\\\/macite.tg\\\/?p=27160\"]}]},{\"@type\":\"ImageObject\",\"inLanguage\":\"fr-FR\",\"@id\":\"https:\\\/\\\/macite.tg\\\/?p=27160#primaryimage\",\"url\":\"https:\\\/\\\/macite.tg\\\/wp-content\\\/uploads\\\/2025\\\/12\\\/image-87.png\",\"contentUrl\":\"https:\\\/\\\/macite.tg\\\/wp-content\\\/uploads\\\/2025\\\/12\\\/image-87.png\",\"width\":347,\"height\":234},{\"@type\":\"BreadcrumbList\",\"@id\":\"https:\\\/\\\/macite.tg\\\/?p=27160#breadcrumb\",\"itemListElement\":[{\"@type\":\"ListItem\",\"position\":1,\"name\":\"Accueil\",\"item\":\"https:\\\/\\\/macite.tg\\\/\"},{\"@type\":\"ListItem\",\"position\":2,\"name\":\"V\u0152UX AU PRESIDENT DU CONSEIL\u00a0: Un plan temporaire de circulation mis en place\"}]},{\"@type\":\"WebSite\",\"@id\":\"https:\\\/\\\/macite.tg\\\/#website\",\"url\":\"https:\\\/\\\/macite.tg\\\/\",\"name\":\"\",\"description\":\"L&#039;information, la bonne!!!\",\"potentialAction\":[{\"@type\":\"SearchAction\",\"target\":{\"@type\":\"EntryPoint\",\"urlTemplate\":\"https:\\\/\\\/macite.tg\\\/?s={search_term_string}\"},\"query-input\":{\"@type\":\"PropertyValueSpecification\",\"valueRequired\":true,\"valueName\":\"search_term_string\"}}],\"inLanguage\":\"fr-FR\"},{\"@type\":\"Person\",\"@id\":\"https:\\\/\\\/macite.tg\\\/#\\\/schema\\\/person\\\/e9f2de7e5dbbe7770a9402c7ce82f5c2\",\"name\":\"Jean Pierre BAWELA\",\"image\":{\"@type\":\"ImageObject\",\"inLanguage\":\"fr-FR\",\"@id\":\"https:\\\/\\\/macite.tg\\\/wp-content\\\/uploads\\\/2023\\\/09\\\/WhatsApp-Image-2023-09-19-at-14.44.41-122x122.jpeg\",\"url\":\"https:\\\/\\\/macite.tg\\\/wp-content\\\/uploads\\\/2023\\\/09\\\/WhatsApp-Image-2023-09-19-at-14.44.41-122x122.jpeg\",\"contentUrl\":\"https:\\\/\\\/macite.tg\\\/wp-content\\\/uploads\\\/2023\\\/09\\\/WhatsApp-Image-2023-09-19-at-14.44.41-122x122.jpeg\",\"caption\":\"Jean Pierre BAWELA\"},\"url\":\"https:\\\/\\\/macite.tg\\\/?author=2\"}]}<\/script>\n<!-- \/ Yoast SEO plugin. -->","yoast_head_json":{"title":"V\u0152UX AU PRESIDENT DU CONSEIL\u00a0: Un plan temporaire de circulation mis en place -","robots":{"index":"index","follow":"follow","max-snippet":"max-snippet:-1","max-image-preview":"max-image-preview:large","max-video-preview":"max-video-preview:-1"},"canonical":"https:\/\/macite.tg\/?p=27160","og_locale":"fr_FR","og_type":"article","og_title":"V\u0152UX AU PRESIDENT DU CONSEIL\u00a0: Un plan temporaire de circulation mis en place -","og_description":"Il sera organis\u00e9, demain mardi 30 d\u00e9cembre, une c\u00e9r\u00e9monie solennelle de pr\u00e9sentation de v\u0153ux des forces vives de la Nation au Pr\u00e9sident du Conseil, Faure Essozimna Gnassingb\u00e9. A cette occasion, le ministre de la S\u00e9curit\u00e9, le Col Calixte Madjoulba, annonce qu\u2019il sera mis en place [&hellip;]","og_url":"https:\/\/macite.tg\/?p=27160","article_published_time":"2025-12-29T18:15:22+00:00","article_modified_time":"2025-12-29T18:15:31+00:00","og_image":[{"width":347,"height":234,"url":"https:\/\/macite.tg\/wp-content\/uploads\/2025\/12\/image-87.png","type":"image\/png"}],"author":"Jean Pierre BAWELA","twitter_card":"summary_large_image","twitter_misc":{"\u00c9crit par":"Jean Pierre BAWELA","Dur\u00e9e de lecture estim\u00e9e":"1 minute"},"schema":{"@context":"https:\/\/schema.org","@graph":[{"@type":"Article","@id":"https:\/\/macite.tg\/?p=27160#article","isPartOf":{"@id":"https:\/\/macite.tg\/?p=27160"},"author":{"name":"Jean Pierre BAWELA","@id":"https:\/\/macite.tg\/#\/schema\/person\/e9f2de7e5dbbe7770a9402c7ce82f5c2"},"headline":"V\u0152UX AU PRESIDENT DU CONSEIL\u00a0: Un plan temporaire de circulation mis en place","datePublished":"2025-12-29T18:15:22+00:00","dateModified":"2025-12-29T18:15:31+00:00","mainEntityOfPage":{"@id":"https:\/\/macite.tg\/?p=27160"},"wordCount":108,"commentCount":0,"image":{"@id":"https:\/\/macite.tg\/?p=27160#primaryimage"},"thumbnailUrl":"https:\/\/macite.tg\/wp-content\/uploads\/2025\/12\/image-87.png","articleSection":["ACTUALITE","TRANSPORTS"],"inLanguage":"fr-FR","potentialAction":[{"@type":"CommentAction","name":"Comment","target":["https:\/\/macite.tg\/?p=27160#respond"]}]},{"@type":"WebPage","@id":"https:\/\/macite.tg\/?p=27160","url":"https:\/\/macite.tg\/?p=27160","name":"V\u0152UX AU PRESIDENT DU CONSEIL\u00a0: Un plan temporaire de circulation mis en place -","isPartOf":{"@id":"https:\/\/macite.tg\/#website"},"primaryImageOfPage":{"@id":"https:\/\/macite.tg\/?p=27160#primaryimage"},"image":{"@id":"https:\/\/macite.tg\/?p=27160#primaryimage"},"thumbnailUrl":"https:\/\/macite.tg\/wp-content\/uploads\/2025\/12\/image-87.png","datePublished":"2025-12-29T18:15:22+00:00","dateModified":"2025-12-29T18:15:31+00:00","author":{"@id":"https:\/\/macite.tg\/#\/schema\/person\/e9f2de7e5dbbe7770a9402c7ce82f5c2"},"breadcrumb":{"@id":"https:\/\/macite.tg\/?p=27160#breadcrumb"},"inLanguage":"fr-FR","potentialAction":[{"@type":"ReadAction","target":["https:\/\/macite.tg\/?p=27160"]}]},{"@type":"ImageObject","inLanguage":"fr-FR","@id":"https:\/\/macite.tg\/?p=27160#primaryimage","url":"https:\/\/macite.tg\/wp-content\/uploads\/2025\/12\/image-87.png","contentUrl":"https:\/\/macite.tg\/wp-content\/uploads\/2025\/12\/image-87.png","width":347,"height":234},{"@type":"BreadcrumbList","@id":"https:\/\/macite.tg\/?p=27160#breadcrumb","itemListElement":[{"@type":"ListItem","position":1,"name":"Accueil","item":"https:\/\/macite.tg\/"},{"@type":"ListItem","position":2,"name":"V\u0152UX AU PRESIDENT DU CONSEIL\u00a0: Un plan temporaire de circulation mis en place"}]},{"@type":"WebSite","@id":"https:\/\/macite.tg\/#website","url":"https:\/\/macite.tg\/","name":"","description":"L&#039;information, la bonne!!!","potentialAction":[{"@type":"SearchAction","target":{"@type":"EntryPoint","urlTemplate":"https:\/\/macite.tg\/?s={search_term_string}"},"query-input":{"@type":"PropertyValueSpecification","valueRequired":true,"valueName":"search_term_string"}}],"inLanguage":"fr-FR"},{"@type":"Person","@id":"https:\/\/macite.tg\/#\/schema\/person\/e9f2de7e5dbbe7770a9402c7ce82f5c2","name":"Jean Pierre BAWELA","image":{"@type":"ImageObject","inLanguage":"fr-FR","@id":"https:\/\/macite.tg\/wp-content\/uploads\/2023\/09\/WhatsApp-Image-2023-09-19-at-14.44.41-122x122.jpeg","url":"https:\/\/macite.tg\/wp-content\/uploads\/2023\/09\/WhatsApp-Image-2023-09-19-at-14.44.41-122x122.jpeg","contentUrl":"https:\/\/macite.tg\/wp-content\/uploads\/2023\/09\/WhatsApp-Image-2023-09-19-at-14.44.41-122x122.jpeg","caption":"Jean Pierre BAWELA"},"url":"https:\/\/macite.tg\/?author=2"}]}},"_links":{"self":[{"href":"https:\/\/macite.tg\/index.php?rest_route=\/wp\/v2\/posts\/27160","targetHints":{"allow":["GET"]}}],"collection":[{"href":"https:\/\/macite.tg\/index.php?rest_route=\/wp\/v2\/posts"}],"about":[{"href":"https:\/\/macite.tg\/index.php?rest_route=\/wp\/v2\/types\/post"}],"author":[{"embeddable":true,"href":"https:\/\/macite.tg\/index.php?rest_route=\/wp\/v2\/users\/2"}],"replies":[{"embeddable":true,"href":"https:\/\/macite.tg\/index.php?rest_route=%2Fwp%2Fv2%2Fcomments&post=27160"}],"version-history":[{"count":0,"href":"https:\/\/macite.tg\/index.php?rest_route=\/wp\/v2\/posts\/27160\/revisions"}],"wp:featuredmedia":[{"embeddable":true,"href":"https:\/\/macite.tg\/index.php?rest_route=\/wp\/v2\/media\/27164"}],"wp:attachment":[{"href":"https:\/\/macite.tg\/index.php?rest_route=%2Fwp%2Fv2%2Fmedia&parent=27160"}],"wp:term":[{"taxonomy":"category","embeddable":true,"href":"https:\/\/macite.tg\/index.php?rest_route=%2Fwp%2Fv2%2Fcategories&post=27160"},{"taxonomy":"post_tag","embeddable":true,"href":"https:\/\/macite.tg\/index.php?rest_route=%2Fwp%2Fv2%2Ftags&post=27160"}],"curies":[{"name":"wp","href":"https:\/\/api.w.org\/{rel}","templated":true}]}}