{"id":27154,"date":"2025-12-29T17:52:45","date_gmt":"2025-12-29T17:52:45","guid":{"rendered":"https:\/\/macite.tg\/?p=27154"},"modified":"2025-12-29T17:53:18","modified_gmt":"2025-12-29T17:53:18","slug":"penurie-en-eau-potable-dans-la-region-de-la-kara-lexecutif-met-les-bouchers-double-pour-des-solutions-durables","status":"publish","type":"post","link":"https:\/\/macite.tg\/?p=27154","title":{"rendered":"PENURIE EN EAU POTABLE DANS LA REGION DE LA KARA : L\u2019ex\u00e9cutif met les bouchers double pour des solutions durables"},"content":{"rendered":"\n<p class=\"wp-block-paragraph\"><strong><em>La r\u00e9gion de la Kara, au Nord du pays, connait, depuis le d\u00e9but de cette ann\u00e9e, une situation d\u00e9plorable. Une <\/em><\/strong><strong><em>faible pluviom\u00e9trie inhabituelle, directement li\u00e9e aux effets du changement climatique, entraine des perturbations hydrologiques majeures, caract\u00e9ris\u00e9es notamment par un rechargement insuffisant des nappes phr\u00e9atiques et des r\u00e9servoirs naturels d\u2019eau.<\/em><\/strong><\/p>\n\n\n\n<p class=\"wp-block-paragraph\">Un d\u00e9ficit pluviom\u00e9trique qui a favoris\u00e9 l\u2019installation pr\u00e9coce de la saison s\u00e8che, provoquant l\u2019ass\u00e8chement progressif de plusieurs sources alternatives d\u2019eau. Le barrage de la Kozah, mis en service en 1979, constitue la principale source d\u2019alimentation en eau potable des pr\u00e9fectures de la Kozah, de la Doufelgou et de la Binah.<\/p>\n\n\n\n<p class=\"wp-block-paragraph\">A la sortie de la saison pluvieuse de cette ann\u00e9e, le niveau d\u2019eau du barrage s\u2019\u00e9tablit l\u00e9g\u00e8rement en dessous 8 m\u00e8tres, contre 16 m\u00e8tres \u00e0 la m\u00eame p\u00e9riode en 2024. Un niveau historiquement bas, jamais enregistr\u00e9 depuis la construction de l\u2019ouvrage. Cette baisse du niveau d\u2019eau a entra\u00een\u00e9 une r\u00e9duction significative de la capacit\u00e9 de production, estim\u00e9e \u00e0 environ 40 %, soit une production journali\u00e8re de 4.500 m\u00b3 contre 11.000 m\u00b3 habituellement.<\/p>\n\n\n<div class=\"wp-block-image\">\n<figure class=\"aligncenter size-full is-resized\"><img loading=\"lazy\" decoding=\"async\" width=\"690\" height=\"170\" src=\"https:\/\/macite.tg\/wp-content\/uploads\/2025\/12\/OTR_TVM.jpg\" alt=\"\" class=\"wp-image-27077\" style=\"width:840px;height:auto\" srcset=\"https:\/\/macite.tg\/wp-content\/uploads\/2025\/12\/OTR_TVM.jpg 690w, https:\/\/macite.tg\/wp-content\/uploads\/2025\/12\/OTR_TVM-300x74.jpg 300w\" sizes=\"auto, (max-width: 690px) 100vw, 690px\" \/><\/figure>\n<\/div>\n\n\n<p class=\"wp-block-paragraph\">Cette situation de conjoncture climatique exceptionnelle qui accentue les tensions sur l\u2019approvisionnement en eau potable, ne laisse pas indiff\u00e9rent les plus hautes autorit\u00e9s. Face aux premiers signes de tension sur la desserte en eau potable dans les centres urbains du nord du pays, le Gouvernement togolais, en collaboration avec les acteurs du secteur de l\u2019eau, a engag\u00e9 des mesures urgentes et pr\u00e9ventives, articul\u00e9es autour de deux axes majeurs.<\/p>\n\n\n\n<p class=\"wp-block-paragraph\">En plus d\u2019un r\u00e9cup\u00e9ration et valorisation de forages existant (50 forages \u00e9quip\u00e9s de pompes \u00e0 motricit\u00e9 humaine (PMH), un plan de r\u00e9alisation de nouveaux forages d\u2019adduction d\u2019eau potable est activ\u00e9. Il s\u2019agit de la seconde phase du programme concerne la r\u00e9alisation de 150 nouveaux forages dans les zones urbaines et semi-urbaines de Kara, Niamtougou et Pagouda, en vue de renforcer durablement l\u2019offre en eau potable.<\/p>\n\n\n\n<p class=\"wp-block-paragraph\">A cela, des solutions durables \u00e0 moyen et long terme sont arpent\u00e9es, notamment la poursuite de la mise en \u0153uvre de projets structurants d\u2019envergure, visant \u00e0 s\u00e9curiser durablement l\u2019alimentation en eau potable de la r\u00e9gion de la Kara. Ces projets s\u2019inscrivent dans une vision int\u00e9gr\u00e9e et r\u00e9siliente de la gestion des ressources en eau, adapt\u00e9e aux d\u00e9fis du changement climatique.<\/p>\n\n\n<div class=\"wp-block-image\">\n<figure class=\"aligncenter size-full\"><img loading=\"lazy\" decoding=\"async\" width=\"714\" height=\"1025\" src=\"https:\/\/macite.tg\/wp-content\/uploads\/2025\/12\/144b9972-f6d3-488d-b55b-55bd4c865f8d.jpg\" alt=\"\" class=\"wp-image-27142\" srcset=\"https:\/\/macite.tg\/wp-content\/uploads\/2025\/12\/144b9972-f6d3-488d-b55b-55bd4c865f8d.jpg 714w, https:\/\/macite.tg\/wp-content\/uploads\/2025\/12\/144b9972-f6d3-488d-b55b-55bd4c865f8d-209x300.jpg 209w\" sizes=\"auto, (max-width: 714px) 100vw, 714px\" \/><\/figure>\n<\/div>\n\n\n<p class=\"wp-block-paragraph\">On pense notamment au du projet de construction d\u2019un barrage polyvalent sur le fleuve Kara, \u00e0 Sarakawa ; de la mobilisation des ressources en eau de la cascade de Sara, \u00e0 Bafilo ; de la construction d\u2019un barrage assorti d\u2019une unit\u00e9 de traitement compacte sur la rivi\u00e8re Kara&nbsp;; la mod\u00e9lisation et la sectorisation du r\u00e9seau pour l\u2019am\u00e9lioration de la desserte dans tous les quartiers de la ville de Kara ; et l\u2019autonomisation des grandes structures consommatrices telles que le CHU, le CHR, les casernes, l\u2019universit\u00e9&#8230;.en les dotant de forages industriels.<\/p>\n\n\n\n<p class=\"wp-block-paragraph\"><strong>JPB<\/strong><\/p>\n\n\n\n<p class=\"wp-block-paragraph\"><a><strong><em>@macite.tg&nbsp;&nbsp;&nbsp;&nbsp;&nbsp;&nbsp;&nbsp;&nbsp;<\/em><\/strong><\/a><\/p>\n\n\n\n<p class=\"wp-block-paragraph\"><strong><em>E-mail&nbsp;: <\/em><\/strong><a href=\"mailto:maciteinfo@gmail.com\"><strong><em>maciteinfo@gmail.com<\/em><\/strong><\/a><strong><em>; <\/em><\/strong><a href=\"mailto:bawela1@gmail.com\"><strong><em>bawela1@gmail.com<\/em><\/strong><\/a><strong><em><\/em><\/strong><\/p>\n\n\n\n<p class=\"wp-block-paragraph\"><strong><em>Pour vos annonces, (publi)reportages, etc., joignez-nous au (00228)91515309\/<strong>79872224 <\/strong><strong><\/strong><\/em><\/strong><\/p>\n\n\n\n<p class=\"wp-block-paragraph\"><strong><em>www.macite.tg, L\u2019information, la bonne&nbsp;!<\/em><\/strong><\/p>\n\n\n\n<p class=\"wp-block-paragraph\"><\/p>\n","protected":false},"excerpt":{"rendered":"<p class=\"text-justify mb-2\" >La r\u00e9gion de la Kara, au Nord du pays, connait, depuis le d\u00e9but de cette ann\u00e9e, une situation d\u00e9plorable. Une faible pluviom\u00e9trie inhabituelle, directement li\u00e9e aux effets du changement climatique, entraine des perturbations hydrologiques majeures, caract\u00e9ris\u00e9es notamment par un rechargement insuffisant des nappes phr\u00e9atiques et [&hellip;]<\/p>\n","protected":false},"author":2,"featured_media":27161,"comment_status":"open","ping_status":"open","sticky":false,"template":"","format":"standard","meta":{"footnotes":""},"categories":[20,15],"tags":[],"class_list":["post-27154","post","type-post","status-publish","format-standard","has-post-thumbnail","hentry","category-actualite","category-developpement"],"yoast_head":"<!-- This site is optimized with the Yoast SEO plugin v28.4 - https:\/\/yoast.com\/product\/yoast-seo-wordpress\/ -->\n<title>PENURIE EN EAU POTABLE DANS LA REGION DE LA KARA : L\u2019ex\u00e9cutif met les bouchers double pour des solutions durables -<\/title>\n<meta name=\"robots\" content=\"index, follow, max-snippet:-1, max-image-preview:large, max-video-preview:-1\" \/>\n<link rel=\"canonical\" href=\"https:\/\/macite.tg\/?p=27154\" \/>\n<meta property=\"og:locale\" content=\"fr_FR\" \/>\n<meta property=\"og:type\" content=\"article\" \/>\n<meta property=\"og:title\" content=\"PENURIE EN EAU POTABLE DANS LA REGION DE LA KARA : L\u2019ex\u00e9cutif met les bouchers double pour des solutions durables -\" \/>\n<meta property=\"og:description\" content=\"La r\u00e9gion de la Kara, au Nord du pays, connait, depuis le d\u00e9but de cette ann\u00e9e, une situation d\u00e9plorable. Une faible pluviom\u00e9trie inhabituelle, directement li\u00e9e aux effets du changement climatique, entraine des perturbations hydrologiques majeures, caract\u00e9ris\u00e9es notamment par un rechargement insuffisant des nappes phr\u00e9atiques et [&hellip;]\" \/>\n<meta property=\"og:url\" content=\"https:\/\/macite.tg\/?p=27154\" \/>\n<meta property=\"article:published_time\" content=\"2025-12-29T17:52:45+00:00\" \/>\n<meta property=\"article:modified_time\" content=\"2025-12-29T17:53:18+00:00\" \/>\n<meta property=\"og:image\" content=\"https:\/\/macite.tg\/wp-content\/uploads\/2025\/12\/KARA.jpg\" \/>\n\t<meta property=\"og:image:width\" content=\"500\" \/>\n\t<meta property=\"og:image:height\" content=\"211\" \/>\n\t<meta property=\"og:image:type\" content=\"image\/jpeg\" \/>\n<meta name=\"author\" content=\"Jean Pierre BAWELA\" \/>\n<meta name=\"twitter:card\" content=\"summary_large_image\" \/>\n<meta name=\"twitter:label1\" content=\"\u00c9crit par\" \/>\n\t<meta name=\"twitter:data1\" content=\"Jean Pierre BAWELA\" \/>\n\t<meta name=\"twitter:label2\" content=\"Dur\u00e9e de lecture estim\u00e9e\" \/>\n\t<meta name=\"twitter:data2\" content=\"4 minutes\" \/>\n<script type=\"application\/ld+json\" class=\"yoast-schema-graph\">{\"@context\":\"https:\\\/\\\/schema.org\",\"@graph\":[{\"@type\":\"Article\",\"@id\":\"https:\\\/\\\/macite.tg\\\/?p=27154#article\",\"isPartOf\":{\"@id\":\"https:\\\/\\\/macite.tg\\\/?p=27154\"},\"author\":{\"name\":\"Jean Pierre BAWELA\",\"@id\":\"https:\\\/\\\/macite.tg\\\/#\\\/schema\\\/person\\\/e9f2de7e5dbbe7770a9402c7ce82f5c2\"},\"headline\":\"PENURIE EN EAU POTABLE DANS LA REGION DE LA KARA : L\u2019ex\u00e9cutif met les bouchers double pour des solutions durables\",\"datePublished\":\"2025-12-29T17:52:45+00:00\",\"dateModified\":\"2025-12-29T17:53:18+00:00\",\"mainEntityOfPage\":{\"@id\":\"https:\\\/\\\/macite.tg\\\/?p=27154\"},\"wordCount\":565,\"commentCount\":0,\"image\":{\"@id\":\"https:\\\/\\\/macite.tg\\\/?p=27154#primaryimage\"},\"thumbnailUrl\":\"https:\\\/\\\/macite.tg\\\/wp-content\\\/uploads\\\/2025\\\/12\\\/KARA.jpg\",\"articleSection\":[\"ACTUALITE\",\"DEVELOPPEMENT\"],\"inLanguage\":\"fr-FR\",\"potentialAction\":[{\"@type\":\"CommentAction\",\"name\":\"Comment\",\"target\":[\"https:\\\/\\\/macite.tg\\\/?p=27154#respond\"]}]},{\"@type\":\"WebPage\",\"@id\":\"https:\\\/\\\/macite.tg\\\/?p=27154\",\"url\":\"https:\\\/\\\/macite.tg\\\/?p=27154\",\"name\":\"PENURIE EN EAU POTABLE DANS LA REGION DE LA KARA : L\u2019ex\u00e9cutif met les bouchers double pour des solutions durables -\",\"isPartOf\":{\"@id\":\"https:\\\/\\\/macite.tg\\\/#website\"},\"primaryImageOfPage\":{\"@id\":\"https:\\\/\\\/macite.tg\\\/?p=27154#primaryimage\"},\"image\":{\"@id\":\"https:\\\/\\\/macite.tg\\\/?p=27154#primaryimage\"},\"thumbnailUrl\":\"https:\\\/\\\/macite.tg\\\/wp-content\\\/uploads\\\/2025\\\/12\\\/KARA.jpg\",\"datePublished\":\"2025-12-29T17:52:45+00:00\",\"dateModified\":\"2025-12-29T17:53:18+00:00\",\"author\":{\"@id\":\"https:\\\/\\\/macite.tg\\\/#\\\/schema\\\/person\\\/e9f2de7e5dbbe7770a9402c7ce82f5c2\"},\"breadcrumb\":{\"@id\":\"https:\\\/\\\/macite.tg\\\/?p=27154#breadcrumb\"},\"inLanguage\":\"fr-FR\",\"potentialAction\":[{\"@type\":\"ReadAction\",\"target\":[\"https:\\\/\\\/macite.tg\\\/?p=27154\"]}]},{\"@type\":\"ImageObject\",\"inLanguage\":\"fr-FR\",\"@id\":\"https:\\\/\\\/macite.tg\\\/?p=27154#primaryimage\",\"url\":\"https:\\\/\\\/macite.tg\\\/wp-content\\\/uploads\\\/2025\\\/12\\\/KARA.jpg\",\"contentUrl\":\"https:\\\/\\\/macite.tg\\\/wp-content\\\/uploads\\\/2025\\\/12\\\/KARA.jpg\",\"width\":500,\"height\":211},{\"@type\":\"BreadcrumbList\",\"@id\":\"https:\\\/\\\/macite.tg\\\/?p=27154#breadcrumb\",\"itemListElement\":[{\"@type\":\"ListItem\",\"position\":1,\"name\":\"Accueil\",\"item\":\"https:\\\/\\\/macite.tg\\\/\"},{\"@type\":\"ListItem\",\"position\":2,\"name\":\"PENURIE EN EAU POTABLE DANS LA REGION DE LA KARA : L\u2019ex\u00e9cutif met les bouchers double pour des solutions durables\"}]},{\"@type\":\"WebSite\",\"@id\":\"https:\\\/\\\/macite.tg\\\/#website\",\"url\":\"https:\\\/\\\/macite.tg\\\/\",\"name\":\"\",\"description\":\"L&#039;information, la bonne!!!\",\"potentialAction\":[{\"@type\":\"SearchAction\",\"target\":{\"@type\":\"EntryPoint\",\"urlTemplate\":\"https:\\\/\\\/macite.tg\\\/?s={search_term_string}\"},\"query-input\":{\"@type\":\"PropertyValueSpecification\",\"valueRequired\":true,\"valueName\":\"search_term_string\"}}],\"inLanguage\":\"fr-FR\"},{\"@type\":\"Person\",\"@id\":\"https:\\\/\\\/macite.tg\\\/#\\\/schema\\\/person\\\/e9f2de7e5dbbe7770a9402c7ce82f5c2\",\"name\":\"Jean Pierre BAWELA\",\"image\":{\"@type\":\"ImageObject\",\"inLanguage\":\"fr-FR\",\"@id\":\"https:\\\/\\\/macite.tg\\\/wp-content\\\/uploads\\\/2023\\\/09\\\/WhatsApp-Image-2023-09-19-at-14.44.41-122x122.jpeg\",\"url\":\"https:\\\/\\\/macite.tg\\\/wp-content\\\/uploads\\\/2023\\\/09\\\/WhatsApp-Image-2023-09-19-at-14.44.41-122x122.jpeg\",\"contentUrl\":\"https:\\\/\\\/macite.tg\\\/wp-content\\\/uploads\\\/2023\\\/09\\\/WhatsApp-Image-2023-09-19-at-14.44.41-122x122.jpeg\",\"caption\":\"Jean Pierre BAWELA\"},\"url\":\"https:\\\/\\\/macite.tg\\\/?author=2\"}]}<\/script>\n<!-- \/ Yoast SEO plugin. -->","yoast_head_json":{"title":"PENURIE EN EAU POTABLE DANS LA REGION DE LA KARA : L\u2019ex\u00e9cutif met les bouchers double pour des solutions durables -","robots":{"index":"index","follow":"follow","max-snippet":"max-snippet:-1","max-image-preview":"max-image-preview:large","max-video-preview":"max-video-preview:-1"},"canonical":"https:\/\/macite.tg\/?p=27154","og_locale":"fr_FR","og_type":"article","og_title":"PENURIE EN EAU POTABLE DANS LA REGION DE LA KARA : L\u2019ex\u00e9cutif met les bouchers double pour des solutions durables -","og_description":"La r\u00e9gion de la Kara, au Nord du pays, connait, depuis le d\u00e9but de cette ann\u00e9e, une situation d\u00e9plorable. Une faible pluviom\u00e9trie inhabituelle, directement li\u00e9e aux effets du changement climatique, entraine des perturbations hydrologiques majeures, caract\u00e9ris\u00e9es notamment par un rechargement insuffisant des nappes phr\u00e9atiques et [&hellip;]","og_url":"https:\/\/macite.tg\/?p=27154","article_published_time":"2025-12-29T17:52:45+00:00","article_modified_time":"2025-12-29T17:53:18+00:00","og_image":[{"width":500,"height":211,"url":"https:\/\/macite.tg\/wp-content\/uploads\/2025\/12\/KARA.jpg","type":"image\/jpeg"}],"author":"Jean Pierre BAWELA","twitter_card":"summary_large_image","twitter_misc":{"\u00c9crit par":"Jean Pierre BAWELA","Dur\u00e9e de lecture estim\u00e9e":"4 minutes"},"schema":{"@context":"https:\/\/schema.org","@graph":[{"@type":"Article","@id":"https:\/\/macite.tg\/?p=27154#article","isPartOf":{"@id":"https:\/\/macite.tg\/?p=27154"},"author":{"name":"Jean Pierre BAWELA","@id":"https:\/\/macite.tg\/#\/schema\/person\/e9f2de7e5dbbe7770a9402c7ce82f5c2"},"headline":"PENURIE EN EAU POTABLE DANS LA REGION DE LA KARA : L\u2019ex\u00e9cutif met les bouchers double pour des solutions durables","datePublished":"2025-12-29T17:52:45+00:00","dateModified":"2025-12-29T17:53:18+00:00","mainEntityOfPage":{"@id":"https:\/\/macite.tg\/?p=27154"},"wordCount":565,"commentCount":0,"image":{"@id":"https:\/\/macite.tg\/?p=27154#primaryimage"},"thumbnailUrl":"https:\/\/macite.tg\/wp-content\/uploads\/2025\/12\/KARA.jpg","articleSection":["ACTUALITE","DEVELOPPEMENT"],"inLanguage":"fr-FR","potentialAction":[{"@type":"CommentAction","name":"Comment","target":["https:\/\/macite.tg\/?p=27154#respond"]}]},{"@type":"WebPage","@id":"https:\/\/macite.tg\/?p=27154","url":"https:\/\/macite.tg\/?p=27154","name":"PENURIE EN EAU POTABLE DANS LA REGION DE LA KARA : L\u2019ex\u00e9cutif met les bouchers double pour des solutions durables -","isPartOf":{"@id":"https:\/\/macite.tg\/#website"},"primaryImageOfPage":{"@id":"https:\/\/macite.tg\/?p=27154#primaryimage"},"image":{"@id":"https:\/\/macite.tg\/?p=27154#primaryimage"},"thumbnailUrl":"https:\/\/macite.tg\/wp-content\/uploads\/2025\/12\/KARA.jpg","datePublished":"2025-12-29T17:52:45+00:00","dateModified":"2025-12-29T17:53:18+00:00","author":{"@id":"https:\/\/macite.tg\/#\/schema\/person\/e9f2de7e5dbbe7770a9402c7ce82f5c2"},"breadcrumb":{"@id":"https:\/\/macite.tg\/?p=27154#breadcrumb"},"inLanguage":"fr-FR","potentialAction":[{"@type":"ReadAction","target":["https:\/\/macite.tg\/?p=27154"]}]},{"@type":"ImageObject","inLanguage":"fr-FR","@id":"https:\/\/macite.tg\/?p=27154#primaryimage","url":"https:\/\/macite.tg\/wp-content\/uploads\/2025\/12\/KARA.jpg","contentUrl":"https:\/\/macite.tg\/wp-content\/uploads\/2025\/12\/KARA.jpg","width":500,"height":211},{"@type":"BreadcrumbList","@id":"https:\/\/macite.tg\/?p=27154#breadcrumb","itemListElement":[{"@type":"ListItem","position":1,"name":"Accueil","item":"https:\/\/macite.tg\/"},{"@type":"ListItem","position":2,"name":"PENURIE EN EAU POTABLE DANS LA REGION DE LA KARA : L\u2019ex\u00e9cutif met les bouchers double pour des solutions durables"}]},{"@type":"WebSite","@id":"https:\/\/macite.tg\/#website","url":"https:\/\/macite.tg\/","name":"","description":"L&#039;information, la bonne!!!","potentialAction":[{"@type":"SearchAction","target":{"@type":"EntryPoint","urlTemplate":"https:\/\/macite.tg\/?s={search_term_string}"},"query-input":{"@type":"PropertyValueSpecification","valueRequired":true,"valueName":"search_term_string"}}],"inLanguage":"fr-FR"},{"@type":"Person","@id":"https:\/\/macite.tg\/#\/schema\/person\/e9f2de7e5dbbe7770a9402c7ce82f5c2","name":"Jean Pierre BAWELA","image":{"@type":"ImageObject","inLanguage":"fr-FR","@id":"https:\/\/macite.tg\/wp-content\/uploads\/2023\/09\/WhatsApp-Image-2023-09-19-at-14.44.41-122x122.jpeg","url":"https:\/\/macite.tg\/wp-content\/uploads\/2023\/09\/WhatsApp-Image-2023-09-19-at-14.44.41-122x122.jpeg","contentUrl":"https:\/\/macite.tg\/wp-content\/uploads\/2023\/09\/WhatsApp-Image-2023-09-19-at-14.44.41-122x122.jpeg","caption":"Jean Pierre BAWELA"},"url":"https:\/\/macite.tg\/?author=2"}]}},"_links":{"self":[{"href":"https:\/\/macite.tg\/index.php?rest_route=\/wp\/v2\/posts\/27154","targetHints":{"allow":["GET"]}}],"collection":[{"href":"https:\/\/macite.tg\/index.php?rest_route=\/wp\/v2\/posts"}],"about":[{"href":"https:\/\/macite.tg\/index.php?rest_route=\/wp\/v2\/types\/post"}],"author":[{"embeddable":true,"href":"https:\/\/macite.tg\/index.php?rest_route=\/wp\/v2\/users\/2"}],"replies":[{"embeddable":true,"href":"https:\/\/macite.tg\/index.php?rest_route=%2Fwp%2Fv2%2Fcomments&post=27154"}],"version-history":[{"count":0,"href":"https:\/\/macite.tg\/index.php?rest_route=\/wp\/v2\/posts\/27154\/revisions"}],"wp:featuredmedia":[{"embeddable":true,"href":"https:\/\/macite.tg\/index.php?rest_route=\/wp\/v2\/media\/27161"}],"wp:attachment":[{"href":"https:\/\/macite.tg\/index.php?rest_route=%2Fwp%2Fv2%2Fmedia&parent=27154"}],"wp:term":[{"taxonomy":"category","embeddable":true,"href":"https:\/\/macite.tg\/index.php?rest_route=%2Fwp%2Fv2%2Fcategories&post=27154"},{"taxonomy":"post_tag","embeddable":true,"href":"https:\/\/macite.tg\/index.php?rest_route=%2Fwp%2Fv2%2Ftags&post=27154"}],"curies":[{"name":"wp","href":"https:\/\/api.w.org\/{rel}","templated":true}]}}