{"id":27149,"date":"2025-12-29T15:37:01","date_gmt":"2025-12-29T15:37:01","guid":{"rendered":"https:\/\/macite.tg\/?p=27149"},"modified":"2025-12-29T15:37:19","modified_gmt":"2025-12-29T15:37:19","slug":"assemblee-nationale-la-loi-relative-au-regime-juridique-et-fiscal-du-gazoduc-de-lafrique-de-louest-amendee","status":"publish","type":"post","link":"https:\/\/macite.tg\/?p=27149","title":{"rendered":"ASSEMBLEE NATIONALE\u00a0: La loi relative au r\u00e9gime juridique et fiscal du Gazoduc de l\u2019Afrique de l\u2019Ouest amend\u00e9e"},"content":{"rendered":"\n<p class=\"wp-block-paragraph\"><strong><em>Le projet du gazoduc de l\u2019Afrique de l\u2019Ouest, initi\u00e9 par les gouvernements du B\u00e9nin, du Ghana, du Nig\u00e9ria et du Togo \u00e0 la suite du trait\u00e9 sign\u00e9 en janvier 2003, constitue une infrastructure strat\u00e9gique pour l\u2019approvisionnement \u00e9nerg\u00e9tique de la sous-r\u00e9gion.<\/em><\/strong><\/p>\n\n\n\n<p class=\"wp-block-paragraph\">Sa mise en \u0153uvre a n\u00e9cessit\u00e9 l\u2019adoption, par chacun des \u00c9tats parties, d\u2019un cadre juridique et fiscal harmonis\u00e9, notamment la loi n\u00b02004-022 du 15 d\u00e9cembre 2004. Ce dispositif a permis d\u2019\u00e9tablir les bases d\u2019une gouvernance commune et d\u2019assurer la viabilit\u00e9 du projet durant ses premi\u00e8res ann\u00e9es d\u2019exploitation.<\/p>\n\n\n\n<p class=\"wp-block-paragraph\">Toutefois, l\u2019\u00e9volution du contexte op\u00e9rationnel et institutionnel du gazoduc, marqu\u00e9e notamment par l\u2019ouverture d\u2019une seconde entr\u00e9e de gaz \u00e0 Takoradi au Ghana et par la multiplication des chargeurs, a rendu n\u00e9cessaire une adaptation du cadre juridique en vigueur.<\/p>\n\n\n<div class=\"wp-block-image\">\n<figure class=\"aligncenter size-full is-resized\"><img loading=\"lazy\" decoding=\"async\" width=\"690\" height=\"170\" src=\"https:\/\/macite.tg\/wp-content\/uploads\/2025\/12\/OTR_TVM.jpg\" alt=\"\" class=\"wp-image-27077\" style=\"width:840px;height:auto\" srcset=\"https:\/\/macite.tg\/wp-content\/uploads\/2025\/12\/OTR_TVM.jpg 690w, https:\/\/macite.tg\/wp-content\/uploads\/2025\/12\/OTR_TVM-300x74.jpg 300w\" sizes=\"auto, (max-width: 690px) 100vw, 690px\" \/><\/figure>\n<\/div>\n\n\n<p class=\"wp-block-paragraph\">Par ailleurs, les difficult\u00e9s financi\u00e8res rencontr\u00e9es par la soci\u00e9t\u00e9 West African Gas Pipeline Company (WAPCo), gestionnaire du r\u00e9seau, ont restreint sa capacit\u00e9 d\u2019investissement et mis en lumi\u00e8re les limites du r\u00e9gime fiscal actuel.<\/p>\n\n\n\n<p class=\"wp-block-paragraph\">Ces diff\u00e9rents \u00e9l\u00e9ments ont justifi\u00e9 l\u2019amendement de la loi n\u00b02004-022 du 15 d\u00e9cembre 2004 portant r\u00e9gime juridique et fiscal harmonis\u00e9 applicable au projet du gazoduc de l\u2019Afrique de l\u2019Ouest en R\u00e9publique togolaise, afin de garantir une gouvernance plus \u00e9quitable et de renforcer la p\u00e9rennit\u00e9 \u00e9conomique du projet.<\/p>\n\n\n\n<p class=\"wp-block-paragraph\">Il pr\u00e9sente des contributions dans plusieurs domaines. Sur le plan \u00e9conomique, le projet vise \u00e0 cr\u00e9er un environnement propice \u00e0 la rentabilit\u00e9 du gazoduc et \u00e0 renforcer l\u2019attractivit\u00e9 des investissements. Au niveau social, il vise \u00e0 am\u00e9liorer l\u2019approvisionnement en \u00e9nergie et contribue directement au bien-\u00eatre des populations, en r\u00e9duisant les coupures d\u2019\u00e9lectricit\u00e9 et en facilitant l\u2019acc\u00e8s \u00e0 une \u00e9nergie plus abordable.<\/p>\n\n\n\n<figure class=\"wp-block-image size-full\"><img loading=\"lazy\" decoding=\"async\" width=\"851\" height=\"315\" src=\"https:\/\/macite.tg\/wp-content\/uploads\/2025\/12\/OTR_Ferer-pour-batir-1-1.jpg\" alt=\"\" class=\"wp-image-27032\" srcset=\"https:\/\/macite.tg\/wp-content\/uploads\/2025\/12\/OTR_Ferer-pour-batir-1-1.jpg 851w, https:\/\/macite.tg\/wp-content\/uploads\/2025\/12\/OTR_Ferer-pour-batir-1-1-300x111.jpg 300w, https:\/\/macite.tg\/wp-content\/uploads\/2025\/12\/OTR_Ferer-pour-batir-1-1-768x284.jpg 768w\" sizes=\"auto, (max-width: 851px) 100vw, 851px\" \/><\/figure>\n\n\n\n<p class=\"wp-block-paragraph\">Sur le plan environnemental, le recours accru au gaz naturel constitue une alternative plus propre aux combustibles lourds tels que le fuel ou le charbon. Au niveau institutionnel et juridique, le pr\u00e9sent projet de loi renforce la coop\u00e9ration r\u00e9gionale entre le B\u00e9nin, le Ghana, le Nig\u00e9ria et le Togo, \u00e0 travers l\u2019harmonisation de leurs cadres juridiques et fiscaux.<\/p>\n\n\n\n<p class=\"wp-block-paragraph\"><strong>AN<\/strong><\/p>\n\n\n\n<p class=\"wp-block-paragraph\"><a><strong><em>@macite.tg&nbsp;&nbsp;&nbsp;&nbsp;&nbsp;&nbsp;&nbsp;&nbsp;<\/em><\/strong><\/a><\/p>\n\n\n\n<p class=\"wp-block-paragraph\"><strong><em>E-mail&nbsp;: <\/em><\/strong><a href=\"mailto:maciteinfo@gmail.com\"><strong><em>maciteinfo@gmail.com<\/em><\/strong><\/a><strong><em>; <\/em><\/strong><a href=\"mailto:bawela1@gmail.com\"><strong><em>bawela1@gmail.com<\/em><\/strong><\/a><strong><em><\/em><\/strong><\/p>\n\n\n\n<p class=\"wp-block-paragraph\"><strong><em>Pour vos annonces, (publi)reportages, etc., joignez-nous au (00228)91515309\/<strong>79872224 <\/strong><strong><\/strong><\/em><\/strong><\/p>\n\n\n\n<p class=\"wp-block-paragraph\"><strong><em>www.macite.tg, L\u2019information, la bonne&nbsp;!<\/em><\/strong><\/p>\n\n\n\n<p class=\"wp-block-paragraph\"><\/p>\n","protected":false},"excerpt":{"rendered":"<p class=\"text-justify mb-2\" >Le projet du gazoduc de l\u2019Afrique de l\u2019Ouest, initi\u00e9 par les gouvernements du B\u00e9nin, du Ghana, du Nig\u00e9ria et du Togo \u00e0 la suite du trait\u00e9 sign\u00e9 en janvier 2003, constitue une infrastructure strat\u00e9gique pour l\u2019approvisionnement \u00e9nerg\u00e9tique de la sous-r\u00e9gion. Sa mise en \u0153uvre a [&hellip;]<\/p>\n","protected":false},"author":2,"featured_media":27150,"comment_status":"open","ping_status":"open","sticky":false,"template":"","format":"standard","meta":{"footnotes":""},"categories":[20,19],"tags":[],"class_list":["post-27149","post","type-post","status-publish","format-standard","has-post-thumbnail","hentry","category-actualite","category-environnement"],"yoast_head":"<!-- This site is optimized with the Yoast SEO plugin v28.4 - https:\/\/yoast.com\/product\/yoast-seo-wordpress\/ -->\n<title>ASSEMBLEE NATIONALE\u00a0: La loi relative au r\u00e9gime juridique et fiscal du Gazoduc de l\u2019Afrique de l\u2019Ouest amend\u00e9e -<\/title>\n<meta name=\"robots\" content=\"index, follow, max-snippet:-1, max-image-preview:large, max-video-preview:-1\" \/>\n<link rel=\"canonical\" href=\"https:\/\/macite.tg\/?p=27149\" \/>\n<meta property=\"og:locale\" content=\"fr_FR\" \/>\n<meta property=\"og:type\" content=\"article\" \/>\n<meta property=\"og:title\" content=\"ASSEMBLEE NATIONALE\u00a0: La loi relative au r\u00e9gime juridique et fiscal du Gazoduc de l\u2019Afrique de l\u2019Ouest amend\u00e9e -\" \/>\n<meta property=\"og:description\" content=\"Le projet du gazoduc de l\u2019Afrique de l\u2019Ouest, initi\u00e9 par les gouvernements du B\u00e9nin, du Ghana, du Nig\u00e9ria et du Togo \u00e0 la suite du trait\u00e9 sign\u00e9 en janvier 2003, constitue une infrastructure strat\u00e9gique pour l\u2019approvisionnement \u00e9nerg\u00e9tique de la sous-r\u00e9gion. Sa mise en \u0153uvre a [&hellip;]\" \/>\n<meta property=\"og:url\" content=\"https:\/\/macite.tg\/?p=27149\" \/>\n<meta property=\"article:published_time\" content=\"2025-12-29T15:37:01+00:00\" \/>\n<meta property=\"article:modified_time\" content=\"2025-12-29T15:37:19+00:00\" \/>\n<meta property=\"og:image\" content=\"https:\/\/macite.tg\/wp-content\/uploads\/2025\/12\/AN-vote.jpg\" \/>\n\t<meta property=\"og:image:width\" content=\"500\" \/>\n\t<meta property=\"og:image:height\" content=\"333\" \/>\n\t<meta property=\"og:image:type\" content=\"image\/jpeg\" \/>\n<meta name=\"author\" content=\"Jean Pierre BAWELA\" \/>\n<meta name=\"twitter:card\" content=\"summary_large_image\" \/>\n<meta name=\"twitter:label1\" content=\"\u00c9crit par\" \/>\n\t<meta name=\"twitter:data1\" content=\"Jean Pierre BAWELA\" \/>\n\t<meta name=\"twitter:label2\" content=\"Dur\u00e9e de lecture estim\u00e9e\" \/>\n\t<meta name=\"twitter:data2\" content=\"3 minutes\" \/>\n<script type=\"application\/ld+json\" class=\"yoast-schema-graph\">{\"@context\":\"https:\\\/\\\/schema.org\",\"@graph\":[{\"@type\":\"Article\",\"@id\":\"https:\\\/\\\/macite.tg\\\/?p=27149#article\",\"isPartOf\":{\"@id\":\"https:\\\/\\\/macite.tg\\\/?p=27149\"},\"author\":{\"name\":\"Jean Pierre BAWELA\",\"@id\":\"https:\\\/\\\/macite.tg\\\/#\\\/schema\\\/person\\\/e9f2de7e5dbbe7770a9402c7ce82f5c2\"},\"headline\":\"ASSEMBLEE NATIONALE\u00a0: La loi relative au r\u00e9gime juridique et fiscal du Gazoduc de l\u2019Afrique de l\u2019Ouest amend\u00e9e\",\"datePublished\":\"2025-12-29T15:37:01+00:00\",\"dateModified\":\"2025-12-29T15:37:19+00:00\",\"mainEntityOfPage\":{\"@id\":\"https:\\\/\\\/macite.tg\\\/?p=27149\"},\"wordCount\":427,\"commentCount\":0,\"image\":{\"@id\":\"https:\\\/\\\/macite.tg\\\/?p=27149#primaryimage\"},\"thumbnailUrl\":\"https:\\\/\\\/macite.tg\\\/wp-content\\\/uploads\\\/2025\\\/12\\\/AN-vote.jpg\",\"articleSection\":[\"ACTUALITE\",\"ENVIRONNEMENT\"],\"inLanguage\":\"fr-FR\",\"potentialAction\":[{\"@type\":\"CommentAction\",\"name\":\"Comment\",\"target\":[\"https:\\\/\\\/macite.tg\\\/?p=27149#respond\"]}]},{\"@type\":\"WebPage\",\"@id\":\"https:\\\/\\\/macite.tg\\\/?p=27149\",\"url\":\"https:\\\/\\\/macite.tg\\\/?p=27149\",\"name\":\"ASSEMBLEE NATIONALE\u00a0: La loi relative au r\u00e9gime juridique et fiscal du Gazoduc de l\u2019Afrique de l\u2019Ouest amend\u00e9e -\",\"isPartOf\":{\"@id\":\"https:\\\/\\\/macite.tg\\\/#website\"},\"primaryImageOfPage\":{\"@id\":\"https:\\\/\\\/macite.tg\\\/?p=27149#primaryimage\"},\"image\":{\"@id\":\"https:\\\/\\\/macite.tg\\\/?p=27149#primaryimage\"},\"thumbnailUrl\":\"https:\\\/\\\/macite.tg\\\/wp-content\\\/uploads\\\/2025\\\/12\\\/AN-vote.jpg\",\"datePublished\":\"2025-12-29T15:37:01+00:00\",\"dateModified\":\"2025-12-29T15:37:19+00:00\",\"author\":{\"@id\":\"https:\\\/\\\/macite.tg\\\/#\\\/schema\\\/person\\\/e9f2de7e5dbbe7770a9402c7ce82f5c2\"},\"breadcrumb\":{\"@id\":\"https:\\\/\\\/macite.tg\\\/?p=27149#breadcrumb\"},\"inLanguage\":\"fr-FR\",\"potentialAction\":[{\"@type\":\"ReadAction\",\"target\":[\"https:\\\/\\\/macite.tg\\\/?p=27149\"]}]},{\"@type\":\"ImageObject\",\"inLanguage\":\"fr-FR\",\"@id\":\"https:\\\/\\\/macite.tg\\\/?p=27149#primaryimage\",\"url\":\"https:\\\/\\\/macite.tg\\\/wp-content\\\/uploads\\\/2025\\\/12\\\/AN-vote.jpg\",\"contentUrl\":\"https:\\\/\\\/macite.tg\\\/wp-content\\\/uploads\\\/2025\\\/12\\\/AN-vote.jpg\",\"width\":500,\"height\":333},{\"@type\":\"BreadcrumbList\",\"@id\":\"https:\\\/\\\/macite.tg\\\/?p=27149#breadcrumb\",\"itemListElement\":[{\"@type\":\"ListItem\",\"position\":1,\"name\":\"Accueil\",\"item\":\"https:\\\/\\\/macite.tg\\\/\"},{\"@type\":\"ListItem\",\"position\":2,\"name\":\"ASSEMBLEE NATIONALE\u00a0: La loi relative au r\u00e9gime juridique et fiscal du Gazoduc de l\u2019Afrique de l\u2019Ouest amend\u00e9e\"}]},{\"@type\":\"WebSite\",\"@id\":\"https:\\\/\\\/macite.tg\\\/#website\",\"url\":\"https:\\\/\\\/macite.tg\\\/\",\"name\":\"\",\"description\":\"L&#039;information, la bonne!!!\",\"potentialAction\":[{\"@type\":\"SearchAction\",\"target\":{\"@type\":\"EntryPoint\",\"urlTemplate\":\"https:\\\/\\\/macite.tg\\\/?s={search_term_string}\"},\"query-input\":{\"@type\":\"PropertyValueSpecification\",\"valueRequired\":true,\"valueName\":\"search_term_string\"}}],\"inLanguage\":\"fr-FR\"},{\"@type\":\"Person\",\"@id\":\"https:\\\/\\\/macite.tg\\\/#\\\/schema\\\/person\\\/e9f2de7e5dbbe7770a9402c7ce82f5c2\",\"name\":\"Jean Pierre BAWELA\",\"image\":{\"@type\":\"ImageObject\",\"inLanguage\":\"fr-FR\",\"@id\":\"https:\\\/\\\/macite.tg\\\/wp-content\\\/uploads\\\/2023\\\/09\\\/WhatsApp-Image-2023-09-19-at-14.44.41-122x122.jpeg\",\"url\":\"https:\\\/\\\/macite.tg\\\/wp-content\\\/uploads\\\/2023\\\/09\\\/WhatsApp-Image-2023-09-19-at-14.44.41-122x122.jpeg\",\"contentUrl\":\"https:\\\/\\\/macite.tg\\\/wp-content\\\/uploads\\\/2023\\\/09\\\/WhatsApp-Image-2023-09-19-at-14.44.41-122x122.jpeg\",\"caption\":\"Jean Pierre BAWELA\"},\"url\":\"https:\\\/\\\/macite.tg\\\/?author=2\"}]}<\/script>\n<!-- \/ Yoast SEO plugin. -->","yoast_head_json":{"title":"ASSEMBLEE NATIONALE\u00a0: La loi relative au r\u00e9gime juridique et fiscal du Gazoduc de l\u2019Afrique de l\u2019Ouest amend\u00e9e -","robots":{"index":"index","follow":"follow","max-snippet":"max-snippet:-1","max-image-preview":"max-image-preview:large","max-video-preview":"max-video-preview:-1"},"canonical":"https:\/\/macite.tg\/?p=27149","og_locale":"fr_FR","og_type":"article","og_title":"ASSEMBLEE NATIONALE\u00a0: La loi relative au r\u00e9gime juridique et fiscal du Gazoduc de l\u2019Afrique de l\u2019Ouest amend\u00e9e -","og_description":"Le projet du gazoduc de l\u2019Afrique de l\u2019Ouest, initi\u00e9 par les gouvernements du B\u00e9nin, du Ghana, du Nig\u00e9ria et du Togo \u00e0 la suite du trait\u00e9 sign\u00e9 en janvier 2003, constitue une infrastructure strat\u00e9gique pour l\u2019approvisionnement \u00e9nerg\u00e9tique de la sous-r\u00e9gion. Sa mise en \u0153uvre a [&hellip;]","og_url":"https:\/\/macite.tg\/?p=27149","article_published_time":"2025-12-29T15:37:01+00:00","article_modified_time":"2025-12-29T15:37:19+00:00","og_image":[{"width":500,"height":333,"url":"https:\/\/macite.tg\/wp-content\/uploads\/2025\/12\/AN-vote.jpg","type":"image\/jpeg"}],"author":"Jean Pierre BAWELA","twitter_card":"summary_large_image","twitter_misc":{"\u00c9crit par":"Jean Pierre BAWELA","Dur\u00e9e de lecture estim\u00e9e":"3 minutes"},"schema":{"@context":"https:\/\/schema.org","@graph":[{"@type":"Article","@id":"https:\/\/macite.tg\/?p=27149#article","isPartOf":{"@id":"https:\/\/macite.tg\/?p=27149"},"author":{"name":"Jean Pierre BAWELA","@id":"https:\/\/macite.tg\/#\/schema\/person\/e9f2de7e5dbbe7770a9402c7ce82f5c2"},"headline":"ASSEMBLEE NATIONALE\u00a0: La loi relative au r\u00e9gime juridique et fiscal du Gazoduc de l\u2019Afrique de l\u2019Ouest amend\u00e9e","datePublished":"2025-12-29T15:37:01+00:00","dateModified":"2025-12-29T15:37:19+00:00","mainEntityOfPage":{"@id":"https:\/\/macite.tg\/?p=27149"},"wordCount":427,"commentCount":0,"image":{"@id":"https:\/\/macite.tg\/?p=27149#primaryimage"},"thumbnailUrl":"https:\/\/macite.tg\/wp-content\/uploads\/2025\/12\/AN-vote.jpg","articleSection":["ACTUALITE","ENVIRONNEMENT"],"inLanguage":"fr-FR","potentialAction":[{"@type":"CommentAction","name":"Comment","target":["https:\/\/macite.tg\/?p=27149#respond"]}]},{"@type":"WebPage","@id":"https:\/\/macite.tg\/?p=27149","url":"https:\/\/macite.tg\/?p=27149","name":"ASSEMBLEE NATIONALE\u00a0: La loi relative au r\u00e9gime juridique et fiscal du Gazoduc de l\u2019Afrique de l\u2019Ouest amend\u00e9e -","isPartOf":{"@id":"https:\/\/macite.tg\/#website"},"primaryImageOfPage":{"@id":"https:\/\/macite.tg\/?p=27149#primaryimage"},"image":{"@id":"https:\/\/macite.tg\/?p=27149#primaryimage"},"thumbnailUrl":"https:\/\/macite.tg\/wp-content\/uploads\/2025\/12\/AN-vote.jpg","datePublished":"2025-12-29T15:37:01+00:00","dateModified":"2025-12-29T15:37:19+00:00","author":{"@id":"https:\/\/macite.tg\/#\/schema\/person\/e9f2de7e5dbbe7770a9402c7ce82f5c2"},"breadcrumb":{"@id":"https:\/\/macite.tg\/?p=27149#breadcrumb"},"inLanguage":"fr-FR","potentialAction":[{"@type":"ReadAction","target":["https:\/\/macite.tg\/?p=27149"]}]},{"@type":"ImageObject","inLanguage":"fr-FR","@id":"https:\/\/macite.tg\/?p=27149#primaryimage","url":"https:\/\/macite.tg\/wp-content\/uploads\/2025\/12\/AN-vote.jpg","contentUrl":"https:\/\/macite.tg\/wp-content\/uploads\/2025\/12\/AN-vote.jpg","width":500,"height":333},{"@type":"BreadcrumbList","@id":"https:\/\/macite.tg\/?p=27149#breadcrumb","itemListElement":[{"@type":"ListItem","position":1,"name":"Accueil","item":"https:\/\/macite.tg\/"},{"@type":"ListItem","position":2,"name":"ASSEMBLEE NATIONALE\u00a0: La loi relative au r\u00e9gime juridique et fiscal du Gazoduc de l\u2019Afrique de l\u2019Ouest amend\u00e9e"}]},{"@type":"WebSite","@id":"https:\/\/macite.tg\/#website","url":"https:\/\/macite.tg\/","name":"","description":"L&#039;information, la bonne!!!","potentialAction":[{"@type":"SearchAction","target":{"@type":"EntryPoint","urlTemplate":"https:\/\/macite.tg\/?s={search_term_string}"},"query-input":{"@type":"PropertyValueSpecification","valueRequired":true,"valueName":"search_term_string"}}],"inLanguage":"fr-FR"},{"@type":"Person","@id":"https:\/\/macite.tg\/#\/schema\/person\/e9f2de7e5dbbe7770a9402c7ce82f5c2","name":"Jean Pierre BAWELA","image":{"@type":"ImageObject","inLanguage":"fr-FR","@id":"https:\/\/macite.tg\/wp-content\/uploads\/2023\/09\/WhatsApp-Image-2023-09-19-at-14.44.41-122x122.jpeg","url":"https:\/\/macite.tg\/wp-content\/uploads\/2023\/09\/WhatsApp-Image-2023-09-19-at-14.44.41-122x122.jpeg","contentUrl":"https:\/\/macite.tg\/wp-content\/uploads\/2023\/09\/WhatsApp-Image-2023-09-19-at-14.44.41-122x122.jpeg","caption":"Jean Pierre BAWELA"},"url":"https:\/\/macite.tg\/?author=2"}]}},"_links":{"self":[{"href":"https:\/\/macite.tg\/index.php?rest_route=\/wp\/v2\/posts\/27149","targetHints":{"allow":["GET"]}}],"collection":[{"href":"https:\/\/macite.tg\/index.php?rest_route=\/wp\/v2\/posts"}],"about":[{"href":"https:\/\/macite.tg\/index.php?rest_route=\/wp\/v2\/types\/post"}],"author":[{"embeddable":true,"href":"https:\/\/macite.tg\/index.php?rest_route=\/wp\/v2\/users\/2"}],"replies":[{"embeddable":true,"href":"https:\/\/macite.tg\/index.php?rest_route=%2Fwp%2Fv2%2Fcomments&post=27149"}],"version-history":[{"count":0,"href":"https:\/\/macite.tg\/index.php?rest_route=\/wp\/v2\/posts\/27149\/revisions"}],"wp:featuredmedia":[{"embeddable":true,"href":"https:\/\/macite.tg\/index.php?rest_route=\/wp\/v2\/media\/27150"}],"wp:attachment":[{"href":"https:\/\/macite.tg\/index.php?rest_route=%2Fwp%2Fv2%2Fmedia&parent=27149"}],"wp:term":[{"taxonomy":"category","embeddable":true,"href":"https:\/\/macite.tg\/index.php?rest_route=%2Fwp%2Fv2%2Fcategories&post=27149"},{"taxonomy":"post_tag","embeddable":true,"href":"https:\/\/macite.tg\/index.php?rest_route=%2Fwp%2Fv2%2Ftags&post=27149"}],"curies":[{"name":"wp","href":"https:\/\/api.w.org\/{rel}","templated":true}]}}