{"id":27097,"date":"2025-12-24T09:45:42","date_gmt":"2025-12-24T09:45:42","guid":{"rendered":"https:\/\/macite.tg\/?p=27097"},"modified":"2025-12-26T09:59:55","modified_gmt":"2025-12-26T09:59:55","slug":"quinzaine-commerciale-une-40eme-edition-sous-le-signe-de-creation-de-richesse-et-de-promotion-de-lentrepreneuriat","status":"publish","type":"post","link":"https:\/\/macite.tg\/?p=27097","title":{"rendered":"QUINZAINE COMMERCIALE : Une 40\u00e8me \u00e9dition sous le signe de cr\u00e9ation de richesse et de promotion de l\u2019entrepreneuriat"},"content":{"rendered":"\n<p class=\"wp-block-paragraph\"><strong><em>C\u2019est officiellement parti pour la 40<sup>\u00e8me<\/sup> \u00e9dition de la Grande quinzaine commercial, cet embl\u00e9matique <\/em><\/strong><strong><em>rendez-vous du calendrier \u00e9conomique et commercial du monde l\u2019entrepreneuriat togolais. <\/em><\/strong><strong><em>Comme une tradition, cette manifestation a officiellement ouvert ses portes, le mardi 23 d\u00e9cembre dernier, \u00e0 l\u2019issue d\u2019une c\u00e9r\u00e9monie solennelle.<\/em><\/strong><\/p>\n\n\n\n<p class=\"wp-block-paragraph\">D\u00e9marr\u00e9e le 18 d\u00e9cembre dernier, la 40<sup>\u00e8me<\/sup> \u00e9dition de la Grande quinzaine commerciale a \u00e9t\u00e9 officiellement lanc\u00e9e le mardi 23 d\u00e9cembre dernier. L\u2019initiative port\u00e9e par l\u2019Association internationale des \u00e9tudiants en sciences \u00e9conomiques et commerciales (AIESEC) depuis les ann\u00e9es 82, puis entretenue par la Chambre de commerce et d\u2019industrie du Togo (CCI-Togo), plus qu\u2019une foire, se veut un <em>\u00ab&nbsp;<\/em><em>constitue un outil strat\u00e9gique d\u2019animation du commerce int\u00e9rieur, un cadre de mise en relation des acteurs \u00e9conomiques, et une v\u00e9ritable vitrine du dynamisme \u00e9conomique du Togo, en parfaite coh\u00e9rence avec les orientations du Gouvernement en mati\u00e8re de promotion du secteur priv\u00e9&nbsp;\u00bb,<\/em> a indiqu\u00e9 le pr\u00e9sident de la Chambre consulaire, Dr Jos\u00e9 Kwassi Symenouh.<\/p>\n\n\n<div class=\"wp-block-image\">\n<figure class=\"aligncenter size-full is-resized\"><img loading=\"lazy\" decoding=\"async\" width=\"690\" height=\"170\" src=\"https:\/\/macite.tg\/wp-content\/uploads\/2025\/12\/OTR_TVM.jpg\" alt=\"\" class=\"wp-image-27077\" style=\"width:840px;height:auto\" srcset=\"https:\/\/macite.tg\/wp-content\/uploads\/2025\/12\/OTR_TVM.jpg 690w, https:\/\/macite.tg\/wp-content\/uploads\/2025\/12\/OTR_TVM-300x74.jpg 300w\" sizes=\"auto, (max-width: 690px) 100vw, 690px\" \/><\/figure>\n<\/div>\n\n\n<p class=\"wp-block-paragraph\">Ce rendez-vous vise, selon le ministre de l\u2019Economie et de la veille strat\u00e9gique, Badanam Patoki, <em>\u00ab&nbsp;\u00e0 faire du commerce un levier strat\u00e9gique de croissance \u00e9conomique, de cr\u00e9ation de richesse et de promotion de l\u2019entrepreneuriat \u00bb<\/em>. La Grande quinzaine, plateforme d\u00e9di\u00e9e \u00e0 la mise en lumi\u00e8re des tr\u00e8s petites, petites et moyennes entreprises (TTPME) du Togo, propose, en effet, une gamme assez diversifi\u00e9e et compl\u00e8te de produits locaux et import\u00e9s, ceci dans le but de soutenir les entrepreneurs togolais, la jeunesse et les commer\u00e7ants.<\/p>\n\n\n\n<p class=\"wp-block-paragraph\">Pour cette \u00e9dition sp\u00e9ciale quarantenaire, la Grande quinzaine commerciale fait peau neuve avec des innovations \u00e0 la taille de l\u2019\u00e9v\u00e9nement. En plus de son site compl\u00e8tement r\u00e9nov\u00e9 et am\u00e9nag\u00e9 \u00e0 Agbadahonou, le site pr\u00e9sente un nombre grandissant d\u2019exposants (de 150 exposants, on est \u00e0 plus de 200), avec \u00e0 la cl\u00e9 des stands modernes pr\u00e9sentant une a\u00e9ration optimale, la mise disposition d\u2019une aire de jeux d\u00e9di\u00e9e aux enfants, pour un cadre plus inclusif et familial. A cela, il faut ajouter un espace sp\u00e9cialement r\u00e9serv\u00e9 aux produits locaux, donc \u2018\u2019Made in Togo\u2019\u2019,<em> \u00ab afin de valoriser la production nationale \u00bb<\/em>.<\/p>\n\n\n\n<figure class=\"wp-block-image size-full\"><img loading=\"lazy\" decoding=\"async\" width=\"851\" height=\"315\" src=\"https:\/\/macite.tg\/wp-content\/uploads\/2025\/12\/OTR_Ferer-pour-batir-1-1.jpg\" alt=\"\" class=\"wp-image-27032\" srcset=\"https:\/\/macite.tg\/wp-content\/uploads\/2025\/12\/OTR_Ferer-pour-batir-1-1.jpg 851w, https:\/\/macite.tg\/wp-content\/uploads\/2025\/12\/OTR_Ferer-pour-batir-1-1-300x111.jpg 300w, https:\/\/macite.tg\/wp-content\/uploads\/2025\/12\/OTR_Ferer-pour-batir-1-1-768x284.jpg 768w\" sizes=\"auto, (max-width: 851px) 100vw, 851px\" \/><\/figure>\n\n\n\n<p class=\"wp-block-paragraph\">Si \u00e0 travers cette foire, la CCI-Togo <em>\u00ab&nbsp;entend<\/em> <em>cr\u00e9er un cadre propice aux \u00e9changes, \u00e0 la d\u00e9couverte et \u00e0 la c\u00e9l\u00e9bration du dynamisme entrepreneurial. Cette quaranti\u00e8me \u00e9dition se veut r\u00e9solument innovante, ambitieuse et tourn\u00e9e vers l\u2019avenir \u00bb<\/em>, les g\u00e9niteurs de ce concept novateur, qui a re\u00e7u une distinction mondiale pour l\u2019innovation, veulent davantage. Ils souhaitent la mise en place d\u2019un fonds \u00e0 m\u00eame de venir en aide aux \u00e9tudiants membres de l\u2019AIESEC pour leur stage en entreprises.<\/p>\n\n\n\n<p class=\"wp-block-paragraph\">Notons que pour marquer ce quarantenaire de cette aventure vivante rappel\u00e9e par John Agb\u00e9tor, ancien pr\u00e9sident de l\u2019AIESEC-Togo, plusieurs distinctions ont \u00e9t\u00e9 d\u00e9cern\u00e9es \u00e0 des personnalit\u00e9s de la vie \u00e9conomique du pays, qui ont b\u00e2ti cet \u00e9v\u00e9nement.<\/p>\n\n\n\n<p class=\"wp-block-paragraph\"><strong>JPB<\/strong><\/p>\n\n\n\n<p class=\"wp-block-paragraph\"><a><strong><em>@macite.tg&nbsp;&nbsp;&nbsp;&nbsp;&nbsp;&nbsp;&nbsp;&nbsp;<\/em><\/strong><\/a><\/p>\n\n\n\n<p class=\"wp-block-paragraph\"><strong><em>E-mail&nbsp;: <\/em><\/strong><a href=\"mailto:maciteinfo@gmail.com\"><strong><em>maciteinfo@gmail.com<\/em><\/strong><\/a><strong><em>; <\/em><\/strong><a href=\"mailto:bawela1@gmail.com\"><strong><em>bawela1@gmail.com<\/em><\/strong><\/a><strong><em><\/em><\/strong><\/p>\n\n\n\n<p class=\"wp-block-paragraph\"><strong><em>Pour vos annonces, (publi)reportages, etc., joignez-nous au (00228)91515309\/<strong>79872224 <\/strong><strong><\/strong><\/em><\/strong><\/p>\n\n\n\n<p class=\"wp-block-paragraph\"><strong><em>www.macite.tg, L\u2019information, la bonne&nbsp;!<\/em><\/strong><\/p>\n\n\n\n<p class=\"wp-block-paragraph\"><\/p>\n","protected":false},"excerpt":{"rendered":"<p class=\"text-justify mb-2\" >C\u2019est officiellement parti pour la 40\u00e8me \u00e9dition de la Grande quinzaine commercial, cet embl\u00e9matique rendez-vous du calendrier \u00e9conomique et commercial du monde l\u2019entrepreneuriat togolais. Comme une tradition, cette manifestation a officiellement ouvert ses portes, le mardi 23 d\u00e9cembre dernier, \u00e0 l\u2019issue d\u2019une c\u00e9r\u00e9monie solennelle. D\u00e9marr\u00e9e [&hellip;]<\/p>\n","protected":false},"author":2,"featured_media":27098,"comment_status":"open","ping_status":"open","sticky":false,"template":"","format":"standard","meta":{"footnotes":""},"categories":[20,59],"tags":[],"class_list":["post-27097","post","type-post","status-publish","format-standard","has-post-thumbnail","hentry","category-actualite","category-commerce"],"yoast_head":"<!-- This site is optimized with the Yoast SEO plugin v28.4 - https:\/\/yoast.com\/product\/yoast-seo-wordpress\/ -->\n<title>QUINZAINE COMMERCIALE : Une 40\u00e8me \u00e9dition sous le signe de cr\u00e9ation de richesse et de promotion de l\u2019entrepreneuriat -<\/title>\n<meta name=\"robots\" content=\"index, follow, max-snippet:-1, max-image-preview:large, max-video-preview:-1\" \/>\n<link rel=\"canonical\" href=\"https:\/\/macite.tg\/?p=27097\" \/>\n<meta property=\"og:locale\" content=\"fr_FR\" \/>\n<meta property=\"og:type\" content=\"article\" \/>\n<meta property=\"og:title\" content=\"QUINZAINE COMMERCIALE : Une 40\u00e8me \u00e9dition sous le signe de cr\u00e9ation de richesse et de promotion de l\u2019entrepreneuriat -\" \/>\n<meta property=\"og:description\" content=\"C\u2019est officiellement parti pour la 40\u00e8me \u00e9dition de la Grande quinzaine commercial, cet embl\u00e9matique rendez-vous du calendrier \u00e9conomique et commercial du monde l\u2019entrepreneuriat togolais. Comme une tradition, cette manifestation a officiellement ouvert ses portes, le mardi 23 d\u00e9cembre dernier, \u00e0 l\u2019issue d\u2019une c\u00e9r\u00e9monie solennelle. D\u00e9marr\u00e9e [&hellip;]\" \/>\n<meta property=\"og:url\" content=\"https:\/\/macite.tg\/?p=27097\" \/>\n<meta property=\"article:published_time\" content=\"2025-12-24T09:45:42+00:00\" \/>\n<meta property=\"article:modified_time\" content=\"2025-12-26T09:59:55+00:00\" \/>\n<meta property=\"og:image\" content=\"https:\/\/macite.tg\/wp-content\/uploads\/2025\/12\/15zaine.jpg\" \/>\n\t<meta property=\"og:image:width\" content=\"500\" \/>\n\t<meta property=\"og:image:height\" content=\"371\" \/>\n\t<meta property=\"og:image:type\" content=\"image\/jpeg\" \/>\n<meta name=\"author\" content=\"Jean Pierre BAWELA\" \/>\n<meta name=\"twitter:card\" content=\"summary_large_image\" \/>\n<meta name=\"twitter:label1\" content=\"\u00c9crit par\" \/>\n\t<meta name=\"twitter:data1\" content=\"Jean Pierre BAWELA\" \/>\n\t<meta name=\"twitter:label2\" content=\"Dur\u00e9e de lecture estim\u00e9e\" \/>\n\t<meta name=\"twitter:data2\" content=\"3 minutes\" \/>\n<script type=\"application\/ld+json\" class=\"yoast-schema-graph\">{\"@context\":\"https:\\\/\\\/schema.org\",\"@graph\":[{\"@type\":\"Article\",\"@id\":\"https:\\\/\\\/macite.tg\\\/?p=27097#article\",\"isPartOf\":{\"@id\":\"https:\\\/\\\/macite.tg\\\/?p=27097\"},\"author\":{\"name\":\"Jean Pierre BAWELA\",\"@id\":\"https:\\\/\\\/macite.tg\\\/#\\\/schema\\\/person\\\/e9f2de7e5dbbe7770a9402c7ce82f5c2\"},\"headline\":\"QUINZAINE COMMERCIALE : Une 40\u00e8me \u00e9dition sous le signe de cr\u00e9ation de richesse et de promotion de l\u2019entrepreneuriat\",\"datePublished\":\"2025-12-24T09:45:42+00:00\",\"dateModified\":\"2025-12-26T09:59:55+00:00\",\"mainEntityOfPage\":{\"@id\":\"https:\\\/\\\/macite.tg\\\/?p=27097\"},\"wordCount\":563,\"commentCount\":0,\"image\":{\"@id\":\"https:\\\/\\\/macite.tg\\\/?p=27097#primaryimage\"},\"thumbnailUrl\":\"https:\\\/\\\/macite.tg\\\/wp-content\\\/uploads\\\/2025\\\/12\\\/15zaine.jpg\",\"articleSection\":[\"ACTUALITE\",\"COMMERCE\"],\"inLanguage\":\"fr-FR\",\"potentialAction\":[{\"@type\":\"CommentAction\",\"name\":\"Comment\",\"target\":[\"https:\\\/\\\/macite.tg\\\/?p=27097#respond\"]}]},{\"@type\":\"WebPage\",\"@id\":\"https:\\\/\\\/macite.tg\\\/?p=27097\",\"url\":\"https:\\\/\\\/macite.tg\\\/?p=27097\",\"name\":\"QUINZAINE COMMERCIALE : Une 40\u00e8me \u00e9dition sous le signe de cr\u00e9ation de richesse et de promotion de l\u2019entrepreneuriat -\",\"isPartOf\":{\"@id\":\"https:\\\/\\\/macite.tg\\\/#website\"},\"primaryImageOfPage\":{\"@id\":\"https:\\\/\\\/macite.tg\\\/?p=27097#primaryimage\"},\"image\":{\"@id\":\"https:\\\/\\\/macite.tg\\\/?p=27097#primaryimage\"},\"thumbnailUrl\":\"https:\\\/\\\/macite.tg\\\/wp-content\\\/uploads\\\/2025\\\/12\\\/15zaine.jpg\",\"datePublished\":\"2025-12-24T09:45:42+00:00\",\"dateModified\":\"2025-12-26T09:59:55+00:00\",\"author\":{\"@id\":\"https:\\\/\\\/macite.tg\\\/#\\\/schema\\\/person\\\/e9f2de7e5dbbe7770a9402c7ce82f5c2\"},\"breadcrumb\":{\"@id\":\"https:\\\/\\\/macite.tg\\\/?p=27097#breadcrumb\"},\"inLanguage\":\"fr-FR\",\"potentialAction\":[{\"@type\":\"ReadAction\",\"target\":[\"https:\\\/\\\/macite.tg\\\/?p=27097\"]}]},{\"@type\":\"ImageObject\",\"inLanguage\":\"fr-FR\",\"@id\":\"https:\\\/\\\/macite.tg\\\/?p=27097#primaryimage\",\"url\":\"https:\\\/\\\/macite.tg\\\/wp-content\\\/uploads\\\/2025\\\/12\\\/15zaine.jpg\",\"contentUrl\":\"https:\\\/\\\/macite.tg\\\/wp-content\\\/uploads\\\/2025\\\/12\\\/15zaine.jpg\",\"width\":500,\"height\":371},{\"@type\":\"BreadcrumbList\",\"@id\":\"https:\\\/\\\/macite.tg\\\/?p=27097#breadcrumb\",\"itemListElement\":[{\"@type\":\"ListItem\",\"position\":1,\"name\":\"Accueil\",\"item\":\"https:\\\/\\\/macite.tg\\\/\"},{\"@type\":\"ListItem\",\"position\":2,\"name\":\"QUINZAINE COMMERCIALE : Une 40\u00e8me \u00e9dition sous le signe de cr\u00e9ation de richesse et de promotion de l\u2019entrepreneuriat\"}]},{\"@type\":\"WebSite\",\"@id\":\"https:\\\/\\\/macite.tg\\\/#website\",\"url\":\"https:\\\/\\\/macite.tg\\\/\",\"name\":\"\",\"description\":\"L&#039;information, la bonne!!!\",\"potentialAction\":[{\"@type\":\"SearchAction\",\"target\":{\"@type\":\"EntryPoint\",\"urlTemplate\":\"https:\\\/\\\/macite.tg\\\/?s={search_term_string}\"},\"query-input\":{\"@type\":\"PropertyValueSpecification\",\"valueRequired\":true,\"valueName\":\"search_term_string\"}}],\"inLanguage\":\"fr-FR\"},{\"@type\":\"Person\",\"@id\":\"https:\\\/\\\/macite.tg\\\/#\\\/schema\\\/person\\\/e9f2de7e5dbbe7770a9402c7ce82f5c2\",\"name\":\"Jean Pierre BAWELA\",\"image\":{\"@type\":\"ImageObject\",\"inLanguage\":\"fr-FR\",\"@id\":\"https:\\\/\\\/macite.tg\\\/wp-content\\\/uploads\\\/2023\\\/09\\\/WhatsApp-Image-2023-09-19-at-14.44.41-122x122.jpeg\",\"url\":\"https:\\\/\\\/macite.tg\\\/wp-content\\\/uploads\\\/2023\\\/09\\\/WhatsApp-Image-2023-09-19-at-14.44.41-122x122.jpeg\",\"contentUrl\":\"https:\\\/\\\/macite.tg\\\/wp-content\\\/uploads\\\/2023\\\/09\\\/WhatsApp-Image-2023-09-19-at-14.44.41-122x122.jpeg\",\"caption\":\"Jean Pierre BAWELA\"},\"url\":\"https:\\\/\\\/macite.tg\\\/?author=2\"}]}<\/script>\n<!-- \/ Yoast SEO plugin. -->","yoast_head_json":{"title":"QUINZAINE COMMERCIALE : Une 40\u00e8me \u00e9dition sous le signe de cr\u00e9ation de richesse et de promotion de l\u2019entrepreneuriat -","robots":{"index":"index","follow":"follow","max-snippet":"max-snippet:-1","max-image-preview":"max-image-preview:large","max-video-preview":"max-video-preview:-1"},"canonical":"https:\/\/macite.tg\/?p=27097","og_locale":"fr_FR","og_type":"article","og_title":"QUINZAINE COMMERCIALE : Une 40\u00e8me \u00e9dition sous le signe de cr\u00e9ation de richesse et de promotion de l\u2019entrepreneuriat -","og_description":"C\u2019est officiellement parti pour la 40\u00e8me \u00e9dition de la Grande quinzaine commercial, cet embl\u00e9matique rendez-vous du calendrier \u00e9conomique et commercial du monde l\u2019entrepreneuriat togolais. Comme une tradition, cette manifestation a officiellement ouvert ses portes, le mardi 23 d\u00e9cembre dernier, \u00e0 l\u2019issue d\u2019une c\u00e9r\u00e9monie solennelle. D\u00e9marr\u00e9e [&hellip;]","og_url":"https:\/\/macite.tg\/?p=27097","article_published_time":"2025-12-24T09:45:42+00:00","article_modified_time":"2025-12-26T09:59:55+00:00","og_image":[{"width":500,"height":371,"url":"https:\/\/macite.tg\/wp-content\/uploads\/2025\/12\/15zaine.jpg","type":"image\/jpeg"}],"author":"Jean Pierre BAWELA","twitter_card":"summary_large_image","twitter_misc":{"\u00c9crit par":"Jean Pierre BAWELA","Dur\u00e9e de lecture estim\u00e9e":"3 minutes"},"schema":{"@context":"https:\/\/schema.org","@graph":[{"@type":"Article","@id":"https:\/\/macite.tg\/?p=27097#article","isPartOf":{"@id":"https:\/\/macite.tg\/?p=27097"},"author":{"name":"Jean Pierre BAWELA","@id":"https:\/\/macite.tg\/#\/schema\/person\/e9f2de7e5dbbe7770a9402c7ce82f5c2"},"headline":"QUINZAINE COMMERCIALE : Une 40\u00e8me \u00e9dition sous le signe de cr\u00e9ation de richesse et de promotion de l\u2019entrepreneuriat","datePublished":"2025-12-24T09:45:42+00:00","dateModified":"2025-12-26T09:59:55+00:00","mainEntityOfPage":{"@id":"https:\/\/macite.tg\/?p=27097"},"wordCount":563,"commentCount":0,"image":{"@id":"https:\/\/macite.tg\/?p=27097#primaryimage"},"thumbnailUrl":"https:\/\/macite.tg\/wp-content\/uploads\/2025\/12\/15zaine.jpg","articleSection":["ACTUALITE","COMMERCE"],"inLanguage":"fr-FR","potentialAction":[{"@type":"CommentAction","name":"Comment","target":["https:\/\/macite.tg\/?p=27097#respond"]}]},{"@type":"WebPage","@id":"https:\/\/macite.tg\/?p=27097","url":"https:\/\/macite.tg\/?p=27097","name":"QUINZAINE COMMERCIALE : Une 40\u00e8me \u00e9dition sous le signe de cr\u00e9ation de richesse et de promotion de l\u2019entrepreneuriat -","isPartOf":{"@id":"https:\/\/macite.tg\/#website"},"primaryImageOfPage":{"@id":"https:\/\/macite.tg\/?p=27097#primaryimage"},"image":{"@id":"https:\/\/macite.tg\/?p=27097#primaryimage"},"thumbnailUrl":"https:\/\/macite.tg\/wp-content\/uploads\/2025\/12\/15zaine.jpg","datePublished":"2025-12-24T09:45:42+00:00","dateModified":"2025-12-26T09:59:55+00:00","author":{"@id":"https:\/\/macite.tg\/#\/schema\/person\/e9f2de7e5dbbe7770a9402c7ce82f5c2"},"breadcrumb":{"@id":"https:\/\/macite.tg\/?p=27097#breadcrumb"},"inLanguage":"fr-FR","potentialAction":[{"@type":"ReadAction","target":["https:\/\/macite.tg\/?p=27097"]}]},{"@type":"ImageObject","inLanguage":"fr-FR","@id":"https:\/\/macite.tg\/?p=27097#primaryimage","url":"https:\/\/macite.tg\/wp-content\/uploads\/2025\/12\/15zaine.jpg","contentUrl":"https:\/\/macite.tg\/wp-content\/uploads\/2025\/12\/15zaine.jpg","width":500,"height":371},{"@type":"BreadcrumbList","@id":"https:\/\/macite.tg\/?p=27097#breadcrumb","itemListElement":[{"@type":"ListItem","position":1,"name":"Accueil","item":"https:\/\/macite.tg\/"},{"@type":"ListItem","position":2,"name":"QUINZAINE COMMERCIALE : Une 40\u00e8me \u00e9dition sous le signe de cr\u00e9ation de richesse et de promotion de l\u2019entrepreneuriat"}]},{"@type":"WebSite","@id":"https:\/\/macite.tg\/#website","url":"https:\/\/macite.tg\/","name":"","description":"L&#039;information, la bonne!!!","potentialAction":[{"@type":"SearchAction","target":{"@type":"EntryPoint","urlTemplate":"https:\/\/macite.tg\/?s={search_term_string}"},"query-input":{"@type":"PropertyValueSpecification","valueRequired":true,"valueName":"search_term_string"}}],"inLanguage":"fr-FR"},{"@type":"Person","@id":"https:\/\/macite.tg\/#\/schema\/person\/e9f2de7e5dbbe7770a9402c7ce82f5c2","name":"Jean Pierre BAWELA","image":{"@type":"ImageObject","inLanguage":"fr-FR","@id":"https:\/\/macite.tg\/wp-content\/uploads\/2023\/09\/WhatsApp-Image-2023-09-19-at-14.44.41-122x122.jpeg","url":"https:\/\/macite.tg\/wp-content\/uploads\/2023\/09\/WhatsApp-Image-2023-09-19-at-14.44.41-122x122.jpeg","contentUrl":"https:\/\/macite.tg\/wp-content\/uploads\/2023\/09\/WhatsApp-Image-2023-09-19-at-14.44.41-122x122.jpeg","caption":"Jean Pierre BAWELA"},"url":"https:\/\/macite.tg\/?author=2"}]}},"_links":{"self":[{"href":"https:\/\/macite.tg\/index.php?rest_route=\/wp\/v2\/posts\/27097","targetHints":{"allow":["GET"]}}],"collection":[{"href":"https:\/\/macite.tg\/index.php?rest_route=\/wp\/v2\/posts"}],"about":[{"href":"https:\/\/macite.tg\/index.php?rest_route=\/wp\/v2\/types\/post"}],"author":[{"embeddable":true,"href":"https:\/\/macite.tg\/index.php?rest_route=\/wp\/v2\/users\/2"}],"replies":[{"embeddable":true,"href":"https:\/\/macite.tg\/index.php?rest_route=%2Fwp%2Fv2%2Fcomments&post=27097"}],"version-history":[{"count":0,"href":"https:\/\/macite.tg\/index.php?rest_route=\/wp\/v2\/posts\/27097\/revisions"}],"wp:featuredmedia":[{"embeddable":true,"href":"https:\/\/macite.tg\/index.php?rest_route=\/wp\/v2\/media\/27098"}],"wp:attachment":[{"href":"https:\/\/macite.tg\/index.php?rest_route=%2Fwp%2Fv2%2Fmedia&parent=27097"}],"wp:term":[{"taxonomy":"category","embeddable":true,"href":"https:\/\/macite.tg\/index.php?rest_route=%2Fwp%2Fv2%2Fcategories&post=27097"},{"taxonomy":"post_tag","embeddable":true,"href":"https:\/\/macite.tg\/index.php?rest_route=%2Fwp%2Fv2%2Ftags&post=27097"}],"curies":[{"name":"wp","href":"https:\/\/api.w.org\/{rel}","templated":true}]}}