{"id":27070,"date":"2025-12-24T18:28:39","date_gmt":"2025-12-24T18:28:39","guid":{"rendered":"https:\/\/macite.tg\/?p=27070"},"modified":"2025-12-24T18:28:42","modified_gmt":"2025-12-24T18:28:42","slug":"togo-le-senat-adopte-le-projet-loi-de-finances-exercice-2026","status":"publish","type":"post","link":"https:\/\/macite.tg\/?p=27070","title":{"rendered":"TOGO\u00a0: Le S\u00e9nat adopte le projet loi de finances, exercice 2026"},"content":{"rendered":"\n<p class=\"wp-block-paragraph\"><strong><em>Le S\u00e9nat, deuxi\u00e8me chambre du Parlement, a adopt\u00e9, hier mardi 23 d\u00e9cembre, \u00e0 la majorit\u00e9 absolue, le projet de loi de finances, exercice 2026 apr\u00e8s son adoption en premi\u00e8re lecture par l&rsquo;Assembl\u00e9e nationale. C\u2019\u00e9tait au cours de la troisi\u00e8me s\u00e9ance pl\u00e9ni\u00e8re de la deuxi\u00e8me session ordinaire de l\u2019ann\u00e9e qui s\u2019est d\u00e9roul\u00e9e au Palais des Congr\u00e8s de Lom\u00e9.<\/em><\/strong><\/p>\n\n\n\n<p class=\"wp-block-paragraph\">La s\u00e9ance a \u00e9t\u00e9 pr\u00e9sid\u00e9e par Son Excellence Monsieur Barry Moussa Barqu\u00e9, Pr\u00e9sident du S\u00e9nat, en pr\u00e9sence de Monsieur Essow\u00e8 Georges Barcola, ministre des Finances et du Budget, et de Monsieur Gilbert Bawara, ministre des Relations avec le Parlement et les institutions.<\/p>\n\n\n\n<p class=\"wp-block-paragraph\">Le projet de loi de finances pour l\u2019exercice 2026, transmis au S\u00e9nat le 10 d\u00e9cembre 2025 par l\u2019Assembl\u00e9e nationale apr\u00e8s son adoption en premi\u00e8re lecture, a fait l\u2019objet d\u2019un examen approfondi par la commission des finances et du d\u00e9veloppement \u00e9conomique du S\u00e9nat avant son examen et adoption sans modifications substantielles par les s\u00e9nateurs en s\u00e9ance pl\u00e9ni\u00e8re. Seules des modifications de forme ont \u00e9t\u00e9 apport\u00e9es afin d\u2019am\u00e9liorer la clart\u00e9 et l\u2019uniformit\u00e9 du texte.<\/p>\n\n\n\n<figure class=\"wp-block-image size-full\"><img loading=\"lazy\" decoding=\"async\" width=\"851\" height=\"315\" src=\"https:\/\/macite.tg\/wp-content\/uploads\/2025\/12\/OTR_Ferer-pour-batir-1-1.jpg\" alt=\"\" class=\"wp-image-27032\" srcset=\"https:\/\/macite.tg\/wp-content\/uploads\/2025\/12\/OTR_Ferer-pour-batir-1-1.jpg 851w, https:\/\/macite.tg\/wp-content\/uploads\/2025\/12\/OTR_Ferer-pour-batir-1-1-300x111.jpg 300w, https:\/\/macite.tg\/wp-content\/uploads\/2025\/12\/OTR_Ferer-pour-batir-1-1-768x284.jpg 768w\" sizes=\"auto, (max-width: 851px) 100vw, 851px\" \/><\/figure>\n\n\n\n<p class=\"wp-block-paragraph\">Le S\u00e9nat rel\u00e8ve que le texte traduit une volont\u00e9 affirm\u00e9e du gouvernement de concilier stabilit\u00e9 macro\u00e9conomique, discipline budg\u00e9taire et promotion d\u2019une croissance inclusive et durable.<\/p>\n\n\n\n<p class=\"wp-block-paragraph\">Le S\u00e9nat, en tant qu\u2019institution repr\u00e9sentant les collectivit\u00e9s locales, a aussi focalis\u00e9 l\u2019examen des pr\u00e9visions de d\u00e9penses sur des enjeux cruciaux li\u00e9s \u00e0 la gouvernance locale. Les s\u00e9nateurs ont notamment port\u00e9 une attention particuli\u00e8re aux mesures visant \u00e0 r\u00e9duire les disparit\u00e9s r\u00e9gionales dans les secteurs sociaux strat\u00e9giques. Parmi ces secteurs, on retrouve l\u2019\u00e9ducation, la sant\u00e9, l\u2019agriculture et l\u2019am\u00e9nagement du territoire.<\/p>\n\n\n\n<p class=\"wp-block-paragraph\">Les pr\u00e9sidents des groupes parlementaires, Union pour la R\u00e9publique (UNIR), Alliance Progressiste du Renouveau (APR) et la Coalition des 5 (C5), ont salu\u00e9 la qualit\u00e9 des \u00e9changes, soulignant qu\u2019ils t\u00e9moignent de la vitalit\u00e9 de la d\u00e9mocratie parlementaire. Ils ont \u00e9galement relev\u00e9 que le gouvernement a d\u00e9ploy\u00e9 des efforts notables pour renforcer la discipline budg\u00e9taire.<\/p>\n\n\n\n<p class=\"wp-block-paragraph\">Essow\u00e8 Georges Barcola, ministre des Finances et du Budget, a soulign\u00e9 qu\u2019en adoptant ce projet de loi de finances, le S\u00e9nat offre au gouvernement les moyens n\u00e9cessaires pour mettre en \u0153uvre sa politique budg\u00e9taire, conform\u00e9ment aux exigences de la nouvelle Constitution. Il a \u00e9galement r\u00e9it\u00e9r\u00e9 l\u2019engagement du gouvernement \u00e0 prendre en consid\u00e9ration les recommandations du S\u00e9nat.<\/p>\n\n\n\n<p class=\"wp-block-paragraph\"><em>\u00ab Au nom du gouvernement, nous nous engageons \u00e0 prendre en compte les recommandations \u00e9mises par le S\u00e9nat, dans le but de renforcer la pertinence et l\u2019efficacit\u00e9 de ce budget \u00bb,<\/em> a soulign\u00e9 le ministre.<\/p>\n\n\n\n<p class=\"wp-block-paragraph\">Le Pr\u00e9sident du S\u00e9nat, a pour sa part, salu\u00e9 l\u2019engagement et la rigueur des s\u00e9nateurs tout au long de l\u2019examen du projet de loi de finances. Il a exprim\u00e9 sa reconnaissance pour les efforts d\u00e9ploy\u00e9s par l\u2019ensemble des membres de la deuxi\u00e8me chambre et a soulign\u00e9 que, dans le cadre de cette l\u00e9gislature, il s\u2019agissait de la premi\u00e8re participation du S\u00e9nat \u00e0 l\u2019examen et \u00e0 l\u2019adoption d\u2019une loi de finances.<\/p>\n\n\n<div class=\"wp-block-image\">\n<figure class=\"aligncenter size-large is-resized\"><img loading=\"lazy\" decoding=\"async\" width=\"723\" height=\"1024\" src=\"https:\/\/macite.tg\/wp-content\/uploads\/2025\/12\/1a88bc4e-bab8-4cbf-bc7e-8b8cf32bb810-723x1024.jpg\" alt=\"\" class=\"wp-image-26728\" style=\"width:589px;height:auto\" srcset=\"https:\/\/macite.tg\/wp-content\/uploads\/2025\/12\/1a88bc4e-bab8-4cbf-bc7e-8b8cf32bb810-723x1024.jpg 723w, https:\/\/macite.tg\/wp-content\/uploads\/2025\/12\/1a88bc4e-bab8-4cbf-bc7e-8b8cf32bb810-212x300.jpg 212w, https:\/\/macite.tg\/wp-content\/uploads\/2025\/12\/1a88bc4e-bab8-4cbf-bc7e-8b8cf32bb810.jpg 763w\" sizes=\"auto, (max-width: 723px) 100vw, 723px\" \/><\/figure>\n<\/div>\n\n\n<p class=\"wp-block-paragraph\">Apr\u00e8s cette adoption par le S\u00e9nat, le texte sera soumis \u00e0 l\u2019Assembl\u00e9e nationale pour son adoption d\u00e9finitive.<\/p>\n\n\n\n<p class=\"wp-block-paragraph\">Rappelons que le budget 2026, \u00e9quilibr\u00e9 en ressources et en charges \u00e0 2.751.542.015.000 FCFA, enregistre une progression significative de 14,8 % par rapport \u00e0 2025.<\/p>\n\n\n\n<p class=\"wp-block-paragraph\">AN<\/p>\n\n\n\n<p class=\"wp-block-paragraph\"><strong><em>@macite.tg&nbsp;&nbsp;&nbsp;&nbsp;&nbsp;&nbsp;&nbsp;&nbsp;<\/em><\/strong><\/p>\n\n\n\n<p class=\"wp-block-paragraph\"><strong><em>E-mail&nbsp;: <\/em><\/strong><a href=\"mailto:maciteinfo@gmail.com\"><strong><em>maciteinfo@gmail.com<\/em><\/strong><\/a><strong><em>; <\/em><\/strong><a href=\"mailto:bawela1@gmail.com\"><strong><em>bawela1@gmail.com<\/em><\/strong><\/a><strong><em> <\/em><\/strong><strong><em><\/em><\/strong><\/p>\n\n\n\n<p class=\"wp-block-paragraph\"><strong><em>Pour vos annonces, (publi)reportages, etc., joignez-nous au (00228)91515309\/<strong>79872224 <\/strong><strong><\/strong><\/em><\/strong><\/p>\n\n\n\n<p class=\"wp-block-paragraph\"><strong><em>www.macite.tg, L\u2019information, la bonne&nbsp;!<\/em><\/strong><\/p>\n\n\n\n<p class=\"wp-block-paragraph\"><\/p>\n","protected":false},"excerpt":{"rendered":"<p class=\"text-justify mb-2\" >Le S\u00e9nat, deuxi\u00e8me chambre du Parlement, a adopt\u00e9, hier mardi 23 d\u00e9cembre, \u00e0 la majorit\u00e9 absolue, le projet de loi de finances, exercice 2026 apr\u00e8s son adoption en premi\u00e8re lecture par l&rsquo;Assembl\u00e9e nationale. C\u2019\u00e9tait au cours de la troisi\u00e8me s\u00e9ance pl\u00e9ni\u00e8re de la deuxi\u00e8me session [&hellip;]<\/p>\n","protected":false},"author":2,"featured_media":27071,"comment_status":"open","ping_status":"open","sticky":false,"template":"","format":"standard","meta":{"footnotes":""},"categories":[20,42],"tags":[],"class_list":["post-27070","post","type-post","status-publish","format-standard","has-post-thumbnail","hentry","category-actualite","category-finances"],"yoast_head":"<!-- This site is optimized with the Yoast SEO plugin v28.4 - https:\/\/yoast.com\/product\/yoast-seo-wordpress\/ -->\n<title>TOGO\u00a0: Le S\u00e9nat adopte le projet loi de finances, exercice 2026 -<\/title>\n<meta name=\"robots\" content=\"index, follow, max-snippet:-1, max-image-preview:large, max-video-preview:-1\" \/>\n<link rel=\"canonical\" href=\"https:\/\/macite.tg\/?p=27070\" \/>\n<meta property=\"og:locale\" content=\"fr_FR\" \/>\n<meta property=\"og:type\" content=\"article\" \/>\n<meta property=\"og:title\" content=\"TOGO\u00a0: Le S\u00e9nat adopte le projet loi de finances, exercice 2026 -\" \/>\n<meta property=\"og:description\" content=\"Le S\u00e9nat, deuxi\u00e8me chambre du Parlement, a adopt\u00e9, hier mardi 23 d\u00e9cembre, \u00e0 la majorit\u00e9 absolue, le projet de loi de finances, exercice 2026 apr\u00e8s son adoption en premi\u00e8re lecture par l&rsquo;Assembl\u00e9e nationale. C\u2019\u00e9tait au cours de la troisi\u00e8me s\u00e9ance pl\u00e9ni\u00e8re de la deuxi\u00e8me session [&hellip;]\" \/>\n<meta property=\"og:url\" content=\"https:\/\/macite.tg\/?p=27070\" \/>\n<meta property=\"article:published_time\" content=\"2025-12-24T18:28:39+00:00\" \/>\n<meta property=\"article:modified_time\" content=\"2025-12-24T18:28:42+00:00\" \/>\n<meta property=\"og:image\" content=\"https:\/\/macite.tg\/wp-content\/uploads\/2025\/12\/Senat-budget.jpg\" \/>\n\t<meta property=\"og:image:width\" content=\"500\" \/>\n\t<meta property=\"og:image:height\" content=\"164\" \/>\n\t<meta property=\"og:image:type\" content=\"image\/jpeg\" \/>\n<meta name=\"author\" content=\"Jean Pierre BAWELA\" \/>\n<meta name=\"twitter:card\" content=\"summary_large_image\" \/>\n<meta name=\"twitter:label1\" content=\"\u00c9crit par\" \/>\n\t<meta name=\"twitter:data1\" content=\"Jean Pierre BAWELA\" \/>\n\t<meta name=\"twitter:label2\" content=\"Dur\u00e9e de lecture estim\u00e9e\" \/>\n\t<meta name=\"twitter:data2\" content=\"4 minutes\" \/>\n<script type=\"application\/ld+json\" class=\"yoast-schema-graph\">{\"@context\":\"https:\\\/\\\/schema.org\",\"@graph\":[{\"@type\":\"Article\",\"@id\":\"https:\\\/\\\/macite.tg\\\/?p=27070#article\",\"isPartOf\":{\"@id\":\"https:\\\/\\\/macite.tg\\\/?p=27070\"},\"author\":{\"name\":\"Jean Pierre BAWELA\",\"@id\":\"https:\\\/\\\/macite.tg\\\/#\\\/schema\\\/person\\\/e9f2de7e5dbbe7770a9402c7ce82f5c2\"},\"headline\":\"TOGO\u00a0: Le S\u00e9nat adopte le projet loi de finances, exercice 2026\",\"datePublished\":\"2025-12-24T18:28:39+00:00\",\"dateModified\":\"2025-12-24T18:28:42+00:00\",\"mainEntityOfPage\":{\"@id\":\"https:\\\/\\\/macite.tg\\\/?p=27070\"},\"wordCount\":644,\"commentCount\":0,\"image\":{\"@id\":\"https:\\\/\\\/macite.tg\\\/?p=27070#primaryimage\"},\"thumbnailUrl\":\"https:\\\/\\\/macite.tg\\\/wp-content\\\/uploads\\\/2025\\\/12\\\/Senat-budget.jpg\",\"articleSection\":[\"ACTUALITE\",\"FINANCES\"],\"inLanguage\":\"fr-FR\",\"potentialAction\":[{\"@type\":\"CommentAction\",\"name\":\"Comment\",\"target\":[\"https:\\\/\\\/macite.tg\\\/?p=27070#respond\"]}]},{\"@type\":\"WebPage\",\"@id\":\"https:\\\/\\\/macite.tg\\\/?p=27070\",\"url\":\"https:\\\/\\\/macite.tg\\\/?p=27070\",\"name\":\"TOGO\u00a0: Le S\u00e9nat adopte le projet loi de finances, exercice 2026 -\",\"isPartOf\":{\"@id\":\"https:\\\/\\\/macite.tg\\\/#website\"},\"primaryImageOfPage\":{\"@id\":\"https:\\\/\\\/macite.tg\\\/?p=27070#primaryimage\"},\"image\":{\"@id\":\"https:\\\/\\\/macite.tg\\\/?p=27070#primaryimage\"},\"thumbnailUrl\":\"https:\\\/\\\/macite.tg\\\/wp-content\\\/uploads\\\/2025\\\/12\\\/Senat-budget.jpg\",\"datePublished\":\"2025-12-24T18:28:39+00:00\",\"dateModified\":\"2025-12-24T18:28:42+00:00\",\"author\":{\"@id\":\"https:\\\/\\\/macite.tg\\\/#\\\/schema\\\/person\\\/e9f2de7e5dbbe7770a9402c7ce82f5c2\"},\"breadcrumb\":{\"@id\":\"https:\\\/\\\/macite.tg\\\/?p=27070#breadcrumb\"},\"inLanguage\":\"fr-FR\",\"potentialAction\":[{\"@type\":\"ReadAction\",\"target\":[\"https:\\\/\\\/macite.tg\\\/?p=27070\"]}]},{\"@type\":\"ImageObject\",\"inLanguage\":\"fr-FR\",\"@id\":\"https:\\\/\\\/macite.tg\\\/?p=27070#primaryimage\",\"url\":\"https:\\\/\\\/macite.tg\\\/wp-content\\\/uploads\\\/2025\\\/12\\\/Senat-budget.jpg\",\"contentUrl\":\"https:\\\/\\\/macite.tg\\\/wp-content\\\/uploads\\\/2025\\\/12\\\/Senat-budget.jpg\",\"width\":500,\"height\":164},{\"@type\":\"BreadcrumbList\",\"@id\":\"https:\\\/\\\/macite.tg\\\/?p=27070#breadcrumb\",\"itemListElement\":[{\"@type\":\"ListItem\",\"position\":1,\"name\":\"Accueil\",\"item\":\"https:\\\/\\\/macite.tg\\\/\"},{\"@type\":\"ListItem\",\"position\":2,\"name\":\"TOGO\u00a0: Le S\u00e9nat adopte le projet loi de finances, exercice 2026\"}]},{\"@type\":\"WebSite\",\"@id\":\"https:\\\/\\\/macite.tg\\\/#website\",\"url\":\"https:\\\/\\\/macite.tg\\\/\",\"name\":\"\",\"description\":\"L&#039;information, la bonne!!!\",\"potentialAction\":[{\"@type\":\"SearchAction\",\"target\":{\"@type\":\"EntryPoint\",\"urlTemplate\":\"https:\\\/\\\/macite.tg\\\/?s={search_term_string}\"},\"query-input\":{\"@type\":\"PropertyValueSpecification\",\"valueRequired\":true,\"valueName\":\"search_term_string\"}}],\"inLanguage\":\"fr-FR\"},{\"@type\":\"Person\",\"@id\":\"https:\\\/\\\/macite.tg\\\/#\\\/schema\\\/person\\\/e9f2de7e5dbbe7770a9402c7ce82f5c2\",\"name\":\"Jean Pierre BAWELA\",\"image\":{\"@type\":\"ImageObject\",\"inLanguage\":\"fr-FR\",\"@id\":\"https:\\\/\\\/macite.tg\\\/wp-content\\\/uploads\\\/2023\\\/09\\\/WhatsApp-Image-2023-09-19-at-14.44.41-122x122.jpeg\",\"url\":\"https:\\\/\\\/macite.tg\\\/wp-content\\\/uploads\\\/2023\\\/09\\\/WhatsApp-Image-2023-09-19-at-14.44.41-122x122.jpeg\",\"contentUrl\":\"https:\\\/\\\/macite.tg\\\/wp-content\\\/uploads\\\/2023\\\/09\\\/WhatsApp-Image-2023-09-19-at-14.44.41-122x122.jpeg\",\"caption\":\"Jean Pierre BAWELA\"},\"url\":\"https:\\\/\\\/macite.tg\\\/?author=2\"}]}<\/script>\n<!-- \/ Yoast SEO plugin. -->","yoast_head_json":{"title":"TOGO\u00a0: Le S\u00e9nat adopte le projet loi de finances, exercice 2026 -","robots":{"index":"index","follow":"follow","max-snippet":"max-snippet:-1","max-image-preview":"max-image-preview:large","max-video-preview":"max-video-preview:-1"},"canonical":"https:\/\/macite.tg\/?p=27070","og_locale":"fr_FR","og_type":"article","og_title":"TOGO\u00a0: Le S\u00e9nat adopte le projet loi de finances, exercice 2026 -","og_description":"Le S\u00e9nat, deuxi\u00e8me chambre du Parlement, a adopt\u00e9, hier mardi 23 d\u00e9cembre, \u00e0 la majorit\u00e9 absolue, le projet de loi de finances, exercice 2026 apr\u00e8s son adoption en premi\u00e8re lecture par l&rsquo;Assembl\u00e9e nationale. C\u2019\u00e9tait au cours de la troisi\u00e8me s\u00e9ance pl\u00e9ni\u00e8re de la deuxi\u00e8me session [&hellip;]","og_url":"https:\/\/macite.tg\/?p=27070","article_published_time":"2025-12-24T18:28:39+00:00","article_modified_time":"2025-12-24T18:28:42+00:00","og_image":[{"width":500,"height":164,"url":"https:\/\/macite.tg\/wp-content\/uploads\/2025\/12\/Senat-budget.jpg","type":"image\/jpeg"}],"author":"Jean Pierre BAWELA","twitter_card":"summary_large_image","twitter_misc":{"\u00c9crit par":"Jean Pierre BAWELA","Dur\u00e9e de lecture estim\u00e9e":"4 minutes"},"schema":{"@context":"https:\/\/schema.org","@graph":[{"@type":"Article","@id":"https:\/\/macite.tg\/?p=27070#article","isPartOf":{"@id":"https:\/\/macite.tg\/?p=27070"},"author":{"name":"Jean Pierre BAWELA","@id":"https:\/\/macite.tg\/#\/schema\/person\/e9f2de7e5dbbe7770a9402c7ce82f5c2"},"headline":"TOGO\u00a0: Le S\u00e9nat adopte le projet loi de finances, exercice 2026","datePublished":"2025-12-24T18:28:39+00:00","dateModified":"2025-12-24T18:28:42+00:00","mainEntityOfPage":{"@id":"https:\/\/macite.tg\/?p=27070"},"wordCount":644,"commentCount":0,"image":{"@id":"https:\/\/macite.tg\/?p=27070#primaryimage"},"thumbnailUrl":"https:\/\/macite.tg\/wp-content\/uploads\/2025\/12\/Senat-budget.jpg","articleSection":["ACTUALITE","FINANCES"],"inLanguage":"fr-FR","potentialAction":[{"@type":"CommentAction","name":"Comment","target":["https:\/\/macite.tg\/?p=27070#respond"]}]},{"@type":"WebPage","@id":"https:\/\/macite.tg\/?p=27070","url":"https:\/\/macite.tg\/?p=27070","name":"TOGO\u00a0: Le S\u00e9nat adopte le projet loi de finances, exercice 2026 -","isPartOf":{"@id":"https:\/\/macite.tg\/#website"},"primaryImageOfPage":{"@id":"https:\/\/macite.tg\/?p=27070#primaryimage"},"image":{"@id":"https:\/\/macite.tg\/?p=27070#primaryimage"},"thumbnailUrl":"https:\/\/macite.tg\/wp-content\/uploads\/2025\/12\/Senat-budget.jpg","datePublished":"2025-12-24T18:28:39+00:00","dateModified":"2025-12-24T18:28:42+00:00","author":{"@id":"https:\/\/macite.tg\/#\/schema\/person\/e9f2de7e5dbbe7770a9402c7ce82f5c2"},"breadcrumb":{"@id":"https:\/\/macite.tg\/?p=27070#breadcrumb"},"inLanguage":"fr-FR","potentialAction":[{"@type":"ReadAction","target":["https:\/\/macite.tg\/?p=27070"]}]},{"@type":"ImageObject","inLanguage":"fr-FR","@id":"https:\/\/macite.tg\/?p=27070#primaryimage","url":"https:\/\/macite.tg\/wp-content\/uploads\/2025\/12\/Senat-budget.jpg","contentUrl":"https:\/\/macite.tg\/wp-content\/uploads\/2025\/12\/Senat-budget.jpg","width":500,"height":164},{"@type":"BreadcrumbList","@id":"https:\/\/macite.tg\/?p=27070#breadcrumb","itemListElement":[{"@type":"ListItem","position":1,"name":"Accueil","item":"https:\/\/macite.tg\/"},{"@type":"ListItem","position":2,"name":"TOGO\u00a0: Le S\u00e9nat adopte le projet loi de finances, exercice 2026"}]},{"@type":"WebSite","@id":"https:\/\/macite.tg\/#website","url":"https:\/\/macite.tg\/","name":"","description":"L&#039;information, la bonne!!!","potentialAction":[{"@type":"SearchAction","target":{"@type":"EntryPoint","urlTemplate":"https:\/\/macite.tg\/?s={search_term_string}"},"query-input":{"@type":"PropertyValueSpecification","valueRequired":true,"valueName":"search_term_string"}}],"inLanguage":"fr-FR"},{"@type":"Person","@id":"https:\/\/macite.tg\/#\/schema\/person\/e9f2de7e5dbbe7770a9402c7ce82f5c2","name":"Jean Pierre BAWELA","image":{"@type":"ImageObject","inLanguage":"fr-FR","@id":"https:\/\/macite.tg\/wp-content\/uploads\/2023\/09\/WhatsApp-Image-2023-09-19-at-14.44.41-122x122.jpeg","url":"https:\/\/macite.tg\/wp-content\/uploads\/2023\/09\/WhatsApp-Image-2023-09-19-at-14.44.41-122x122.jpeg","contentUrl":"https:\/\/macite.tg\/wp-content\/uploads\/2023\/09\/WhatsApp-Image-2023-09-19-at-14.44.41-122x122.jpeg","caption":"Jean Pierre BAWELA"},"url":"https:\/\/macite.tg\/?author=2"}]}},"_links":{"self":[{"href":"https:\/\/macite.tg\/index.php?rest_route=\/wp\/v2\/posts\/27070","targetHints":{"allow":["GET"]}}],"collection":[{"href":"https:\/\/macite.tg\/index.php?rest_route=\/wp\/v2\/posts"}],"about":[{"href":"https:\/\/macite.tg\/index.php?rest_route=\/wp\/v2\/types\/post"}],"author":[{"embeddable":true,"href":"https:\/\/macite.tg\/index.php?rest_route=\/wp\/v2\/users\/2"}],"replies":[{"embeddable":true,"href":"https:\/\/macite.tg\/index.php?rest_route=%2Fwp%2Fv2%2Fcomments&post=27070"}],"version-history":[{"count":0,"href":"https:\/\/macite.tg\/index.php?rest_route=\/wp\/v2\/posts\/27070\/revisions"}],"wp:featuredmedia":[{"embeddable":true,"href":"https:\/\/macite.tg\/index.php?rest_route=\/wp\/v2\/media\/27071"}],"wp:attachment":[{"href":"https:\/\/macite.tg\/index.php?rest_route=%2Fwp%2Fv2%2Fmedia&parent=27070"}],"wp:term":[{"taxonomy":"category","embeddable":true,"href":"https:\/\/macite.tg\/index.php?rest_route=%2Fwp%2Fv2%2Fcategories&post=27070"},{"taxonomy":"post_tag","embeddable":true,"href":"https:\/\/macite.tg\/index.php?rest_route=%2Fwp%2Fv2%2Ftags&post=27070"}],"curies":[{"name":"wp","href":"https:\/\/api.w.org\/{rel}","templated":true}]}}