{"id":27067,"date":"2025-12-24T18:16:11","date_gmt":"2025-12-24T18:16:11","guid":{"rendered":"https:\/\/macite.tg\/?p=27067"},"modified":"2025-12-24T18:16:18","modified_gmt":"2025-12-24T18:16:18","slug":"can-2025-grp-e-le-burkina-faso-et-lalgerie-lont-fait","status":"publish","type":"post","link":"https:\/\/macite.tg\/?p=27067","title":{"rendered":"CAN 2025\/GRP E : Le Burkina Faso et l&rsquo;Alg\u00e9rie l&rsquo;ont fait\u2026"},"content":{"rendered":"\n<p class=\"wp-block-paragraph\"><strong><em>Tout comme les autres cadors attendus dans cette 35e \u00e9dition de la CAN Maroc 2025, les \u00c9talons du Burkina Faso et les Fennecs d&rsquo;Alg\u00e9rie ont \u00e9galement bien lanc\u00e9 leur comp\u00e9tition. Le Burkina Faso a arrach\u00e9 sa victoire dans le temp additionnel, 2-1, face \u00e0 la Guin\u00e9e \u00c9quatoriale. L&rsquo;Alg\u00e9rie, sans forcer, s\u2019est offert le Soudan.<\/em><\/strong><\/p>\n\n\n\n<p class=\"wp-block-paragraph\">Oppos\u00e9s au Nzalang Nacional, les \u00c9talons du Burkina Faso ont d\u00fb puiser au tr\u00e9fonds d&rsquo;eux m\u00eame pour arriver \u00e0 venir \u00e0 bout de cette solide formation \u00e9quato-guin\u00e9enne.<\/p>\n\n\n\n<p class=\"wp-block-paragraph\">Surpris par l&rsquo;ouverture du score, alors qu&rsquo;ils \u00e9voluaient en sup\u00e9riorit\u00e9 num\u00e9rique, c&rsquo;est Edmond Tapsoba, qui a offert la victoire au peuple Burkinab\u00e8. En premi\u00e8re mi-temps, le Burkina n&rsquo;a rien propos\u00e9 devant les co\u00e9quipiers d&rsquo;Ivan Edu Salvador bien en place.<\/p>\n\n\n\n<figure class=\"wp-block-image size-full\"><img loading=\"lazy\" decoding=\"async\" width=\"851\" height=\"315\" src=\"https:\/\/macite.tg\/wp-content\/uploads\/2025\/12\/OTR_Ferer-pour-batir-1-1.jpg\" alt=\"\" class=\"wp-image-27032\" srcset=\"https:\/\/macite.tg\/wp-content\/uploads\/2025\/12\/OTR_Ferer-pour-batir-1-1.jpg 851w, https:\/\/macite.tg\/wp-content\/uploads\/2025\/12\/OTR_Ferer-pour-batir-1-1-300x111.jpg 300w, https:\/\/macite.tg\/wp-content\/uploads\/2025\/12\/OTR_Ferer-pour-batir-1-1-768x284.jpg 768w\" sizes=\"auto, (max-width: 851px) 100vw, 851px\" \/><\/figure>\n\n\n\n<p class=\"wp-block-paragraph\">Basilio Ndong laisse ses comp\u00e8res \u00e0 la 50e minute apr\u00e8s son carton rouge. M\u00eame \u00e0 10, la Guin\u00e9e \u00c9quatoriale a r\u00e9ussi \u00e0 ouvrir le score \u00e0 la 85e par Marvin Anieboh sur coup de pied arr\u00eat\u00e9.<\/p>\n\n\n\n<p class=\"wp-block-paragraph\">Entr\u00e9 en jeu pour dynamiser le secteur offensif, Georgi Minoungou profite d&rsquo;un ballon, dans la surface de v\u00e9rit\u00e9, pour \u00e9galiser avant que Tapsoba, sur un coup de t\u00eate rageur, ne scelle le sort du match.<\/p>\n\n\n\n<p class=\"wp-block-paragraph\">Victoire 2 buts \u00e0 1 pour les hommes de Brama Traor\u00e9 pour leur entr\u00e9e en mati\u00e8re.<\/p>\n\n\n\n<p class=\"wp-block-paragraph\">Entame soign\u00e9e et succ\u00e8s \u00e0 l&rsquo;appui pour l&rsquo;Alg\u00e9rie de Petkovic dans cette comp\u00e9tition. Dans la peau du favori, les Fennecs, amen\u00e9s par Riyad Mahrez, double buteur, s&rsquo;imposent avec autorit\u00e9 face au Soudan.<\/p>\n\n\n\n<p class=\"wp-block-paragraph\">Tout a commenc\u00e9 \u00e0 la 2e minute avec l&rsquo;ouverture de la marque de l&rsquo;ancien joueur de Manchester City. Mahrez s&rsquo;offre son doubl\u00e9 \u00e0 la 61e avant qu&rsquo;Ibrahim Maza (85&prime;) ne termine le boulot pour l&rsquo;Alg\u00e9rie.<\/p>\n\n\n<div class=\"wp-block-image\">\n<figure class=\"aligncenter size-large is-resized\"><img loading=\"lazy\" decoding=\"async\" width=\"1024\" height=\"1024\" src=\"https:\/\/macite.tg\/wp-content\/uploads\/2025\/12\/f4e9db65-d653-41f7-b584-07f92d21ac18-1024x1024.jpg\" alt=\"\" class=\"wp-image-26741\" style=\"width:562px;height:auto\" srcset=\"https:\/\/macite.tg\/wp-content\/uploads\/2025\/12\/f4e9db65-d653-41f7-b584-07f92d21ac18-1024x1024.jpg 1024w, https:\/\/macite.tg\/wp-content\/uploads\/2025\/12\/f4e9db65-d653-41f7-b584-07f92d21ac18-300x300.jpg 300w, https:\/\/macite.tg\/wp-content\/uploads\/2025\/12\/f4e9db65-d653-41f7-b584-07f92d21ac18-150x150.jpg 150w, https:\/\/macite.tg\/wp-content\/uploads\/2025\/12\/f4e9db65-d653-41f7-b584-07f92d21ac18-768x768.jpg 768w, https:\/\/macite.tg\/wp-content\/uploads\/2025\/12\/f4e9db65-d653-41f7-b584-07f92d21ac18-122x122.jpg 122w, https:\/\/macite.tg\/wp-content\/uploads\/2025\/12\/f4e9db65-d653-41f7-b584-07f92d21ac18.jpg 1080w\" sizes=\"auto, (max-width: 1024px) 100vw, 1024px\" \/><\/figure>\n<\/div>\n\n\n<p class=\"wp-block-paragraph\">Classement :<\/p>\n\n\n\n<p class=\"wp-block-paragraph\">1- Alg\u00e9rie 03pts (+3)<\/p>\n\n\n\n<p class=\"wp-block-paragraph\">2- Burkina Faso 03pts (+1)<\/p>\n\n\n\n<p class=\"wp-block-paragraph\">3- Guin\u00e9e \u00c9quatoriale 0pt (-1)<\/p>\n\n\n\n<p class=\"wp-block-paragraph\">4- Soudan (-3).<\/p>\n\n\n\n<p class=\"wp-block-paragraph\"><strong>A.D.<\/strong><\/p>\n\n\n\n<p class=\"wp-block-paragraph\"><a><strong><em>@macite.tg&nbsp;&nbsp;&nbsp;&nbsp;&nbsp;&nbsp;&nbsp;&nbsp;<\/em><\/strong><\/a><\/p>\n\n\n\n<p class=\"wp-block-paragraph\"><strong><em>E-mail&nbsp;: <\/em><\/strong><a href=\"mailto:maciteinfo@gmail.com\"><strong><em>maciteinfo@gmail.com<\/em><\/strong><\/a><strong><em>; <\/em><\/strong><a href=\"mailto:bawela1@gmail.com\"><strong><em>bawela1@gmail.com<\/em><\/strong><\/a><strong><em> <\/em><\/strong><strong><em><\/em><\/strong><\/p>\n\n\n\n<p class=\"wp-block-paragraph\"><strong><em>Pour vos annonces, (publi)reportages, etc., joignez-nous au (00228)91515309\/<strong>79872224 <\/strong><strong><\/strong><\/em><\/strong><\/p>\n\n\n\n<p class=\"wp-block-paragraph\"><strong><em>www.macite.tg, L\u2019information, la bonne&nbsp;!<\/em><\/strong><\/p>\n\n\n\n<p class=\"wp-block-paragraph\"><\/p>\n","protected":false},"excerpt":{"rendered":"<p class=\"text-justify mb-2\" >Tout comme les autres cadors attendus dans cette 35e \u00e9dition de la CAN Maroc 2025, les \u00c9talons du Burkina Faso et les Fennecs d&rsquo;Alg\u00e9rie ont \u00e9galement bien lanc\u00e9 leur comp\u00e9tition. Le Burkina Faso a arrach\u00e9 sa victoire dans le temp additionnel, 2-1, face \u00e0 la [&hellip;]<\/p>\n","protected":false},"author":2,"featured_media":27068,"comment_status":"open","ping_status":"open","sticky":false,"template":"","format":"standard","meta":{"footnotes":""},"categories":[20,63,7],"tags":[],"class_list":["post-27067","post","type-post","status-publish","format-standard","has-post-thumbnail","hentry","category-actualite","category-football","category-sports"],"yoast_head":"<!-- This site is optimized with the Yoast SEO plugin v28.4 - https:\/\/yoast.com\/product\/yoast-seo-wordpress\/ -->\n<title>CAN 2025\/GRP E : Le Burkina Faso et l&#039;Alg\u00e9rie l&#039;ont fait\u2026 -<\/title>\n<meta name=\"robots\" content=\"index, follow, max-snippet:-1, max-image-preview:large, max-video-preview:-1\" \/>\n<link rel=\"canonical\" href=\"https:\/\/macite.tg\/?p=27067\" \/>\n<meta property=\"og:locale\" content=\"fr_FR\" \/>\n<meta property=\"og:type\" content=\"article\" \/>\n<meta property=\"og:title\" content=\"CAN 2025\/GRP E : Le Burkina Faso et l&#039;Alg\u00e9rie l&#039;ont fait\u2026 -\" \/>\n<meta property=\"og:description\" content=\"Tout comme les autres cadors attendus dans cette 35e \u00e9dition de la CAN Maroc 2025, les \u00c9talons du Burkina Faso et les Fennecs d&rsquo;Alg\u00e9rie ont \u00e9galement bien lanc\u00e9 leur comp\u00e9tition. Le Burkina Faso a arrach\u00e9 sa victoire dans le temp additionnel, 2-1, face \u00e0 la [&hellip;]\" \/>\n<meta property=\"og:url\" content=\"https:\/\/macite.tg\/?p=27067\" \/>\n<meta property=\"article:published_time\" content=\"2025-12-24T18:16:11+00:00\" \/>\n<meta property=\"article:modified_time\" content=\"2025-12-24T18:16:18+00:00\" \/>\n<meta property=\"og:image\" content=\"https:\/\/macite.tg\/wp-content\/uploads\/2025\/12\/algerie-Burkinafaos-SOudan.jpg\" \/>\n\t<meta property=\"og:image:width\" content=\"499\" \/>\n\t<meta property=\"og:image:height\" content=\"169\" \/>\n\t<meta property=\"og:image:type\" content=\"image\/jpeg\" \/>\n<meta name=\"author\" content=\"Jean Pierre BAWELA\" \/>\n<meta name=\"twitter:card\" content=\"summary_large_image\" \/>\n<meta name=\"twitter:label1\" content=\"\u00c9crit par\" \/>\n\t<meta name=\"twitter:data1\" content=\"Jean Pierre BAWELA\" \/>\n\t<meta name=\"twitter:label2\" content=\"Dur\u00e9e de lecture estim\u00e9e\" \/>\n\t<meta name=\"twitter:data2\" content=\"3 minutes\" \/>\n<script type=\"application\/ld+json\" class=\"yoast-schema-graph\">{\"@context\":\"https:\\\/\\\/schema.org\",\"@graph\":[{\"@type\":\"Article\",\"@id\":\"https:\\\/\\\/macite.tg\\\/?p=27067#article\",\"isPartOf\":{\"@id\":\"https:\\\/\\\/macite.tg\\\/?p=27067\"},\"author\":{\"name\":\"Jean Pierre BAWELA\",\"@id\":\"https:\\\/\\\/macite.tg\\\/#\\\/schema\\\/person\\\/e9f2de7e5dbbe7770a9402c7ce82f5c2\"},\"headline\":\"CAN 2025\\\/GRP E : Le Burkina Faso et l&rsquo;Alg\u00e9rie l&rsquo;ont fait\u2026\",\"datePublished\":\"2025-12-24T18:16:11+00:00\",\"dateModified\":\"2025-12-24T18:16:18+00:00\",\"mainEntityOfPage\":{\"@id\":\"https:\\\/\\\/macite.tg\\\/?p=27067\"},\"wordCount\":371,\"commentCount\":0,\"image\":{\"@id\":\"https:\\\/\\\/macite.tg\\\/?p=27067#primaryimage\"},\"thumbnailUrl\":\"https:\\\/\\\/macite.tg\\\/wp-content\\\/uploads\\\/2025\\\/12\\\/algerie-Burkinafaos-SOudan.jpg\",\"articleSection\":[\"ACTUALITE\",\"FOOTBALL\",\"SPORTS\"],\"inLanguage\":\"fr-FR\",\"potentialAction\":[{\"@type\":\"CommentAction\",\"name\":\"Comment\",\"target\":[\"https:\\\/\\\/macite.tg\\\/?p=27067#respond\"]}]},{\"@type\":\"WebPage\",\"@id\":\"https:\\\/\\\/macite.tg\\\/?p=27067\",\"url\":\"https:\\\/\\\/macite.tg\\\/?p=27067\",\"name\":\"CAN 2025\\\/GRP E : Le Burkina Faso et l'Alg\u00e9rie l'ont fait\u2026 -\",\"isPartOf\":{\"@id\":\"https:\\\/\\\/macite.tg\\\/#website\"},\"primaryImageOfPage\":{\"@id\":\"https:\\\/\\\/macite.tg\\\/?p=27067#primaryimage\"},\"image\":{\"@id\":\"https:\\\/\\\/macite.tg\\\/?p=27067#primaryimage\"},\"thumbnailUrl\":\"https:\\\/\\\/macite.tg\\\/wp-content\\\/uploads\\\/2025\\\/12\\\/algerie-Burkinafaos-SOudan.jpg\",\"datePublished\":\"2025-12-24T18:16:11+00:00\",\"dateModified\":\"2025-12-24T18:16:18+00:00\",\"author\":{\"@id\":\"https:\\\/\\\/macite.tg\\\/#\\\/schema\\\/person\\\/e9f2de7e5dbbe7770a9402c7ce82f5c2\"},\"breadcrumb\":{\"@id\":\"https:\\\/\\\/macite.tg\\\/?p=27067#breadcrumb\"},\"inLanguage\":\"fr-FR\",\"potentialAction\":[{\"@type\":\"ReadAction\",\"target\":[\"https:\\\/\\\/macite.tg\\\/?p=27067\"]}]},{\"@type\":\"ImageObject\",\"inLanguage\":\"fr-FR\",\"@id\":\"https:\\\/\\\/macite.tg\\\/?p=27067#primaryimage\",\"url\":\"https:\\\/\\\/macite.tg\\\/wp-content\\\/uploads\\\/2025\\\/12\\\/algerie-Burkinafaos-SOudan.jpg\",\"contentUrl\":\"https:\\\/\\\/macite.tg\\\/wp-content\\\/uploads\\\/2025\\\/12\\\/algerie-Burkinafaos-SOudan.jpg\",\"width\":499,\"height\":169},{\"@type\":\"BreadcrumbList\",\"@id\":\"https:\\\/\\\/macite.tg\\\/?p=27067#breadcrumb\",\"itemListElement\":[{\"@type\":\"ListItem\",\"position\":1,\"name\":\"Accueil\",\"item\":\"https:\\\/\\\/macite.tg\\\/\"},{\"@type\":\"ListItem\",\"position\":2,\"name\":\"CAN 2025\\\/GRP E : Le Burkina Faso et l&rsquo;Alg\u00e9rie l&rsquo;ont fait\u2026\"}]},{\"@type\":\"WebSite\",\"@id\":\"https:\\\/\\\/macite.tg\\\/#website\",\"url\":\"https:\\\/\\\/macite.tg\\\/\",\"name\":\"\",\"description\":\"L&#039;information, la bonne!!!\",\"potentialAction\":[{\"@type\":\"SearchAction\",\"target\":{\"@type\":\"EntryPoint\",\"urlTemplate\":\"https:\\\/\\\/macite.tg\\\/?s={search_term_string}\"},\"query-input\":{\"@type\":\"PropertyValueSpecification\",\"valueRequired\":true,\"valueName\":\"search_term_string\"}}],\"inLanguage\":\"fr-FR\"},{\"@type\":\"Person\",\"@id\":\"https:\\\/\\\/macite.tg\\\/#\\\/schema\\\/person\\\/e9f2de7e5dbbe7770a9402c7ce82f5c2\",\"name\":\"Jean Pierre BAWELA\",\"image\":{\"@type\":\"ImageObject\",\"inLanguage\":\"fr-FR\",\"@id\":\"https:\\\/\\\/macite.tg\\\/wp-content\\\/uploads\\\/2023\\\/09\\\/WhatsApp-Image-2023-09-19-at-14.44.41-122x122.jpeg\",\"url\":\"https:\\\/\\\/macite.tg\\\/wp-content\\\/uploads\\\/2023\\\/09\\\/WhatsApp-Image-2023-09-19-at-14.44.41-122x122.jpeg\",\"contentUrl\":\"https:\\\/\\\/macite.tg\\\/wp-content\\\/uploads\\\/2023\\\/09\\\/WhatsApp-Image-2023-09-19-at-14.44.41-122x122.jpeg\",\"caption\":\"Jean Pierre BAWELA\"},\"url\":\"https:\\\/\\\/macite.tg\\\/?author=2\"}]}<\/script>\n<!-- \/ Yoast SEO plugin. -->","yoast_head_json":{"title":"CAN 2025\/GRP E : Le Burkina Faso et l'Alg\u00e9rie l'ont fait\u2026 -","robots":{"index":"index","follow":"follow","max-snippet":"max-snippet:-1","max-image-preview":"max-image-preview:large","max-video-preview":"max-video-preview:-1"},"canonical":"https:\/\/macite.tg\/?p=27067","og_locale":"fr_FR","og_type":"article","og_title":"CAN 2025\/GRP E : Le Burkina Faso et l'Alg\u00e9rie l'ont fait\u2026 -","og_description":"Tout comme les autres cadors attendus dans cette 35e \u00e9dition de la CAN Maroc 2025, les \u00c9talons du Burkina Faso et les Fennecs d&rsquo;Alg\u00e9rie ont \u00e9galement bien lanc\u00e9 leur comp\u00e9tition. Le Burkina Faso a arrach\u00e9 sa victoire dans le temp additionnel, 2-1, face \u00e0 la [&hellip;]","og_url":"https:\/\/macite.tg\/?p=27067","article_published_time":"2025-12-24T18:16:11+00:00","article_modified_time":"2025-12-24T18:16:18+00:00","og_image":[{"width":499,"height":169,"url":"https:\/\/macite.tg\/wp-content\/uploads\/2025\/12\/algerie-Burkinafaos-SOudan.jpg","type":"image\/jpeg"}],"author":"Jean Pierre BAWELA","twitter_card":"summary_large_image","twitter_misc":{"\u00c9crit par":"Jean Pierre BAWELA","Dur\u00e9e de lecture estim\u00e9e":"3 minutes"},"schema":{"@context":"https:\/\/schema.org","@graph":[{"@type":"Article","@id":"https:\/\/macite.tg\/?p=27067#article","isPartOf":{"@id":"https:\/\/macite.tg\/?p=27067"},"author":{"name":"Jean Pierre BAWELA","@id":"https:\/\/macite.tg\/#\/schema\/person\/e9f2de7e5dbbe7770a9402c7ce82f5c2"},"headline":"CAN 2025\/GRP E : Le Burkina Faso et l&rsquo;Alg\u00e9rie l&rsquo;ont fait\u2026","datePublished":"2025-12-24T18:16:11+00:00","dateModified":"2025-12-24T18:16:18+00:00","mainEntityOfPage":{"@id":"https:\/\/macite.tg\/?p=27067"},"wordCount":371,"commentCount":0,"image":{"@id":"https:\/\/macite.tg\/?p=27067#primaryimage"},"thumbnailUrl":"https:\/\/macite.tg\/wp-content\/uploads\/2025\/12\/algerie-Burkinafaos-SOudan.jpg","articleSection":["ACTUALITE","FOOTBALL","SPORTS"],"inLanguage":"fr-FR","potentialAction":[{"@type":"CommentAction","name":"Comment","target":["https:\/\/macite.tg\/?p=27067#respond"]}]},{"@type":"WebPage","@id":"https:\/\/macite.tg\/?p=27067","url":"https:\/\/macite.tg\/?p=27067","name":"CAN 2025\/GRP E : Le Burkina Faso et l'Alg\u00e9rie l'ont fait\u2026 -","isPartOf":{"@id":"https:\/\/macite.tg\/#website"},"primaryImageOfPage":{"@id":"https:\/\/macite.tg\/?p=27067#primaryimage"},"image":{"@id":"https:\/\/macite.tg\/?p=27067#primaryimage"},"thumbnailUrl":"https:\/\/macite.tg\/wp-content\/uploads\/2025\/12\/algerie-Burkinafaos-SOudan.jpg","datePublished":"2025-12-24T18:16:11+00:00","dateModified":"2025-12-24T18:16:18+00:00","author":{"@id":"https:\/\/macite.tg\/#\/schema\/person\/e9f2de7e5dbbe7770a9402c7ce82f5c2"},"breadcrumb":{"@id":"https:\/\/macite.tg\/?p=27067#breadcrumb"},"inLanguage":"fr-FR","potentialAction":[{"@type":"ReadAction","target":["https:\/\/macite.tg\/?p=27067"]}]},{"@type":"ImageObject","inLanguage":"fr-FR","@id":"https:\/\/macite.tg\/?p=27067#primaryimage","url":"https:\/\/macite.tg\/wp-content\/uploads\/2025\/12\/algerie-Burkinafaos-SOudan.jpg","contentUrl":"https:\/\/macite.tg\/wp-content\/uploads\/2025\/12\/algerie-Burkinafaos-SOudan.jpg","width":499,"height":169},{"@type":"BreadcrumbList","@id":"https:\/\/macite.tg\/?p=27067#breadcrumb","itemListElement":[{"@type":"ListItem","position":1,"name":"Accueil","item":"https:\/\/macite.tg\/"},{"@type":"ListItem","position":2,"name":"CAN 2025\/GRP E : Le Burkina Faso et l&rsquo;Alg\u00e9rie l&rsquo;ont fait\u2026"}]},{"@type":"WebSite","@id":"https:\/\/macite.tg\/#website","url":"https:\/\/macite.tg\/","name":"","description":"L&#039;information, la bonne!!!","potentialAction":[{"@type":"SearchAction","target":{"@type":"EntryPoint","urlTemplate":"https:\/\/macite.tg\/?s={search_term_string}"},"query-input":{"@type":"PropertyValueSpecification","valueRequired":true,"valueName":"search_term_string"}}],"inLanguage":"fr-FR"},{"@type":"Person","@id":"https:\/\/macite.tg\/#\/schema\/person\/e9f2de7e5dbbe7770a9402c7ce82f5c2","name":"Jean Pierre BAWELA","image":{"@type":"ImageObject","inLanguage":"fr-FR","@id":"https:\/\/macite.tg\/wp-content\/uploads\/2023\/09\/WhatsApp-Image-2023-09-19-at-14.44.41-122x122.jpeg","url":"https:\/\/macite.tg\/wp-content\/uploads\/2023\/09\/WhatsApp-Image-2023-09-19-at-14.44.41-122x122.jpeg","contentUrl":"https:\/\/macite.tg\/wp-content\/uploads\/2023\/09\/WhatsApp-Image-2023-09-19-at-14.44.41-122x122.jpeg","caption":"Jean Pierre BAWELA"},"url":"https:\/\/macite.tg\/?author=2"}]}},"_links":{"self":[{"href":"https:\/\/macite.tg\/index.php?rest_route=\/wp\/v2\/posts\/27067","targetHints":{"allow":["GET"]}}],"collection":[{"href":"https:\/\/macite.tg\/index.php?rest_route=\/wp\/v2\/posts"}],"about":[{"href":"https:\/\/macite.tg\/index.php?rest_route=\/wp\/v2\/types\/post"}],"author":[{"embeddable":true,"href":"https:\/\/macite.tg\/index.php?rest_route=\/wp\/v2\/users\/2"}],"replies":[{"embeddable":true,"href":"https:\/\/macite.tg\/index.php?rest_route=%2Fwp%2Fv2%2Fcomments&post=27067"}],"version-history":[{"count":0,"href":"https:\/\/macite.tg\/index.php?rest_route=\/wp\/v2\/posts\/27067\/revisions"}],"wp:featuredmedia":[{"embeddable":true,"href":"https:\/\/macite.tg\/index.php?rest_route=\/wp\/v2\/media\/27068"}],"wp:attachment":[{"href":"https:\/\/macite.tg\/index.php?rest_route=%2Fwp%2Fv2%2Fmedia&parent=27067"}],"wp:term":[{"taxonomy":"category","embeddable":true,"href":"https:\/\/macite.tg\/index.php?rest_route=%2Fwp%2Fv2%2Fcategories&post=27067"},{"taxonomy":"post_tag","embeddable":true,"href":"https:\/\/macite.tg\/index.php?rest_route=%2Fwp%2Fv2%2Ftags&post=27067"}],"curies":[{"name":"wp","href":"https:\/\/api.w.org\/{rel}","templated":true}]}}