{"id":27056,"date":"2025-12-24T09:40:00","date_gmt":"2025-12-24T09:40:00","guid":{"rendered":"https:\/\/macite.tg\/?p=27056"},"modified":"2025-12-24T09:41:03","modified_gmt":"2025-12-24T09:41:03","slug":"can-maroc-2025-lalgerie-la-cote-divoire-et-le-cameroun-entrent-en-scene-ce-mercredi-24-decembre","status":"publish","type":"post","link":"https:\/\/macite.tg\/?p=27056","title":{"rendered":"CAN MAROC 2025 : L\u2019Alg\u00e9rie, la C\u00f4te d\u2019Ivoire et le Cameroun entrent en sc\u00e8ne ce mercredi 24 d\u00e9cembre"},"content":{"rendered":"\n<p class=\"wp-block-paragraph\"><strong><em>La phase de lancement de la Coupe d\u2019Afrique des nations se poursuit ce mercredi avec l\u2019ouverture des groupes E et F, marquant la fin de la premi\u00e8re journ\u00e9e de la phase de poules. Apr\u00e8s les huit premi\u00e8res rencontres d\u00e9j\u00e0 disput\u00e9es, dont les succ\u00e8s du Maroc, de l\u2019\u00c9gypte et de la R\u00e9publique d\u00e9mocratique du Congo, place d\u00e9sormais aux derni\u00e8res s\u00e9lections encore attendues sur les pelouses marocaines.<\/em><\/strong><\/p>\n\n\n\n<p class=\"wp-block-paragraph\">La journ\u00e9e d\u00e9butera \u00e0 13h30 avec l\u2019affiche du groupe E opposant le Burkina Faso \u00e0 la Guin\u00e9e \u00e9quatoriale.<\/p>\n\n\n\n<p class=\"wp-block-paragraph\">Dans cette m\u00eame poule, l\u2019Alg\u00e9rie fera ses d\u00e9buts face au Soudan \u00e0 16 heures. Les Fennecs, sortis pr\u00e9matur\u00e9ment lors des deux pr\u00e9c\u00e9dentes \u00e9ditions, sont attendus au tournant et devront imp\u00e9rativement r\u00e9ussir leur entr\u00e9e pour \u00e9viter toute pression inutile d\u00e8s le d\u00e9part.<\/p>\n\n\n<div class=\"wp-block-image\">\n<figure class=\"aligncenter size-large is-resized\"><img loading=\"lazy\" decoding=\"async\" width=\"1024\" height=\"1024\" src=\"https:\/\/macite.tg\/wp-content\/uploads\/2025\/12\/f4e9db65-d653-41f7-b584-07f92d21ac18-1024x1024.jpg\" alt=\"\" class=\"wp-image-26741\" style=\"width:650px;height:auto\" srcset=\"https:\/\/macite.tg\/wp-content\/uploads\/2025\/12\/f4e9db65-d653-41f7-b584-07f92d21ac18-1024x1024.jpg 1024w, https:\/\/macite.tg\/wp-content\/uploads\/2025\/12\/f4e9db65-d653-41f7-b584-07f92d21ac18-300x300.jpg 300w, https:\/\/macite.tg\/wp-content\/uploads\/2025\/12\/f4e9db65-d653-41f7-b584-07f92d21ac18-150x150.jpg 150w, https:\/\/macite.tg\/wp-content\/uploads\/2025\/12\/f4e9db65-d653-41f7-b584-07f92d21ac18-768x768.jpg 768w, https:\/\/macite.tg\/wp-content\/uploads\/2025\/12\/f4e9db65-d653-41f7-b584-07f92d21ac18-122x122.jpg 122w, https:\/\/macite.tg\/wp-content\/uploads\/2025\/12\/f4e9db65-d653-41f7-b584-07f92d21ac18.jpg 1080w\" sizes=\"auto, (max-width: 1024px) 100vw, 1024px\" \/><\/figure>\n<\/div>\n\n\n<p class=\"wp-block-paragraph\">Le groupe F, consid\u00e9r\u00e9 comme l\u2019un des plus comp\u00e9titifs de cette CAN 2025, prendra le relais en soir\u00e9e. La C\u00f4te d\u2019Ivoire, tenante du titre, ouvrira la d\u00e9fense de sa couronne contre le Mozambique \u00e0 18h30. Enfin, le Cameroun et le Gabon concluront la journ\u00e9e avec un duel programm\u00e9 \u00e0 21 heures.<\/p>\n\n\n\n<p class=\"wp-block-paragraph\"><strong>Le programme du mercredi 24 d\u00e9cembre<\/strong><\/p>\n\n\n\n<p class=\"wp-block-paragraph\"><em>Groupe E<\/em><\/p>\n\n\n\n<p class=\"wp-block-paragraph\">Burkina Faso \u2013 Guin\u00e9e \u00e9quatoriale : 13h30<\/p>\n\n\n\n<p class=\"wp-block-paragraph\">Alg\u00e9rie \u2013 Soudan : 16h00<\/p>\n\n\n\n<p class=\"wp-block-paragraph\"><em>Groupe F<\/em><\/p>\n\n\n\n<p class=\"wp-block-paragraph\">C\u00f4te d\u2019Ivoire \u2013 Mozambique : 18h30<\/p>\n\n\n\n<p class=\"wp-block-paragraph\">Cameroun \u2013 Gabon : 21h00<\/p>\n\n\n\n<p class=\"wp-block-paragraph\">Une journ\u00e9e charni\u00e8re qui verra plusieurs poids lourds du football africain lancer enfin leur aventure dans cette CAN 2025.<\/p>\n\n\n\n<p class=\"wp-block-paragraph\"><strong>MSN<\/strong><\/p>\n\n\n\n<p class=\"wp-block-paragraph\"><a><strong><em>@macite.tg&nbsp;&nbsp;&nbsp;&nbsp;&nbsp;&nbsp;&nbsp;&nbsp;<\/em><\/strong><\/a><\/p>\n\n\n\n<p class=\"wp-block-paragraph\"><strong><em>E-mail&nbsp;: <\/em><\/strong><a href=\"mailto:maciteinfo@gmail.com\"><strong><em>maciteinfo@gmail.com<\/em><\/strong><\/a><strong><em>; <\/em><\/strong><a href=\"mailto:bawela1@gmail.com\"><strong><em>bawela1@gmail.com<\/em><\/strong><\/a><strong><em><\/em><\/strong><\/p>\n\n\n\n<p class=\"wp-block-paragraph\"><strong><em>Pour vos annonces, (publi)reportages, etc., joignez-nous au (00228)91515309\/<strong>79872224 <\/strong><strong><\/strong><\/em><\/strong><\/p>\n\n\n\n<p class=\"wp-block-paragraph\"><strong><em>www.macite.tg, L\u2019information, la bonne&nbsp;!<\/em><\/strong><\/p>\n\n\n\n<p class=\"wp-block-paragraph\"><\/p>\n","protected":false},"excerpt":{"rendered":"<p class=\"text-justify mb-2\" >La phase de lancement de la Coupe d\u2019Afrique des nations se poursuit ce mercredi avec l\u2019ouverture des groupes E et F, marquant la fin de la premi\u00e8re journ\u00e9e de la phase de poules. Apr\u00e8s les huit premi\u00e8res rencontres d\u00e9j\u00e0 disput\u00e9es, dont les succ\u00e8s du Maroc, [&hellip;]<\/p>\n","protected":false},"author":2,"featured_media":27057,"comment_status":"open","ping_status":"open","sticky":false,"template":"","format":"standard","meta":{"footnotes":""},"categories":[20,63,7],"tags":[],"class_list":["post-27056","post","type-post","status-publish","format-standard","has-post-thumbnail","hentry","category-actualite","category-football","category-sports"],"yoast_head":"<!-- This site is optimized with the Yoast SEO plugin v28.4 - https:\/\/yoast.com\/product\/yoast-seo-wordpress\/ -->\n<title>CAN MAROC 2025 : L\u2019Alg\u00e9rie, la C\u00f4te d\u2019Ivoire et le Cameroun entrent en sc\u00e8ne ce mercredi 24 d\u00e9cembre -<\/title>\n<meta name=\"robots\" content=\"index, follow, max-snippet:-1, max-image-preview:large, max-video-preview:-1\" \/>\n<link rel=\"canonical\" href=\"https:\/\/macite.tg\/?p=27056\" \/>\n<meta property=\"og:locale\" content=\"fr_FR\" \/>\n<meta property=\"og:type\" content=\"article\" \/>\n<meta property=\"og:title\" content=\"CAN MAROC 2025 : L\u2019Alg\u00e9rie, la C\u00f4te d\u2019Ivoire et le Cameroun entrent en sc\u00e8ne ce mercredi 24 d\u00e9cembre -\" \/>\n<meta property=\"og:description\" content=\"La phase de lancement de la Coupe d\u2019Afrique des nations se poursuit ce mercredi avec l\u2019ouverture des groupes E et F, marquant la fin de la premi\u00e8re journ\u00e9e de la phase de poules. Apr\u00e8s les huit premi\u00e8res rencontres d\u00e9j\u00e0 disput\u00e9es, dont les succ\u00e8s du Maroc, [&hellip;]\" \/>\n<meta property=\"og:url\" content=\"https:\/\/macite.tg\/?p=27056\" \/>\n<meta property=\"article:published_time\" content=\"2025-12-24T09:40:00+00:00\" \/>\n<meta property=\"article:modified_time\" content=\"2025-12-24T09:41:03+00:00\" \/>\n<meta property=\"og:image\" content=\"https:\/\/macite.tg\/wp-content\/uploads\/2025\/12\/Cam-Algerie-CI.jpg\" \/>\n\t<meta property=\"og:image:width\" content=\"500\" \/>\n\t<meta property=\"og:image:height\" content=\"100\" \/>\n\t<meta property=\"og:image:type\" content=\"image\/jpeg\" \/>\n<meta name=\"author\" content=\"Jean Pierre BAWELA\" \/>\n<meta name=\"twitter:card\" content=\"summary_large_image\" \/>\n<meta name=\"twitter:label1\" content=\"\u00c9crit par\" \/>\n\t<meta name=\"twitter:data1\" content=\"Jean Pierre BAWELA\" \/>\n\t<meta name=\"twitter:label2\" content=\"Dur\u00e9e de lecture estim\u00e9e\" \/>\n\t<meta name=\"twitter:data2\" content=\"2 minutes\" \/>\n<script type=\"application\/ld+json\" class=\"yoast-schema-graph\">{\"@context\":\"https:\\\/\\\/schema.org\",\"@graph\":[{\"@type\":\"Article\",\"@id\":\"https:\\\/\\\/macite.tg\\\/?p=27056#article\",\"isPartOf\":{\"@id\":\"https:\\\/\\\/macite.tg\\\/?p=27056\"},\"author\":{\"name\":\"Jean Pierre BAWELA\",\"@id\":\"https:\\\/\\\/macite.tg\\\/#\\\/schema\\\/person\\\/e9f2de7e5dbbe7770a9402c7ce82f5c2\"},\"headline\":\"CAN MAROC 2025 : L\u2019Alg\u00e9rie, la C\u00f4te d\u2019Ivoire et le Cameroun entrent en sc\u00e8ne ce mercredi 24 d\u00e9cembre\",\"datePublished\":\"2025-12-24T09:40:00+00:00\",\"dateModified\":\"2025-12-24T09:41:03+00:00\",\"mainEntityOfPage\":{\"@id\":\"https:\\\/\\\/macite.tg\\\/?p=27056\"},\"wordCount\":312,\"commentCount\":0,\"image\":{\"@id\":\"https:\\\/\\\/macite.tg\\\/?p=27056#primaryimage\"},\"thumbnailUrl\":\"https:\\\/\\\/macite.tg\\\/wp-content\\\/uploads\\\/2025\\\/12\\\/Cam-Algerie-CI.jpg\",\"articleSection\":[\"ACTUALITE\",\"FOOTBALL\",\"SPORTS\"],\"inLanguage\":\"fr-FR\",\"potentialAction\":[{\"@type\":\"CommentAction\",\"name\":\"Comment\",\"target\":[\"https:\\\/\\\/macite.tg\\\/?p=27056#respond\"]}]},{\"@type\":\"WebPage\",\"@id\":\"https:\\\/\\\/macite.tg\\\/?p=27056\",\"url\":\"https:\\\/\\\/macite.tg\\\/?p=27056\",\"name\":\"CAN MAROC 2025 : L\u2019Alg\u00e9rie, la C\u00f4te d\u2019Ivoire et le Cameroun entrent en sc\u00e8ne ce mercredi 24 d\u00e9cembre -\",\"isPartOf\":{\"@id\":\"https:\\\/\\\/macite.tg\\\/#website\"},\"primaryImageOfPage\":{\"@id\":\"https:\\\/\\\/macite.tg\\\/?p=27056#primaryimage\"},\"image\":{\"@id\":\"https:\\\/\\\/macite.tg\\\/?p=27056#primaryimage\"},\"thumbnailUrl\":\"https:\\\/\\\/macite.tg\\\/wp-content\\\/uploads\\\/2025\\\/12\\\/Cam-Algerie-CI.jpg\",\"datePublished\":\"2025-12-24T09:40:00+00:00\",\"dateModified\":\"2025-12-24T09:41:03+00:00\",\"author\":{\"@id\":\"https:\\\/\\\/macite.tg\\\/#\\\/schema\\\/person\\\/e9f2de7e5dbbe7770a9402c7ce82f5c2\"},\"breadcrumb\":{\"@id\":\"https:\\\/\\\/macite.tg\\\/?p=27056#breadcrumb\"},\"inLanguage\":\"fr-FR\",\"potentialAction\":[{\"@type\":\"ReadAction\",\"target\":[\"https:\\\/\\\/macite.tg\\\/?p=27056\"]}]},{\"@type\":\"ImageObject\",\"inLanguage\":\"fr-FR\",\"@id\":\"https:\\\/\\\/macite.tg\\\/?p=27056#primaryimage\",\"url\":\"https:\\\/\\\/macite.tg\\\/wp-content\\\/uploads\\\/2025\\\/12\\\/Cam-Algerie-CI.jpg\",\"contentUrl\":\"https:\\\/\\\/macite.tg\\\/wp-content\\\/uploads\\\/2025\\\/12\\\/Cam-Algerie-CI.jpg\",\"width\":500,\"height\":100},{\"@type\":\"BreadcrumbList\",\"@id\":\"https:\\\/\\\/macite.tg\\\/?p=27056#breadcrumb\",\"itemListElement\":[{\"@type\":\"ListItem\",\"position\":1,\"name\":\"Accueil\",\"item\":\"https:\\\/\\\/macite.tg\\\/\"},{\"@type\":\"ListItem\",\"position\":2,\"name\":\"CAN MAROC 2025 : L\u2019Alg\u00e9rie, la C\u00f4te d\u2019Ivoire et le Cameroun entrent en sc\u00e8ne ce mercredi 24 d\u00e9cembre\"}]},{\"@type\":\"WebSite\",\"@id\":\"https:\\\/\\\/macite.tg\\\/#website\",\"url\":\"https:\\\/\\\/macite.tg\\\/\",\"name\":\"\",\"description\":\"L&#039;information, la bonne!!!\",\"potentialAction\":[{\"@type\":\"SearchAction\",\"target\":{\"@type\":\"EntryPoint\",\"urlTemplate\":\"https:\\\/\\\/macite.tg\\\/?s={search_term_string}\"},\"query-input\":{\"@type\":\"PropertyValueSpecification\",\"valueRequired\":true,\"valueName\":\"search_term_string\"}}],\"inLanguage\":\"fr-FR\"},{\"@type\":\"Person\",\"@id\":\"https:\\\/\\\/macite.tg\\\/#\\\/schema\\\/person\\\/e9f2de7e5dbbe7770a9402c7ce82f5c2\",\"name\":\"Jean Pierre BAWELA\",\"image\":{\"@type\":\"ImageObject\",\"inLanguage\":\"fr-FR\",\"@id\":\"https:\\\/\\\/macite.tg\\\/wp-content\\\/uploads\\\/2023\\\/09\\\/WhatsApp-Image-2023-09-19-at-14.44.41-122x122.jpeg\",\"url\":\"https:\\\/\\\/macite.tg\\\/wp-content\\\/uploads\\\/2023\\\/09\\\/WhatsApp-Image-2023-09-19-at-14.44.41-122x122.jpeg\",\"contentUrl\":\"https:\\\/\\\/macite.tg\\\/wp-content\\\/uploads\\\/2023\\\/09\\\/WhatsApp-Image-2023-09-19-at-14.44.41-122x122.jpeg\",\"caption\":\"Jean Pierre BAWELA\"},\"url\":\"https:\\\/\\\/macite.tg\\\/?author=2\"}]}<\/script>\n<!-- \/ Yoast SEO plugin. -->","yoast_head_json":{"title":"CAN MAROC 2025 : L\u2019Alg\u00e9rie, la C\u00f4te d\u2019Ivoire et le Cameroun entrent en sc\u00e8ne ce mercredi 24 d\u00e9cembre -","robots":{"index":"index","follow":"follow","max-snippet":"max-snippet:-1","max-image-preview":"max-image-preview:large","max-video-preview":"max-video-preview:-1"},"canonical":"https:\/\/macite.tg\/?p=27056","og_locale":"fr_FR","og_type":"article","og_title":"CAN MAROC 2025 : L\u2019Alg\u00e9rie, la C\u00f4te d\u2019Ivoire et le Cameroun entrent en sc\u00e8ne ce mercredi 24 d\u00e9cembre -","og_description":"La phase de lancement de la Coupe d\u2019Afrique des nations se poursuit ce mercredi avec l\u2019ouverture des groupes E et F, marquant la fin de la premi\u00e8re journ\u00e9e de la phase de poules. Apr\u00e8s les huit premi\u00e8res rencontres d\u00e9j\u00e0 disput\u00e9es, dont les succ\u00e8s du Maroc, [&hellip;]","og_url":"https:\/\/macite.tg\/?p=27056","article_published_time":"2025-12-24T09:40:00+00:00","article_modified_time":"2025-12-24T09:41:03+00:00","og_image":[{"width":500,"height":100,"url":"https:\/\/macite.tg\/wp-content\/uploads\/2025\/12\/Cam-Algerie-CI.jpg","type":"image\/jpeg"}],"author":"Jean Pierre BAWELA","twitter_card":"summary_large_image","twitter_misc":{"\u00c9crit par":"Jean Pierre BAWELA","Dur\u00e9e de lecture estim\u00e9e":"2 minutes"},"schema":{"@context":"https:\/\/schema.org","@graph":[{"@type":"Article","@id":"https:\/\/macite.tg\/?p=27056#article","isPartOf":{"@id":"https:\/\/macite.tg\/?p=27056"},"author":{"name":"Jean Pierre BAWELA","@id":"https:\/\/macite.tg\/#\/schema\/person\/e9f2de7e5dbbe7770a9402c7ce82f5c2"},"headline":"CAN MAROC 2025 : L\u2019Alg\u00e9rie, la C\u00f4te d\u2019Ivoire et le Cameroun entrent en sc\u00e8ne ce mercredi 24 d\u00e9cembre","datePublished":"2025-12-24T09:40:00+00:00","dateModified":"2025-12-24T09:41:03+00:00","mainEntityOfPage":{"@id":"https:\/\/macite.tg\/?p=27056"},"wordCount":312,"commentCount":0,"image":{"@id":"https:\/\/macite.tg\/?p=27056#primaryimage"},"thumbnailUrl":"https:\/\/macite.tg\/wp-content\/uploads\/2025\/12\/Cam-Algerie-CI.jpg","articleSection":["ACTUALITE","FOOTBALL","SPORTS"],"inLanguage":"fr-FR","potentialAction":[{"@type":"CommentAction","name":"Comment","target":["https:\/\/macite.tg\/?p=27056#respond"]}]},{"@type":"WebPage","@id":"https:\/\/macite.tg\/?p=27056","url":"https:\/\/macite.tg\/?p=27056","name":"CAN MAROC 2025 : L\u2019Alg\u00e9rie, la C\u00f4te d\u2019Ivoire et le Cameroun entrent en sc\u00e8ne ce mercredi 24 d\u00e9cembre -","isPartOf":{"@id":"https:\/\/macite.tg\/#website"},"primaryImageOfPage":{"@id":"https:\/\/macite.tg\/?p=27056#primaryimage"},"image":{"@id":"https:\/\/macite.tg\/?p=27056#primaryimage"},"thumbnailUrl":"https:\/\/macite.tg\/wp-content\/uploads\/2025\/12\/Cam-Algerie-CI.jpg","datePublished":"2025-12-24T09:40:00+00:00","dateModified":"2025-12-24T09:41:03+00:00","author":{"@id":"https:\/\/macite.tg\/#\/schema\/person\/e9f2de7e5dbbe7770a9402c7ce82f5c2"},"breadcrumb":{"@id":"https:\/\/macite.tg\/?p=27056#breadcrumb"},"inLanguage":"fr-FR","potentialAction":[{"@type":"ReadAction","target":["https:\/\/macite.tg\/?p=27056"]}]},{"@type":"ImageObject","inLanguage":"fr-FR","@id":"https:\/\/macite.tg\/?p=27056#primaryimage","url":"https:\/\/macite.tg\/wp-content\/uploads\/2025\/12\/Cam-Algerie-CI.jpg","contentUrl":"https:\/\/macite.tg\/wp-content\/uploads\/2025\/12\/Cam-Algerie-CI.jpg","width":500,"height":100},{"@type":"BreadcrumbList","@id":"https:\/\/macite.tg\/?p=27056#breadcrumb","itemListElement":[{"@type":"ListItem","position":1,"name":"Accueil","item":"https:\/\/macite.tg\/"},{"@type":"ListItem","position":2,"name":"CAN MAROC 2025 : L\u2019Alg\u00e9rie, la C\u00f4te d\u2019Ivoire et le Cameroun entrent en sc\u00e8ne ce mercredi 24 d\u00e9cembre"}]},{"@type":"WebSite","@id":"https:\/\/macite.tg\/#website","url":"https:\/\/macite.tg\/","name":"","description":"L&#039;information, la bonne!!!","potentialAction":[{"@type":"SearchAction","target":{"@type":"EntryPoint","urlTemplate":"https:\/\/macite.tg\/?s={search_term_string}"},"query-input":{"@type":"PropertyValueSpecification","valueRequired":true,"valueName":"search_term_string"}}],"inLanguage":"fr-FR"},{"@type":"Person","@id":"https:\/\/macite.tg\/#\/schema\/person\/e9f2de7e5dbbe7770a9402c7ce82f5c2","name":"Jean Pierre BAWELA","image":{"@type":"ImageObject","inLanguage":"fr-FR","@id":"https:\/\/macite.tg\/wp-content\/uploads\/2023\/09\/WhatsApp-Image-2023-09-19-at-14.44.41-122x122.jpeg","url":"https:\/\/macite.tg\/wp-content\/uploads\/2023\/09\/WhatsApp-Image-2023-09-19-at-14.44.41-122x122.jpeg","contentUrl":"https:\/\/macite.tg\/wp-content\/uploads\/2023\/09\/WhatsApp-Image-2023-09-19-at-14.44.41-122x122.jpeg","caption":"Jean Pierre BAWELA"},"url":"https:\/\/macite.tg\/?author=2"}]}},"_links":{"self":[{"href":"https:\/\/macite.tg\/index.php?rest_route=\/wp\/v2\/posts\/27056","targetHints":{"allow":["GET"]}}],"collection":[{"href":"https:\/\/macite.tg\/index.php?rest_route=\/wp\/v2\/posts"}],"about":[{"href":"https:\/\/macite.tg\/index.php?rest_route=\/wp\/v2\/types\/post"}],"author":[{"embeddable":true,"href":"https:\/\/macite.tg\/index.php?rest_route=\/wp\/v2\/users\/2"}],"replies":[{"embeddable":true,"href":"https:\/\/macite.tg\/index.php?rest_route=%2Fwp%2Fv2%2Fcomments&post=27056"}],"version-history":[{"count":0,"href":"https:\/\/macite.tg\/index.php?rest_route=\/wp\/v2\/posts\/27056\/revisions"}],"wp:featuredmedia":[{"embeddable":true,"href":"https:\/\/macite.tg\/index.php?rest_route=\/wp\/v2\/media\/27057"}],"wp:attachment":[{"href":"https:\/\/macite.tg\/index.php?rest_route=%2Fwp%2Fv2%2Fmedia&parent=27056"}],"wp:term":[{"taxonomy":"category","embeddable":true,"href":"https:\/\/macite.tg\/index.php?rest_route=%2Fwp%2Fv2%2Fcategories&post=27056"},{"taxonomy":"post_tag","embeddable":true,"href":"https:\/\/macite.tg\/index.php?rest_route=%2Fwp%2Fv2%2Ftags&post=27056"}],"curies":[{"name":"wp","href":"https:\/\/api.w.org\/{rel}","templated":true}]}}