{"id":27030,"date":"2025-12-23T12:08:28","date_gmt":"2025-12-23T12:08:28","guid":{"rendered":"https:\/\/macite.tg\/?p=27030"},"modified":"2025-12-23T12:08:40","modified_gmt":"2025-12-23T12:08:40","slug":"fetes-de-fin-dannee-operation-keligou-2-consolider-les-acquis-securitaires-et-anticiper-sur-les-menaces-actuelles-et-emergentes","status":"publish","type":"post","link":"https:\/\/macite.tg\/?p=27030","title":{"rendered":"FETES DE FIN D\u2019ANNEE \/OPERATION KELIGOU 2 : Consolider les acquis s\u00e9curitaires et anticiper sur les menaces actuelles et \u00e9mergentes"},"content":{"rendered":"\n<p class=\"wp-block-paragraph\"><strong><em>Pour garantir des f\u00eates de fin d\u2019ann\u00e9e sereines, l\u2019ex\u00e9cutif togolais vient de passer \u00e0 nouvelle \u00e9tape de l\u2019op\u00e9ration KELIGOU. Il s\u2019agit du dispositif KELIGOU 2, en appui et \u00e0 la consolidation de l\u2019\u00e9dition premi\u00e8re qui a rencontr\u00e9 un franc succ\u00e8s.<\/em><\/strong><\/p>\n\n\n\n<p class=\"wp-block-paragraph\">Le dispositif KELIGOU, qui signifie <em>\u00ab&nbsp;vigilance&nbsp;\u00bb<\/em> en langue locale (Nawdem), se veut un dispositif s\u00e9curitaire d\u00e9ploy\u00e9 sur l\u2019ensemble du territoire dans l\u2019optique d\u2019assurer la s\u00e9curit\u00e9 des personnes et des biens, surtout en ces p\u00e9riodes de f\u00eates de fin d\u2019ann\u00e9e o\u00f9 l\u2019attention des uns et des autres est au plus bas. Cette op\u00e9ration est la mat\u00e9rialisation d\u2019une <em>\u00ab&nbsp;approche fond\u00e9e sur l\u2019autorit\u00e9 de la loi, la proximit\u00e9 territoriale et la protection des couches les plus vuln\u00e9rables&nbsp;\u00bb,<\/em> a indiqu\u00e9 le ministre Calixte Madjoulba, lors de la c\u00e9r\u00e9monie de lancement de l\u2019\u00e9dition 2.<\/p>\n\n\n\n<figure class=\"wp-block-image size-large\"><img loading=\"lazy\" decoding=\"async\" width=\"1024\" height=\"392\" src=\"https:\/\/macite.tg\/wp-content\/uploads\/2025\/12\/8d9cf208-3716-4e73-bc0c-3341ae213e6b-1024x392.jpg\" alt=\"\" class=\"wp-image-26779\" srcset=\"https:\/\/macite.tg\/wp-content\/uploads\/2025\/12\/8d9cf208-3716-4e73-bc0c-3341ae213e6b-1024x392.jpg 1024w, https:\/\/macite.tg\/wp-content\/uploads\/2025\/12\/8d9cf208-3716-4e73-bc0c-3341ae213e6b-300x115.jpg 300w, https:\/\/macite.tg\/wp-content\/uploads\/2025\/12\/8d9cf208-3716-4e73-bc0c-3341ae213e6b-768x294.jpg 768w, https:\/\/macite.tg\/wp-content\/uploads\/2025\/12\/8d9cf208-3716-4e73-bc0c-3341ae213e6b.jpg 1080w\" sizes=\"auto, (max-width: 1024px) 100vw, 1024px\" \/><\/figure>\n\n\n\n<p class=\"wp-block-paragraph\">Ainsi, l\u2019op\u00e9ration repose sur une pr\u00e9sence accrue et visible des forces de d\u00e9fense et de s\u00e9curit\u00e9, une mobilit\u00e9 renforc\u00e9e des unit\u00e9s sur le terrain, ainsi qu\u2019une meilleure coordination entre les diff\u00e9rents services impliqu\u00e9s.<\/p>\n\n\n\n<p class=\"wp-block-paragraph\">Cette nouvelle phase, qui a d\u00e9marr\u00e9 depuis le 3 d\u00e9cembre, s\u2019inscrit dans la continuit\u00e9 des engagements pris par le Pr\u00e9sident du Conseil, Faure Gnassingb\u00e9, devant le Parlement, dans le domaine s\u00e9curitaire, notamment celui de <em>\u00ab\u00a0prot\u00e9ger notre territoire, prot\u00e9ger nos institutions, prot\u00e9ger nos concitoyens ainsi que leurs biens\u00a0\u00bb.<\/em><\/p>\n\n\n\n<p class=\"wp-block-paragraph\">Comme la pr\u00e9c\u00e9dente op\u00e9ration, KELIGOU 2 se veut de contribuer \u00e0 la s\u00e9curisation des grands \u00e9v\u00e9nements nationaux et internationaux, tels que la 20\u00e8 Foire internationale de Lom\u00e9, le 9\u00e8me Congr\u00e8s panafricain de Lom\u00e9, le p\u00e8lerinage de Kovi\u00e9, mais aussi de nombreuses manifestations \u00e0 caract\u00e8re politique, socioculturel ou religieux.<\/p>\n\n\n\n<p class=\"wp-block-paragraph\">Outre ce volet essentiel, il s\u2019agit \u00e9galement de pr\u00e9venir les accidents de la circulation, de lutter contre la cybercriminalit\u00e9, la criminalit\u00e9 transfrontali\u00e8re et l\u2019extr\u00e9misme violent. &nbsp;<\/p>\n\n\n\n<figure class=\"wp-block-image size-full\"><img loading=\"lazy\" decoding=\"async\" width=\"851\" height=\"315\" src=\"https:\/\/macite.tg\/wp-content\/uploads\/2025\/12\/OTR_Ferer-pour-batir-1-1.jpg\" alt=\"\" class=\"wp-image-27032\" srcset=\"https:\/\/macite.tg\/wp-content\/uploads\/2025\/12\/OTR_Ferer-pour-batir-1-1.jpg 851w, https:\/\/macite.tg\/wp-content\/uploads\/2025\/12\/OTR_Ferer-pour-batir-1-1-300x111.jpg 300w, https:\/\/macite.tg\/wp-content\/uploads\/2025\/12\/OTR_Ferer-pour-batir-1-1-768x284.jpg 768w\" sizes=\"auto, (max-width: 851px) 100vw, 851px\" \/><\/figure>\n\n\n\n<p class=\"wp-block-paragraph\">Dans le cadre de cette op\u00e9ration, une nouvelle unit\u00e9 a \u00e9t\u00e9 cr\u00e9\u00e9e depuis janvier 2024, l\u2019Unit\u00e9 Sp\u00e9ciale des Garde-C\u00f4tes Togolaises (USGCT), a \u00e9t\u00e9 int\u00e9gr\u00e9e au dispositif s\u00e9curitaire.<\/p>\n\n\n\n<p class=\"wp-block-paragraph\">Pour une meilleure op\u00e9rationnalisation, des d\u2019urgence sont disponibles, pour toute situation n\u00e9cessitant une intervention rapide. Il s\u2019agit du <strong>118<\/strong> (sapeurs-pompiers), du <strong>1014 <\/strong>(police\/gendarmerie), et du <strong>170<\/strong> (protection civile).<\/p>\n\n\n\n<p class=\"wp-block-paragraph\"><strong>JPB<\/strong><\/p>\n\n\n\n<p class=\"wp-block-paragraph\"><a><strong><em>@macite.tg&nbsp;&nbsp;&nbsp;&nbsp;&nbsp;&nbsp;&nbsp;&nbsp;<\/em><\/strong><\/a><\/p>\n\n\n\n<p class=\"wp-block-paragraph\"><strong><em>E-mail&nbsp;: <\/em><\/strong><a href=\"mailto:maciteinfo@gmail.com\"><strong><em>maciteinfo@gmail.com<\/em><\/strong><\/a><strong><em>; <\/em><\/strong><a href=\"mailto:bawela1@gmail.com\"><strong><em>bawela1@gmail.com<\/em><\/strong><\/a><strong><em><\/em><\/strong><\/p>\n\n\n\n<p class=\"wp-block-paragraph\"><strong><em>Pour vos annonces, (publi)reportages, etc., joignez-nous au (00228)91515309\/<strong>79872224 <\/strong><strong><\/strong><\/em><\/strong><\/p>\n\n\n\n<p class=\"wp-block-paragraph\"><strong><em>www.macite.tg, L\u2019information, la bonne&nbsp;!<\/em><\/strong><\/p>\n\n\n\n<p class=\"wp-block-paragraph\"><\/p>\n","protected":false},"excerpt":{"rendered":"<p class=\"text-justify mb-2\" >Pour garantir des f\u00eates de fin d\u2019ann\u00e9e sereines, l\u2019ex\u00e9cutif togolais vient de passer \u00e0 nouvelle \u00e9tape de l\u2019op\u00e9ration KELIGOU. Il s\u2019agit du dispositif KELIGOU 2, en appui et \u00e0 la consolidation de l\u2019\u00e9dition premi\u00e8re qui a rencontr\u00e9 un franc succ\u00e8s. Le dispositif KELIGOU, qui signifie [&hellip;]<\/p>\n","protected":false},"author":2,"featured_media":27033,"comment_status":"open","ping_status":"open","sticky":false,"template":"","format":"standard","meta":{"footnotes":""},"categories":[20,28],"tags":[],"class_list":["post-27030","post","type-post","status-publish","format-standard","has-post-thumbnail","hentry","category-actualite","category-securite"],"yoast_head":"<!-- This site is optimized with the Yoast SEO plugin v28.4 - https:\/\/yoast.com\/product\/yoast-seo-wordpress\/ -->\n<title>FETES DE FIN D\u2019ANNEE \/OPERATION KELIGOU 2 : Consolider les acquis s\u00e9curitaires et anticiper sur les menaces actuelles et \u00e9mergentes -<\/title>\n<meta name=\"robots\" content=\"index, follow, max-snippet:-1, max-image-preview:large, max-video-preview:-1\" \/>\n<link rel=\"canonical\" href=\"https:\/\/macite.tg\/?p=27030\" \/>\n<meta property=\"og:locale\" content=\"fr_FR\" \/>\n<meta property=\"og:type\" content=\"article\" \/>\n<meta property=\"og:title\" content=\"FETES DE FIN D\u2019ANNEE \/OPERATION KELIGOU 2 : Consolider les acquis s\u00e9curitaires et anticiper sur les menaces actuelles et \u00e9mergentes -\" \/>\n<meta property=\"og:description\" content=\"Pour garantir des f\u00eates de fin d\u2019ann\u00e9e sereines, l\u2019ex\u00e9cutif togolais vient de passer \u00e0 nouvelle \u00e9tape de l\u2019op\u00e9ration KELIGOU. Il s\u2019agit du dispositif KELIGOU 2, en appui et \u00e0 la consolidation de l\u2019\u00e9dition premi\u00e8re qui a rencontr\u00e9 un franc succ\u00e8s. Le dispositif KELIGOU, qui signifie [&hellip;]\" \/>\n<meta property=\"og:url\" content=\"https:\/\/macite.tg\/?p=27030\" \/>\n<meta property=\"article:published_time\" content=\"2025-12-23T12:08:28+00:00\" \/>\n<meta property=\"article:modified_time\" content=\"2025-12-23T12:08:40+00:00\" \/>\n<meta property=\"og:image\" content=\"https:\/\/macite.tg\/wp-content\/uploads\/2025\/12\/Keligou2.jpg\" \/>\n\t<meta property=\"og:image:width\" content=\"500\" \/>\n\t<meta property=\"og:image:height\" content=\"137\" \/>\n\t<meta property=\"og:image:type\" content=\"image\/jpeg\" \/>\n<meta name=\"author\" content=\"Jean Pierre BAWELA\" \/>\n<meta name=\"twitter:card\" content=\"summary_large_image\" \/>\n<meta name=\"twitter:label1\" content=\"\u00c9crit par\" \/>\n\t<meta name=\"twitter:data1\" content=\"Jean Pierre BAWELA\" \/>\n\t<meta name=\"twitter:label2\" content=\"Dur\u00e9e de lecture estim\u00e9e\" \/>\n\t<meta name=\"twitter:data2\" content=\"3 minutes\" \/>\n<script type=\"application\/ld+json\" class=\"yoast-schema-graph\">{\"@context\":\"https:\\\/\\\/schema.org\",\"@graph\":[{\"@type\":\"Article\",\"@id\":\"https:\\\/\\\/macite.tg\\\/?p=27030#article\",\"isPartOf\":{\"@id\":\"https:\\\/\\\/macite.tg\\\/?p=27030\"},\"author\":{\"name\":\"Jean Pierre BAWELA\",\"@id\":\"https:\\\/\\\/macite.tg\\\/#\\\/schema\\\/person\\\/e9f2de7e5dbbe7770a9402c7ce82f5c2\"},\"headline\":\"FETES DE FIN D\u2019ANNEE \\\/OPERATION KELIGOU 2 : Consolider les acquis s\u00e9curitaires et anticiper sur les menaces actuelles et \u00e9mergentes\",\"datePublished\":\"2025-12-23T12:08:28+00:00\",\"dateModified\":\"2025-12-23T12:08:40+00:00\",\"mainEntityOfPage\":{\"@id\":\"https:\\\/\\\/macite.tg\\\/?p=27030\"},\"wordCount\":459,\"commentCount\":0,\"image\":{\"@id\":\"https:\\\/\\\/macite.tg\\\/?p=27030#primaryimage\"},\"thumbnailUrl\":\"https:\\\/\\\/macite.tg\\\/wp-content\\\/uploads\\\/2025\\\/12\\\/Keligou2.jpg\",\"articleSection\":[\"ACTUALITE\",\"SECURITE\"],\"inLanguage\":\"fr-FR\",\"potentialAction\":[{\"@type\":\"CommentAction\",\"name\":\"Comment\",\"target\":[\"https:\\\/\\\/macite.tg\\\/?p=27030#respond\"]}]},{\"@type\":\"WebPage\",\"@id\":\"https:\\\/\\\/macite.tg\\\/?p=27030\",\"url\":\"https:\\\/\\\/macite.tg\\\/?p=27030\",\"name\":\"FETES DE FIN D\u2019ANNEE \\\/OPERATION KELIGOU 2 : Consolider les acquis s\u00e9curitaires et anticiper sur les menaces actuelles et \u00e9mergentes -\",\"isPartOf\":{\"@id\":\"https:\\\/\\\/macite.tg\\\/#website\"},\"primaryImageOfPage\":{\"@id\":\"https:\\\/\\\/macite.tg\\\/?p=27030#primaryimage\"},\"image\":{\"@id\":\"https:\\\/\\\/macite.tg\\\/?p=27030#primaryimage\"},\"thumbnailUrl\":\"https:\\\/\\\/macite.tg\\\/wp-content\\\/uploads\\\/2025\\\/12\\\/Keligou2.jpg\",\"datePublished\":\"2025-12-23T12:08:28+00:00\",\"dateModified\":\"2025-12-23T12:08:40+00:00\",\"author\":{\"@id\":\"https:\\\/\\\/macite.tg\\\/#\\\/schema\\\/person\\\/e9f2de7e5dbbe7770a9402c7ce82f5c2\"},\"breadcrumb\":{\"@id\":\"https:\\\/\\\/macite.tg\\\/?p=27030#breadcrumb\"},\"inLanguage\":\"fr-FR\",\"potentialAction\":[{\"@type\":\"ReadAction\",\"target\":[\"https:\\\/\\\/macite.tg\\\/?p=27030\"]}]},{\"@type\":\"ImageObject\",\"inLanguage\":\"fr-FR\",\"@id\":\"https:\\\/\\\/macite.tg\\\/?p=27030#primaryimage\",\"url\":\"https:\\\/\\\/macite.tg\\\/wp-content\\\/uploads\\\/2025\\\/12\\\/Keligou2.jpg\",\"contentUrl\":\"https:\\\/\\\/macite.tg\\\/wp-content\\\/uploads\\\/2025\\\/12\\\/Keligou2.jpg\",\"width\":500,\"height\":137},{\"@type\":\"BreadcrumbList\",\"@id\":\"https:\\\/\\\/macite.tg\\\/?p=27030#breadcrumb\",\"itemListElement\":[{\"@type\":\"ListItem\",\"position\":1,\"name\":\"Accueil\",\"item\":\"https:\\\/\\\/macite.tg\\\/\"},{\"@type\":\"ListItem\",\"position\":2,\"name\":\"FETES DE FIN D\u2019ANNEE \\\/OPERATION KELIGOU 2 : Consolider les acquis s\u00e9curitaires et anticiper sur les menaces actuelles et \u00e9mergentes\"}]},{\"@type\":\"WebSite\",\"@id\":\"https:\\\/\\\/macite.tg\\\/#website\",\"url\":\"https:\\\/\\\/macite.tg\\\/\",\"name\":\"\",\"description\":\"L&#039;information, la bonne!!!\",\"potentialAction\":[{\"@type\":\"SearchAction\",\"target\":{\"@type\":\"EntryPoint\",\"urlTemplate\":\"https:\\\/\\\/macite.tg\\\/?s={search_term_string}\"},\"query-input\":{\"@type\":\"PropertyValueSpecification\",\"valueRequired\":true,\"valueName\":\"search_term_string\"}}],\"inLanguage\":\"fr-FR\"},{\"@type\":\"Person\",\"@id\":\"https:\\\/\\\/macite.tg\\\/#\\\/schema\\\/person\\\/e9f2de7e5dbbe7770a9402c7ce82f5c2\",\"name\":\"Jean Pierre BAWELA\",\"image\":{\"@type\":\"ImageObject\",\"inLanguage\":\"fr-FR\",\"@id\":\"https:\\\/\\\/macite.tg\\\/wp-content\\\/uploads\\\/2023\\\/09\\\/WhatsApp-Image-2023-09-19-at-14.44.41-122x122.jpeg\",\"url\":\"https:\\\/\\\/macite.tg\\\/wp-content\\\/uploads\\\/2023\\\/09\\\/WhatsApp-Image-2023-09-19-at-14.44.41-122x122.jpeg\",\"contentUrl\":\"https:\\\/\\\/macite.tg\\\/wp-content\\\/uploads\\\/2023\\\/09\\\/WhatsApp-Image-2023-09-19-at-14.44.41-122x122.jpeg\",\"caption\":\"Jean Pierre BAWELA\"},\"url\":\"https:\\\/\\\/macite.tg\\\/?author=2\"}]}<\/script>\n<!-- \/ Yoast SEO plugin. -->","yoast_head_json":{"title":"FETES DE FIN D\u2019ANNEE \/OPERATION KELIGOU 2 : Consolider les acquis s\u00e9curitaires et anticiper sur les menaces actuelles et \u00e9mergentes -","robots":{"index":"index","follow":"follow","max-snippet":"max-snippet:-1","max-image-preview":"max-image-preview:large","max-video-preview":"max-video-preview:-1"},"canonical":"https:\/\/macite.tg\/?p=27030","og_locale":"fr_FR","og_type":"article","og_title":"FETES DE FIN D\u2019ANNEE \/OPERATION KELIGOU 2 : Consolider les acquis s\u00e9curitaires et anticiper sur les menaces actuelles et \u00e9mergentes -","og_description":"Pour garantir des f\u00eates de fin d\u2019ann\u00e9e sereines, l\u2019ex\u00e9cutif togolais vient de passer \u00e0 nouvelle \u00e9tape de l\u2019op\u00e9ration KELIGOU. Il s\u2019agit du dispositif KELIGOU 2, en appui et \u00e0 la consolidation de l\u2019\u00e9dition premi\u00e8re qui a rencontr\u00e9 un franc succ\u00e8s. Le dispositif KELIGOU, qui signifie [&hellip;]","og_url":"https:\/\/macite.tg\/?p=27030","article_published_time":"2025-12-23T12:08:28+00:00","article_modified_time":"2025-12-23T12:08:40+00:00","og_image":[{"width":500,"height":137,"url":"https:\/\/macite.tg\/wp-content\/uploads\/2025\/12\/Keligou2.jpg","type":"image\/jpeg"}],"author":"Jean Pierre BAWELA","twitter_card":"summary_large_image","twitter_misc":{"\u00c9crit par":"Jean Pierre BAWELA","Dur\u00e9e de lecture estim\u00e9e":"3 minutes"},"schema":{"@context":"https:\/\/schema.org","@graph":[{"@type":"Article","@id":"https:\/\/macite.tg\/?p=27030#article","isPartOf":{"@id":"https:\/\/macite.tg\/?p=27030"},"author":{"name":"Jean Pierre BAWELA","@id":"https:\/\/macite.tg\/#\/schema\/person\/e9f2de7e5dbbe7770a9402c7ce82f5c2"},"headline":"FETES DE FIN D\u2019ANNEE \/OPERATION KELIGOU 2 : Consolider les acquis s\u00e9curitaires et anticiper sur les menaces actuelles et \u00e9mergentes","datePublished":"2025-12-23T12:08:28+00:00","dateModified":"2025-12-23T12:08:40+00:00","mainEntityOfPage":{"@id":"https:\/\/macite.tg\/?p=27030"},"wordCount":459,"commentCount":0,"image":{"@id":"https:\/\/macite.tg\/?p=27030#primaryimage"},"thumbnailUrl":"https:\/\/macite.tg\/wp-content\/uploads\/2025\/12\/Keligou2.jpg","articleSection":["ACTUALITE","SECURITE"],"inLanguage":"fr-FR","potentialAction":[{"@type":"CommentAction","name":"Comment","target":["https:\/\/macite.tg\/?p=27030#respond"]}]},{"@type":"WebPage","@id":"https:\/\/macite.tg\/?p=27030","url":"https:\/\/macite.tg\/?p=27030","name":"FETES DE FIN D\u2019ANNEE \/OPERATION KELIGOU 2 : Consolider les acquis s\u00e9curitaires et anticiper sur les menaces actuelles et \u00e9mergentes -","isPartOf":{"@id":"https:\/\/macite.tg\/#website"},"primaryImageOfPage":{"@id":"https:\/\/macite.tg\/?p=27030#primaryimage"},"image":{"@id":"https:\/\/macite.tg\/?p=27030#primaryimage"},"thumbnailUrl":"https:\/\/macite.tg\/wp-content\/uploads\/2025\/12\/Keligou2.jpg","datePublished":"2025-12-23T12:08:28+00:00","dateModified":"2025-12-23T12:08:40+00:00","author":{"@id":"https:\/\/macite.tg\/#\/schema\/person\/e9f2de7e5dbbe7770a9402c7ce82f5c2"},"breadcrumb":{"@id":"https:\/\/macite.tg\/?p=27030#breadcrumb"},"inLanguage":"fr-FR","potentialAction":[{"@type":"ReadAction","target":["https:\/\/macite.tg\/?p=27030"]}]},{"@type":"ImageObject","inLanguage":"fr-FR","@id":"https:\/\/macite.tg\/?p=27030#primaryimage","url":"https:\/\/macite.tg\/wp-content\/uploads\/2025\/12\/Keligou2.jpg","contentUrl":"https:\/\/macite.tg\/wp-content\/uploads\/2025\/12\/Keligou2.jpg","width":500,"height":137},{"@type":"BreadcrumbList","@id":"https:\/\/macite.tg\/?p=27030#breadcrumb","itemListElement":[{"@type":"ListItem","position":1,"name":"Accueil","item":"https:\/\/macite.tg\/"},{"@type":"ListItem","position":2,"name":"FETES DE FIN D\u2019ANNEE \/OPERATION KELIGOU 2 : Consolider les acquis s\u00e9curitaires et anticiper sur les menaces actuelles et \u00e9mergentes"}]},{"@type":"WebSite","@id":"https:\/\/macite.tg\/#website","url":"https:\/\/macite.tg\/","name":"","description":"L&#039;information, la bonne!!!","potentialAction":[{"@type":"SearchAction","target":{"@type":"EntryPoint","urlTemplate":"https:\/\/macite.tg\/?s={search_term_string}"},"query-input":{"@type":"PropertyValueSpecification","valueRequired":true,"valueName":"search_term_string"}}],"inLanguage":"fr-FR"},{"@type":"Person","@id":"https:\/\/macite.tg\/#\/schema\/person\/e9f2de7e5dbbe7770a9402c7ce82f5c2","name":"Jean Pierre BAWELA","image":{"@type":"ImageObject","inLanguage":"fr-FR","@id":"https:\/\/macite.tg\/wp-content\/uploads\/2023\/09\/WhatsApp-Image-2023-09-19-at-14.44.41-122x122.jpeg","url":"https:\/\/macite.tg\/wp-content\/uploads\/2023\/09\/WhatsApp-Image-2023-09-19-at-14.44.41-122x122.jpeg","contentUrl":"https:\/\/macite.tg\/wp-content\/uploads\/2023\/09\/WhatsApp-Image-2023-09-19-at-14.44.41-122x122.jpeg","caption":"Jean Pierre BAWELA"},"url":"https:\/\/macite.tg\/?author=2"}]}},"_links":{"self":[{"href":"https:\/\/macite.tg\/index.php?rest_route=\/wp\/v2\/posts\/27030","targetHints":{"allow":["GET"]}}],"collection":[{"href":"https:\/\/macite.tg\/index.php?rest_route=\/wp\/v2\/posts"}],"about":[{"href":"https:\/\/macite.tg\/index.php?rest_route=\/wp\/v2\/types\/post"}],"author":[{"embeddable":true,"href":"https:\/\/macite.tg\/index.php?rest_route=\/wp\/v2\/users\/2"}],"replies":[{"embeddable":true,"href":"https:\/\/macite.tg\/index.php?rest_route=%2Fwp%2Fv2%2Fcomments&post=27030"}],"version-history":[{"count":0,"href":"https:\/\/macite.tg\/index.php?rest_route=\/wp\/v2\/posts\/27030\/revisions"}],"wp:featuredmedia":[{"embeddable":true,"href":"https:\/\/macite.tg\/index.php?rest_route=\/wp\/v2\/media\/27033"}],"wp:attachment":[{"href":"https:\/\/macite.tg\/index.php?rest_route=%2Fwp%2Fv2%2Fmedia&parent=27030"}],"wp:term":[{"taxonomy":"category","embeddable":true,"href":"https:\/\/macite.tg\/index.php?rest_route=%2Fwp%2Fv2%2Fcategories&post=27030"},{"taxonomy":"post_tag","embeddable":true,"href":"https:\/\/macite.tg\/index.php?rest_route=%2Fwp%2Fv2%2Ftags&post=27030"}],"curies":[{"name":"wp","href":"https:\/\/api.w.org\/{rel}","templated":true}]}}