{"id":27017,"date":"2025-12-23T10:25:41","date_gmt":"2025-12-23T10:25:41","guid":{"rendered":"https:\/\/macite.tg\/?p=27017"},"modified":"2025-12-23T10:25:45","modified_gmt":"2025-12-23T10:25:45","slug":"projet-de-loi-de-finances-rectificative-exercice-2025-la-representation-nationale-donne-son-approbation","status":"publish","type":"post","link":"https:\/\/macite.tg\/?p=27017","title":{"rendered":"PROJET DE LOI DE FINANCES RECTIFICATIVE, EXERCICE 2025\u00a0: La repr\u00e9sentation nationale donne son approbation\u2026"},"content":{"rendered":"\n<p class=\"wp-block-paragraph\"><strong><em>L\u2019Assembl\u00e9e nationale a approuv\u00e9, hier lundi 22 d\u00e9cembre, \u00e0 la majorit\u00e9 absolue, le correctif budg\u00e9taire 2025, estim\u00e9 \u00e0 quelque 39,4 milliards de nos francs.<\/em><\/strong><\/p>\n\n\n\n<p class=\"wp-block-paragraph\">En effet, le projet de loi de finances rectificative, exercice 2025 est projet\u00e9 \u00e0 2.436 milliards de francs CFA en charges et en ressources contre 2.396,6 milliards de francs CFA dans la loi de finances initiale, soit une augmentation de 39,4 milliards de francs CFA.<\/p>\n\n\n\n<figure class=\"wp-block-image size-full\"><img loading=\"lazy\" decoding=\"async\" width=\"851\" height=\"315\" src=\"https:\/\/macite.tg\/wp-content\/uploads\/2025\/12\/OTR_Ferer-pour-batir-1.jpg\" alt=\"\" class=\"wp-image-26559\" srcset=\"https:\/\/macite.tg\/wp-content\/uploads\/2025\/12\/OTR_Ferer-pour-batir-1.jpg 851w, https:\/\/macite.tg\/wp-content\/uploads\/2025\/12\/OTR_Ferer-pour-batir-1-300x111.jpg 300w, https:\/\/macite.tg\/wp-content\/uploads\/2025\/12\/OTR_Ferer-pour-batir-1-768x284.jpg 768w\" sizes=\"auto, (max-width: 851px) 100vw, 851px\" \/><\/figure>\n\n\n\n<p class=\"wp-block-paragraph\">Ainsi, trois priorit\u00e9s sont mises en exergue dans cette loi de finances rectificative, notamment la r\u00e9duction des cr\u00e9dits non consomm\u00e9s, la prise en compte de nouveaux besoins urgents (besoins s\u00e9curitaires), et le respect des exigences de la loi organique relative aux lois de finances.<a> <\/a><\/p>\n\n\n\n<figure class=\"wp-block-image size-large\"><img loading=\"lazy\" decoding=\"async\" width=\"1024\" height=\"392\" src=\"https:\/\/macite.tg\/wp-content\/uploads\/2025\/12\/8d9cf208-3716-4e73-bc0c-3341ae213e6b-1024x392.jpg\" alt=\"\" class=\"wp-image-26779\" srcset=\"https:\/\/macite.tg\/wp-content\/uploads\/2025\/12\/8d9cf208-3716-4e73-bc0c-3341ae213e6b-1024x392.jpg 1024w, https:\/\/macite.tg\/wp-content\/uploads\/2025\/12\/8d9cf208-3716-4e73-bc0c-3341ae213e6b-300x115.jpg 300w, https:\/\/macite.tg\/wp-content\/uploads\/2025\/12\/8d9cf208-3716-4e73-bc0c-3341ae213e6b-768x294.jpg 768w, https:\/\/macite.tg\/wp-content\/uploads\/2025\/12\/8d9cf208-3716-4e73-bc0c-3341ae213e6b.jpg 1080w\" sizes=\"auto, (max-width: 1024px) 100vw, 1024px\" \/><\/figure>\n\n\n\n<p class=\"wp-block-paragraph\">A l\u2019instar de la loi de finances initiale, le collectif budg\u00e9taire 2025 renforce la priorit\u00e9 donn\u00e9e aux d\u00e9penses sociales, qui absorbent 50,8 % des d\u00e9penses budg\u00e9taires, soit 679,8 milliards de francs contre 49,6 %, soit 659,3 milliards de francs dans la loi initiale.<\/p>\n\n\n\n<p class=\"wp-block-paragraph\"><strong>La R\u00e9daction<\/strong><\/p>\n\n\n\n<p class=\"wp-block-paragraph\"><strong><em>@macite.tg&nbsp;&nbsp;&nbsp;&nbsp;&nbsp;&nbsp;&nbsp;&nbsp;<\/em><\/strong><\/p>\n\n\n\n<p class=\"wp-block-paragraph\"><strong><em>E-mail&nbsp;: <\/em><\/strong><a href=\"mailto:maciteinfo@gmail.com\"><strong><em>maciteinfo@gmail.com<\/em><\/strong><\/a><strong><em>; <\/em><\/strong><a href=\"mailto:bawela1@gmail.com\"><strong><em>bawela1@gmail.com<\/em><\/strong><\/a><strong><em><\/em><\/strong><\/p>\n\n\n\n<p class=\"wp-block-paragraph\"><strong><em>Pour vos annonces, (publi)reportages, etc., joignez-nous au (00228)91515309\/<strong>79872224 <\/strong><strong><\/strong><\/em><\/strong><\/p>\n\n\n\n<p class=\"wp-block-paragraph\"><strong><em>www.macite.tg, L\u2019information, la bonne&nbsp;!<\/em><\/strong><\/p>\n\n\n\n<p class=\"wp-block-paragraph\"><\/p>\n","protected":false},"excerpt":{"rendered":"<p class=\"text-justify mb-2\" >L\u2019Assembl\u00e9e nationale a approuv\u00e9, hier lundi 22 d\u00e9cembre, \u00e0 la majorit\u00e9 absolue, le correctif budg\u00e9taire 2025, estim\u00e9 \u00e0 quelque 39,4 milliards de nos francs. En effet, le projet de loi de finances rectificative, exercice 2025 est projet\u00e9 \u00e0 2.436 milliards de francs CFA en charges [&hellip;]<\/p>\n","protected":false},"author":2,"featured_media":27019,"comment_status":"open","ping_status":"open","sticky":false,"template":"","format":"standard","meta":{"footnotes":""},"categories":[20,42],"tags":[],"class_list":["post-27017","post","type-post","status-publish","format-standard","has-post-thumbnail","hentry","category-actualite","category-finances"],"yoast_head":"<!-- This site is optimized with the Yoast SEO plugin v28.4 - https:\/\/yoast.com\/product\/yoast-seo-wordpress\/ -->\n<title>PROJET DE LOI DE FINANCES RECTIFICATIVE, EXERCICE 2025\u00a0: La repr\u00e9sentation nationale donne son approbation\u2026 -<\/title>\n<meta name=\"robots\" content=\"index, follow, max-snippet:-1, max-image-preview:large, max-video-preview:-1\" \/>\n<link rel=\"canonical\" href=\"https:\/\/macite.tg\/?p=27017\" \/>\n<meta property=\"og:locale\" content=\"fr_FR\" \/>\n<meta property=\"og:type\" content=\"article\" \/>\n<meta property=\"og:title\" content=\"PROJET DE LOI DE FINANCES RECTIFICATIVE, EXERCICE 2025\u00a0: La repr\u00e9sentation nationale donne son approbation\u2026 -\" \/>\n<meta property=\"og:description\" content=\"L\u2019Assembl\u00e9e nationale a approuv\u00e9, hier lundi 22 d\u00e9cembre, \u00e0 la majorit\u00e9 absolue, le correctif budg\u00e9taire 2025, estim\u00e9 \u00e0 quelque 39,4 milliards de nos francs. En effet, le projet de loi de finances rectificative, exercice 2025 est projet\u00e9 \u00e0 2.436 milliards de francs CFA en charges [&hellip;]\" \/>\n<meta property=\"og:url\" content=\"https:\/\/macite.tg\/?p=27017\" \/>\n<meta property=\"article:published_time\" content=\"2025-12-23T10:25:41+00:00\" \/>\n<meta property=\"article:modified_time\" content=\"2025-12-23T10:25:45+00:00\" \/>\n<meta property=\"og:image\" content=\"https:\/\/macite.tg\/wp-content\/uploads\/2025\/12\/AN-budget-22-dece.jpg\" \/>\n\t<meta property=\"og:image:width\" content=\"500\" \/>\n\t<meta property=\"og:image:height\" content=\"149\" \/>\n\t<meta property=\"og:image:type\" content=\"image\/jpeg\" \/>\n<meta name=\"author\" content=\"Jean Pierre BAWELA\" \/>\n<meta name=\"twitter:card\" content=\"summary_large_image\" \/>\n<meta name=\"twitter:label1\" content=\"\u00c9crit par\" \/>\n\t<meta name=\"twitter:data1\" content=\"Jean Pierre BAWELA\" \/>\n\t<meta name=\"twitter:label2\" content=\"Dur\u00e9e de lecture estim\u00e9e\" \/>\n\t<meta name=\"twitter:data2\" content=\"2 minutes\" \/>\n<script type=\"application\/ld+json\" class=\"yoast-schema-graph\">{\"@context\":\"https:\\\/\\\/schema.org\",\"@graph\":[{\"@type\":\"Article\",\"@id\":\"https:\\\/\\\/macite.tg\\\/?p=27017#article\",\"isPartOf\":{\"@id\":\"https:\\\/\\\/macite.tg\\\/?p=27017\"},\"author\":{\"name\":\"Jean Pierre BAWELA\",\"@id\":\"https:\\\/\\\/macite.tg\\\/#\\\/schema\\\/person\\\/e9f2de7e5dbbe7770a9402c7ce82f5c2\"},\"headline\":\"PROJET DE LOI DE FINANCES RECTIFICATIVE, EXERCICE 2025\u00a0: La repr\u00e9sentation nationale donne son approbation\u2026\",\"datePublished\":\"2025-12-23T10:25:41+00:00\",\"dateModified\":\"2025-12-23T10:25:45+00:00\",\"mainEntityOfPage\":{\"@id\":\"https:\\\/\\\/macite.tg\\\/?p=27017\"},\"wordCount\":205,\"commentCount\":0,\"image\":{\"@id\":\"https:\\\/\\\/macite.tg\\\/?p=27017#primaryimage\"},\"thumbnailUrl\":\"https:\\\/\\\/macite.tg\\\/wp-content\\\/uploads\\\/2025\\\/12\\\/AN-budget-22-dece.jpg\",\"articleSection\":[\"ACTUALITE\",\"FINANCES\"],\"inLanguage\":\"fr-FR\",\"potentialAction\":[{\"@type\":\"CommentAction\",\"name\":\"Comment\",\"target\":[\"https:\\\/\\\/macite.tg\\\/?p=27017#respond\"]}]},{\"@type\":\"WebPage\",\"@id\":\"https:\\\/\\\/macite.tg\\\/?p=27017\",\"url\":\"https:\\\/\\\/macite.tg\\\/?p=27017\",\"name\":\"PROJET DE LOI DE FINANCES RECTIFICATIVE, EXERCICE 2025\u00a0: La repr\u00e9sentation nationale donne son approbation\u2026 -\",\"isPartOf\":{\"@id\":\"https:\\\/\\\/macite.tg\\\/#website\"},\"primaryImageOfPage\":{\"@id\":\"https:\\\/\\\/macite.tg\\\/?p=27017#primaryimage\"},\"image\":{\"@id\":\"https:\\\/\\\/macite.tg\\\/?p=27017#primaryimage\"},\"thumbnailUrl\":\"https:\\\/\\\/macite.tg\\\/wp-content\\\/uploads\\\/2025\\\/12\\\/AN-budget-22-dece.jpg\",\"datePublished\":\"2025-12-23T10:25:41+00:00\",\"dateModified\":\"2025-12-23T10:25:45+00:00\",\"author\":{\"@id\":\"https:\\\/\\\/macite.tg\\\/#\\\/schema\\\/person\\\/e9f2de7e5dbbe7770a9402c7ce82f5c2\"},\"breadcrumb\":{\"@id\":\"https:\\\/\\\/macite.tg\\\/?p=27017#breadcrumb\"},\"inLanguage\":\"fr-FR\",\"potentialAction\":[{\"@type\":\"ReadAction\",\"target\":[\"https:\\\/\\\/macite.tg\\\/?p=27017\"]}]},{\"@type\":\"ImageObject\",\"inLanguage\":\"fr-FR\",\"@id\":\"https:\\\/\\\/macite.tg\\\/?p=27017#primaryimage\",\"url\":\"https:\\\/\\\/macite.tg\\\/wp-content\\\/uploads\\\/2025\\\/12\\\/AN-budget-22-dece.jpg\",\"contentUrl\":\"https:\\\/\\\/macite.tg\\\/wp-content\\\/uploads\\\/2025\\\/12\\\/AN-budget-22-dece.jpg\",\"width\":500,\"height\":149},{\"@type\":\"BreadcrumbList\",\"@id\":\"https:\\\/\\\/macite.tg\\\/?p=27017#breadcrumb\",\"itemListElement\":[{\"@type\":\"ListItem\",\"position\":1,\"name\":\"Accueil\",\"item\":\"https:\\\/\\\/macite.tg\\\/\"},{\"@type\":\"ListItem\",\"position\":2,\"name\":\"PROJET DE LOI DE FINANCES RECTIFICATIVE, EXERCICE 2025\u00a0: La repr\u00e9sentation nationale donne son approbation\u2026\"}]},{\"@type\":\"WebSite\",\"@id\":\"https:\\\/\\\/macite.tg\\\/#website\",\"url\":\"https:\\\/\\\/macite.tg\\\/\",\"name\":\"\",\"description\":\"L&#039;information, la bonne!!!\",\"potentialAction\":[{\"@type\":\"SearchAction\",\"target\":{\"@type\":\"EntryPoint\",\"urlTemplate\":\"https:\\\/\\\/macite.tg\\\/?s={search_term_string}\"},\"query-input\":{\"@type\":\"PropertyValueSpecification\",\"valueRequired\":true,\"valueName\":\"search_term_string\"}}],\"inLanguage\":\"fr-FR\"},{\"@type\":\"Person\",\"@id\":\"https:\\\/\\\/macite.tg\\\/#\\\/schema\\\/person\\\/e9f2de7e5dbbe7770a9402c7ce82f5c2\",\"name\":\"Jean Pierre BAWELA\",\"image\":{\"@type\":\"ImageObject\",\"inLanguage\":\"fr-FR\",\"@id\":\"https:\\\/\\\/macite.tg\\\/wp-content\\\/uploads\\\/2023\\\/09\\\/WhatsApp-Image-2023-09-19-at-14.44.41-122x122.jpeg\",\"url\":\"https:\\\/\\\/macite.tg\\\/wp-content\\\/uploads\\\/2023\\\/09\\\/WhatsApp-Image-2023-09-19-at-14.44.41-122x122.jpeg\",\"contentUrl\":\"https:\\\/\\\/macite.tg\\\/wp-content\\\/uploads\\\/2023\\\/09\\\/WhatsApp-Image-2023-09-19-at-14.44.41-122x122.jpeg\",\"caption\":\"Jean Pierre BAWELA\"},\"url\":\"https:\\\/\\\/macite.tg\\\/?author=2\"}]}<\/script>\n<!-- \/ Yoast SEO plugin. -->","yoast_head_json":{"title":"PROJET DE LOI DE FINANCES RECTIFICATIVE, EXERCICE 2025\u00a0: La repr\u00e9sentation nationale donne son approbation\u2026 -","robots":{"index":"index","follow":"follow","max-snippet":"max-snippet:-1","max-image-preview":"max-image-preview:large","max-video-preview":"max-video-preview:-1"},"canonical":"https:\/\/macite.tg\/?p=27017","og_locale":"fr_FR","og_type":"article","og_title":"PROJET DE LOI DE FINANCES RECTIFICATIVE, EXERCICE 2025\u00a0: La repr\u00e9sentation nationale donne son approbation\u2026 -","og_description":"L\u2019Assembl\u00e9e nationale a approuv\u00e9, hier lundi 22 d\u00e9cembre, \u00e0 la majorit\u00e9 absolue, le correctif budg\u00e9taire 2025, estim\u00e9 \u00e0 quelque 39,4 milliards de nos francs. En effet, le projet de loi de finances rectificative, exercice 2025 est projet\u00e9 \u00e0 2.436 milliards de francs CFA en charges [&hellip;]","og_url":"https:\/\/macite.tg\/?p=27017","article_published_time":"2025-12-23T10:25:41+00:00","article_modified_time":"2025-12-23T10:25:45+00:00","og_image":[{"width":500,"height":149,"url":"https:\/\/macite.tg\/wp-content\/uploads\/2025\/12\/AN-budget-22-dece.jpg","type":"image\/jpeg"}],"author":"Jean Pierre BAWELA","twitter_card":"summary_large_image","twitter_misc":{"\u00c9crit par":"Jean Pierre BAWELA","Dur\u00e9e de lecture estim\u00e9e":"2 minutes"},"schema":{"@context":"https:\/\/schema.org","@graph":[{"@type":"Article","@id":"https:\/\/macite.tg\/?p=27017#article","isPartOf":{"@id":"https:\/\/macite.tg\/?p=27017"},"author":{"name":"Jean Pierre BAWELA","@id":"https:\/\/macite.tg\/#\/schema\/person\/e9f2de7e5dbbe7770a9402c7ce82f5c2"},"headline":"PROJET DE LOI DE FINANCES RECTIFICATIVE, EXERCICE 2025\u00a0: La repr\u00e9sentation nationale donne son approbation\u2026","datePublished":"2025-12-23T10:25:41+00:00","dateModified":"2025-12-23T10:25:45+00:00","mainEntityOfPage":{"@id":"https:\/\/macite.tg\/?p=27017"},"wordCount":205,"commentCount":0,"image":{"@id":"https:\/\/macite.tg\/?p=27017#primaryimage"},"thumbnailUrl":"https:\/\/macite.tg\/wp-content\/uploads\/2025\/12\/AN-budget-22-dece.jpg","articleSection":["ACTUALITE","FINANCES"],"inLanguage":"fr-FR","potentialAction":[{"@type":"CommentAction","name":"Comment","target":["https:\/\/macite.tg\/?p=27017#respond"]}]},{"@type":"WebPage","@id":"https:\/\/macite.tg\/?p=27017","url":"https:\/\/macite.tg\/?p=27017","name":"PROJET DE LOI DE FINANCES RECTIFICATIVE, EXERCICE 2025\u00a0: La repr\u00e9sentation nationale donne son approbation\u2026 -","isPartOf":{"@id":"https:\/\/macite.tg\/#website"},"primaryImageOfPage":{"@id":"https:\/\/macite.tg\/?p=27017#primaryimage"},"image":{"@id":"https:\/\/macite.tg\/?p=27017#primaryimage"},"thumbnailUrl":"https:\/\/macite.tg\/wp-content\/uploads\/2025\/12\/AN-budget-22-dece.jpg","datePublished":"2025-12-23T10:25:41+00:00","dateModified":"2025-12-23T10:25:45+00:00","author":{"@id":"https:\/\/macite.tg\/#\/schema\/person\/e9f2de7e5dbbe7770a9402c7ce82f5c2"},"breadcrumb":{"@id":"https:\/\/macite.tg\/?p=27017#breadcrumb"},"inLanguage":"fr-FR","potentialAction":[{"@type":"ReadAction","target":["https:\/\/macite.tg\/?p=27017"]}]},{"@type":"ImageObject","inLanguage":"fr-FR","@id":"https:\/\/macite.tg\/?p=27017#primaryimage","url":"https:\/\/macite.tg\/wp-content\/uploads\/2025\/12\/AN-budget-22-dece.jpg","contentUrl":"https:\/\/macite.tg\/wp-content\/uploads\/2025\/12\/AN-budget-22-dece.jpg","width":500,"height":149},{"@type":"BreadcrumbList","@id":"https:\/\/macite.tg\/?p=27017#breadcrumb","itemListElement":[{"@type":"ListItem","position":1,"name":"Accueil","item":"https:\/\/macite.tg\/"},{"@type":"ListItem","position":2,"name":"PROJET DE LOI DE FINANCES RECTIFICATIVE, EXERCICE 2025\u00a0: La repr\u00e9sentation nationale donne son approbation\u2026"}]},{"@type":"WebSite","@id":"https:\/\/macite.tg\/#website","url":"https:\/\/macite.tg\/","name":"","description":"L&#039;information, la bonne!!!","potentialAction":[{"@type":"SearchAction","target":{"@type":"EntryPoint","urlTemplate":"https:\/\/macite.tg\/?s={search_term_string}"},"query-input":{"@type":"PropertyValueSpecification","valueRequired":true,"valueName":"search_term_string"}}],"inLanguage":"fr-FR"},{"@type":"Person","@id":"https:\/\/macite.tg\/#\/schema\/person\/e9f2de7e5dbbe7770a9402c7ce82f5c2","name":"Jean Pierre BAWELA","image":{"@type":"ImageObject","inLanguage":"fr-FR","@id":"https:\/\/macite.tg\/wp-content\/uploads\/2023\/09\/WhatsApp-Image-2023-09-19-at-14.44.41-122x122.jpeg","url":"https:\/\/macite.tg\/wp-content\/uploads\/2023\/09\/WhatsApp-Image-2023-09-19-at-14.44.41-122x122.jpeg","contentUrl":"https:\/\/macite.tg\/wp-content\/uploads\/2023\/09\/WhatsApp-Image-2023-09-19-at-14.44.41-122x122.jpeg","caption":"Jean Pierre BAWELA"},"url":"https:\/\/macite.tg\/?author=2"}]}},"_links":{"self":[{"href":"https:\/\/macite.tg\/index.php?rest_route=\/wp\/v2\/posts\/27017","targetHints":{"allow":["GET"]}}],"collection":[{"href":"https:\/\/macite.tg\/index.php?rest_route=\/wp\/v2\/posts"}],"about":[{"href":"https:\/\/macite.tg\/index.php?rest_route=\/wp\/v2\/types\/post"}],"author":[{"embeddable":true,"href":"https:\/\/macite.tg\/index.php?rest_route=\/wp\/v2\/users\/2"}],"replies":[{"embeddable":true,"href":"https:\/\/macite.tg\/index.php?rest_route=%2Fwp%2Fv2%2Fcomments&post=27017"}],"version-history":[{"count":0,"href":"https:\/\/macite.tg\/index.php?rest_route=\/wp\/v2\/posts\/27017\/revisions"}],"wp:featuredmedia":[{"embeddable":true,"href":"https:\/\/macite.tg\/index.php?rest_route=\/wp\/v2\/media\/27019"}],"wp:attachment":[{"href":"https:\/\/macite.tg\/index.php?rest_route=%2Fwp%2Fv2%2Fmedia&parent=27017"}],"wp:term":[{"taxonomy":"category","embeddable":true,"href":"https:\/\/macite.tg\/index.php?rest_route=%2Fwp%2Fv2%2Fcategories&post=27017"},{"taxonomy":"post_tag","embeddable":true,"href":"https:\/\/macite.tg\/index.php?rest_route=%2Fwp%2Fv2%2Ftags&post=27017"}],"curies":[{"name":"wp","href":"https:\/\/api.w.org\/{rel}","templated":true}]}}