{"id":2695,"date":"2022-12-28T16:08:50","date_gmt":"2022-12-28T16:08:50","guid":{"rendered":"https:\/\/macite.info\/?p=2695"},"modified":"2022-12-28T16:08:51","modified_gmt":"2022-12-28T16:08:51","slug":"drogue-terrorisme-et-extremisme-violent-lartiste-ghettovi-en-concert-geant-ce-1er-janvier-pour-sensibiliser-contre-ces-fleaux","status":"publish","type":"post","link":"https:\/\/macite.tg\/?p=2695","title":{"rendered":"DROGUE, TERRORISME ET EXTR\u00c9MISME VIOLENT\u00a0: L&rsquo;artiste Ghettovi en concert g\u00e9ant ce 1er janvier pour sensibiliser contre ces fl\u00e9aux"},"content":{"rendered":"\n<p class=\"wp-block-paragraph\"><strong><em>Sensibiliser \u00e0 travers la musique\u00a0! C\u2019est la nouvelle trouvaille de l\u2019artiste togolais Koumegnanou Kossi Mawuena, alias Ghettovi, la nouvelle coqueluche du rap togolais. L\u2019artiste organise un concert g\u00e9ant le 1<sup>er<\/sup> janvier prochain sur l\u2019esplanade du march\u00e9 de Cacav\u00e9li, pr\u00e9fecture d\u2019Ago\u00e8-Nyiv\u00e9, en vue de lancer la mobilisation contre les fl\u00e9aux qui minent le pays \u00e0 savoir\u00a0: l\u2019usage des stup\u00e9fiants, l\u2019extr\u00e9misme violent et le terrorisme.<\/em><\/strong><\/p>\n\n\n<div class=\"wp-block-image\">\n<figure class=\"aligncenter size-large is-resized\"><img loading=\"lazy\" decoding=\"async\" src=\"https:\/\/macite.tg\/wp-content\/uploads\/2022\/12\/IMG_20221226_164758_576-1024x768.jpg\" alt=\"\" class=\"wp-image-2698\" width=\"587\" height=\"440\" srcset=\"https:\/\/macite.tg\/wp-content\/uploads\/2022\/12\/IMG_20221226_164758_576-1024x768.jpg 1024w, https:\/\/macite.tg\/wp-content\/uploads\/2022\/12\/IMG_20221226_164758_576-300x225.jpg 300w, https:\/\/macite.tg\/wp-content\/uploads\/2022\/12\/IMG_20221226_164758_576-768x576.jpg 768w, https:\/\/macite.tg\/wp-content\/uploads\/2022\/12\/IMG_20221226_164758_576-1536x1152.jpg 1536w, https:\/\/macite.tg\/wp-content\/uploads\/2022\/12\/IMG_20221226_164758_576-2048x1536.jpg 2048w\" sizes=\"auto, (max-width: 587px) 100vw, 587px\" \/><figcaption><strong><em>Une vue de l&rsquo;assistance lors de la conf\u00e9rence de presse le lundi dernier \u00e0 Cacav\u00e9li.<\/em><\/strong><\/figcaption><\/figure>\n<\/div>\n\n\n<p class=\"wp-block-paragraph\">C\u2019est \u00e0 travers une conf\u00e9rence de presse, le lundi 26 d\u00e9cembre dernier, que l\u2019artiste a annonc\u00e9 l\u2019organisation le 1<sup>er<\/sup> janvier 2023 de son concert &nbsp;g\u00e9ant sur l\u2019esplanade du march\u00e9 de Cacav\u00e9li, dans la pr\u00e9fecture d\u2019Ago\u00e8-Nyi iv\u00e9.<\/p>\n\n\n\n<p class=\"wp-block-paragraph\">Plac\u00e9e sous le th\u00e8me <em>\u00ab\u00a0la jeunesse du ghetto au service de la lutte contre la consommation de la drogue, le terrorisme et l&rsquo;extr\u00e9misme violent\u00a0\u00bb, <\/em>ce concert est un rendez-vous avec la \u2018\u2019famille Bannons\u2019\u2019, les sans-abris et sans emploi,\u2026 bref, la jeunesse togolaise, que l\u2019artiste invite \u00e0 \u0153uvrer pour la pr\u00e9servation de la paix, la coh\u00e9sion sociale, gages de tout d\u00e9veloppement. L\u2019artiste appelle ses jeunes fr\u00e8res \u00e0 travailler dur afin de faire tomber les pr\u00e9jug\u00e9s sur les artistes underground, entre autres.<\/p>\n\n\n\n<p class=\"wp-block-paragraph\">A travers ce concert, l\u2019artiste lance une tourn\u00e9e nationale afin de faire la lumi\u00e8re sur le concept \u2018\u2019Bannous\u2019\u2019, et profiter pour sensibiliser les populations sur les dangers de l\u2019usage des stup\u00e9fiants, tout en pr\u00f4nant la paix, le vivre ensemble.<\/p>\n\n\n<div class=\"wp-block-image\">\n<figure class=\"aligncenter size-large is-resized\"><img loading=\"lazy\" decoding=\"async\" src=\"https:\/\/macite.tg\/wp-content\/uploads\/2022\/12\/ANNONCES-1-1-1024x426.jpg\" alt=\"\" class=\"wp-image-2674\" width=\"724\" height=\"301\" srcset=\"https:\/\/macite.tg\/wp-content\/uploads\/2022\/12\/ANNONCES-1-1-1024x426.jpg 1024w, https:\/\/macite.tg\/wp-content\/uploads\/2022\/12\/ANNONCES-1-1-300x125.jpg 300w, https:\/\/macite.tg\/wp-content\/uploads\/2022\/12\/ANNONCES-1-1-768x319.jpg 768w, https:\/\/macite.tg\/wp-content\/uploads\/2022\/12\/ANNONCES-1-1.jpg 1080w\" sizes=\"auto, (max-width: 724px) 100vw, 724px\" \/><\/figure>\n<\/div>\n\n\n<p class=\"wp-block-paragraph\">Plusieurs artistes, confirm\u00e9s que non, seront sur le podium avec l\u2019artiste pour ce grand challenge, en t\u00e9moigne l\u2019affiche. La gente f\u00e9minine sera \u00e9galement bien repr\u00e9sent\u00e9e. Au rang des invit\u00e9s, des artistes pas des moindre tels que DJIFASON, MISTER KOURONES, MARCO LE DISCIPLINE, WRITING ECRITURE, \u2026qui ont tous d\u2019ailleurs honor\u00e9 de leur pr\u00e9sence la conf\u00e9rence de presse.<\/p>\n\n\n\n<p class=\"wp-block-paragraph\">Notons que ledit concert qui sera \u00e0 guichet ferm\u00e9, devra mobiliser la jeunesse de la pr\u00e9fecture d\u2019Ago\u00e8-Nyiv\u00e9 qui est au centre d\u2019un projet de l\u2019artiste. Ledit projet devra prendre en charge quelque 125 jeunes de la rue de ladite pr\u00e9fecture, une mani\u00e8re pour l\u2019artiste d\u2019inviter au partage et l\u2019amour du prochain. Car, dit l\u2019artiste \u00ab&nbsp;nous sommes tous Togolais, issus d\u2019un m\u00eame p\u00e8re, DIEU&nbsp;\u00bb.<\/p>\n\n\n\n<p class=\"wp-block-paragraph\">Vite procurez-vous vos tickets via l\u2019application KLUMER o\u00f9 s\u2019adresser au r\u00e9seau de distribution habituels.<\/p>\n\n\n\n<p class=\"wp-block-paragraph\"><strong>JPB<\/strong><\/p>\n\n\n\n<p class=\"wp-block-paragraph\"><strong><em>@macite.info<\/em><\/strong><\/p>\n\n\n\n<p class=\"wp-block-paragraph\"><strong><em>E-mail&nbsp;: <\/em><\/strong><a href=\"mailto:maciteinfo@gmail.com\"><strong><em>maciteinfo@gmail.com<\/em><\/strong><\/a><strong><em>; <\/em><\/strong><a href=\"mailto:bawela1@gmail.com\"><strong><em>bawela1@gmail.com<\/em><\/strong><\/a><strong><em><\/em><\/strong><\/p>\n\n\n\n<p class=\"wp-block-paragraph\"><strong><em>Pour vos annonces, (publi)reportages, etc., joignez nous au (00228) 91515309\/<strong>79872224<\/strong><\/em><\/strong><em><\/em><\/p>\n\n\n\n<p class=\"wp-block-paragraph\"><a href=\"http:\/\/www.macite.info\"><strong><em>www.macite.info<\/em><\/strong><\/a><strong><em>, L\u2019information, la bonne&nbsp;!<\/em><\/strong><\/p>\n","protected":false},"excerpt":{"rendered":"<p class=\"text-justify mb-2\" >Sensibiliser \u00e0 travers la musique\u00a0! C\u2019est la nouvelle trouvaille de l\u2019artiste togolais Koumegnanou Kossi Mawuena, alias Ghettovi, la nouvelle coqueluche du rap togolais. L\u2019artiste organise un concert g\u00e9ant le 1er janvier prochain sur l\u2019esplanade du march\u00e9 de Cacav\u00e9li, pr\u00e9fecture d\u2019Ago\u00e8-Nyiv\u00e9, en vue de lancer la [&hellip;]<\/p>\n","protected":false},"author":2,"featured_media":2697,"comment_status":"open","ping_status":"open","sticky":false,"template":"","format":"standard","meta":{"footnotes":""},"categories":[18],"tags":[],"class_list":["post-2695","post","type-post","status-publish","format-standard","has-post-thumbnail","hentry","category-culture"],"yoast_head":"<!-- This site is optimized with the Yoast SEO plugin v28.4 - https:\/\/yoast.com\/product\/yoast-seo-wordpress\/ -->\n<title>DROGUE, TERRORISME ET EXTR\u00c9MISME VIOLENT\u00a0: L&#039;artiste Ghettovi en concert g\u00e9ant ce 1er janvier pour sensibiliser contre ces fl\u00e9aux -<\/title>\n<meta name=\"robots\" content=\"index, follow, max-snippet:-1, max-image-preview:large, max-video-preview:-1\" \/>\n<link rel=\"canonical\" href=\"https:\/\/macite.tg\/?p=2695\" \/>\n<meta property=\"og:locale\" content=\"fr_FR\" \/>\n<meta property=\"og:type\" content=\"article\" \/>\n<meta property=\"og:title\" content=\"DROGUE, TERRORISME ET EXTR\u00c9MISME VIOLENT\u00a0: L&#039;artiste Ghettovi en concert g\u00e9ant ce 1er janvier pour sensibiliser contre ces fl\u00e9aux -\" \/>\n<meta property=\"og:description\" content=\"Sensibiliser \u00e0 travers la musique\u00a0! C\u2019est la nouvelle trouvaille de l\u2019artiste togolais Koumegnanou Kossi Mawuena, alias Ghettovi, la nouvelle coqueluche du rap togolais. L\u2019artiste organise un concert g\u00e9ant le 1er janvier prochain sur l\u2019esplanade du march\u00e9 de Cacav\u00e9li, pr\u00e9fecture d\u2019Ago\u00e8-Nyiv\u00e9, en vue de lancer la [&hellip;]\" \/>\n<meta property=\"og:url\" content=\"https:\/\/macite.tg\/?p=2695\" \/>\n<meta property=\"article:published_time\" content=\"2022-12-28T16:08:50+00:00\" \/>\n<meta property=\"article:modified_time\" content=\"2022-12-28T16:08:51+00:00\" \/>\n<meta property=\"og:image\" content=\"https:\/\/macite.tg\/wp-content\/uploads\/2022\/12\/IMG_20221226_160730_420-scaled.jpg\" \/>\n\t<meta property=\"og:image:width\" content=\"2560\" \/>\n\t<meta property=\"og:image:height\" content=\"1920\" \/>\n\t<meta property=\"og:image:type\" content=\"image\/jpeg\" \/>\n<meta name=\"author\" content=\"Jean Pierre BAWELA\" \/>\n<meta name=\"twitter:card\" content=\"summary_large_image\" \/>\n<meta name=\"twitter:label1\" content=\"\u00c9crit par\" \/>\n\t<meta name=\"twitter:data1\" content=\"Jean Pierre BAWELA\" \/>\n\t<meta name=\"twitter:label2\" content=\"Dur\u00e9e de lecture estim\u00e9e\" \/>\n\t<meta name=\"twitter:data2\" content=\"3 minutes\" \/>\n<script type=\"application\/ld+json\" class=\"yoast-schema-graph\">{\"@context\":\"https:\\\/\\\/schema.org\",\"@graph\":[{\"@type\":\"Article\",\"@id\":\"https:\\\/\\\/macite.tg\\\/?p=2695#article\",\"isPartOf\":{\"@id\":\"https:\\\/\\\/macite.tg\\\/?p=2695\"},\"author\":{\"name\":\"Jean Pierre BAWELA\",\"@id\":\"https:\\\/\\\/macite.tg\\\/#\\\/schema\\\/person\\\/e9f2de7e5dbbe7770a9402c7ce82f5c2\"},\"headline\":\"DROGUE, TERRORISME ET EXTR\u00c9MISME VIOLENT\u00a0: L&rsquo;artiste Ghettovi en concert g\u00e9ant ce 1er janvier pour sensibiliser contre ces fl\u00e9aux\",\"datePublished\":\"2022-12-28T16:08:50+00:00\",\"dateModified\":\"2022-12-28T16:08:51+00:00\",\"mainEntityOfPage\":{\"@id\":\"https:\\\/\\\/macite.tg\\\/?p=2695\"},\"wordCount\":483,\"commentCount\":0,\"image\":{\"@id\":\"https:\\\/\\\/macite.tg\\\/?p=2695#primaryimage\"},\"thumbnailUrl\":\"https:\\\/\\\/macite.tg\\\/wp-content\\\/uploads\\\/2022\\\/12\\\/IMG_20221226_160730_420-scaled.jpg\",\"articleSection\":[\"CULTURE\"],\"inLanguage\":\"fr-FR\",\"potentialAction\":[{\"@type\":\"CommentAction\",\"name\":\"Comment\",\"target\":[\"https:\\\/\\\/macite.tg\\\/?p=2695#respond\"]}]},{\"@type\":\"WebPage\",\"@id\":\"https:\\\/\\\/macite.tg\\\/?p=2695\",\"url\":\"https:\\\/\\\/macite.tg\\\/?p=2695\",\"name\":\"DROGUE, TERRORISME ET EXTR\u00c9MISME VIOLENT\u00a0: L'artiste Ghettovi en concert g\u00e9ant ce 1er janvier pour sensibiliser contre ces fl\u00e9aux -\",\"isPartOf\":{\"@id\":\"https:\\\/\\\/macite.tg\\\/#website\"},\"primaryImageOfPage\":{\"@id\":\"https:\\\/\\\/macite.tg\\\/?p=2695#primaryimage\"},\"image\":{\"@id\":\"https:\\\/\\\/macite.tg\\\/?p=2695#primaryimage\"},\"thumbnailUrl\":\"https:\\\/\\\/macite.tg\\\/wp-content\\\/uploads\\\/2022\\\/12\\\/IMG_20221226_160730_420-scaled.jpg\",\"datePublished\":\"2022-12-28T16:08:50+00:00\",\"dateModified\":\"2022-12-28T16:08:51+00:00\",\"author\":{\"@id\":\"https:\\\/\\\/macite.tg\\\/#\\\/schema\\\/person\\\/e9f2de7e5dbbe7770a9402c7ce82f5c2\"},\"breadcrumb\":{\"@id\":\"https:\\\/\\\/macite.tg\\\/?p=2695#breadcrumb\"},\"inLanguage\":\"fr-FR\",\"potentialAction\":[{\"@type\":\"ReadAction\",\"target\":[\"https:\\\/\\\/macite.tg\\\/?p=2695\"]}]},{\"@type\":\"ImageObject\",\"inLanguage\":\"fr-FR\",\"@id\":\"https:\\\/\\\/macite.tg\\\/?p=2695#primaryimage\",\"url\":\"https:\\\/\\\/macite.tg\\\/wp-content\\\/uploads\\\/2022\\\/12\\\/IMG_20221226_160730_420-scaled.jpg\",\"contentUrl\":\"https:\\\/\\\/macite.tg\\\/wp-content\\\/uploads\\\/2022\\\/12\\\/IMG_20221226_160730_420-scaled.jpg\",\"width\":2560,\"height\":1920},{\"@type\":\"BreadcrumbList\",\"@id\":\"https:\\\/\\\/macite.tg\\\/?p=2695#breadcrumb\",\"itemListElement\":[{\"@type\":\"ListItem\",\"position\":1,\"name\":\"Accueil\",\"item\":\"https:\\\/\\\/macite.tg\\\/\"},{\"@type\":\"ListItem\",\"position\":2,\"name\":\"DROGUE, TERRORISME ET EXTR\u00c9MISME VIOLENT\u00a0: L&rsquo;artiste Ghettovi en concert g\u00e9ant ce 1er janvier pour sensibiliser contre ces fl\u00e9aux\"}]},{\"@type\":\"WebSite\",\"@id\":\"https:\\\/\\\/macite.tg\\\/#website\",\"url\":\"https:\\\/\\\/macite.tg\\\/\",\"name\":\"\",\"description\":\"L&#039;information, la bonne!!!\",\"potentialAction\":[{\"@type\":\"SearchAction\",\"target\":{\"@type\":\"EntryPoint\",\"urlTemplate\":\"https:\\\/\\\/macite.tg\\\/?s={search_term_string}\"},\"query-input\":{\"@type\":\"PropertyValueSpecification\",\"valueRequired\":true,\"valueName\":\"search_term_string\"}}],\"inLanguage\":\"fr-FR\"},{\"@type\":\"Person\",\"@id\":\"https:\\\/\\\/macite.tg\\\/#\\\/schema\\\/person\\\/e9f2de7e5dbbe7770a9402c7ce82f5c2\",\"name\":\"Jean Pierre BAWELA\",\"image\":{\"@type\":\"ImageObject\",\"inLanguage\":\"fr-FR\",\"@id\":\"https:\\\/\\\/macite.tg\\\/wp-content\\\/uploads\\\/2023\\\/09\\\/WhatsApp-Image-2023-09-19-at-14.44.41-122x122.jpeg\",\"url\":\"https:\\\/\\\/macite.tg\\\/wp-content\\\/uploads\\\/2023\\\/09\\\/WhatsApp-Image-2023-09-19-at-14.44.41-122x122.jpeg\",\"contentUrl\":\"https:\\\/\\\/macite.tg\\\/wp-content\\\/uploads\\\/2023\\\/09\\\/WhatsApp-Image-2023-09-19-at-14.44.41-122x122.jpeg\",\"caption\":\"Jean Pierre BAWELA\"},\"url\":\"https:\\\/\\\/macite.tg\\\/?author=2\"}]}<\/script>\n<!-- \/ Yoast SEO plugin. -->","yoast_head_json":{"title":"DROGUE, TERRORISME ET EXTR\u00c9MISME VIOLENT\u00a0: L'artiste Ghettovi en concert g\u00e9ant ce 1er janvier pour sensibiliser contre ces fl\u00e9aux -","robots":{"index":"index","follow":"follow","max-snippet":"max-snippet:-1","max-image-preview":"max-image-preview:large","max-video-preview":"max-video-preview:-1"},"canonical":"https:\/\/macite.tg\/?p=2695","og_locale":"fr_FR","og_type":"article","og_title":"DROGUE, TERRORISME ET EXTR\u00c9MISME VIOLENT\u00a0: L'artiste Ghettovi en concert g\u00e9ant ce 1er janvier pour sensibiliser contre ces fl\u00e9aux -","og_description":"Sensibiliser \u00e0 travers la musique\u00a0! C\u2019est la nouvelle trouvaille de l\u2019artiste togolais Koumegnanou Kossi Mawuena, alias Ghettovi, la nouvelle coqueluche du rap togolais. L\u2019artiste organise un concert g\u00e9ant le 1er janvier prochain sur l\u2019esplanade du march\u00e9 de Cacav\u00e9li, pr\u00e9fecture d\u2019Ago\u00e8-Nyiv\u00e9, en vue de lancer la [&hellip;]","og_url":"https:\/\/macite.tg\/?p=2695","article_published_time":"2022-12-28T16:08:50+00:00","article_modified_time":"2022-12-28T16:08:51+00:00","og_image":[{"width":2560,"height":1920,"url":"https:\/\/macite.tg\/wp-content\/uploads\/2022\/12\/IMG_20221226_160730_420-scaled.jpg","type":"image\/jpeg"}],"author":"Jean Pierre BAWELA","twitter_card":"summary_large_image","twitter_misc":{"\u00c9crit par":"Jean Pierre BAWELA","Dur\u00e9e de lecture estim\u00e9e":"3 minutes"},"schema":{"@context":"https:\/\/schema.org","@graph":[{"@type":"Article","@id":"https:\/\/macite.tg\/?p=2695#article","isPartOf":{"@id":"https:\/\/macite.tg\/?p=2695"},"author":{"name":"Jean Pierre BAWELA","@id":"https:\/\/macite.tg\/#\/schema\/person\/e9f2de7e5dbbe7770a9402c7ce82f5c2"},"headline":"DROGUE, TERRORISME ET EXTR\u00c9MISME VIOLENT\u00a0: L&rsquo;artiste Ghettovi en concert g\u00e9ant ce 1er janvier pour sensibiliser contre ces fl\u00e9aux","datePublished":"2022-12-28T16:08:50+00:00","dateModified":"2022-12-28T16:08:51+00:00","mainEntityOfPage":{"@id":"https:\/\/macite.tg\/?p=2695"},"wordCount":483,"commentCount":0,"image":{"@id":"https:\/\/macite.tg\/?p=2695#primaryimage"},"thumbnailUrl":"https:\/\/macite.tg\/wp-content\/uploads\/2022\/12\/IMG_20221226_160730_420-scaled.jpg","articleSection":["CULTURE"],"inLanguage":"fr-FR","potentialAction":[{"@type":"CommentAction","name":"Comment","target":["https:\/\/macite.tg\/?p=2695#respond"]}]},{"@type":"WebPage","@id":"https:\/\/macite.tg\/?p=2695","url":"https:\/\/macite.tg\/?p=2695","name":"DROGUE, TERRORISME ET EXTR\u00c9MISME VIOLENT\u00a0: L'artiste Ghettovi en concert g\u00e9ant ce 1er janvier pour sensibiliser contre ces fl\u00e9aux -","isPartOf":{"@id":"https:\/\/macite.tg\/#website"},"primaryImageOfPage":{"@id":"https:\/\/macite.tg\/?p=2695#primaryimage"},"image":{"@id":"https:\/\/macite.tg\/?p=2695#primaryimage"},"thumbnailUrl":"https:\/\/macite.tg\/wp-content\/uploads\/2022\/12\/IMG_20221226_160730_420-scaled.jpg","datePublished":"2022-12-28T16:08:50+00:00","dateModified":"2022-12-28T16:08:51+00:00","author":{"@id":"https:\/\/macite.tg\/#\/schema\/person\/e9f2de7e5dbbe7770a9402c7ce82f5c2"},"breadcrumb":{"@id":"https:\/\/macite.tg\/?p=2695#breadcrumb"},"inLanguage":"fr-FR","potentialAction":[{"@type":"ReadAction","target":["https:\/\/macite.tg\/?p=2695"]}]},{"@type":"ImageObject","inLanguage":"fr-FR","@id":"https:\/\/macite.tg\/?p=2695#primaryimage","url":"https:\/\/macite.tg\/wp-content\/uploads\/2022\/12\/IMG_20221226_160730_420-scaled.jpg","contentUrl":"https:\/\/macite.tg\/wp-content\/uploads\/2022\/12\/IMG_20221226_160730_420-scaled.jpg","width":2560,"height":1920},{"@type":"BreadcrumbList","@id":"https:\/\/macite.tg\/?p=2695#breadcrumb","itemListElement":[{"@type":"ListItem","position":1,"name":"Accueil","item":"https:\/\/macite.tg\/"},{"@type":"ListItem","position":2,"name":"DROGUE, TERRORISME ET EXTR\u00c9MISME VIOLENT\u00a0: L&rsquo;artiste Ghettovi en concert g\u00e9ant ce 1er janvier pour sensibiliser contre ces fl\u00e9aux"}]},{"@type":"WebSite","@id":"https:\/\/macite.tg\/#website","url":"https:\/\/macite.tg\/","name":"","description":"L&#039;information, la bonne!!!","potentialAction":[{"@type":"SearchAction","target":{"@type":"EntryPoint","urlTemplate":"https:\/\/macite.tg\/?s={search_term_string}"},"query-input":{"@type":"PropertyValueSpecification","valueRequired":true,"valueName":"search_term_string"}}],"inLanguage":"fr-FR"},{"@type":"Person","@id":"https:\/\/macite.tg\/#\/schema\/person\/e9f2de7e5dbbe7770a9402c7ce82f5c2","name":"Jean Pierre BAWELA","image":{"@type":"ImageObject","inLanguage":"fr-FR","@id":"https:\/\/macite.tg\/wp-content\/uploads\/2023\/09\/WhatsApp-Image-2023-09-19-at-14.44.41-122x122.jpeg","url":"https:\/\/macite.tg\/wp-content\/uploads\/2023\/09\/WhatsApp-Image-2023-09-19-at-14.44.41-122x122.jpeg","contentUrl":"https:\/\/macite.tg\/wp-content\/uploads\/2023\/09\/WhatsApp-Image-2023-09-19-at-14.44.41-122x122.jpeg","caption":"Jean Pierre BAWELA"},"url":"https:\/\/macite.tg\/?author=2"}]}},"_links":{"self":[{"href":"https:\/\/macite.tg\/index.php?rest_route=\/wp\/v2\/posts\/2695","targetHints":{"allow":["GET"]}}],"collection":[{"href":"https:\/\/macite.tg\/index.php?rest_route=\/wp\/v2\/posts"}],"about":[{"href":"https:\/\/macite.tg\/index.php?rest_route=\/wp\/v2\/types\/post"}],"author":[{"embeddable":true,"href":"https:\/\/macite.tg\/index.php?rest_route=\/wp\/v2\/users\/2"}],"replies":[{"embeddable":true,"href":"https:\/\/macite.tg\/index.php?rest_route=%2Fwp%2Fv2%2Fcomments&post=2695"}],"version-history":[{"count":0,"href":"https:\/\/macite.tg\/index.php?rest_route=\/wp\/v2\/posts\/2695\/revisions"}],"wp:featuredmedia":[{"embeddable":true,"href":"https:\/\/macite.tg\/index.php?rest_route=\/wp\/v2\/media\/2697"}],"wp:attachment":[{"href":"https:\/\/macite.tg\/index.php?rest_route=%2Fwp%2Fv2%2Fmedia&parent=2695"}],"wp:term":[{"taxonomy":"category","embeddable":true,"href":"https:\/\/macite.tg\/index.php?rest_route=%2Fwp%2Fv2%2Fcategories&post=2695"},{"taxonomy":"post_tag","embeddable":true,"href":"https:\/\/macite.tg\/index.php?rest_route=%2Fwp%2Fv2%2Ftags&post=2695"}],"curies":[{"name":"wp","href":"https:\/\/api.w.org\/{rel}","templated":true}]}}