{"id":26807,"date":"2025-12-12T14:23:52","date_gmt":"2025-12-12T14:23:52","guid":{"rendered":"https:\/\/macite.tg\/?p=26807"},"modified":"2025-12-12T16:01:55","modified_gmt":"2025-12-12T16:01:55","slug":"donald-trump-la-rumeur-sur-letat-de-sante-du-vieux-president-americain-79-ans-son-medecin-devoile-un-element-determinant","status":"publish","type":"post","link":"https:\/\/macite.tg\/?p=26807","title":{"rendered":"DONALD TRUMP\u00a0: La rumeur sur l\u2019\u00e9tat de sant\u00e9 du \u2018\u2019vieux\u2019\u2019 pr\u00e9sident am\u00e9ricain (79 ans) \u2026 son m\u00e9decin d\u00e9voile un \u00e9l\u00e9ment d\u00e9terminant"},"content":{"rendered":"\n<p class=\"wp-block-paragraph\"><strong><em>Alors que l\u2019\u00e9tat de sant\u00e9 de Donald Trump fait face \u00e0 de nombreuses rumeurs, notamment apr\u00e8s que le pr\u00e9sident a pass\u00e9 une IRM en octobre dernier, son m\u00e9decin a fait une r\u00e9v\u00e9lation importante.<\/em><\/strong><\/p>\n\n\n\n<p class=\"wp-block-paragraph\">Depuis son retour \u00e0 la Maison-Blanche en janvier dernier, l\u2019\u00e9tat de sant\u00e9 du pr\u00e9sident Donald Trump est au c\u0153ur des sp\u00e9culations. Pour cause, suite \u00e0 son \u00e9lection en novembre 2024, \u00e0 78 ans \u00e0 l\u2019\u00e9poque, il est devenu le plus vieux pr\u00e9sident \u00e9lu de l\u2019histoire des \u00c9tats-Unis.<\/p>\n\n\n\n<p class=\"wp-block-paragraph\">En octobre dernier, le chef d\u2019\u00c9tat am\u00e9ricain a pass\u00e9 une IRM \u00e0 l\u2019h\u00f4pital militaire Walter Reed, de quoi raviver les rumeurs sur sa sant\u00e9 fragile. D\u2019autant plus que cette proc\u00e9dure est inhabituelle pour une simple visite m\u00e9dicale de routine. Ce lundi 1er d\u00e9cembre 2025, les r\u00e9sultats de ses examens m\u00e9dicaux sont tomb\u00e9s. Et selon le compte rendu du m\u00e9decin du milliardaire publi\u00e9 par la Maison-Blanche, Donald Trump est en&nbsp;<em>\u00ab excellente&nbsp;\u00bb<\/em>&nbsp;sant\u00e9 cardiovasculaire.<\/p>\n\n\n\n<figure class=\"wp-block-image size-large\"><img loading=\"lazy\" decoding=\"async\" width=\"1024\" height=\"392\" src=\"https:\/\/macite.tg\/wp-content\/uploads\/2025\/12\/8d9cf208-3716-4e73-bc0c-3341ae213e6b-1024x392.jpg\" alt=\"\" class=\"wp-image-26779\" srcset=\"https:\/\/macite.tg\/wp-content\/uploads\/2025\/12\/8d9cf208-3716-4e73-bc0c-3341ae213e6b-1024x392.jpg 1024w, https:\/\/macite.tg\/wp-content\/uploads\/2025\/12\/8d9cf208-3716-4e73-bc0c-3341ae213e6b-300x115.jpg 300w, https:\/\/macite.tg\/wp-content\/uploads\/2025\/12\/8d9cf208-3716-4e73-bc0c-3341ae213e6b-768x294.jpg 768w, https:\/\/macite.tg\/wp-content\/uploads\/2025\/12\/8d9cf208-3716-4e73-bc0c-3341ae213e6b.jpg 1080w\" sizes=\"auto, (max-width: 1024px) 100vw, 1024px\" \/><\/figure>\n\n\n\n<p class=\"wp-block-paragraph\"><em>\u00ab Globalement, son syst\u00e8me cardiovasculaire montre une excellente sant\u00e9. Son imagerie abdominale est aussi parfaitement normale. Tous les organes majeurs paraissent tr\u00e8s sains et bien irrigu\u00e9s&nbsp;\u00bb<\/em>, a assur\u00e9 le m\u00e9decin du pr\u00e9sident Sean Barbabella, selon les informations de l\u2019AFP, relay\u00e9es par&nbsp;<a href=\"https:\/\/www.lefigaro.fr\/international\/une-sante-cardiovasculaire-excellente-l-irm-de-donald-trump-ne-revele-aucune-anomalie-selon-son-medecin-20251202\" target=\"_blank\" rel=\"noreferrer noopener\"><em>Le Figaro<\/em><\/a>, ce mardi 2 d\u00e9cembre 2025.<\/p>\n\n\n\n<p class=\"wp-block-paragraph\">De plus, aussi inhabituel qu\u2019est une IRM lors d\u2019une visite m\u00e9dicale de routine, selon le compte rendu, cet examen m\u00e9dical a \u00e9t\u00e9 r\u00e9alis\u00e9 uniquement dans un but&nbsp;<em>\u00ab pr\u00e9ventif&nbsp;\u00bb<\/em>, afin d\u2019<em>\u00ab identifier au pr\u00e9alable des probl\u00e8mes et confirmer son \u00e9tat de sant\u00e9 g\u00e9n\u00e9ral&nbsp;\u00bb<\/em>.<\/p>\n\n\n\n<p class=\"wp-block-paragraph\"><strong>L\u2019\u00e9tat de sant\u00e9 de Donald Trump au c\u0153ur des sp\u00e9culations, le pr\u00e9sident am\u00e9ricain r\u00e9agit<\/strong><\/p>\n\n\n\n<p class=\"wp-block-paragraph\">Il n\u2019y a pas que cette IRM qui alimente les rumeurs sur l\u2019\u00e9tat de sant\u00e9 fragile de l\u2019\u00e9poux de Melania Trump. Comme l\u2019a not\u00e9&nbsp;<a href=\"https:\/\/www.nytimes.com\/2025\/11\/25\/us\/politics\/trump-age-health.html\" target=\"_blank\" rel=\"noreferrer noopener\"><em>le New York Times<\/em><\/a>, dans une enqu\u00eate appel\u00e9e&nbsp;<em>Journ\u00e9es plus courtes, signes de fatigue&nbsp;: Trump confront\u00e9 aux r\u00e9alit\u00e9s du vieillissement au pouvoir<\/em>, les apparitions publiques du pr\u00e9sident am\u00e9ricain ont chut\u00e9 de 39 % par rapport \u00e0 son premier mandat.<\/p>\n\n\n\n<p class=\"wp-block-paragraph\">Un article qui a fait jaser aux \u00c9tats-Unis, particuli\u00e8rement du c\u00f4t\u00e9 de Donald Trump et de ses partisans.&nbsp;<em>\u00ab Les tordus du New York Times, journal en faillite, recommencent&nbsp;\u00bb<\/em>, a clam\u00e9 cinglant le chef d\u2019\u00c9tat am\u00e9ricain sur son r\u00e9seau social, Truth Social.<\/p>\n\n\n\n<p class=\"wp-block-paragraph\">Avant d\u2019assurer qu\u2019il travaille beaucoup et de citer tout ce qu\u2019il a fait depuis son retour&nbsp;:&nbsp;<em>\u00ab J\u2019ai gagn\u00e9 l\u2019\u00e9lection [\u2026], r\u00e9gl\u00e9 huit guerres, les Bourses sont au plus haut, l\u2019\u00e9conomie va bien et notre pays est respect\u00e9 dans le monde entier. Faire tout cela demande \u00e9norm\u00e9ment de travail et d\u2019\u00e9nergie, et je n\u2019ai jamais travaill\u00e9 aussi dur de ma vie.&nbsp;\u00bb<\/em><\/p>\n\n\n<div class=\"wp-block-image\">\n<figure class=\"aligncenter size-large\"><img loading=\"lazy\" decoding=\"async\" width=\"723\" height=\"1024\" src=\"https:\/\/macite.tg\/wp-content\/uploads\/2025\/12\/1a88bc4e-bab8-4cbf-bc7e-8b8cf32bb810-723x1024.jpg\" alt=\"\" class=\"wp-image-26728\" srcset=\"https:\/\/macite.tg\/wp-content\/uploads\/2025\/12\/1a88bc4e-bab8-4cbf-bc7e-8b8cf32bb810-723x1024.jpg 723w, https:\/\/macite.tg\/wp-content\/uploads\/2025\/12\/1a88bc4e-bab8-4cbf-bc7e-8b8cf32bb810-212x300.jpg 212w, https:\/\/macite.tg\/wp-content\/uploads\/2025\/12\/1a88bc4e-bab8-4cbf-bc7e-8b8cf32bb810.jpg 763w\" sizes=\"auto, (max-width: 723px) 100vw, 723px\" \/><\/figure>\n<\/div>\n\n\n<p class=\"wp-block-paragraph\">Du c\u00f4t\u00e9 de l\u2019opposition, les figures politiques ne d\u00e9mordent pas. Tim Walz, le gouverneur du Minnesota et ancien candidat \u00e0 la vice-pr\u00e9sidence de Kamala Harris, a not\u00e9 le&nbsp;<em>\u00ab d\u00e9clin s\u00e9rieux&nbsp;\u00bb<\/em>&nbsp;de Donald Trump sur ses r\u00e9seaux sociaux.&nbsp;<em>\u00ab Alors qu\u2019on est tous \u00e0 partager des moments en famille lors de Thanksgiving, on a un gars qui divague, tout seul dans une salle&nbsp;\u00bb<\/em>, a-t-il d\u00e9clar\u00e9, comme l\u2019a rapport\u00e9&nbsp;La D\u00e9p\u00eache. Avant d\u2019ajouter&nbsp;:&nbsp;<em>\u00ab Alors qu\u2019on est tous \u00e0 partager des moments en famille lors de Thanksgiving, on a un gars qui divague, tout seul dans une salle.&nbsp;\u00bb<\/em><\/p>\n\n\n\n<p class=\"wp-block-paragraph\"><strong><em>(Avec actu.gala)<\/em><\/strong><\/p>\n\n\n\n<p class=\"wp-block-paragraph\"><a><strong><em>@macite.tg&nbsp;&nbsp;&nbsp;&nbsp;&nbsp;&nbsp;&nbsp;&nbsp;<\/em><\/strong><\/a><\/p>\n\n\n\n<p class=\"wp-block-paragraph\"><strong><em>E-mail&nbsp;: <\/em><\/strong><a href=\"mailto:maciteinfo@gmail.com\"><strong><em>maciteinfo@gmail.com<\/em><\/strong><\/a><strong><em>; <\/em><\/strong><a href=\"mailto:bawela1@gmail.com\"><strong><em>bawela1@gmail.com<\/em><\/strong><\/a><strong><em><\/em><\/strong><\/p>\n\n\n\n<p class=\"wp-block-paragraph\"><strong><em>Pour vos annonces, (publi)reportages, etc., joignez-nous au (00228)91515309\/<strong>79872224 <\/strong><strong><\/strong><\/em><\/strong><\/p>\n\n\n\n<p class=\"wp-block-paragraph\"><strong><em>www.macite.tg, L\u2019information, la bonne&nbsp;!<\/em><\/strong><\/p>\n\n\n\n<p class=\"wp-block-paragraph\"><\/p>\n","protected":false},"excerpt":{"rendered":"<p class=\"text-justify mb-2\" >Alors que l\u2019\u00e9tat de sant\u00e9 de Donald Trump fait face \u00e0 de nombreuses rumeurs, notamment apr\u00e8s que le pr\u00e9sident a pass\u00e9 une IRM en octobre dernier, son m\u00e9decin a fait une r\u00e9v\u00e9lation importante. Depuis son retour \u00e0 la Maison-Blanche en janvier dernier, l\u2019\u00e9tat de sant\u00e9 [&hellip;]<\/p>\n","protected":false},"author":2,"featured_media":21760,"comment_status":"open","ping_status":"open","sticky":false,"template":"","format":"standard","meta":{"footnotes":""},"categories":[20,1],"tags":[],"class_list":["post-26807","post","type-post","status-publish","format-standard","has-post-thumbnail","hentry","category-actualite","category-politique"],"yoast_head":"<!-- This site is optimized with the Yoast SEO plugin v28.4 - https:\/\/yoast.com\/product\/yoast-seo-wordpress\/ -->\n<title>DONALD TRUMP\u00a0: La rumeur sur l\u2019\u00e9tat de sant\u00e9 du \u2018\u2019vieux\u2019\u2019 pr\u00e9sident am\u00e9ricain (79 ans) \u2026 son m\u00e9decin d\u00e9voile un \u00e9l\u00e9ment d\u00e9terminant -<\/title>\n<meta name=\"robots\" content=\"index, follow, max-snippet:-1, max-image-preview:large, max-video-preview:-1\" \/>\n<link rel=\"canonical\" href=\"https:\/\/macite.tg\/?p=26807\" \/>\n<meta property=\"og:locale\" content=\"fr_FR\" \/>\n<meta property=\"og:type\" content=\"article\" \/>\n<meta property=\"og:title\" content=\"DONALD TRUMP\u00a0: La rumeur sur l\u2019\u00e9tat de sant\u00e9 du \u2018\u2019vieux\u2019\u2019 pr\u00e9sident am\u00e9ricain (79 ans) \u2026 son m\u00e9decin d\u00e9voile un \u00e9l\u00e9ment d\u00e9terminant -\" \/>\n<meta property=\"og:description\" content=\"Alors que l\u2019\u00e9tat de sant\u00e9 de Donald Trump fait face \u00e0 de nombreuses rumeurs, notamment apr\u00e8s que le pr\u00e9sident a pass\u00e9 une IRM en octobre dernier, son m\u00e9decin a fait une r\u00e9v\u00e9lation importante. Depuis son retour \u00e0 la Maison-Blanche en janvier dernier, l\u2019\u00e9tat de sant\u00e9 [&hellip;]\" \/>\n<meta property=\"og:url\" content=\"https:\/\/macite.tg\/?p=26807\" \/>\n<meta property=\"article:published_time\" content=\"2025-12-12T14:23:52+00:00\" \/>\n<meta property=\"article:modified_time\" content=\"2025-12-12T16:01:55+00:00\" \/>\n<meta property=\"og:image\" content=\"https:\/\/macite.tg\/wp-content\/uploads\/2025\/05\/image.png\" \/>\n\t<meta property=\"og:image:width\" content=\"451\" \/>\n\t<meta property=\"og:image:height\" content=\"266\" \/>\n\t<meta property=\"og:image:type\" content=\"image\/png\" \/>\n<meta name=\"author\" content=\"Jean Pierre BAWELA\" \/>\n<meta name=\"twitter:card\" content=\"summary_large_image\" \/>\n<meta name=\"twitter:label1\" content=\"\u00c9crit par\" \/>\n\t<meta name=\"twitter:data1\" content=\"Jean Pierre BAWELA\" \/>\n\t<meta name=\"twitter:label2\" content=\"Dur\u00e9e de lecture estim\u00e9e\" \/>\n\t<meta name=\"twitter:data2\" content=\"4 minutes\" \/>\n<script type=\"application\/ld+json\" class=\"yoast-schema-graph\">{\"@context\":\"https:\\\/\\\/schema.org\",\"@graph\":[{\"@type\":\"Article\",\"@id\":\"https:\\\/\\\/macite.tg\\\/?p=26807#article\",\"isPartOf\":{\"@id\":\"https:\\\/\\\/macite.tg\\\/?p=26807\"},\"author\":{\"name\":\"Jean Pierre BAWELA\",\"@id\":\"https:\\\/\\\/macite.tg\\\/#\\\/schema\\\/person\\\/e9f2de7e5dbbe7770a9402c7ce82f5c2\"},\"headline\":\"DONALD TRUMP\u00a0: La rumeur sur l\u2019\u00e9tat de sant\u00e9 du \u2018\u2019vieux\u2019\u2019 pr\u00e9sident am\u00e9ricain (79 ans) \u2026 son m\u00e9decin d\u00e9voile un \u00e9l\u00e9ment d\u00e9terminant\",\"datePublished\":\"2025-12-12T14:23:52+00:00\",\"dateModified\":\"2025-12-12T16:01:55+00:00\",\"mainEntityOfPage\":{\"@id\":\"https:\\\/\\\/macite.tg\\\/?p=26807\"},\"wordCount\":672,\"commentCount\":0,\"image\":{\"@id\":\"https:\\\/\\\/macite.tg\\\/?p=26807#primaryimage\"},\"thumbnailUrl\":\"https:\\\/\\\/macite.tg\\\/wp-content\\\/uploads\\\/2025\\\/05\\\/image.png\",\"articleSection\":[\"ACTUALITE\",\"POLITIQUE\"],\"inLanguage\":\"fr-FR\",\"potentialAction\":[{\"@type\":\"CommentAction\",\"name\":\"Comment\",\"target\":[\"https:\\\/\\\/macite.tg\\\/?p=26807#respond\"]}]},{\"@type\":\"WebPage\",\"@id\":\"https:\\\/\\\/macite.tg\\\/?p=26807\",\"url\":\"https:\\\/\\\/macite.tg\\\/?p=26807\",\"name\":\"DONALD TRUMP\u00a0: La rumeur sur l\u2019\u00e9tat de sant\u00e9 du \u2018\u2019vieux\u2019\u2019 pr\u00e9sident am\u00e9ricain (79 ans) \u2026 son m\u00e9decin d\u00e9voile un \u00e9l\u00e9ment d\u00e9terminant -\",\"isPartOf\":{\"@id\":\"https:\\\/\\\/macite.tg\\\/#website\"},\"primaryImageOfPage\":{\"@id\":\"https:\\\/\\\/macite.tg\\\/?p=26807#primaryimage\"},\"image\":{\"@id\":\"https:\\\/\\\/macite.tg\\\/?p=26807#primaryimage\"},\"thumbnailUrl\":\"https:\\\/\\\/macite.tg\\\/wp-content\\\/uploads\\\/2025\\\/05\\\/image.png\",\"datePublished\":\"2025-12-12T14:23:52+00:00\",\"dateModified\":\"2025-12-12T16:01:55+00:00\",\"author\":{\"@id\":\"https:\\\/\\\/macite.tg\\\/#\\\/schema\\\/person\\\/e9f2de7e5dbbe7770a9402c7ce82f5c2\"},\"breadcrumb\":{\"@id\":\"https:\\\/\\\/macite.tg\\\/?p=26807#breadcrumb\"},\"inLanguage\":\"fr-FR\",\"potentialAction\":[{\"@type\":\"ReadAction\",\"target\":[\"https:\\\/\\\/macite.tg\\\/?p=26807\"]}]},{\"@type\":\"ImageObject\",\"inLanguage\":\"fr-FR\",\"@id\":\"https:\\\/\\\/macite.tg\\\/?p=26807#primaryimage\",\"url\":\"https:\\\/\\\/macite.tg\\\/wp-content\\\/uploads\\\/2025\\\/05\\\/image.png\",\"contentUrl\":\"https:\\\/\\\/macite.tg\\\/wp-content\\\/uploads\\\/2025\\\/05\\\/image.png\",\"width\":451,\"height\":266,\"caption\":\"Le pr\u00e9sident am\u00e9rcain Donald Trump\"},{\"@type\":\"BreadcrumbList\",\"@id\":\"https:\\\/\\\/macite.tg\\\/?p=26807#breadcrumb\",\"itemListElement\":[{\"@type\":\"ListItem\",\"position\":1,\"name\":\"Accueil\",\"item\":\"https:\\\/\\\/macite.tg\\\/\"},{\"@type\":\"ListItem\",\"position\":2,\"name\":\"DONALD TRUMP\u00a0: La rumeur sur l\u2019\u00e9tat de sant\u00e9 du \u2018\u2019vieux\u2019\u2019 pr\u00e9sident am\u00e9ricain (79 ans) \u2026 son m\u00e9decin d\u00e9voile un \u00e9l\u00e9ment d\u00e9terminant\"}]},{\"@type\":\"WebSite\",\"@id\":\"https:\\\/\\\/macite.tg\\\/#website\",\"url\":\"https:\\\/\\\/macite.tg\\\/\",\"name\":\"\",\"description\":\"L&#039;information, la bonne!!!\",\"potentialAction\":[{\"@type\":\"SearchAction\",\"target\":{\"@type\":\"EntryPoint\",\"urlTemplate\":\"https:\\\/\\\/macite.tg\\\/?s={search_term_string}\"},\"query-input\":{\"@type\":\"PropertyValueSpecification\",\"valueRequired\":true,\"valueName\":\"search_term_string\"}}],\"inLanguage\":\"fr-FR\"},{\"@type\":\"Person\",\"@id\":\"https:\\\/\\\/macite.tg\\\/#\\\/schema\\\/person\\\/e9f2de7e5dbbe7770a9402c7ce82f5c2\",\"name\":\"Jean Pierre BAWELA\",\"image\":{\"@type\":\"ImageObject\",\"inLanguage\":\"fr-FR\",\"@id\":\"https:\\\/\\\/macite.tg\\\/wp-content\\\/uploads\\\/2023\\\/09\\\/WhatsApp-Image-2023-09-19-at-14.44.41-122x122.jpeg\",\"url\":\"https:\\\/\\\/macite.tg\\\/wp-content\\\/uploads\\\/2023\\\/09\\\/WhatsApp-Image-2023-09-19-at-14.44.41-122x122.jpeg\",\"contentUrl\":\"https:\\\/\\\/macite.tg\\\/wp-content\\\/uploads\\\/2023\\\/09\\\/WhatsApp-Image-2023-09-19-at-14.44.41-122x122.jpeg\",\"caption\":\"Jean Pierre BAWELA\"},\"url\":\"https:\\\/\\\/macite.tg\\\/?author=2\"}]}<\/script>\n<!-- \/ Yoast SEO plugin. -->","yoast_head_json":{"title":"DONALD TRUMP\u00a0: La rumeur sur l\u2019\u00e9tat de sant\u00e9 du \u2018\u2019vieux\u2019\u2019 pr\u00e9sident am\u00e9ricain (79 ans) \u2026 son m\u00e9decin d\u00e9voile un \u00e9l\u00e9ment d\u00e9terminant -","robots":{"index":"index","follow":"follow","max-snippet":"max-snippet:-1","max-image-preview":"max-image-preview:large","max-video-preview":"max-video-preview:-1"},"canonical":"https:\/\/macite.tg\/?p=26807","og_locale":"fr_FR","og_type":"article","og_title":"DONALD TRUMP\u00a0: La rumeur sur l\u2019\u00e9tat de sant\u00e9 du \u2018\u2019vieux\u2019\u2019 pr\u00e9sident am\u00e9ricain (79 ans) \u2026 son m\u00e9decin d\u00e9voile un \u00e9l\u00e9ment d\u00e9terminant -","og_description":"Alors que l\u2019\u00e9tat de sant\u00e9 de Donald Trump fait face \u00e0 de nombreuses rumeurs, notamment apr\u00e8s que le pr\u00e9sident a pass\u00e9 une IRM en octobre dernier, son m\u00e9decin a fait une r\u00e9v\u00e9lation importante. Depuis son retour \u00e0 la Maison-Blanche en janvier dernier, l\u2019\u00e9tat de sant\u00e9 [&hellip;]","og_url":"https:\/\/macite.tg\/?p=26807","article_published_time":"2025-12-12T14:23:52+00:00","article_modified_time":"2025-12-12T16:01:55+00:00","og_image":[{"width":451,"height":266,"url":"https:\/\/macite.tg\/wp-content\/uploads\/2025\/05\/image.png","type":"image\/png"}],"author":"Jean Pierre BAWELA","twitter_card":"summary_large_image","twitter_misc":{"\u00c9crit par":"Jean Pierre BAWELA","Dur\u00e9e de lecture estim\u00e9e":"4 minutes"},"schema":{"@context":"https:\/\/schema.org","@graph":[{"@type":"Article","@id":"https:\/\/macite.tg\/?p=26807#article","isPartOf":{"@id":"https:\/\/macite.tg\/?p=26807"},"author":{"name":"Jean Pierre BAWELA","@id":"https:\/\/macite.tg\/#\/schema\/person\/e9f2de7e5dbbe7770a9402c7ce82f5c2"},"headline":"DONALD TRUMP\u00a0: La rumeur sur l\u2019\u00e9tat de sant\u00e9 du \u2018\u2019vieux\u2019\u2019 pr\u00e9sident am\u00e9ricain (79 ans) \u2026 son m\u00e9decin d\u00e9voile un \u00e9l\u00e9ment d\u00e9terminant","datePublished":"2025-12-12T14:23:52+00:00","dateModified":"2025-12-12T16:01:55+00:00","mainEntityOfPage":{"@id":"https:\/\/macite.tg\/?p=26807"},"wordCount":672,"commentCount":0,"image":{"@id":"https:\/\/macite.tg\/?p=26807#primaryimage"},"thumbnailUrl":"https:\/\/macite.tg\/wp-content\/uploads\/2025\/05\/image.png","articleSection":["ACTUALITE","POLITIQUE"],"inLanguage":"fr-FR","potentialAction":[{"@type":"CommentAction","name":"Comment","target":["https:\/\/macite.tg\/?p=26807#respond"]}]},{"@type":"WebPage","@id":"https:\/\/macite.tg\/?p=26807","url":"https:\/\/macite.tg\/?p=26807","name":"DONALD TRUMP\u00a0: La rumeur sur l\u2019\u00e9tat de sant\u00e9 du \u2018\u2019vieux\u2019\u2019 pr\u00e9sident am\u00e9ricain (79 ans) \u2026 son m\u00e9decin d\u00e9voile un \u00e9l\u00e9ment d\u00e9terminant -","isPartOf":{"@id":"https:\/\/macite.tg\/#website"},"primaryImageOfPage":{"@id":"https:\/\/macite.tg\/?p=26807#primaryimage"},"image":{"@id":"https:\/\/macite.tg\/?p=26807#primaryimage"},"thumbnailUrl":"https:\/\/macite.tg\/wp-content\/uploads\/2025\/05\/image.png","datePublished":"2025-12-12T14:23:52+00:00","dateModified":"2025-12-12T16:01:55+00:00","author":{"@id":"https:\/\/macite.tg\/#\/schema\/person\/e9f2de7e5dbbe7770a9402c7ce82f5c2"},"breadcrumb":{"@id":"https:\/\/macite.tg\/?p=26807#breadcrumb"},"inLanguage":"fr-FR","potentialAction":[{"@type":"ReadAction","target":["https:\/\/macite.tg\/?p=26807"]}]},{"@type":"ImageObject","inLanguage":"fr-FR","@id":"https:\/\/macite.tg\/?p=26807#primaryimage","url":"https:\/\/macite.tg\/wp-content\/uploads\/2025\/05\/image.png","contentUrl":"https:\/\/macite.tg\/wp-content\/uploads\/2025\/05\/image.png","width":451,"height":266,"caption":"Le pr\u00e9sident am\u00e9rcain Donald Trump"},{"@type":"BreadcrumbList","@id":"https:\/\/macite.tg\/?p=26807#breadcrumb","itemListElement":[{"@type":"ListItem","position":1,"name":"Accueil","item":"https:\/\/macite.tg\/"},{"@type":"ListItem","position":2,"name":"DONALD TRUMP\u00a0: La rumeur sur l\u2019\u00e9tat de sant\u00e9 du \u2018\u2019vieux\u2019\u2019 pr\u00e9sident am\u00e9ricain (79 ans) \u2026 son m\u00e9decin d\u00e9voile un \u00e9l\u00e9ment d\u00e9terminant"}]},{"@type":"WebSite","@id":"https:\/\/macite.tg\/#website","url":"https:\/\/macite.tg\/","name":"","description":"L&#039;information, la bonne!!!","potentialAction":[{"@type":"SearchAction","target":{"@type":"EntryPoint","urlTemplate":"https:\/\/macite.tg\/?s={search_term_string}"},"query-input":{"@type":"PropertyValueSpecification","valueRequired":true,"valueName":"search_term_string"}}],"inLanguage":"fr-FR"},{"@type":"Person","@id":"https:\/\/macite.tg\/#\/schema\/person\/e9f2de7e5dbbe7770a9402c7ce82f5c2","name":"Jean Pierre BAWELA","image":{"@type":"ImageObject","inLanguage":"fr-FR","@id":"https:\/\/macite.tg\/wp-content\/uploads\/2023\/09\/WhatsApp-Image-2023-09-19-at-14.44.41-122x122.jpeg","url":"https:\/\/macite.tg\/wp-content\/uploads\/2023\/09\/WhatsApp-Image-2023-09-19-at-14.44.41-122x122.jpeg","contentUrl":"https:\/\/macite.tg\/wp-content\/uploads\/2023\/09\/WhatsApp-Image-2023-09-19-at-14.44.41-122x122.jpeg","caption":"Jean Pierre BAWELA"},"url":"https:\/\/macite.tg\/?author=2"}]}},"_links":{"self":[{"href":"https:\/\/macite.tg\/index.php?rest_route=\/wp\/v2\/posts\/26807","targetHints":{"allow":["GET"]}}],"collection":[{"href":"https:\/\/macite.tg\/index.php?rest_route=\/wp\/v2\/posts"}],"about":[{"href":"https:\/\/macite.tg\/index.php?rest_route=\/wp\/v2\/types\/post"}],"author":[{"embeddable":true,"href":"https:\/\/macite.tg\/index.php?rest_route=\/wp\/v2\/users\/2"}],"replies":[{"embeddable":true,"href":"https:\/\/macite.tg\/index.php?rest_route=%2Fwp%2Fv2%2Fcomments&post=26807"}],"version-history":[{"count":0,"href":"https:\/\/macite.tg\/index.php?rest_route=\/wp\/v2\/posts\/26807\/revisions"}],"wp:featuredmedia":[{"embeddable":true,"href":"https:\/\/macite.tg\/index.php?rest_route=\/wp\/v2\/media\/21760"}],"wp:attachment":[{"href":"https:\/\/macite.tg\/index.php?rest_route=%2Fwp%2Fv2%2Fmedia&parent=26807"}],"wp:term":[{"taxonomy":"category","embeddable":true,"href":"https:\/\/macite.tg\/index.php?rest_route=%2Fwp%2Fv2%2Fcategories&post=26807"},{"taxonomy":"post_tag","embeddable":true,"href":"https:\/\/macite.tg\/index.php?rest_route=%2Fwp%2Fv2%2Ftags&post=26807"}],"curies":[{"name":"wp","href":"https:\/\/api.w.org\/{rel}","templated":true}]}}