{"id":26803,"date":"2025-12-12T11:16:07","date_gmt":"2025-12-12T11:16:07","guid":{"rendered":"https:\/\/macite.tg\/?p=26803"},"modified":"2025-12-12T11:16:30","modified_gmt":"2025-12-12T11:16:30","slug":"classement-20-maitres-du-monde-ousmane-sonko-dans-la-cour-des-grands-aux-cotes-de-trump","status":"publish","type":"post","link":"https:\/\/macite.tg\/?p=26803","title":{"rendered":"CLASSEMENT 20 \u00ab\u00a0MAITRES DU MONDE\u00a0\u00bb\u00a0: Ousmane Sonko dans la cour des grands, aux c\u00f4t\u00e9s de Trump"},"content":{"rendered":"\n<p class=\"wp-block-paragraph\"><strong><em>Ousmane Sonko, leader de Pastef et actuel Premier ministre du S\u00e9n\u00e9gal, figure d\u00e9sormais parmi les vingt personnalit\u00e9s les plus influentes au monde. Cette distinction appara\u00eet dans l\u2019ouvrage \u201cLes ma\u00eetres du monde\u201d, coordonn\u00e9 par Pascal Boniface, fondateur et directeur de l\u2019Institut de Relations Internationales et Strat\u00e9giques (IRIS).<\/em><\/strong><\/p>\n\n\n\n<p class=\"wp-block-paragraph\">Dans ce classement, Sonko c\u00f4toie des figures internationales telles que Donald Trump, Elon Musk ou encore Vladimir Poutine.<\/p>\n\n\n\n<p class=\"wp-block-paragraph\">Interrog\u00e9 par Kirinapost \u2014 propos ensuite repris par IRIS \u2014 Pascal Boniface (auteur de l\u2019ouvrage) explique les raisons qui ont motiv\u00e9 ce choix. Selon lui : <em>\u00ab Le cas d\u2019Ousmane Sonko est particuli\u00e8rement int\u00e9ressant parce qu\u2019il tient un discours d\u2019ind\u00e9pendance nationale r\u00e9elle et qui n\u2019est pas le masque d\u2019un coup d\u2019\u00c9tat militaire, comme cela a pu \u00eatre le cas dans certains \u00c9tats d\u2019Afrique de l\u2019Ouest. \u00bb<\/em><\/p>\n\n\n\n<figure class=\"wp-block-image size-large\"><img loading=\"lazy\" decoding=\"async\" width=\"1024\" height=\"392\" src=\"https:\/\/macite.tg\/wp-content\/uploads\/2025\/12\/8d9cf208-3716-4e73-bc0c-3341ae213e6b-1024x392.jpg\" alt=\"\" class=\"wp-image-26779\" srcset=\"https:\/\/macite.tg\/wp-content\/uploads\/2025\/12\/8d9cf208-3716-4e73-bc0c-3341ae213e6b-1024x392.jpg 1024w, https:\/\/macite.tg\/wp-content\/uploads\/2025\/12\/8d9cf208-3716-4e73-bc0c-3341ae213e6b-300x115.jpg 300w, https:\/\/macite.tg\/wp-content\/uploads\/2025\/12\/8d9cf208-3716-4e73-bc0c-3341ae213e6b-768x294.jpg 768w, https:\/\/macite.tg\/wp-content\/uploads\/2025\/12\/8d9cf208-3716-4e73-bc0c-3341ae213e6b.jpg 1080w\" sizes=\"auto, (max-width: 1024px) 100vw, 1024px\" \/><\/figure>\n\n\n\n<p class=\"wp-block-paragraph\">Il souligne \u00e9galement la port\u00e9e politique du Premier ministre : <em>\u00ab Sa popularit\u00e9 est av\u00e9r\u00e9e au sein de la population s\u00e9n\u00e9galaise, et au-del\u00e0, il marque une nouvelle voix pour red\u00e9finir les relations du S\u00e9n\u00e9gal avec la France qui sort \u00e0 la fois des relations de client\u00e9lisme traditionnelles, mais \u00e9galement des affrontements st\u00e9riles. Il peut r\u00e9ellement \u00eatre un \u2018game changer\u2019. \u00bb<\/em><\/p>\n\n\n\n<p class=\"wp-block-paragraph\">Pour Pascal Boniface, le discours de Sonko sur la souverainet\u00e9 est \u00e9troitement li\u00e9 \u00e0 la fois \u00e0 ses convictions et \u00e0 l\u2019\u00e9tat d\u2019esprit d\u2019une large partie de la soci\u00e9t\u00e9 : <\/p>\n\n\n<div class=\"wp-block-image\">\n<figure class=\"aligncenter size-large\"><img loading=\"lazy\" decoding=\"async\" width=\"723\" height=\"1024\" src=\"https:\/\/macite.tg\/wp-content\/uploads\/2025\/12\/1a88bc4e-bab8-4cbf-bc7e-8b8cf32bb810-723x1024.jpg\" alt=\"\" class=\"wp-image-26728\" srcset=\"https:\/\/macite.tg\/wp-content\/uploads\/2025\/12\/1a88bc4e-bab8-4cbf-bc7e-8b8cf32bb810-723x1024.jpg 723w, https:\/\/macite.tg\/wp-content\/uploads\/2025\/12\/1a88bc4e-bab8-4cbf-bc7e-8b8cf32bb810-212x300.jpg 212w, https:\/\/macite.tg\/wp-content\/uploads\/2025\/12\/1a88bc4e-bab8-4cbf-bc7e-8b8cf32bb810.jpg 763w\" sizes=\"auto, (max-width: 723px) 100vw, 723px\" \/><\/figure>\n<\/div>\n\n\n<p class=\"wp-block-paragraph\"><em>\u00ab Son discours sur la souverainet\u00e9 correspond \u00e0 la fois \u00e0 ses convictions profondes, mais aussi aux aspirations de sa population, notamment de la jeunesse. Il ne refl\u00e8te pas, comme dans d\u2019autres cas, la soif d\u2019un pouvoir personnel ou ne constitue pas une fa\u00e7on facile de d\u00e9tourner l\u2019attention sur les probl\u00e8mes r\u00e9els que peut rencontrer un pays. \u00bb<\/em><\/p>\n\n\n\n<p class=\"wp-block-paragraph\"><strong>SeneNews<\/strong><\/p>\n\n\n\n<p class=\"wp-block-paragraph\"><a><strong><em>@macite.tg&nbsp;&nbsp;&nbsp;&nbsp;&nbsp;&nbsp;&nbsp;&nbsp;<\/em><\/strong><\/a><\/p>\n\n\n\n<p class=\"wp-block-paragraph\"><strong><em>E-mail&nbsp;: <\/em><\/strong><a href=\"mailto:maciteinfo@gmail.com\"><strong><em>maciteinfo@gmail.com<\/em><\/strong><\/a><strong><em>; <\/em><\/strong><a href=\"mailto:bawela1@gmail.com\"><strong><em>bawela1@gmail.com<\/em><\/strong><\/a><strong><em><\/em><\/strong><\/p>\n\n\n\n<p class=\"wp-block-paragraph\"><strong><em>Pour vos annonces, (publi)reportages, etc., joignez-nous au (00228)91515309\/<strong>79872224 <\/strong><strong><\/strong><\/em><\/strong><\/p>\n\n\n\n<p class=\"wp-block-paragraph\"><strong><em>www.macite.tg, L\u2019information, la bonne&nbsp;!<\/em><\/strong><\/p>\n\n\n\n<p class=\"wp-block-paragraph\"><\/p>\n","protected":false},"excerpt":{"rendered":"<p class=\"text-justify mb-2\" >Ousmane Sonko, leader de Pastef et actuel Premier ministre du S\u00e9n\u00e9gal, figure d\u00e9sormais parmi les vingt personnalit\u00e9s les plus influentes au monde. Cette distinction appara\u00eet dans l\u2019ouvrage \u201cLes ma\u00eetres du monde\u201d, coordonn\u00e9 par Pascal Boniface, fondateur et directeur de l\u2019Institut de Relations Internationales et Strat\u00e9giques [&hellip;]<\/p>\n","protected":false},"author":2,"featured_media":26805,"comment_status":"open","ping_status":"open","sticky":false,"template":"","format":"standard","meta":{"footnotes":""},"categories":[20],"tags":[],"class_list":["post-26803","post","type-post","status-publish","format-standard","has-post-thumbnail","hentry","category-actualite"],"yoast_head":"<!-- This site is optimized with the Yoast SEO plugin v28.4 - https:\/\/yoast.com\/product\/yoast-seo-wordpress\/ -->\n<title>CLASSEMENT 20 \u00ab\u00a0MAITRES DU MONDE\u00a0\u00bb\u00a0: Ousmane Sonko dans la cour des grands, aux c\u00f4t\u00e9s de Trump -<\/title>\n<meta name=\"robots\" content=\"index, follow, max-snippet:-1, max-image-preview:large, max-video-preview:-1\" \/>\n<link rel=\"canonical\" href=\"https:\/\/macite.tg\/?p=26803\" \/>\n<meta property=\"og:locale\" content=\"fr_FR\" \/>\n<meta property=\"og:type\" content=\"article\" \/>\n<meta property=\"og:title\" content=\"CLASSEMENT 20 \u00ab\u00a0MAITRES DU MONDE\u00a0\u00bb\u00a0: Ousmane Sonko dans la cour des grands, aux c\u00f4t\u00e9s de Trump -\" \/>\n<meta property=\"og:description\" content=\"Ousmane Sonko, leader de Pastef et actuel Premier ministre du S\u00e9n\u00e9gal, figure d\u00e9sormais parmi les vingt personnalit\u00e9s les plus influentes au monde. Cette distinction appara\u00eet dans l\u2019ouvrage \u201cLes ma\u00eetres du monde\u201d, coordonn\u00e9 par Pascal Boniface, fondateur et directeur de l\u2019Institut de Relations Internationales et Strat\u00e9giques [&hellip;]\" \/>\n<meta property=\"og:url\" content=\"https:\/\/macite.tg\/?p=26803\" \/>\n<meta property=\"article:published_time\" content=\"2025-12-12T11:16:07+00:00\" \/>\n<meta property=\"article:modified_time\" content=\"2025-12-12T11:16:30+00:00\" \/>\n<meta property=\"og:image\" content=\"https:\/\/macite.tg\/wp-content\/uploads\/2025\/12\/Sonko.png\" \/>\n\t<meta property=\"og:image:width\" content=\"500\" \/>\n\t<meta property=\"og:image:height\" content=\"317\" \/>\n\t<meta property=\"og:image:type\" content=\"image\/png\" \/>\n<meta name=\"author\" content=\"Jean Pierre BAWELA\" \/>\n<meta name=\"twitter:card\" content=\"summary_large_image\" \/>\n<meta name=\"twitter:label1\" content=\"\u00c9crit par\" \/>\n\t<meta name=\"twitter:data1\" content=\"Jean Pierre BAWELA\" \/>\n\t<meta name=\"twitter:label2\" content=\"Dur\u00e9e de lecture estim\u00e9e\" \/>\n\t<meta name=\"twitter:data2\" content=\"3 minutes\" \/>\n<script type=\"application\/ld+json\" class=\"yoast-schema-graph\">{\"@context\":\"https:\\\/\\\/schema.org\",\"@graph\":[{\"@type\":\"Article\",\"@id\":\"https:\\\/\\\/macite.tg\\\/?p=26803#article\",\"isPartOf\":{\"@id\":\"https:\\\/\\\/macite.tg\\\/?p=26803\"},\"author\":{\"name\":\"Jean Pierre BAWELA\",\"@id\":\"https:\\\/\\\/macite.tg\\\/#\\\/schema\\\/person\\\/e9f2de7e5dbbe7770a9402c7ce82f5c2\"},\"headline\":\"CLASSEMENT 20 \u00ab\u00a0MAITRES DU MONDE\u00a0\u00bb\u00a0: Ousmane Sonko dans la cour des grands, aux c\u00f4t\u00e9s de Trump\",\"datePublished\":\"2025-12-12T11:16:07+00:00\",\"dateModified\":\"2025-12-12T11:16:30+00:00\",\"mainEntityOfPage\":{\"@id\":\"https:\\\/\\\/macite.tg\\\/?p=26803\"},\"wordCount\":359,\"commentCount\":0,\"image\":{\"@id\":\"https:\\\/\\\/macite.tg\\\/?p=26803#primaryimage\"},\"thumbnailUrl\":\"https:\\\/\\\/macite.tg\\\/wp-content\\\/uploads\\\/2025\\\/12\\\/Sonko.png\",\"articleSection\":[\"ACTUALITE\"],\"inLanguage\":\"fr-FR\",\"potentialAction\":[{\"@type\":\"CommentAction\",\"name\":\"Comment\",\"target\":[\"https:\\\/\\\/macite.tg\\\/?p=26803#respond\"]}]},{\"@type\":\"WebPage\",\"@id\":\"https:\\\/\\\/macite.tg\\\/?p=26803\",\"url\":\"https:\\\/\\\/macite.tg\\\/?p=26803\",\"name\":\"CLASSEMENT 20 \u00ab\u00a0MAITRES DU MONDE\u00a0\u00bb\u00a0: Ousmane Sonko dans la cour des grands, aux c\u00f4t\u00e9s de Trump -\",\"isPartOf\":{\"@id\":\"https:\\\/\\\/macite.tg\\\/#website\"},\"primaryImageOfPage\":{\"@id\":\"https:\\\/\\\/macite.tg\\\/?p=26803#primaryimage\"},\"image\":{\"@id\":\"https:\\\/\\\/macite.tg\\\/?p=26803#primaryimage\"},\"thumbnailUrl\":\"https:\\\/\\\/macite.tg\\\/wp-content\\\/uploads\\\/2025\\\/12\\\/Sonko.png\",\"datePublished\":\"2025-12-12T11:16:07+00:00\",\"dateModified\":\"2025-12-12T11:16:30+00:00\",\"author\":{\"@id\":\"https:\\\/\\\/macite.tg\\\/#\\\/schema\\\/person\\\/e9f2de7e5dbbe7770a9402c7ce82f5c2\"},\"breadcrumb\":{\"@id\":\"https:\\\/\\\/macite.tg\\\/?p=26803#breadcrumb\"},\"inLanguage\":\"fr-FR\",\"potentialAction\":[{\"@type\":\"ReadAction\",\"target\":[\"https:\\\/\\\/macite.tg\\\/?p=26803\"]}]},{\"@type\":\"ImageObject\",\"inLanguage\":\"fr-FR\",\"@id\":\"https:\\\/\\\/macite.tg\\\/?p=26803#primaryimage\",\"url\":\"https:\\\/\\\/macite.tg\\\/wp-content\\\/uploads\\\/2025\\\/12\\\/Sonko.png\",\"contentUrl\":\"https:\\\/\\\/macite.tg\\\/wp-content\\\/uploads\\\/2025\\\/12\\\/Sonko.png\",\"width\":500,\"height\":317},{\"@type\":\"BreadcrumbList\",\"@id\":\"https:\\\/\\\/macite.tg\\\/?p=26803#breadcrumb\",\"itemListElement\":[{\"@type\":\"ListItem\",\"position\":1,\"name\":\"Accueil\",\"item\":\"https:\\\/\\\/macite.tg\\\/\"},{\"@type\":\"ListItem\",\"position\":2,\"name\":\"CLASSEMENT 20 \u00ab\u00a0MAITRES DU MONDE\u00a0\u00bb\u00a0: Ousmane Sonko dans la cour des grands, aux c\u00f4t\u00e9s de Trump\"}]},{\"@type\":\"WebSite\",\"@id\":\"https:\\\/\\\/macite.tg\\\/#website\",\"url\":\"https:\\\/\\\/macite.tg\\\/\",\"name\":\"\",\"description\":\"L&#039;information, la bonne!!!\",\"potentialAction\":[{\"@type\":\"SearchAction\",\"target\":{\"@type\":\"EntryPoint\",\"urlTemplate\":\"https:\\\/\\\/macite.tg\\\/?s={search_term_string}\"},\"query-input\":{\"@type\":\"PropertyValueSpecification\",\"valueRequired\":true,\"valueName\":\"search_term_string\"}}],\"inLanguage\":\"fr-FR\"},{\"@type\":\"Person\",\"@id\":\"https:\\\/\\\/macite.tg\\\/#\\\/schema\\\/person\\\/e9f2de7e5dbbe7770a9402c7ce82f5c2\",\"name\":\"Jean Pierre BAWELA\",\"image\":{\"@type\":\"ImageObject\",\"inLanguage\":\"fr-FR\",\"@id\":\"https:\\\/\\\/macite.tg\\\/wp-content\\\/uploads\\\/2023\\\/09\\\/WhatsApp-Image-2023-09-19-at-14.44.41-122x122.jpeg\",\"url\":\"https:\\\/\\\/macite.tg\\\/wp-content\\\/uploads\\\/2023\\\/09\\\/WhatsApp-Image-2023-09-19-at-14.44.41-122x122.jpeg\",\"contentUrl\":\"https:\\\/\\\/macite.tg\\\/wp-content\\\/uploads\\\/2023\\\/09\\\/WhatsApp-Image-2023-09-19-at-14.44.41-122x122.jpeg\",\"caption\":\"Jean Pierre BAWELA\"},\"url\":\"https:\\\/\\\/macite.tg\\\/?author=2\"}]}<\/script>\n<!-- \/ Yoast SEO plugin. -->","yoast_head_json":{"title":"CLASSEMENT 20 \u00ab\u00a0MAITRES DU MONDE\u00a0\u00bb\u00a0: Ousmane Sonko dans la cour des grands, aux c\u00f4t\u00e9s de Trump -","robots":{"index":"index","follow":"follow","max-snippet":"max-snippet:-1","max-image-preview":"max-image-preview:large","max-video-preview":"max-video-preview:-1"},"canonical":"https:\/\/macite.tg\/?p=26803","og_locale":"fr_FR","og_type":"article","og_title":"CLASSEMENT 20 \u00ab\u00a0MAITRES DU MONDE\u00a0\u00bb\u00a0: Ousmane Sonko dans la cour des grands, aux c\u00f4t\u00e9s de Trump -","og_description":"Ousmane Sonko, leader de Pastef et actuel Premier ministre du S\u00e9n\u00e9gal, figure d\u00e9sormais parmi les vingt personnalit\u00e9s les plus influentes au monde. Cette distinction appara\u00eet dans l\u2019ouvrage \u201cLes ma\u00eetres du monde\u201d, coordonn\u00e9 par Pascal Boniface, fondateur et directeur de l\u2019Institut de Relations Internationales et Strat\u00e9giques [&hellip;]","og_url":"https:\/\/macite.tg\/?p=26803","article_published_time":"2025-12-12T11:16:07+00:00","article_modified_time":"2025-12-12T11:16:30+00:00","og_image":[{"width":500,"height":317,"url":"https:\/\/macite.tg\/wp-content\/uploads\/2025\/12\/Sonko.png","type":"image\/png"}],"author":"Jean Pierre BAWELA","twitter_card":"summary_large_image","twitter_misc":{"\u00c9crit par":"Jean Pierre BAWELA","Dur\u00e9e de lecture estim\u00e9e":"3 minutes"},"schema":{"@context":"https:\/\/schema.org","@graph":[{"@type":"Article","@id":"https:\/\/macite.tg\/?p=26803#article","isPartOf":{"@id":"https:\/\/macite.tg\/?p=26803"},"author":{"name":"Jean Pierre BAWELA","@id":"https:\/\/macite.tg\/#\/schema\/person\/e9f2de7e5dbbe7770a9402c7ce82f5c2"},"headline":"CLASSEMENT 20 \u00ab\u00a0MAITRES DU MONDE\u00a0\u00bb\u00a0: Ousmane Sonko dans la cour des grands, aux c\u00f4t\u00e9s de Trump","datePublished":"2025-12-12T11:16:07+00:00","dateModified":"2025-12-12T11:16:30+00:00","mainEntityOfPage":{"@id":"https:\/\/macite.tg\/?p=26803"},"wordCount":359,"commentCount":0,"image":{"@id":"https:\/\/macite.tg\/?p=26803#primaryimage"},"thumbnailUrl":"https:\/\/macite.tg\/wp-content\/uploads\/2025\/12\/Sonko.png","articleSection":["ACTUALITE"],"inLanguage":"fr-FR","potentialAction":[{"@type":"CommentAction","name":"Comment","target":["https:\/\/macite.tg\/?p=26803#respond"]}]},{"@type":"WebPage","@id":"https:\/\/macite.tg\/?p=26803","url":"https:\/\/macite.tg\/?p=26803","name":"CLASSEMENT 20 \u00ab\u00a0MAITRES DU MONDE\u00a0\u00bb\u00a0: Ousmane Sonko dans la cour des grands, aux c\u00f4t\u00e9s de Trump -","isPartOf":{"@id":"https:\/\/macite.tg\/#website"},"primaryImageOfPage":{"@id":"https:\/\/macite.tg\/?p=26803#primaryimage"},"image":{"@id":"https:\/\/macite.tg\/?p=26803#primaryimage"},"thumbnailUrl":"https:\/\/macite.tg\/wp-content\/uploads\/2025\/12\/Sonko.png","datePublished":"2025-12-12T11:16:07+00:00","dateModified":"2025-12-12T11:16:30+00:00","author":{"@id":"https:\/\/macite.tg\/#\/schema\/person\/e9f2de7e5dbbe7770a9402c7ce82f5c2"},"breadcrumb":{"@id":"https:\/\/macite.tg\/?p=26803#breadcrumb"},"inLanguage":"fr-FR","potentialAction":[{"@type":"ReadAction","target":["https:\/\/macite.tg\/?p=26803"]}]},{"@type":"ImageObject","inLanguage":"fr-FR","@id":"https:\/\/macite.tg\/?p=26803#primaryimage","url":"https:\/\/macite.tg\/wp-content\/uploads\/2025\/12\/Sonko.png","contentUrl":"https:\/\/macite.tg\/wp-content\/uploads\/2025\/12\/Sonko.png","width":500,"height":317},{"@type":"BreadcrumbList","@id":"https:\/\/macite.tg\/?p=26803#breadcrumb","itemListElement":[{"@type":"ListItem","position":1,"name":"Accueil","item":"https:\/\/macite.tg\/"},{"@type":"ListItem","position":2,"name":"CLASSEMENT 20 \u00ab\u00a0MAITRES DU MONDE\u00a0\u00bb\u00a0: Ousmane Sonko dans la cour des grands, aux c\u00f4t\u00e9s de Trump"}]},{"@type":"WebSite","@id":"https:\/\/macite.tg\/#website","url":"https:\/\/macite.tg\/","name":"","description":"L&#039;information, la bonne!!!","potentialAction":[{"@type":"SearchAction","target":{"@type":"EntryPoint","urlTemplate":"https:\/\/macite.tg\/?s={search_term_string}"},"query-input":{"@type":"PropertyValueSpecification","valueRequired":true,"valueName":"search_term_string"}}],"inLanguage":"fr-FR"},{"@type":"Person","@id":"https:\/\/macite.tg\/#\/schema\/person\/e9f2de7e5dbbe7770a9402c7ce82f5c2","name":"Jean Pierre BAWELA","image":{"@type":"ImageObject","inLanguage":"fr-FR","@id":"https:\/\/macite.tg\/wp-content\/uploads\/2023\/09\/WhatsApp-Image-2023-09-19-at-14.44.41-122x122.jpeg","url":"https:\/\/macite.tg\/wp-content\/uploads\/2023\/09\/WhatsApp-Image-2023-09-19-at-14.44.41-122x122.jpeg","contentUrl":"https:\/\/macite.tg\/wp-content\/uploads\/2023\/09\/WhatsApp-Image-2023-09-19-at-14.44.41-122x122.jpeg","caption":"Jean Pierre BAWELA"},"url":"https:\/\/macite.tg\/?author=2"}]}},"_links":{"self":[{"href":"https:\/\/macite.tg\/index.php?rest_route=\/wp\/v2\/posts\/26803","targetHints":{"allow":["GET"]}}],"collection":[{"href":"https:\/\/macite.tg\/index.php?rest_route=\/wp\/v2\/posts"}],"about":[{"href":"https:\/\/macite.tg\/index.php?rest_route=\/wp\/v2\/types\/post"}],"author":[{"embeddable":true,"href":"https:\/\/macite.tg\/index.php?rest_route=\/wp\/v2\/users\/2"}],"replies":[{"embeddable":true,"href":"https:\/\/macite.tg\/index.php?rest_route=%2Fwp%2Fv2%2Fcomments&post=26803"}],"version-history":[{"count":0,"href":"https:\/\/macite.tg\/index.php?rest_route=\/wp\/v2\/posts\/26803\/revisions"}],"wp:featuredmedia":[{"embeddable":true,"href":"https:\/\/macite.tg\/index.php?rest_route=\/wp\/v2\/media\/26805"}],"wp:attachment":[{"href":"https:\/\/macite.tg\/index.php?rest_route=%2Fwp%2Fv2%2Fmedia&parent=26803"}],"wp:term":[{"taxonomy":"category","embeddable":true,"href":"https:\/\/macite.tg\/index.php?rest_route=%2Fwp%2Fv2%2Fcategories&post=26803"},{"taxonomy":"post_tag","embeddable":true,"href":"https:\/\/macite.tg\/index.php?rest_route=%2Fwp%2Fv2%2Ftags&post=26803"}],"curies":[{"name":"wp","href":"https:\/\/api.w.org\/{rel}","templated":true}]}}