{"id":26795,"date":"2025-12-11T13:46:20","date_gmt":"2025-12-11T13:46:20","guid":{"rendered":"https:\/\/macite.tg\/?p=26795"},"modified":"2025-12-11T13:46:35","modified_gmt":"2025-12-11T13:46:35","slug":"can-maroc-2025-canal-va-diffuser-lintegralite-des-matchs-les-televisions-africaines-gratuites-ecartees","status":"publish","type":"post","link":"https:\/\/macite.tg\/?p=26795","title":{"rendered":"CAN MAROC 2025\u00a0: Canal + va diffuser l\u2019int\u00e9gralit\u00e9 des matchs\u2026 les t\u00e9l\u00e9visions africaines gratuites \u00e9cart\u00e9es"},"content":{"rendered":"\n<p class=\"wp-block-paragraph\"><strong><em>Pour la premi\u00e8re fois depuis la cr\u00e9ation de la Coupe d\u2019Afrique des nations, les t\u00e9l\u00e9visions publiques et priv\u00e9es gratuites du continent, dont la RTI, ne pourront pas diffuser l\u2019int\u00e9gralit\u00e9 des rencontres. Bien qu\u2019elles aient pourtant pay\u00e9 leurs droits aupr\u00e8s de la CAF, les cha\u00eenes gratuites n\u2019auront acc\u00e8s qu\u2019\u00e0 32 matchs sur les 52 pr\u00e9vus pour la CAN 2025 au Maroc, qui d\u00e9bute le 21 d\u00e9cembre 2025.<\/em><\/strong><\/p>\n\n\n\n<p class=\"wp-block-paragraph\">Sauf revirement de derni\u00e8re minute, TOUTE la comp\u00e9tition sera diffus\u00e9e en exclusivit\u00e9 par Canal+, qui aurait impos\u00e9 cette condition \u00e0 la CAF apr\u00e8s le rachat du g\u00e9ant sud-africain Multichoice.Ainsi, la RTI \u2013 tout comme ses homologues africaines \u2013 sera priv\u00e9e d\u2019une partie des matchs de poule, et ne pourra diffuser que la moiti\u00e9 des huiti\u00e8mes, des quarts et des demi-finales.<\/p>\n\n\n\n<p class=\"wp-block-paragraph\">Une rupture totale avec une tradition panafricaine solidement install\u00e9e, permettant jusque-l\u00e0 aux cha\u00eenes nationales de proposer gratuitement l\u2019int\u00e9gralit\u00e9 de cette comp\u00e9tition financ\u00e9e en grande partie par les \u00c9tats africains eux-m\u00eames. Une privation d\u2019acc\u00e8s qui frappe en premier lieu les populations les plus modestes, incapables de s\u2019offrir un abonnement Canal+.<\/p>\n\n\n\n<figure class=\"wp-block-image size-large\"><img loading=\"lazy\" decoding=\"async\" width=\"1024\" height=\"392\" src=\"https:\/\/macite.tg\/wp-content\/uploads\/2025\/12\/8d9cf208-3716-4e73-bc0c-3341ae213e6b-1024x392.jpg\" alt=\"\" class=\"wp-image-26779\" srcset=\"https:\/\/macite.tg\/wp-content\/uploads\/2025\/12\/8d9cf208-3716-4e73-bc0c-3341ae213e6b-1024x392.jpg 1024w, https:\/\/macite.tg\/wp-content\/uploads\/2025\/12\/8d9cf208-3716-4e73-bc0c-3341ae213e6b-300x115.jpg 300w, https:\/\/macite.tg\/wp-content\/uploads\/2025\/12\/8d9cf208-3716-4e73-bc0c-3341ae213e6b-768x294.jpg 768w, https:\/\/macite.tg\/wp-content\/uploads\/2025\/12\/8d9cf208-3716-4e73-bc0c-3341ae213e6b.jpg 1080w\" sizes=\"auto, (max-width: 1024px) 100vw, 1024px\" \/><\/figure>\n\n\n\n<p class=\"wp-block-paragraph\">R\u00e9unies le 22 novembre 2025 \u00e0 Lom\u00e9, vingt cha\u00eenes gratuites africaines ont d\u00e9nonc\u00e9 le choix de la CAF. Elles affirment que Canal+ aurait propos\u00e9 une somme financi\u00e8re consid\u00e9rable en \u00e9change d\u2019une exclusivit\u00e9 totale sur les 52 matchs au b\u00e9n\u00e9fice de sa cha\u00eene Canal+ Sport, rel\u00e9guant au second plan les partenaires historiques que sont les t\u00e9l\u00e9visions publiques et priv\u00e9es du continent.<\/p>\n\n\n\n<p class=\"wp-block-paragraph\">Un directeur de t\u00e9l\u00e9vision au Cameroun s\u2019indigne <em>:\u00ab Comment la CAF peut-elle jouer le jeu de Canal+ et priver les t\u00e9l\u00e9visions nationales africaines, alors que ce sont les \u00c9tats qui financent la CAN ? Les cha\u00eenes africaines voient d\u00e9j\u00e0 les annonceurs se retirer apr\u00e8s l\u2019annonce de la r\u00e9duction de leurs droits de diffusion. \u00bb<\/em><\/p>\n\n\n\n<p class=\"wp-block-paragraph\">Cons\u00e9quence : des millions de t\u00e9l\u00e9spectateurs en Afrique d\u00e9couvriront qu\u2019ils ne pourront suivre ni la moiti\u00e9 des huiti\u00e8mes, ni la moiti\u00e9 des quarts, ni celle des demi-finales. Une situation jug\u00e9e <em>\u00ab catastrophique \u00bb<\/em> et porteuse d\u2019une forte frustration chez les passionn\u00e9s du football africain.<\/p>\n\n\n\n<p class=\"wp-block-paragraph\">Pour plusieurs observateurs, cette d\u00e9cision intervient dans un contexte domin\u00e9 par l\u2019expansion de Canal+ sur le continent. Le groupe fran\u00e7ais a acquis 94 % des parts du sud-africain Multichoice, propri\u00e9taire de DSTV et GOTV, pour environ 3 milliards de dollars. Finalis\u00e9e en septembre 2025, cette op\u00e9ration conf\u00e8re \u00e0 Canal+ une position quasi monopolistique sur la t\u00e9l\u00e9vision payante en Afrique, renfor\u00e7ant ainsi son influence aupr\u00e8s des dirigeants de la CAF.<\/p>\n\n\n\n<p class=\"wp-block-paragraph\">Un responsable des droits sportifs d\u2019une grande cha\u00eene nig\u00e9riane s\u2019insurge : <em>\u00ab C\u2019est une injustice historique. La CAN est une comp\u00e9tition africaine que les cha\u00eenes africaines doivent pouvoir diffuser dans son int\u00e9gralit\u00e9, comme cela a toujours \u00e9t\u00e9 le cas. \u00bb<\/em><\/p>\n\n\n\n<p class=\"wp-block-paragraph\">\u00c0 deux semaines du coup d\u2019envoi, une vingtaine de pays anglophones, francophones et lusophones ont form\u00e9 un collectif pour d\u00e9noncer une pratique qu\u2019ils jugent <em>\u00ab injuste et m\u00e9prisante \u00bb.<\/em><\/p>\n\n\n<div class=\"wp-block-image\">\n<figure class=\"aligncenter size-large\"><img loading=\"lazy\" decoding=\"async\" width=\"723\" height=\"1024\" src=\"https:\/\/macite.tg\/wp-content\/uploads\/2025\/12\/1a88bc4e-bab8-4cbf-bc7e-8b8cf32bb810-723x1024.jpg\" alt=\"\" class=\"wp-image-26728\" srcset=\"https:\/\/macite.tg\/wp-content\/uploads\/2025\/12\/1a88bc4e-bab8-4cbf-bc7e-8b8cf32bb810-723x1024.jpg 723w, https:\/\/macite.tg\/wp-content\/uploads\/2025\/12\/1a88bc4e-bab8-4cbf-bc7e-8b8cf32bb810-212x300.jpg 212w, https:\/\/macite.tg\/wp-content\/uploads\/2025\/12\/1a88bc4e-bab8-4cbf-bc7e-8b8cf32bb810.jpg 763w\" sizes=\"auto, (max-width: 723px) 100vw, 723px\" \/><\/figure>\n<\/div>\n\n\n<p class=\"wp-block-paragraph\">Ils affirment n\u2019avoir re\u00e7u aucune r\u00e9ponse de la CAF \u00e0 leur courrier officiel de novembre 2025 ni \u00e0 leur d\u00e9claration de Lom\u00e9.<\/p>\n\n\n\n<p class=\"wp-block-paragraph\">Un consultant s\u00e9n\u00e9galais sp\u00e9cialiste du football africain conclut <em>:\u00ab Les gouvernements devront expliquer aux populations pourquoi elles ne pourront pas suivre la CAN comme d\u2019habitude. Comment justifier que des citoyens doivent payer un abonnement Canal+ pour regarder une comp\u00e9tition financ\u00e9e par leurs propres \u00c9tats ? Le silence des dirigeants face au combat des t\u00e9l\u00e9visions nationales est incompr\u00e9hensible. \u00bb<\/em><\/p>\n\n\n\n<p class=\"wp-block-paragraph\"><strong>SyndiGate Media<\/strong><\/p>\n\n\n\n<p class=\"wp-block-paragraph\"><a><strong><em>@macite.tg&nbsp;&nbsp;&nbsp;&nbsp;&nbsp;&nbsp;&nbsp;&nbsp;<\/em><\/strong><\/a><\/p>\n\n\n\n<p class=\"wp-block-paragraph\"><strong><em>E-mail&nbsp;: <\/em><\/strong><a href=\"mailto:maciteinfo@gmail.com\"><strong><em>maciteinfo@gmail.com<\/em><\/strong><\/a><strong><em>; <\/em><\/strong><a href=\"mailto:bawela1@gmail.com\"><strong><em>bawela1@gmail.com<\/em><\/strong><\/a><strong><em><\/em><\/strong><\/p>\n\n\n\n<p class=\"wp-block-paragraph\"><strong><em>Pour vos annonces, (publi)reportages, etc., joignez-nous au (00228)91515309\/<strong>79872224 <\/strong><strong><\/strong><\/em><\/strong><\/p>\n\n\n\n<p class=\"wp-block-paragraph\"><strong><em>www.macite.tg, L\u2019information, la bonne&nbsp;!<\/em><\/strong><\/p>\n\n\n\n<p class=\"wp-block-paragraph\"><\/p>\n","protected":false},"excerpt":{"rendered":"<p class=\"text-justify mb-2\" >Pour la premi\u00e8re fois depuis la cr\u00e9ation de la Coupe d\u2019Afrique des nations, les t\u00e9l\u00e9visions publiques et priv\u00e9es gratuites du continent, dont la RTI, ne pourront pas diffuser l\u2019int\u00e9gralit\u00e9 des rencontres. Bien qu\u2019elles aient pourtant pay\u00e9 leurs droits aupr\u00e8s de la CAF, les cha\u00eenes gratuites [&hellip;]<\/p>\n","protected":false},"author":2,"featured_media":26796,"comment_status":"open","ping_status":"open","sticky":false,"template":"","format":"standard","meta":{"footnotes":""},"categories":[20,63,7],"tags":[],"class_list":["post-26795","post","type-post","status-publish","format-standard","has-post-thumbnail","hentry","category-actualite","category-football","category-sports"],"yoast_head":"<!-- This site is optimized with the Yoast SEO plugin v28.4 - https:\/\/yoast.com\/product\/yoast-seo-wordpress\/ -->\n<title>CAN MAROC 2025\u00a0: Canal + va diffuser l\u2019int\u00e9gralit\u00e9 des matchs\u2026 les t\u00e9l\u00e9visions africaines gratuites \u00e9cart\u00e9es -<\/title>\n<meta name=\"robots\" content=\"index, follow, max-snippet:-1, max-image-preview:large, max-video-preview:-1\" \/>\n<link rel=\"canonical\" href=\"https:\/\/macite.tg\/?p=26795\" \/>\n<meta property=\"og:locale\" content=\"fr_FR\" \/>\n<meta property=\"og:type\" content=\"article\" \/>\n<meta property=\"og:title\" content=\"CAN MAROC 2025\u00a0: Canal + va diffuser l\u2019int\u00e9gralit\u00e9 des matchs\u2026 les t\u00e9l\u00e9visions africaines gratuites \u00e9cart\u00e9es -\" \/>\n<meta property=\"og:description\" content=\"Pour la premi\u00e8re fois depuis la cr\u00e9ation de la Coupe d\u2019Afrique des nations, les t\u00e9l\u00e9visions publiques et priv\u00e9es gratuites du continent, dont la RTI, ne pourront pas diffuser l\u2019int\u00e9gralit\u00e9 des rencontres. Bien qu\u2019elles aient pourtant pay\u00e9 leurs droits aupr\u00e8s de la CAF, les cha\u00eenes gratuites [&hellip;]\" \/>\n<meta property=\"og:url\" content=\"https:\/\/macite.tg\/?p=26795\" \/>\n<meta property=\"article:published_time\" content=\"2025-12-11T13:46:20+00:00\" \/>\n<meta property=\"article:modified_time\" content=\"2025-12-11T13:46:35+00:00\" \/>\n<meta property=\"og:image\" content=\"https:\/\/macite.tg\/wp-content\/uploads\/2025\/12\/image-38.png\" \/>\n\t<meta property=\"og:image:width\" content=\"534\" \/>\n\t<meta property=\"og:image:height\" content=\"259\" \/>\n\t<meta property=\"og:image:type\" content=\"image\/png\" \/>\n<meta name=\"author\" content=\"Jean Pierre BAWELA\" \/>\n<meta name=\"twitter:card\" content=\"summary_large_image\" \/>\n<meta name=\"twitter:label1\" content=\"\u00c9crit par\" \/>\n\t<meta name=\"twitter:data1\" content=\"Jean Pierre BAWELA\" \/>\n\t<meta name=\"twitter:label2\" content=\"Dur\u00e9e de lecture estim\u00e9e\" \/>\n\t<meta name=\"twitter:data2\" content=\"4 minutes\" \/>\n<script type=\"application\/ld+json\" class=\"yoast-schema-graph\">{\"@context\":\"https:\\\/\\\/schema.org\",\"@graph\":[{\"@type\":\"Article\",\"@id\":\"https:\\\/\\\/macite.tg\\\/?p=26795#article\",\"isPartOf\":{\"@id\":\"https:\\\/\\\/macite.tg\\\/?p=26795\"},\"author\":{\"name\":\"Jean Pierre BAWELA\",\"@id\":\"https:\\\/\\\/macite.tg\\\/#\\\/schema\\\/person\\\/e9f2de7e5dbbe7770a9402c7ce82f5c2\"},\"headline\":\"CAN MAROC 2025\u00a0: Canal + va diffuser l\u2019int\u00e9gralit\u00e9 des matchs\u2026 les t\u00e9l\u00e9visions africaines gratuites \u00e9cart\u00e9es\",\"datePublished\":\"2025-12-11T13:46:20+00:00\",\"dateModified\":\"2025-12-11T13:46:35+00:00\",\"mainEntityOfPage\":{\"@id\":\"https:\\\/\\\/macite.tg\\\/?p=26795\"},\"wordCount\":673,\"commentCount\":0,\"image\":{\"@id\":\"https:\\\/\\\/macite.tg\\\/?p=26795#primaryimage\"},\"thumbnailUrl\":\"https:\\\/\\\/macite.tg\\\/wp-content\\\/uploads\\\/2025\\\/12\\\/image-38.png\",\"articleSection\":[\"ACTUALITE\",\"FOOTBALL\",\"SPORTS\"],\"inLanguage\":\"fr-FR\",\"potentialAction\":[{\"@type\":\"CommentAction\",\"name\":\"Comment\",\"target\":[\"https:\\\/\\\/macite.tg\\\/?p=26795#respond\"]}]},{\"@type\":\"WebPage\",\"@id\":\"https:\\\/\\\/macite.tg\\\/?p=26795\",\"url\":\"https:\\\/\\\/macite.tg\\\/?p=26795\",\"name\":\"CAN MAROC 2025\u00a0: Canal + va diffuser l\u2019int\u00e9gralit\u00e9 des matchs\u2026 les t\u00e9l\u00e9visions africaines gratuites \u00e9cart\u00e9es -\",\"isPartOf\":{\"@id\":\"https:\\\/\\\/macite.tg\\\/#website\"},\"primaryImageOfPage\":{\"@id\":\"https:\\\/\\\/macite.tg\\\/?p=26795#primaryimage\"},\"image\":{\"@id\":\"https:\\\/\\\/macite.tg\\\/?p=26795#primaryimage\"},\"thumbnailUrl\":\"https:\\\/\\\/macite.tg\\\/wp-content\\\/uploads\\\/2025\\\/12\\\/image-38.png\",\"datePublished\":\"2025-12-11T13:46:20+00:00\",\"dateModified\":\"2025-12-11T13:46:35+00:00\",\"author\":{\"@id\":\"https:\\\/\\\/macite.tg\\\/#\\\/schema\\\/person\\\/e9f2de7e5dbbe7770a9402c7ce82f5c2\"},\"breadcrumb\":{\"@id\":\"https:\\\/\\\/macite.tg\\\/?p=26795#breadcrumb\"},\"inLanguage\":\"fr-FR\",\"potentialAction\":[{\"@type\":\"ReadAction\",\"target\":[\"https:\\\/\\\/macite.tg\\\/?p=26795\"]}]},{\"@type\":\"ImageObject\",\"inLanguage\":\"fr-FR\",\"@id\":\"https:\\\/\\\/macite.tg\\\/?p=26795#primaryimage\",\"url\":\"https:\\\/\\\/macite.tg\\\/wp-content\\\/uploads\\\/2025\\\/12\\\/image-38.png\",\"contentUrl\":\"https:\\\/\\\/macite.tg\\\/wp-content\\\/uploads\\\/2025\\\/12\\\/image-38.png\",\"width\":534,\"height\":259},{\"@type\":\"BreadcrumbList\",\"@id\":\"https:\\\/\\\/macite.tg\\\/?p=26795#breadcrumb\",\"itemListElement\":[{\"@type\":\"ListItem\",\"position\":1,\"name\":\"Accueil\",\"item\":\"https:\\\/\\\/macite.tg\\\/\"},{\"@type\":\"ListItem\",\"position\":2,\"name\":\"CAN MAROC 2025\u00a0: Canal + va diffuser l\u2019int\u00e9gralit\u00e9 des matchs\u2026 les t\u00e9l\u00e9visions africaines gratuites \u00e9cart\u00e9es\"}]},{\"@type\":\"WebSite\",\"@id\":\"https:\\\/\\\/macite.tg\\\/#website\",\"url\":\"https:\\\/\\\/macite.tg\\\/\",\"name\":\"\",\"description\":\"L&#039;information, la bonne!!!\",\"potentialAction\":[{\"@type\":\"SearchAction\",\"target\":{\"@type\":\"EntryPoint\",\"urlTemplate\":\"https:\\\/\\\/macite.tg\\\/?s={search_term_string}\"},\"query-input\":{\"@type\":\"PropertyValueSpecification\",\"valueRequired\":true,\"valueName\":\"search_term_string\"}}],\"inLanguage\":\"fr-FR\"},{\"@type\":\"Person\",\"@id\":\"https:\\\/\\\/macite.tg\\\/#\\\/schema\\\/person\\\/e9f2de7e5dbbe7770a9402c7ce82f5c2\",\"name\":\"Jean Pierre BAWELA\",\"image\":{\"@type\":\"ImageObject\",\"inLanguage\":\"fr-FR\",\"@id\":\"https:\\\/\\\/macite.tg\\\/wp-content\\\/uploads\\\/2023\\\/09\\\/WhatsApp-Image-2023-09-19-at-14.44.41-122x122.jpeg\",\"url\":\"https:\\\/\\\/macite.tg\\\/wp-content\\\/uploads\\\/2023\\\/09\\\/WhatsApp-Image-2023-09-19-at-14.44.41-122x122.jpeg\",\"contentUrl\":\"https:\\\/\\\/macite.tg\\\/wp-content\\\/uploads\\\/2023\\\/09\\\/WhatsApp-Image-2023-09-19-at-14.44.41-122x122.jpeg\",\"caption\":\"Jean Pierre BAWELA\"},\"url\":\"https:\\\/\\\/macite.tg\\\/?author=2\"}]}<\/script>\n<!-- \/ Yoast SEO plugin. -->","yoast_head_json":{"title":"CAN MAROC 2025\u00a0: Canal + va diffuser l\u2019int\u00e9gralit\u00e9 des matchs\u2026 les t\u00e9l\u00e9visions africaines gratuites \u00e9cart\u00e9es -","robots":{"index":"index","follow":"follow","max-snippet":"max-snippet:-1","max-image-preview":"max-image-preview:large","max-video-preview":"max-video-preview:-1"},"canonical":"https:\/\/macite.tg\/?p=26795","og_locale":"fr_FR","og_type":"article","og_title":"CAN MAROC 2025\u00a0: Canal + va diffuser l\u2019int\u00e9gralit\u00e9 des matchs\u2026 les t\u00e9l\u00e9visions africaines gratuites \u00e9cart\u00e9es -","og_description":"Pour la premi\u00e8re fois depuis la cr\u00e9ation de la Coupe d\u2019Afrique des nations, les t\u00e9l\u00e9visions publiques et priv\u00e9es gratuites du continent, dont la RTI, ne pourront pas diffuser l\u2019int\u00e9gralit\u00e9 des rencontres. Bien qu\u2019elles aient pourtant pay\u00e9 leurs droits aupr\u00e8s de la CAF, les cha\u00eenes gratuites [&hellip;]","og_url":"https:\/\/macite.tg\/?p=26795","article_published_time":"2025-12-11T13:46:20+00:00","article_modified_time":"2025-12-11T13:46:35+00:00","og_image":[{"width":534,"height":259,"url":"https:\/\/macite.tg\/wp-content\/uploads\/2025\/12\/image-38.png","type":"image\/png"}],"author":"Jean Pierre BAWELA","twitter_card":"summary_large_image","twitter_misc":{"\u00c9crit par":"Jean Pierre BAWELA","Dur\u00e9e de lecture estim\u00e9e":"4 minutes"},"schema":{"@context":"https:\/\/schema.org","@graph":[{"@type":"Article","@id":"https:\/\/macite.tg\/?p=26795#article","isPartOf":{"@id":"https:\/\/macite.tg\/?p=26795"},"author":{"name":"Jean Pierre BAWELA","@id":"https:\/\/macite.tg\/#\/schema\/person\/e9f2de7e5dbbe7770a9402c7ce82f5c2"},"headline":"CAN MAROC 2025\u00a0: Canal + va diffuser l\u2019int\u00e9gralit\u00e9 des matchs\u2026 les t\u00e9l\u00e9visions africaines gratuites \u00e9cart\u00e9es","datePublished":"2025-12-11T13:46:20+00:00","dateModified":"2025-12-11T13:46:35+00:00","mainEntityOfPage":{"@id":"https:\/\/macite.tg\/?p=26795"},"wordCount":673,"commentCount":0,"image":{"@id":"https:\/\/macite.tg\/?p=26795#primaryimage"},"thumbnailUrl":"https:\/\/macite.tg\/wp-content\/uploads\/2025\/12\/image-38.png","articleSection":["ACTUALITE","FOOTBALL","SPORTS"],"inLanguage":"fr-FR","potentialAction":[{"@type":"CommentAction","name":"Comment","target":["https:\/\/macite.tg\/?p=26795#respond"]}]},{"@type":"WebPage","@id":"https:\/\/macite.tg\/?p=26795","url":"https:\/\/macite.tg\/?p=26795","name":"CAN MAROC 2025\u00a0: Canal + va diffuser l\u2019int\u00e9gralit\u00e9 des matchs\u2026 les t\u00e9l\u00e9visions africaines gratuites \u00e9cart\u00e9es -","isPartOf":{"@id":"https:\/\/macite.tg\/#website"},"primaryImageOfPage":{"@id":"https:\/\/macite.tg\/?p=26795#primaryimage"},"image":{"@id":"https:\/\/macite.tg\/?p=26795#primaryimage"},"thumbnailUrl":"https:\/\/macite.tg\/wp-content\/uploads\/2025\/12\/image-38.png","datePublished":"2025-12-11T13:46:20+00:00","dateModified":"2025-12-11T13:46:35+00:00","author":{"@id":"https:\/\/macite.tg\/#\/schema\/person\/e9f2de7e5dbbe7770a9402c7ce82f5c2"},"breadcrumb":{"@id":"https:\/\/macite.tg\/?p=26795#breadcrumb"},"inLanguage":"fr-FR","potentialAction":[{"@type":"ReadAction","target":["https:\/\/macite.tg\/?p=26795"]}]},{"@type":"ImageObject","inLanguage":"fr-FR","@id":"https:\/\/macite.tg\/?p=26795#primaryimage","url":"https:\/\/macite.tg\/wp-content\/uploads\/2025\/12\/image-38.png","contentUrl":"https:\/\/macite.tg\/wp-content\/uploads\/2025\/12\/image-38.png","width":534,"height":259},{"@type":"BreadcrumbList","@id":"https:\/\/macite.tg\/?p=26795#breadcrumb","itemListElement":[{"@type":"ListItem","position":1,"name":"Accueil","item":"https:\/\/macite.tg\/"},{"@type":"ListItem","position":2,"name":"CAN MAROC 2025\u00a0: Canal + va diffuser l\u2019int\u00e9gralit\u00e9 des matchs\u2026 les t\u00e9l\u00e9visions africaines gratuites \u00e9cart\u00e9es"}]},{"@type":"WebSite","@id":"https:\/\/macite.tg\/#website","url":"https:\/\/macite.tg\/","name":"","description":"L&#039;information, la bonne!!!","potentialAction":[{"@type":"SearchAction","target":{"@type":"EntryPoint","urlTemplate":"https:\/\/macite.tg\/?s={search_term_string}"},"query-input":{"@type":"PropertyValueSpecification","valueRequired":true,"valueName":"search_term_string"}}],"inLanguage":"fr-FR"},{"@type":"Person","@id":"https:\/\/macite.tg\/#\/schema\/person\/e9f2de7e5dbbe7770a9402c7ce82f5c2","name":"Jean Pierre BAWELA","image":{"@type":"ImageObject","inLanguage":"fr-FR","@id":"https:\/\/macite.tg\/wp-content\/uploads\/2023\/09\/WhatsApp-Image-2023-09-19-at-14.44.41-122x122.jpeg","url":"https:\/\/macite.tg\/wp-content\/uploads\/2023\/09\/WhatsApp-Image-2023-09-19-at-14.44.41-122x122.jpeg","contentUrl":"https:\/\/macite.tg\/wp-content\/uploads\/2023\/09\/WhatsApp-Image-2023-09-19-at-14.44.41-122x122.jpeg","caption":"Jean Pierre BAWELA"},"url":"https:\/\/macite.tg\/?author=2"}]}},"_links":{"self":[{"href":"https:\/\/macite.tg\/index.php?rest_route=\/wp\/v2\/posts\/26795","targetHints":{"allow":["GET"]}}],"collection":[{"href":"https:\/\/macite.tg\/index.php?rest_route=\/wp\/v2\/posts"}],"about":[{"href":"https:\/\/macite.tg\/index.php?rest_route=\/wp\/v2\/types\/post"}],"author":[{"embeddable":true,"href":"https:\/\/macite.tg\/index.php?rest_route=\/wp\/v2\/users\/2"}],"replies":[{"embeddable":true,"href":"https:\/\/macite.tg\/index.php?rest_route=%2Fwp%2Fv2%2Fcomments&post=26795"}],"version-history":[{"count":0,"href":"https:\/\/macite.tg\/index.php?rest_route=\/wp\/v2\/posts\/26795\/revisions"}],"wp:featuredmedia":[{"embeddable":true,"href":"https:\/\/macite.tg\/index.php?rest_route=\/wp\/v2\/media\/26796"}],"wp:attachment":[{"href":"https:\/\/macite.tg\/index.php?rest_route=%2Fwp%2Fv2%2Fmedia&parent=26795"}],"wp:term":[{"taxonomy":"category","embeddable":true,"href":"https:\/\/macite.tg\/index.php?rest_route=%2Fwp%2Fv2%2Fcategories&post=26795"},{"taxonomy":"post_tag","embeddable":true,"href":"https:\/\/macite.tg\/index.php?rest_route=%2Fwp%2Fv2%2Ftags&post=26795"}],"curies":[{"name":"wp","href":"https:\/\/api.w.org\/{rel}","templated":true}]}}