{"id":26790,"date":"2025-12-11T13:13:08","date_gmt":"2025-12-11T13:13:08","guid":{"rendered":"https:\/\/macite.tg\/?p=26790"},"modified":"2025-12-11T13:13:17","modified_gmt":"2025-12-11T13:13:17","slug":"rechauffement-de-laxe-lome-bogota-le-president-du-conseil-a-echange-avec-la-vice-presidente-de-colombie","status":"publish","type":"post","link":"https:\/\/macite.tg\/?p=26790","title":{"rendered":"RECHAUFFEMENT DE L\u2019AXE LOME \u2013 BOGOTA : Le Pr\u00e9sident du Conseil a \u00e9chang\u00e9 avec la Vice-pr\u00e9sidente de Colombie"},"content":{"rendered":"\n<p class=\"wp-block-paragraph\"><strong><em>En marge des travaux du 9<sup>\u00e8me<\/sup> Congr\u00e8s panafricain organis\u00e9 \u00e0 Lom\u00e9 autour du th\u00e8me&nbsp;: \u00ab\u202fLe renouveau du panafricanisme et le r\u00f4le de l\u2019Afrique dans la r\u00e9forme des institutions multilat\u00e9rales&nbsp;: mobiliser les ressources et se r\u00e9inventer pour agir\u202f\u00bb, le Pr\u00e9sident du conseil, Faure Essozimna Gnassingb\u00e9, a \u00e9chang\u00e9, hier mercredi 10 d\u00e9cembre, avec la Vice-pr\u00e9sidente de Colombie, Francia M\u00e1rquez.<\/em><\/strong><\/p>\n\n\n\n<p class=\"wp-block-paragraph\">Plusieurs sujets d\u2019int\u00e9r\u00eat commun \u00e9taient au menu des \u00e9changes entre les deux hautes personnalit\u00e9s. Il s\u2019agit notamment du renforcement du partenariat bilat\u00e9ral entre les deux pays, et la volont\u00e9 partag\u00e9e d\u2019approfondir les consultations politiques entre Lom\u00e9 et Bogota. Ils ont en outre mis l\u2019accent, lors des discussions, sur l\u2019importance d\u2019une coop\u00e9ration dynamique pour relever les d\u00e9fis li\u00e9s \u00e0 la paix, \u00e0 la s\u00e9curit\u00e9, \u00e0 l\u2019\u00e9conomie et \u00e0 l\u2019environnement.<\/p>\n\n\n\n<figure class=\"wp-block-image size-large\"><img loading=\"lazy\" decoding=\"async\" width=\"1024\" height=\"392\" src=\"https:\/\/macite.tg\/wp-content\/uploads\/2025\/12\/8d9cf208-3716-4e73-bc0c-3341ae213e6b-1024x392.jpg\" alt=\"\" class=\"wp-image-26779\" srcset=\"https:\/\/macite.tg\/wp-content\/uploads\/2025\/12\/8d9cf208-3716-4e73-bc0c-3341ae213e6b-1024x392.jpg 1024w, https:\/\/macite.tg\/wp-content\/uploads\/2025\/12\/8d9cf208-3716-4e73-bc0c-3341ae213e6b-300x115.jpg 300w, https:\/\/macite.tg\/wp-content\/uploads\/2025\/12\/8d9cf208-3716-4e73-bc0c-3341ae213e6b-768x294.jpg 768w, https:\/\/macite.tg\/wp-content\/uploads\/2025\/12\/8d9cf208-3716-4e73-bc0c-3341ae213e6b.jpg 1080w\" sizes=\"auto, (max-width: 1024px) 100vw, 1024px\" \/><\/figure>\n\n\n\n<p class=\"wp-block-paragraph\">L\u2019autre sujet qui a retenu l\u2019attention des dirigeants l\u2019examen des m\u00e9canismes pour une mise en \u0153uvre efficace des recommandations issues du 9<sup>e<\/sup>&nbsp;Congr\u00e8s panafricain.<\/p>\n\n\n\n<p class=\"wp-block-paragraph\">Notons qu\u2019\u00e0 la veille de cette rencontre, un m\u00e9morandum d\u2019entente \u00e9tablissant un cadre de consultations politiques entre Lom\u00e9 et Bogot\u00e1 avait \u00e9t\u00e9 sign\u00e9. <\/p>\n\n\n<div class=\"wp-block-image\">\n<figure class=\"aligncenter size-large\"><img loading=\"lazy\" decoding=\"async\" width=\"723\" height=\"1024\" src=\"https:\/\/macite.tg\/wp-content\/uploads\/2025\/12\/1a88bc4e-bab8-4cbf-bc7e-8b8cf32bb810-723x1024.jpg\" alt=\"\" class=\"wp-image-26728\" srcset=\"https:\/\/macite.tg\/wp-content\/uploads\/2025\/12\/1a88bc4e-bab8-4cbf-bc7e-8b8cf32bb810-723x1024.jpg 723w, https:\/\/macite.tg\/wp-content\/uploads\/2025\/12\/1a88bc4e-bab8-4cbf-bc7e-8b8cf32bb810-212x300.jpg 212w, https:\/\/macite.tg\/wp-content\/uploads\/2025\/12\/1a88bc4e-bab8-4cbf-bc7e-8b8cf32bb810.jpg 763w\" sizes=\"auto, (max-width: 723px) 100vw, 723px\" \/><\/figure>\n<\/div>\n\n\n<p class=\"wp-block-paragraph\">Cette signature, il faut le souligner, marque une \u00e9tape importante dans le renforcement du dialogue et de la coop\u00e9ration entre les deux pays.<\/p>\n\n\n\n<p class=\"wp-block-paragraph\"><strong>Mab\u00e9 B.<\/strong><\/p>\n\n\n\n<p class=\"wp-block-paragraph\"><a><strong><em>@macite.tg&nbsp;&nbsp;&nbsp;&nbsp;&nbsp;&nbsp;&nbsp;&nbsp;<\/em><\/strong><\/a><\/p>\n\n\n\n<p class=\"wp-block-paragraph\"><strong><em>E-mail&nbsp;: <\/em><\/strong><a href=\"mailto:maciteinfo@gmail.com\"><strong><em>maciteinfo@gmail.com<\/em><\/strong><\/a><strong><em>; <\/em><\/strong><a href=\"mailto:bawela1@gmail.com\"><strong><em>bawela1@gmail.com<\/em><\/strong><\/a><strong><em><\/em><\/strong><\/p>\n\n\n\n<p class=\"wp-block-paragraph\"><strong><em>Pour vos annonces, (publi)reportages, etc., joignez-nous au (00228)91515309\/<strong>79872224 <\/strong><strong><\/strong><\/em><\/strong><\/p>\n\n\n\n<p class=\"wp-block-paragraph\"><strong><em>www.macite.tg, L\u2019information, la bonne&nbsp;!<\/em><\/strong><\/p>\n\n\n\n<p class=\"wp-block-paragraph\"><\/p>\n","protected":false},"excerpt":{"rendered":"<p class=\"text-justify mb-2\" >En marge des travaux du 9\u00e8me Congr\u00e8s panafricain organis\u00e9 \u00e0 Lom\u00e9 autour du th\u00e8me&nbsp;: \u00ab\u202fLe renouveau du panafricanisme et le r\u00f4le de l\u2019Afrique dans la r\u00e9forme des institutions multilat\u00e9rales&nbsp;: mobiliser les ressources et se r\u00e9inventer pour agir\u202f\u00bb, le Pr\u00e9sident du conseil, Faure Essozimna Gnassingb\u00e9, a [&hellip;]<\/p>\n","protected":false},"author":2,"featured_media":26793,"comment_status":"open","ping_status":"open","sticky":false,"template":"","format":"standard","meta":{"footnotes":""},"categories":[20,8],"tags":[],"class_list":["post-26790","post","type-post","status-publish","format-standard","has-post-thumbnail","hentry","category-actualite","category-diplomatie"],"yoast_head":"<!-- This site is optimized with the Yoast SEO plugin v28.4 - https:\/\/yoast.com\/product\/yoast-seo-wordpress\/ -->\n<title>RECHAUFFEMENT DE L\u2019AXE LOME \u2013 BOGOTA : Le Pr\u00e9sident du Conseil a \u00e9chang\u00e9 avec la Vice-pr\u00e9sidente de Colombie -<\/title>\n<meta name=\"robots\" content=\"index, follow, max-snippet:-1, max-image-preview:large, max-video-preview:-1\" \/>\n<link rel=\"canonical\" href=\"https:\/\/macite.tg\/?p=26790\" \/>\n<meta property=\"og:locale\" content=\"fr_FR\" \/>\n<meta property=\"og:type\" content=\"article\" \/>\n<meta property=\"og:title\" content=\"RECHAUFFEMENT DE L\u2019AXE LOME \u2013 BOGOTA : Le Pr\u00e9sident du Conseil a \u00e9chang\u00e9 avec la Vice-pr\u00e9sidente de Colombie -\" \/>\n<meta property=\"og:description\" content=\"En marge des travaux du 9\u00e8me Congr\u00e8s panafricain organis\u00e9 \u00e0 Lom\u00e9 autour du th\u00e8me&nbsp;: \u00ab\u202fLe renouveau du panafricanisme et le r\u00f4le de l\u2019Afrique dans la r\u00e9forme des institutions multilat\u00e9rales&nbsp;: mobiliser les ressources et se r\u00e9inventer pour agir\u202f\u00bb, le Pr\u00e9sident du conseil, Faure Essozimna Gnassingb\u00e9, a [&hellip;]\" \/>\n<meta property=\"og:url\" content=\"https:\/\/macite.tg\/?p=26790\" \/>\n<meta property=\"article:published_time\" content=\"2025-12-11T13:13:08+00:00\" \/>\n<meta property=\"article:modified_time\" content=\"2025-12-11T13:13:17+00:00\" \/>\n<meta property=\"og:image\" content=\"https:\/\/macite.tg\/wp-content\/uploads\/2025\/12\/D1-1.jpg\" \/>\n\t<meta property=\"og:image:width\" content=\"500\" \/>\n\t<meta property=\"og:image:height\" content=\"333\" \/>\n\t<meta property=\"og:image:type\" content=\"image\/jpeg\" \/>\n<meta name=\"author\" content=\"Jean Pierre BAWELA\" \/>\n<meta name=\"twitter:card\" content=\"summary_large_image\" \/>\n<meta name=\"twitter:label1\" content=\"\u00c9crit par\" \/>\n\t<meta name=\"twitter:data1\" content=\"Jean Pierre BAWELA\" \/>\n\t<meta name=\"twitter:label2\" content=\"Dur\u00e9e de lecture estim\u00e9e\" \/>\n\t<meta name=\"twitter:data2\" content=\"2 minutes\" \/>\n<script type=\"application\/ld+json\" class=\"yoast-schema-graph\">{\"@context\":\"https:\\\/\\\/schema.org\",\"@graph\":[{\"@type\":\"Article\",\"@id\":\"https:\\\/\\\/macite.tg\\\/?p=26790#article\",\"isPartOf\":{\"@id\":\"https:\\\/\\\/macite.tg\\\/?p=26790\"},\"author\":{\"name\":\"Jean Pierre BAWELA\",\"@id\":\"https:\\\/\\\/macite.tg\\\/#\\\/schema\\\/person\\\/e9f2de7e5dbbe7770a9402c7ce82f5c2\"},\"headline\":\"RECHAUFFEMENT DE L\u2019AXE LOME \u2013 BOGOTA : Le Pr\u00e9sident du Conseil a \u00e9chang\u00e9 avec la Vice-pr\u00e9sidente de Colombie\",\"datePublished\":\"2025-12-11T13:13:08+00:00\",\"dateModified\":\"2025-12-11T13:13:17+00:00\",\"mainEntityOfPage\":{\"@id\":\"https:\\\/\\\/macite.tg\\\/?p=26790\"},\"wordCount\":283,\"commentCount\":0,\"image\":{\"@id\":\"https:\\\/\\\/macite.tg\\\/?p=26790#primaryimage\"},\"thumbnailUrl\":\"https:\\\/\\\/macite.tg\\\/wp-content\\\/uploads\\\/2025\\\/12\\\/D1-1.jpg\",\"articleSection\":[\"ACTUALITE\",\"DIPLOMATIE\"],\"inLanguage\":\"fr-FR\",\"potentialAction\":[{\"@type\":\"CommentAction\",\"name\":\"Comment\",\"target\":[\"https:\\\/\\\/macite.tg\\\/?p=26790#respond\"]}]},{\"@type\":\"WebPage\",\"@id\":\"https:\\\/\\\/macite.tg\\\/?p=26790\",\"url\":\"https:\\\/\\\/macite.tg\\\/?p=26790\",\"name\":\"RECHAUFFEMENT DE L\u2019AXE LOME \u2013 BOGOTA : Le Pr\u00e9sident du Conseil a \u00e9chang\u00e9 avec la Vice-pr\u00e9sidente de Colombie -\",\"isPartOf\":{\"@id\":\"https:\\\/\\\/macite.tg\\\/#website\"},\"primaryImageOfPage\":{\"@id\":\"https:\\\/\\\/macite.tg\\\/?p=26790#primaryimage\"},\"image\":{\"@id\":\"https:\\\/\\\/macite.tg\\\/?p=26790#primaryimage\"},\"thumbnailUrl\":\"https:\\\/\\\/macite.tg\\\/wp-content\\\/uploads\\\/2025\\\/12\\\/D1-1.jpg\",\"datePublished\":\"2025-12-11T13:13:08+00:00\",\"dateModified\":\"2025-12-11T13:13:17+00:00\",\"author\":{\"@id\":\"https:\\\/\\\/macite.tg\\\/#\\\/schema\\\/person\\\/e9f2de7e5dbbe7770a9402c7ce82f5c2\"},\"breadcrumb\":{\"@id\":\"https:\\\/\\\/macite.tg\\\/?p=26790#breadcrumb\"},\"inLanguage\":\"fr-FR\",\"potentialAction\":[{\"@type\":\"ReadAction\",\"target\":[\"https:\\\/\\\/macite.tg\\\/?p=26790\"]}]},{\"@type\":\"ImageObject\",\"inLanguage\":\"fr-FR\",\"@id\":\"https:\\\/\\\/macite.tg\\\/?p=26790#primaryimage\",\"url\":\"https:\\\/\\\/macite.tg\\\/wp-content\\\/uploads\\\/2025\\\/12\\\/D1-1.jpg\",\"contentUrl\":\"https:\\\/\\\/macite.tg\\\/wp-content\\\/uploads\\\/2025\\\/12\\\/D1-1.jpg\",\"width\":500,\"height\":333},{\"@type\":\"BreadcrumbList\",\"@id\":\"https:\\\/\\\/macite.tg\\\/?p=26790#breadcrumb\",\"itemListElement\":[{\"@type\":\"ListItem\",\"position\":1,\"name\":\"Accueil\",\"item\":\"https:\\\/\\\/macite.tg\\\/\"},{\"@type\":\"ListItem\",\"position\":2,\"name\":\"RECHAUFFEMENT DE L\u2019AXE LOME \u2013 BOGOTA : Le Pr\u00e9sident du Conseil a \u00e9chang\u00e9 avec la Vice-pr\u00e9sidente de Colombie\"}]},{\"@type\":\"WebSite\",\"@id\":\"https:\\\/\\\/macite.tg\\\/#website\",\"url\":\"https:\\\/\\\/macite.tg\\\/\",\"name\":\"\",\"description\":\"L&#039;information, la bonne!!!\",\"potentialAction\":[{\"@type\":\"SearchAction\",\"target\":{\"@type\":\"EntryPoint\",\"urlTemplate\":\"https:\\\/\\\/macite.tg\\\/?s={search_term_string}\"},\"query-input\":{\"@type\":\"PropertyValueSpecification\",\"valueRequired\":true,\"valueName\":\"search_term_string\"}}],\"inLanguage\":\"fr-FR\"},{\"@type\":\"Person\",\"@id\":\"https:\\\/\\\/macite.tg\\\/#\\\/schema\\\/person\\\/e9f2de7e5dbbe7770a9402c7ce82f5c2\",\"name\":\"Jean Pierre BAWELA\",\"image\":{\"@type\":\"ImageObject\",\"inLanguage\":\"fr-FR\",\"@id\":\"https:\\\/\\\/macite.tg\\\/wp-content\\\/uploads\\\/2023\\\/09\\\/WhatsApp-Image-2023-09-19-at-14.44.41-122x122.jpeg\",\"url\":\"https:\\\/\\\/macite.tg\\\/wp-content\\\/uploads\\\/2023\\\/09\\\/WhatsApp-Image-2023-09-19-at-14.44.41-122x122.jpeg\",\"contentUrl\":\"https:\\\/\\\/macite.tg\\\/wp-content\\\/uploads\\\/2023\\\/09\\\/WhatsApp-Image-2023-09-19-at-14.44.41-122x122.jpeg\",\"caption\":\"Jean Pierre BAWELA\"},\"url\":\"https:\\\/\\\/macite.tg\\\/?author=2\"}]}<\/script>\n<!-- \/ Yoast SEO plugin. -->","yoast_head_json":{"title":"RECHAUFFEMENT DE L\u2019AXE LOME \u2013 BOGOTA : Le Pr\u00e9sident du Conseil a \u00e9chang\u00e9 avec la Vice-pr\u00e9sidente de Colombie -","robots":{"index":"index","follow":"follow","max-snippet":"max-snippet:-1","max-image-preview":"max-image-preview:large","max-video-preview":"max-video-preview:-1"},"canonical":"https:\/\/macite.tg\/?p=26790","og_locale":"fr_FR","og_type":"article","og_title":"RECHAUFFEMENT DE L\u2019AXE LOME \u2013 BOGOTA : Le Pr\u00e9sident du Conseil a \u00e9chang\u00e9 avec la Vice-pr\u00e9sidente de Colombie -","og_description":"En marge des travaux du 9\u00e8me Congr\u00e8s panafricain organis\u00e9 \u00e0 Lom\u00e9 autour du th\u00e8me&nbsp;: \u00ab\u202fLe renouveau du panafricanisme et le r\u00f4le de l\u2019Afrique dans la r\u00e9forme des institutions multilat\u00e9rales&nbsp;: mobiliser les ressources et se r\u00e9inventer pour agir\u202f\u00bb, le Pr\u00e9sident du conseil, Faure Essozimna Gnassingb\u00e9, a [&hellip;]","og_url":"https:\/\/macite.tg\/?p=26790","article_published_time":"2025-12-11T13:13:08+00:00","article_modified_time":"2025-12-11T13:13:17+00:00","og_image":[{"width":500,"height":333,"url":"https:\/\/macite.tg\/wp-content\/uploads\/2025\/12\/D1-1.jpg","type":"image\/jpeg"}],"author":"Jean Pierre BAWELA","twitter_card":"summary_large_image","twitter_misc":{"\u00c9crit par":"Jean Pierre BAWELA","Dur\u00e9e de lecture estim\u00e9e":"2 minutes"},"schema":{"@context":"https:\/\/schema.org","@graph":[{"@type":"Article","@id":"https:\/\/macite.tg\/?p=26790#article","isPartOf":{"@id":"https:\/\/macite.tg\/?p=26790"},"author":{"name":"Jean Pierre BAWELA","@id":"https:\/\/macite.tg\/#\/schema\/person\/e9f2de7e5dbbe7770a9402c7ce82f5c2"},"headline":"RECHAUFFEMENT DE L\u2019AXE LOME \u2013 BOGOTA : Le Pr\u00e9sident du Conseil a \u00e9chang\u00e9 avec la Vice-pr\u00e9sidente de Colombie","datePublished":"2025-12-11T13:13:08+00:00","dateModified":"2025-12-11T13:13:17+00:00","mainEntityOfPage":{"@id":"https:\/\/macite.tg\/?p=26790"},"wordCount":283,"commentCount":0,"image":{"@id":"https:\/\/macite.tg\/?p=26790#primaryimage"},"thumbnailUrl":"https:\/\/macite.tg\/wp-content\/uploads\/2025\/12\/D1-1.jpg","articleSection":["ACTUALITE","DIPLOMATIE"],"inLanguage":"fr-FR","potentialAction":[{"@type":"CommentAction","name":"Comment","target":["https:\/\/macite.tg\/?p=26790#respond"]}]},{"@type":"WebPage","@id":"https:\/\/macite.tg\/?p=26790","url":"https:\/\/macite.tg\/?p=26790","name":"RECHAUFFEMENT DE L\u2019AXE LOME \u2013 BOGOTA : Le Pr\u00e9sident du Conseil a \u00e9chang\u00e9 avec la Vice-pr\u00e9sidente de Colombie -","isPartOf":{"@id":"https:\/\/macite.tg\/#website"},"primaryImageOfPage":{"@id":"https:\/\/macite.tg\/?p=26790#primaryimage"},"image":{"@id":"https:\/\/macite.tg\/?p=26790#primaryimage"},"thumbnailUrl":"https:\/\/macite.tg\/wp-content\/uploads\/2025\/12\/D1-1.jpg","datePublished":"2025-12-11T13:13:08+00:00","dateModified":"2025-12-11T13:13:17+00:00","author":{"@id":"https:\/\/macite.tg\/#\/schema\/person\/e9f2de7e5dbbe7770a9402c7ce82f5c2"},"breadcrumb":{"@id":"https:\/\/macite.tg\/?p=26790#breadcrumb"},"inLanguage":"fr-FR","potentialAction":[{"@type":"ReadAction","target":["https:\/\/macite.tg\/?p=26790"]}]},{"@type":"ImageObject","inLanguage":"fr-FR","@id":"https:\/\/macite.tg\/?p=26790#primaryimage","url":"https:\/\/macite.tg\/wp-content\/uploads\/2025\/12\/D1-1.jpg","contentUrl":"https:\/\/macite.tg\/wp-content\/uploads\/2025\/12\/D1-1.jpg","width":500,"height":333},{"@type":"BreadcrumbList","@id":"https:\/\/macite.tg\/?p=26790#breadcrumb","itemListElement":[{"@type":"ListItem","position":1,"name":"Accueil","item":"https:\/\/macite.tg\/"},{"@type":"ListItem","position":2,"name":"RECHAUFFEMENT DE L\u2019AXE LOME \u2013 BOGOTA : Le Pr\u00e9sident du Conseil a \u00e9chang\u00e9 avec la Vice-pr\u00e9sidente de Colombie"}]},{"@type":"WebSite","@id":"https:\/\/macite.tg\/#website","url":"https:\/\/macite.tg\/","name":"","description":"L&#039;information, la bonne!!!","potentialAction":[{"@type":"SearchAction","target":{"@type":"EntryPoint","urlTemplate":"https:\/\/macite.tg\/?s={search_term_string}"},"query-input":{"@type":"PropertyValueSpecification","valueRequired":true,"valueName":"search_term_string"}}],"inLanguage":"fr-FR"},{"@type":"Person","@id":"https:\/\/macite.tg\/#\/schema\/person\/e9f2de7e5dbbe7770a9402c7ce82f5c2","name":"Jean Pierre BAWELA","image":{"@type":"ImageObject","inLanguage":"fr-FR","@id":"https:\/\/macite.tg\/wp-content\/uploads\/2023\/09\/WhatsApp-Image-2023-09-19-at-14.44.41-122x122.jpeg","url":"https:\/\/macite.tg\/wp-content\/uploads\/2023\/09\/WhatsApp-Image-2023-09-19-at-14.44.41-122x122.jpeg","contentUrl":"https:\/\/macite.tg\/wp-content\/uploads\/2023\/09\/WhatsApp-Image-2023-09-19-at-14.44.41-122x122.jpeg","caption":"Jean Pierre BAWELA"},"url":"https:\/\/macite.tg\/?author=2"}]}},"_links":{"self":[{"href":"https:\/\/macite.tg\/index.php?rest_route=\/wp\/v2\/posts\/26790","targetHints":{"allow":["GET"]}}],"collection":[{"href":"https:\/\/macite.tg\/index.php?rest_route=\/wp\/v2\/posts"}],"about":[{"href":"https:\/\/macite.tg\/index.php?rest_route=\/wp\/v2\/types\/post"}],"author":[{"embeddable":true,"href":"https:\/\/macite.tg\/index.php?rest_route=\/wp\/v2\/users\/2"}],"replies":[{"embeddable":true,"href":"https:\/\/macite.tg\/index.php?rest_route=%2Fwp%2Fv2%2Fcomments&post=26790"}],"version-history":[{"count":0,"href":"https:\/\/macite.tg\/index.php?rest_route=\/wp\/v2\/posts\/26790\/revisions"}],"wp:featuredmedia":[{"embeddable":true,"href":"https:\/\/macite.tg\/index.php?rest_route=\/wp\/v2\/media\/26793"}],"wp:attachment":[{"href":"https:\/\/macite.tg\/index.php?rest_route=%2Fwp%2Fv2%2Fmedia&parent=26790"}],"wp:term":[{"taxonomy":"category","embeddable":true,"href":"https:\/\/macite.tg\/index.php?rest_route=%2Fwp%2Fv2%2Fcategories&post=26790"},{"taxonomy":"post_tag","embeddable":true,"href":"https:\/\/macite.tg\/index.php?rest_route=%2Fwp%2Fv2%2Ftags&post=26790"}],"curies":[{"name":"wp","href":"https:\/\/api.w.org\/{rel}","templated":true}]}}