{"id":26789,"date":"2025-12-11T12:25:26","date_gmt":"2025-12-11T12:25:26","guid":{"rendered":"https:\/\/macite.tg\/?p=26789"},"modified":"2025-12-11T12:25:37","modified_gmt":"2025-12-11T12:25:37","slug":"presidence-de-la-republique-le-chef-de-letat-savi-de-tove-a-echange-avec-la-vice-presidente-de-colombie-francia-marquez","status":"publish","type":"post","link":"https:\/\/macite.tg\/?p=26789","title":{"rendered":"PRESIDENCE DE LA REPUBLIQUE : Le Chef de l\u2019Etat Savi de Tov\u00e9 a \u00e9chang\u00e9 avec la Vice-pr\u00e9sidente de Colombie, Francia M\u00e1rquez"},"content":{"rendered":"\n<p class=\"wp-block-paragraph\"><strong><em>Pr\u00e9sente \u00e0 Lom\u00e9 dans le cadre du 9<sup>\u00e8me<\/sup> Congr\u00e8s panafricain, la Vice-Pr\u00e9sidente de Colombie, Francia M\u00e1rquez, a \u00e9t\u00e9 re\u00e7ue en audience, le mardi 9 d\u00e9cembre dernier par le Pr\u00e9sident de la R\u00e9publique, Jean-Lucien Savi de Tov\u00e9.<\/em><\/strong><\/p>\n\n\n\n<p class=\"wp-block-paragraph\">Les deux personnalit\u00e9s ont harmonis\u00e9 leur point de vue sur la n\u00e9cessit\u00e9 de renforcer de la coop\u00e9ration bilat\u00e9rale entre le Togo et la Colombie, mais ont \u00e9galement \u00e9chang\u00e9 sur les ambitions partag\u00e9es en mati\u00e8re de panafricanisme, fond\u00e9 sur la souverainet\u00e9, l\u2019unit\u00e9 et l\u2019innovation.<\/p>\n\n\n\n<figure class=\"wp-block-image size-full\"><img loading=\"lazy\" decoding=\"async\" width=\"851\" height=\"315\" src=\"https:\/\/macite.tg\/wp-content\/uploads\/2025\/12\/OTR_Ferer-pour-batir-1.jpg\" alt=\"\" class=\"wp-image-26559\" srcset=\"https:\/\/macite.tg\/wp-content\/uploads\/2025\/12\/OTR_Ferer-pour-batir-1.jpg 851w, https:\/\/macite.tg\/wp-content\/uploads\/2025\/12\/OTR_Ferer-pour-batir-1-300x111.jpg 300w, https:\/\/macite.tg\/wp-content\/uploads\/2025\/12\/OTR_Ferer-pour-batir-1-768x284.jpg 768w\" sizes=\"auto, (max-width: 851px) 100vw, 851px\" \/><\/figure>\n\n\n\n<p class=\"wp-block-paragraph\">Le pr\u00e9sident de la R\u00e9publique et la Vice-pr\u00e9sidente de Colombie ont, lors de cette rencontre, discut\u00e9 de plusieurs sujets relatifs, notamment \u00e0 l\u2019\u00e9conomie, l\u2019\u00e9ducation ou encore la sant\u00e9.<\/p>\n\n\n\n<p class=\"wp-block-paragraph\">Pays invit\u00e9 d\u2019honneur au 9<sup>\u00e8me<\/sup> Congr\u00e8s panafricain r\u00e9unissant plus d\u2019un millier de participants et qui s\u2019ach\u00e8ve demain \u00e0 Lom\u00e9, la Colombie, un Etat de l\u2019Am\u00e9rique du sud, est une ancienne colonie espagnole.<\/p>\n\n\n<div class=\"wp-block-image\">\n<figure class=\"aligncenter size-large\"><img loading=\"lazy\" decoding=\"async\" width=\"723\" height=\"1024\" src=\"https:\/\/macite.tg\/wp-content\/uploads\/2025\/12\/1a88bc4e-bab8-4cbf-bc7e-8b8cf32bb810-723x1024.jpg\" alt=\"\" class=\"wp-image-26728\" srcset=\"https:\/\/macite.tg\/wp-content\/uploads\/2025\/12\/1a88bc4e-bab8-4cbf-bc7e-8b8cf32bb810-723x1024.jpg 723w, https:\/\/macite.tg\/wp-content\/uploads\/2025\/12\/1a88bc4e-bab8-4cbf-bc7e-8b8cf32bb810-212x300.jpg 212w, https:\/\/macite.tg\/wp-content\/uploads\/2025\/12\/1a88bc4e-bab8-4cbf-bc7e-8b8cf32bb810.jpg 763w\" sizes=\"auto, (max-width: 723px) 100vw, 723px\" \/><\/figure>\n<\/div>\n\n\n<p class=\"wp-block-paragraph\">Elle se caract\u00e9rise traditionnellement par son engagement pro-occidental (entr\u00e9e dans l\u2019OCDE en 2020) et son statut de plus proche partenaire et alli\u00e9 de Washington dans la r\u00e9gion.&nbsp;<\/p>\n\n\n\n<p class=\"wp-block-paragraph\"><strong>JPB<\/strong><\/p>\n\n\n\n<p class=\"wp-block-paragraph\"><a><strong><em>@macite.tg&nbsp;&nbsp;&nbsp;&nbsp;&nbsp;&nbsp;&nbsp;&nbsp;<\/em><\/strong><\/a><\/p>\n\n\n\n<p class=\"wp-block-paragraph\"><strong><em>E-mail&nbsp;: <\/em><\/strong><a href=\"mailto:maciteinfo@gmail.com\"><strong><em>maciteinfo@gmail.com<\/em><\/strong><\/a><strong><em>; <\/em><\/strong><a href=\"mailto:bawela1@gmail.com\"><strong><em>bawela1@gmail.com<\/em><\/strong><\/a><strong><em><\/em><\/strong><\/p>\n\n\n\n<p class=\"wp-block-paragraph\"><strong><em>Pour vos annonces, (publi)reportages, etc., joignez-nous au (00228)91515309\/<strong>79872224 <\/strong><strong><\/strong><\/em><\/strong><\/p>\n\n\n\n<p class=\"wp-block-paragraph\"><strong><em>www.macite.tg, L\u2019information, la bonne&nbsp;!<\/em><\/strong><\/p>\n\n\n\n<p class=\"wp-block-paragraph\"><\/p>\n","protected":false},"excerpt":{"rendered":"<p class=\"text-justify mb-2\" >Pr\u00e9sente \u00e0 Lom\u00e9 dans le cadre du 9\u00e8me Congr\u00e8s panafricain, la Vice-Pr\u00e9sidente de Colombie, Francia M\u00e1rquez, a \u00e9t\u00e9 re\u00e7ue en audience, le mardi 9 d\u00e9cembre dernier par le Pr\u00e9sident de la R\u00e9publique, Jean-Lucien Savi de Tov\u00e9. Les deux personnalit\u00e9s ont harmonis\u00e9 leur point de vue [&hellip;]<\/p>\n","protected":false},"author":2,"featured_media":26791,"comment_status":"open","ping_status":"open","sticky":false,"template":"","format":"standard","meta":{"footnotes":""},"categories":[20,8],"tags":[],"class_list":["post-26789","post","type-post","status-publish","format-standard","has-post-thumbnail","hentry","category-actualite","category-diplomatie"],"yoast_head":"<!-- This site is optimized with the Yoast SEO plugin v28.4 - https:\/\/yoast.com\/product\/yoast-seo-wordpress\/ -->\n<title>PRESIDENCE DE LA REPUBLIQUE : Le Chef de l\u2019Etat Savi de Tov\u00e9 a \u00e9chang\u00e9 avec la Vice-pr\u00e9sidente de Colombie, Francia M\u00e1rquez -<\/title>\n<meta name=\"robots\" content=\"index, follow, max-snippet:-1, max-image-preview:large, max-video-preview:-1\" \/>\n<link rel=\"canonical\" href=\"https:\/\/macite.tg\/?p=26789\" \/>\n<meta property=\"og:locale\" content=\"fr_FR\" \/>\n<meta property=\"og:type\" content=\"article\" \/>\n<meta property=\"og:title\" content=\"PRESIDENCE DE LA REPUBLIQUE : Le Chef de l\u2019Etat Savi de Tov\u00e9 a \u00e9chang\u00e9 avec la Vice-pr\u00e9sidente de Colombie, Francia M\u00e1rquez -\" \/>\n<meta property=\"og:description\" content=\"Pr\u00e9sente \u00e0 Lom\u00e9 dans le cadre du 9\u00e8me Congr\u00e8s panafricain, la Vice-Pr\u00e9sidente de Colombie, Francia M\u00e1rquez, a \u00e9t\u00e9 re\u00e7ue en audience, le mardi 9 d\u00e9cembre dernier par le Pr\u00e9sident de la R\u00e9publique, Jean-Lucien Savi de Tov\u00e9. Les deux personnalit\u00e9s ont harmonis\u00e9 leur point de vue [&hellip;]\" \/>\n<meta property=\"og:url\" content=\"https:\/\/macite.tg\/?p=26789\" \/>\n<meta property=\"article:published_time\" content=\"2025-12-11T12:25:26+00:00\" \/>\n<meta property=\"article:modified_time\" content=\"2025-12-11T12:25:37+00:00\" \/>\n<meta property=\"og:image\" content=\"https:\/\/macite.tg\/wp-content\/uploads\/2025\/12\/PR-Diplomatie.jpg\" \/>\n\t<meta property=\"og:image:width\" content=\"500\" \/>\n\t<meta property=\"og:image:height\" content=\"281\" \/>\n\t<meta property=\"og:image:type\" content=\"image\/jpeg\" \/>\n<meta name=\"author\" content=\"Jean Pierre BAWELA\" \/>\n<meta name=\"twitter:card\" content=\"summary_large_image\" \/>\n<meta name=\"twitter:label1\" content=\"\u00c9crit par\" \/>\n\t<meta name=\"twitter:data1\" content=\"Jean Pierre BAWELA\" \/>\n\t<meta name=\"twitter:label2\" content=\"Dur\u00e9e de lecture estim\u00e9e\" \/>\n\t<meta name=\"twitter:data2\" content=\"2 minutes\" \/>\n<script type=\"application\/ld+json\" class=\"yoast-schema-graph\">{\"@context\":\"https:\\\/\\\/schema.org\",\"@graph\":[{\"@type\":\"Article\",\"@id\":\"https:\\\/\\\/macite.tg\\\/?p=26789#article\",\"isPartOf\":{\"@id\":\"https:\\\/\\\/macite.tg\\\/?p=26789\"},\"author\":{\"name\":\"Jean Pierre BAWELA\",\"@id\":\"https:\\\/\\\/macite.tg\\\/#\\\/schema\\\/person\\\/e9f2de7e5dbbe7770a9402c7ce82f5c2\"},\"headline\":\"PRESIDENCE DE LA REPUBLIQUE : Le Chef de l\u2019Etat Savi de Tov\u00e9 a \u00e9chang\u00e9 avec la Vice-pr\u00e9sidente de Colombie, Francia M\u00e1rquez\",\"datePublished\":\"2025-12-11T12:25:26+00:00\",\"dateModified\":\"2025-12-11T12:25:37+00:00\",\"mainEntityOfPage\":{\"@id\":\"https:\\\/\\\/macite.tg\\\/?p=26789\"},\"wordCount\":253,\"commentCount\":0,\"image\":{\"@id\":\"https:\\\/\\\/macite.tg\\\/?p=26789#primaryimage\"},\"thumbnailUrl\":\"https:\\\/\\\/macite.tg\\\/wp-content\\\/uploads\\\/2025\\\/12\\\/PR-Diplomatie.jpg\",\"articleSection\":[\"ACTUALITE\",\"DIPLOMATIE\"],\"inLanguage\":\"fr-FR\",\"potentialAction\":[{\"@type\":\"CommentAction\",\"name\":\"Comment\",\"target\":[\"https:\\\/\\\/macite.tg\\\/?p=26789#respond\"]}]},{\"@type\":\"WebPage\",\"@id\":\"https:\\\/\\\/macite.tg\\\/?p=26789\",\"url\":\"https:\\\/\\\/macite.tg\\\/?p=26789\",\"name\":\"PRESIDENCE DE LA REPUBLIQUE : Le Chef de l\u2019Etat Savi de Tov\u00e9 a \u00e9chang\u00e9 avec la Vice-pr\u00e9sidente de Colombie, Francia M\u00e1rquez -\",\"isPartOf\":{\"@id\":\"https:\\\/\\\/macite.tg\\\/#website\"},\"primaryImageOfPage\":{\"@id\":\"https:\\\/\\\/macite.tg\\\/?p=26789#primaryimage\"},\"image\":{\"@id\":\"https:\\\/\\\/macite.tg\\\/?p=26789#primaryimage\"},\"thumbnailUrl\":\"https:\\\/\\\/macite.tg\\\/wp-content\\\/uploads\\\/2025\\\/12\\\/PR-Diplomatie.jpg\",\"datePublished\":\"2025-12-11T12:25:26+00:00\",\"dateModified\":\"2025-12-11T12:25:37+00:00\",\"author\":{\"@id\":\"https:\\\/\\\/macite.tg\\\/#\\\/schema\\\/person\\\/e9f2de7e5dbbe7770a9402c7ce82f5c2\"},\"breadcrumb\":{\"@id\":\"https:\\\/\\\/macite.tg\\\/?p=26789#breadcrumb\"},\"inLanguage\":\"fr-FR\",\"potentialAction\":[{\"@type\":\"ReadAction\",\"target\":[\"https:\\\/\\\/macite.tg\\\/?p=26789\"]}]},{\"@type\":\"ImageObject\",\"inLanguage\":\"fr-FR\",\"@id\":\"https:\\\/\\\/macite.tg\\\/?p=26789#primaryimage\",\"url\":\"https:\\\/\\\/macite.tg\\\/wp-content\\\/uploads\\\/2025\\\/12\\\/PR-Diplomatie.jpg\",\"contentUrl\":\"https:\\\/\\\/macite.tg\\\/wp-content\\\/uploads\\\/2025\\\/12\\\/PR-Diplomatie.jpg\",\"width\":500,\"height\":281,\"caption\":\"Une vue de l'audience\"},{\"@type\":\"BreadcrumbList\",\"@id\":\"https:\\\/\\\/macite.tg\\\/?p=26789#breadcrumb\",\"itemListElement\":[{\"@type\":\"ListItem\",\"position\":1,\"name\":\"Accueil\",\"item\":\"https:\\\/\\\/macite.tg\\\/\"},{\"@type\":\"ListItem\",\"position\":2,\"name\":\"PRESIDENCE DE LA REPUBLIQUE : Le Chef de l\u2019Etat Savi de Tov\u00e9 a \u00e9chang\u00e9 avec la Vice-pr\u00e9sidente de Colombie, Francia M\u00e1rquez\"}]},{\"@type\":\"WebSite\",\"@id\":\"https:\\\/\\\/macite.tg\\\/#website\",\"url\":\"https:\\\/\\\/macite.tg\\\/\",\"name\":\"\",\"description\":\"L&#039;information, la bonne!!!\",\"potentialAction\":[{\"@type\":\"SearchAction\",\"target\":{\"@type\":\"EntryPoint\",\"urlTemplate\":\"https:\\\/\\\/macite.tg\\\/?s={search_term_string}\"},\"query-input\":{\"@type\":\"PropertyValueSpecification\",\"valueRequired\":true,\"valueName\":\"search_term_string\"}}],\"inLanguage\":\"fr-FR\"},{\"@type\":\"Person\",\"@id\":\"https:\\\/\\\/macite.tg\\\/#\\\/schema\\\/person\\\/e9f2de7e5dbbe7770a9402c7ce82f5c2\",\"name\":\"Jean Pierre BAWELA\",\"image\":{\"@type\":\"ImageObject\",\"inLanguage\":\"fr-FR\",\"@id\":\"https:\\\/\\\/macite.tg\\\/wp-content\\\/uploads\\\/2023\\\/09\\\/WhatsApp-Image-2023-09-19-at-14.44.41-122x122.jpeg\",\"url\":\"https:\\\/\\\/macite.tg\\\/wp-content\\\/uploads\\\/2023\\\/09\\\/WhatsApp-Image-2023-09-19-at-14.44.41-122x122.jpeg\",\"contentUrl\":\"https:\\\/\\\/macite.tg\\\/wp-content\\\/uploads\\\/2023\\\/09\\\/WhatsApp-Image-2023-09-19-at-14.44.41-122x122.jpeg\",\"caption\":\"Jean Pierre BAWELA\"},\"url\":\"https:\\\/\\\/macite.tg\\\/?author=2\"}]}<\/script>\n<!-- \/ Yoast SEO plugin. -->","yoast_head_json":{"title":"PRESIDENCE DE LA REPUBLIQUE : Le Chef de l\u2019Etat Savi de Tov\u00e9 a \u00e9chang\u00e9 avec la Vice-pr\u00e9sidente de Colombie, Francia M\u00e1rquez -","robots":{"index":"index","follow":"follow","max-snippet":"max-snippet:-1","max-image-preview":"max-image-preview:large","max-video-preview":"max-video-preview:-1"},"canonical":"https:\/\/macite.tg\/?p=26789","og_locale":"fr_FR","og_type":"article","og_title":"PRESIDENCE DE LA REPUBLIQUE : Le Chef de l\u2019Etat Savi de Tov\u00e9 a \u00e9chang\u00e9 avec la Vice-pr\u00e9sidente de Colombie, Francia M\u00e1rquez -","og_description":"Pr\u00e9sente \u00e0 Lom\u00e9 dans le cadre du 9\u00e8me Congr\u00e8s panafricain, la Vice-Pr\u00e9sidente de Colombie, Francia M\u00e1rquez, a \u00e9t\u00e9 re\u00e7ue en audience, le mardi 9 d\u00e9cembre dernier par le Pr\u00e9sident de la R\u00e9publique, Jean-Lucien Savi de Tov\u00e9. Les deux personnalit\u00e9s ont harmonis\u00e9 leur point de vue [&hellip;]","og_url":"https:\/\/macite.tg\/?p=26789","article_published_time":"2025-12-11T12:25:26+00:00","article_modified_time":"2025-12-11T12:25:37+00:00","og_image":[{"width":500,"height":281,"url":"https:\/\/macite.tg\/wp-content\/uploads\/2025\/12\/PR-Diplomatie.jpg","type":"image\/jpeg"}],"author":"Jean Pierre BAWELA","twitter_card":"summary_large_image","twitter_misc":{"\u00c9crit par":"Jean Pierre BAWELA","Dur\u00e9e de lecture estim\u00e9e":"2 minutes"},"schema":{"@context":"https:\/\/schema.org","@graph":[{"@type":"Article","@id":"https:\/\/macite.tg\/?p=26789#article","isPartOf":{"@id":"https:\/\/macite.tg\/?p=26789"},"author":{"name":"Jean Pierre BAWELA","@id":"https:\/\/macite.tg\/#\/schema\/person\/e9f2de7e5dbbe7770a9402c7ce82f5c2"},"headline":"PRESIDENCE DE LA REPUBLIQUE : Le Chef de l\u2019Etat Savi de Tov\u00e9 a \u00e9chang\u00e9 avec la Vice-pr\u00e9sidente de Colombie, Francia M\u00e1rquez","datePublished":"2025-12-11T12:25:26+00:00","dateModified":"2025-12-11T12:25:37+00:00","mainEntityOfPage":{"@id":"https:\/\/macite.tg\/?p=26789"},"wordCount":253,"commentCount":0,"image":{"@id":"https:\/\/macite.tg\/?p=26789#primaryimage"},"thumbnailUrl":"https:\/\/macite.tg\/wp-content\/uploads\/2025\/12\/PR-Diplomatie.jpg","articleSection":["ACTUALITE","DIPLOMATIE"],"inLanguage":"fr-FR","potentialAction":[{"@type":"CommentAction","name":"Comment","target":["https:\/\/macite.tg\/?p=26789#respond"]}]},{"@type":"WebPage","@id":"https:\/\/macite.tg\/?p=26789","url":"https:\/\/macite.tg\/?p=26789","name":"PRESIDENCE DE LA REPUBLIQUE : Le Chef de l\u2019Etat Savi de Tov\u00e9 a \u00e9chang\u00e9 avec la Vice-pr\u00e9sidente de Colombie, Francia M\u00e1rquez -","isPartOf":{"@id":"https:\/\/macite.tg\/#website"},"primaryImageOfPage":{"@id":"https:\/\/macite.tg\/?p=26789#primaryimage"},"image":{"@id":"https:\/\/macite.tg\/?p=26789#primaryimage"},"thumbnailUrl":"https:\/\/macite.tg\/wp-content\/uploads\/2025\/12\/PR-Diplomatie.jpg","datePublished":"2025-12-11T12:25:26+00:00","dateModified":"2025-12-11T12:25:37+00:00","author":{"@id":"https:\/\/macite.tg\/#\/schema\/person\/e9f2de7e5dbbe7770a9402c7ce82f5c2"},"breadcrumb":{"@id":"https:\/\/macite.tg\/?p=26789#breadcrumb"},"inLanguage":"fr-FR","potentialAction":[{"@type":"ReadAction","target":["https:\/\/macite.tg\/?p=26789"]}]},{"@type":"ImageObject","inLanguage":"fr-FR","@id":"https:\/\/macite.tg\/?p=26789#primaryimage","url":"https:\/\/macite.tg\/wp-content\/uploads\/2025\/12\/PR-Diplomatie.jpg","contentUrl":"https:\/\/macite.tg\/wp-content\/uploads\/2025\/12\/PR-Diplomatie.jpg","width":500,"height":281,"caption":"Une vue de l'audience"},{"@type":"BreadcrumbList","@id":"https:\/\/macite.tg\/?p=26789#breadcrumb","itemListElement":[{"@type":"ListItem","position":1,"name":"Accueil","item":"https:\/\/macite.tg\/"},{"@type":"ListItem","position":2,"name":"PRESIDENCE DE LA REPUBLIQUE : Le Chef de l\u2019Etat Savi de Tov\u00e9 a \u00e9chang\u00e9 avec la Vice-pr\u00e9sidente de Colombie, Francia M\u00e1rquez"}]},{"@type":"WebSite","@id":"https:\/\/macite.tg\/#website","url":"https:\/\/macite.tg\/","name":"","description":"L&#039;information, la bonne!!!","potentialAction":[{"@type":"SearchAction","target":{"@type":"EntryPoint","urlTemplate":"https:\/\/macite.tg\/?s={search_term_string}"},"query-input":{"@type":"PropertyValueSpecification","valueRequired":true,"valueName":"search_term_string"}}],"inLanguage":"fr-FR"},{"@type":"Person","@id":"https:\/\/macite.tg\/#\/schema\/person\/e9f2de7e5dbbe7770a9402c7ce82f5c2","name":"Jean Pierre BAWELA","image":{"@type":"ImageObject","inLanguage":"fr-FR","@id":"https:\/\/macite.tg\/wp-content\/uploads\/2023\/09\/WhatsApp-Image-2023-09-19-at-14.44.41-122x122.jpeg","url":"https:\/\/macite.tg\/wp-content\/uploads\/2023\/09\/WhatsApp-Image-2023-09-19-at-14.44.41-122x122.jpeg","contentUrl":"https:\/\/macite.tg\/wp-content\/uploads\/2023\/09\/WhatsApp-Image-2023-09-19-at-14.44.41-122x122.jpeg","caption":"Jean Pierre BAWELA"},"url":"https:\/\/macite.tg\/?author=2"}]}},"_links":{"self":[{"href":"https:\/\/macite.tg\/index.php?rest_route=\/wp\/v2\/posts\/26789","targetHints":{"allow":["GET"]}}],"collection":[{"href":"https:\/\/macite.tg\/index.php?rest_route=\/wp\/v2\/posts"}],"about":[{"href":"https:\/\/macite.tg\/index.php?rest_route=\/wp\/v2\/types\/post"}],"author":[{"embeddable":true,"href":"https:\/\/macite.tg\/index.php?rest_route=\/wp\/v2\/users\/2"}],"replies":[{"embeddable":true,"href":"https:\/\/macite.tg\/index.php?rest_route=%2Fwp%2Fv2%2Fcomments&post=26789"}],"version-history":[{"count":0,"href":"https:\/\/macite.tg\/index.php?rest_route=\/wp\/v2\/posts\/26789\/revisions"}],"wp:featuredmedia":[{"embeddable":true,"href":"https:\/\/macite.tg\/index.php?rest_route=\/wp\/v2\/media\/26791"}],"wp:attachment":[{"href":"https:\/\/macite.tg\/index.php?rest_route=%2Fwp%2Fv2%2Fmedia&parent=26789"}],"wp:term":[{"taxonomy":"category","embeddable":true,"href":"https:\/\/macite.tg\/index.php?rest_route=%2Fwp%2Fv2%2Fcategories&post=26789"},{"taxonomy":"post_tag","embeddable":true,"href":"https:\/\/macite.tg\/index.php?rest_route=%2Fwp%2Fv2%2Ftags&post=26789"}],"curies":[{"name":"wp","href":"https:\/\/api.w.org\/{rel}","templated":true}]}}