{"id":26786,"date":"2025-12-11T12:14:11","date_gmt":"2025-12-11T12:14:11","guid":{"rendered":"https:\/\/macite.tg\/?p=26786"},"modified":"2025-12-11T12:25:41","modified_gmt":"2025-12-11T12:25:41","slug":"accord-pour-la-paix-dans-les-grands-lacs-le-president-kagame-prend-enfin-la-parole","status":"publish","type":"post","link":"https:\/\/macite.tg\/?p=26786","title":{"rendered":"ACCORD POUR LA PAIX DANS LES GRANDS LACS\u00a0: Le Pr\u00e9sident Kagame prend enfin la parole\u2026"},"content":{"rendered":"\n<p class=\"wp-block-paragraph\"><strong><em>Dans une interview exclusive accord\u00e9e \u00e0 Al Jazeera, le pr\u00e9sident rwandais&nbsp;Paul Kagame&nbsp;a livr\u00e9 sa version des \u00e9v\u00e9nements qui ont conduit aux accords de paix sign\u00e9s le 4 d\u00e9cembre \u00e0 Washington. Loin des d\u00e9clarations diplomatiques habituelles, Kagame a d\u00e9voil\u00e9 une&nbsp;vision tranch\u00e9e&nbsp;des n\u00e9gociations, affirmant que c&rsquo;est la&nbsp;RDC qui a initi\u00e9 les processus de Doha et Washington, et non son pays.<\/em><\/strong><\/p>\n\n\n\n<p class=\"wp-block-paragraph\"><strong>\u00ab\u00a0La RDC a tout initi\u00e9, pas nous\u00a0\u00bb<\/strong><\/p>\n\n\n\n<p class=\"wp-block-paragraph\">Le chef de l&rsquo;\u00c9tat rwandais a balay\u00e9 une critique r\u00e9currente : <em>\u00ab Les autres dirigeants et pays africains nous reprochaient, \u00e0 nous le Rwanda, d&rsquo;avoir quitt\u00e9 les processus et initiatives africains pour aller \u00e0 Qatar ou venir ici \u00e0 Washington. Or c&rsquo;est lui-m\u00eame,&nbsp;<strong>Tshisekedi, le pr\u00e9sident de la RDC, qui avait pris l&rsquo;initiative de tout cela<\/strong>&nbsp;\u00bb.<\/em><\/p>\n\n\n\n<p class=\"wp-block-paragraph\">Selon Kagame, Tshisekedi aurait cru pouvoir&nbsp;<strong><em>\u00ab manipuler, soit le processus au Qatar, soit le processus ici \u00e0 Washington, en sa faveur \u00bb<\/em><\/strong><em>,<\/em> profitant selon lui de l&rsquo;image de la RDC comme <em>\u00ab trop grande, trop importante \u00bb<\/em> et convoit\u00e9e par le monde entier.<\/p>\n\n\n\n<figure class=\"wp-block-image size-large\"><img loading=\"lazy\" decoding=\"async\" width=\"1024\" height=\"392\" src=\"https:\/\/macite.tg\/wp-content\/uploads\/2025\/12\/8d9cf208-3716-4e73-bc0c-3341ae213e6b-1024x392.jpg\" alt=\"\" class=\"wp-image-26779\" srcset=\"https:\/\/macite.tg\/wp-content\/uploads\/2025\/12\/8d9cf208-3716-4e73-bc0c-3341ae213e6b-1024x392.jpg 1024w, https:\/\/macite.tg\/wp-content\/uploads\/2025\/12\/8d9cf208-3716-4e73-bc0c-3341ae213e6b-300x115.jpg 300w, https:\/\/macite.tg\/wp-content\/uploads\/2025\/12\/8d9cf208-3716-4e73-bc0c-3341ae213e6b-768x294.jpg 768w, https:\/\/macite.tg\/wp-content\/uploads\/2025\/12\/8d9cf208-3716-4e73-bc0c-3341ae213e6b.jpg 1080w\" sizes=\"auto, (max-width: 1024px) 100vw, 1024px\" \/><\/figure>\n\n\n\n<p class=\"wp-block-paragraph\"><strong>Une pr\u00e9f\u00e9rence pour la diplomatie \u00ab\u00a0transactionnelle\u00a0\u00bb de Trump<\/strong><\/p>\n\n\n\n<p class=\"wp-block-paragraph\">Kagame a exprim\u00e9 son&nbsp;<strong>adh\u00e9sion \u00e0 la m\u00e9thode diplomatique du pr\u00e9sident am\u00e9ricain Donald Trump<\/strong>, qu&rsquo;il d\u00e9crit comme fond\u00e9e sur des <em>\u00ab accords transactionnels \u00bb<\/em> visant des r\u00e9sultats imm\u00e9diats et concrets. Cette approche, selon lui, offre <em>\u00ab davantage de chances de r\u00e9ussite \u00bb<\/em> que les discours occidentaux traditionnels sur la d\u00e9mocratie et les droits humains.<\/p>\n\n\n\n<p class=\"wp-block-paragraph\"><em>\u00ab Je n&rsquo;ai jamais vu un niveau de concentration, d&rsquo;attention, d&rsquo;\u00e9nergie et de pression comparable \u00e0 celui exerc\u00e9 par Washington dans ce dossier \u00bb,<\/em> a-t-il affirm\u00e9, saluant l&rsquo;implication am\u00e9ricaine comme un signe encourageant pour la stabilit\u00e9 r\u00e9gionale.<\/p>\n\n\n\n<p class=\"wp-block-paragraph\"><strong>Le Rwanda riche en minerais : \u00ab\u00a0Nous avons du tungst\u00e8ne de qualit\u00e9 sup\u00e9rieure\u00a0\u00bb<\/strong><\/p>\n\n\n\n<p class=\"wp-block-paragraph\">L&rsquo;une des d\u00e9clarations les plus marquantes concerne les&nbsp;<strong>ressources mini\u00e8res<\/strong>. Kagame a fermement rejet\u00e9 les accusations selon lesquelles le Rwanda tirerait profit des minerais de la RDC : <em>\u00ab Nous avons du tungst\u00e8ne, de l&rsquo;\u00e9tain, du tantale, et d&rsquo;une&nbsp;<strong>qualit\u00e9 sup\u00e9rieure<\/strong>&nbsp;\u00e0 celle d&rsquo;autres r\u00e9gions \u00bb.<\/em><\/p>\n\n\n\n<p class=\"wp-block-paragraph\">Le pr\u00e9sident rwandais a d\u00e9nonc\u00e9 un pr\u00e9jug\u00e9 persistant : <em>\u00ab On a longtemps cru, \u00e0 tort, que toutes les richesses de la RDC ne se trouvaient qu&rsquo;en RDC, nulle part ailleurs. Alors, quand nous avons parl\u00e9 des min\u00e9raux du Rwanda \u2014 et ils existent bel et bien \u2014, nous avons imm\u00e9diatement entendu : \u00ab\u00a0Non, \u00e7a ne vient pas de chez vous, \u00e7a vient de la RDC\u00a0\u00bb \u00bb.<\/em><\/p>\n\n\n\n<p class=\"wp-block-paragraph\"><strong>Scepticisme envers Tshisekedi et engagement maintenu<\/strong><\/p>\n\n\n\n<p class=\"wp-block-paragraph\">Malgr\u00e9 son optimisme affich\u00e9 sur les accords de Washington, Kagame a \u00e9mis des&nbsp;<strong>r\u00e9serves quant \u00e0 la fiabilit\u00e9 du pr\u00e9sident congolais<\/strong>. Il a rappel\u00e9 l&rsquo;histoire de la RDC qui <em>\u00ab signe des accords puis dit le contraire \u00bb, <\/em>tout en affirmant que le Rwanda a toujours r\u00e9pondu pr\u00e9sent aux invitations \u00e0 n\u00e9gocier.<\/p>\n\n\n\n<p class=\"wp-block-paragraph\"><em>\u00ab Nous n&rsquo;avons pas abandonn\u00e9 les processus africains. Nous nous sommes pr\u00e9sent\u00e9s, avons expos\u00e9 les faits et nous nous sommes concentr\u00e9s sur les v\u00e9ritables causes profondes \u00bb,<\/em> a-t-il insist\u00e9, d\u00e9fendant la participation rwandaise \u00e0 la fois au processus de Doha et \u00e0 celui de Washington.<\/p>\n\n\n\n<p class=\"wp-block-paragraph\"><strong>Un tournant pour la r\u00e9gion des Grands Lacs ?<\/strong><\/p>\n\n\n\n<p class=\"wp-block-paragraph\">Cette interview intervient \u00e0 un moment crucial, alors que les premiers signes de mise en \u0153uvre des accords de Washington commencent \u00e0 appara\u00eetre. Kagame y exprime l&rsquo;espoir d&rsquo;<strong><em>\u00ab un tournant de paix durable pour la r\u00e9gion \u00bb<\/em><\/strong><em>,<\/em> tout en maintenant une position ferme sur les responsabilit\u00e9s et les enjeux \u00e9conomiques.<\/p>\n\n\n<div class=\"wp-block-image\">\n<figure class=\"aligncenter size-large\"><img loading=\"lazy\" decoding=\"async\" width=\"723\" height=\"1024\" src=\"https:\/\/macite.tg\/wp-content\/uploads\/2025\/12\/1a88bc4e-bab8-4cbf-bc7e-8b8cf32bb810-723x1024.jpg\" alt=\"\" class=\"wp-image-26728\" srcset=\"https:\/\/macite.tg\/wp-content\/uploads\/2025\/12\/1a88bc4e-bab8-4cbf-bc7e-8b8cf32bb810-723x1024.jpg 723w, https:\/\/macite.tg\/wp-content\/uploads\/2025\/12\/1a88bc4e-bab8-4cbf-bc7e-8b8cf32bb810-212x300.jpg 212w, https:\/\/macite.tg\/wp-content\/uploads\/2025\/12\/1a88bc4e-bab8-4cbf-bc7e-8b8cf32bb810.jpg 763w\" sizes=\"auto, (max-width: 723px) 100vw, 723px\" \/><\/figure>\n<\/div>\n\n\n<p class=\"wp-block-paragraph\">Les r\u00e9v\u00e9lations de Kagame \u2014 notamment sur l&rsquo;initiative congolaise des pourparlers et sur les ressources mini\u00e8res rwandaises \u2014 apportent un \u00e9clairage nouveau sur la dynamique des n\u00e9gociations. Elles risquent de&nbsp;<strong>raviver les tensions diplomatiques<\/strong>&nbsp;m\u00eame apr\u00e8s la signature des accords, alors que la confiance entre les deux capitales reste fragile et que la mise en \u0153uvre sur le terrain constitue le v\u00e9ritable d\u00e9fi \u00e0 venir.<\/p>\n\n\n\n<p class=\"wp-block-paragraph\"><strong>MSN<\/strong><\/p>\n\n\n\n<p class=\"wp-block-paragraph\"><a><strong><em>@macite.tg&nbsp;&nbsp;&nbsp;&nbsp;&nbsp;&nbsp;&nbsp;&nbsp;<\/em><\/strong><\/a><\/p>\n\n\n\n<p class=\"wp-block-paragraph\"><strong><em>E-mail&nbsp;: <\/em><\/strong><a href=\"mailto:maciteinfo@gmail.com\"><strong><em>maciteinfo@gmail.com<\/em><\/strong><\/a><strong><em>; <\/em><\/strong><a href=\"mailto:bawela1@gmail.com\"><strong><em>bawela1@gmail.com<\/em><\/strong><\/a><strong><em><\/em><\/strong><\/p>\n\n\n\n<p class=\"wp-block-paragraph\"><strong><em>Pour vos annonces, (publi)reportages, etc., joignez-nous au (00228)91515309\/<strong>79872224 <\/strong><strong><\/strong><\/em><\/strong><\/p>\n\n\n\n<p class=\"wp-block-paragraph\"><strong><em>www.macite.tg, L\u2019information, la bonne&nbsp;!<\/em><\/strong><\/p>\n\n\n\n<p class=\"wp-block-paragraph\"><\/p>\n","protected":false},"excerpt":{"rendered":"<p class=\"text-justify mb-2\" >Dans une interview exclusive accord\u00e9e \u00e0 Al Jazeera, le pr\u00e9sident rwandais&nbsp;Paul Kagame&nbsp;a livr\u00e9 sa version des \u00e9v\u00e9nements qui ont conduit aux accords de paix sign\u00e9s le 4 d\u00e9cembre \u00e0 Washington. Loin des d\u00e9clarations diplomatiques habituelles, Kagame a d\u00e9voil\u00e9 une&nbsp;vision tranch\u00e9e&nbsp;des n\u00e9gociations, affirmant que c&rsquo;est la&nbsp;RDC [&hellip;]<\/p>\n","protected":false},"author":2,"featured_media":26787,"comment_status":"open","ping_status":"open","sticky":false,"template":"","format":"standard","meta":{"footnotes":""},"categories":[20,70],"tags":[],"class_list":["post-26786","post","type-post","status-publish","format-standard","has-post-thumbnail","hentry","category-actualite","category-paix-securite"],"yoast_head":"<!-- This site is optimized with the Yoast SEO plugin v28.4 - https:\/\/yoast.com\/product\/yoast-seo-wordpress\/ -->\n<title>ACCORD POUR LA PAIX DANS LES GRANDS LACS\u00a0: Le Pr\u00e9sident Kagame prend enfin la parole\u2026 -<\/title>\n<meta name=\"robots\" content=\"index, follow, max-snippet:-1, max-image-preview:large, max-video-preview:-1\" \/>\n<link rel=\"canonical\" href=\"https:\/\/macite.tg\/?p=26786\" \/>\n<meta property=\"og:locale\" content=\"fr_FR\" \/>\n<meta property=\"og:type\" content=\"article\" \/>\n<meta property=\"og:title\" content=\"ACCORD POUR LA PAIX DANS LES GRANDS LACS\u00a0: Le Pr\u00e9sident Kagame prend enfin la parole\u2026 -\" \/>\n<meta property=\"og:description\" content=\"Dans une interview exclusive accord\u00e9e \u00e0 Al Jazeera, le pr\u00e9sident rwandais&nbsp;Paul Kagame&nbsp;a livr\u00e9 sa version des \u00e9v\u00e9nements qui ont conduit aux accords de paix sign\u00e9s le 4 d\u00e9cembre \u00e0 Washington. Loin des d\u00e9clarations diplomatiques habituelles, Kagame a d\u00e9voil\u00e9 une&nbsp;vision tranch\u00e9e&nbsp;des n\u00e9gociations, affirmant que c&rsquo;est la&nbsp;RDC [&hellip;]\" \/>\n<meta property=\"og:url\" content=\"https:\/\/macite.tg\/?p=26786\" \/>\n<meta property=\"article:published_time\" content=\"2025-12-11T12:14:11+00:00\" \/>\n<meta property=\"article:modified_time\" content=\"2025-12-11T12:25:41+00:00\" \/>\n<meta property=\"og:image\" content=\"https:\/\/macite.tg\/wp-content\/uploads\/2025\/12\/image-37.png\" \/>\n\t<meta property=\"og:image:width\" content=\"534\" \/>\n\t<meta property=\"og:image:height\" content=\"356\" \/>\n\t<meta property=\"og:image:type\" content=\"image\/png\" \/>\n<meta name=\"author\" content=\"Jean Pierre BAWELA\" \/>\n<meta name=\"twitter:card\" content=\"summary_large_image\" \/>\n<meta name=\"twitter:label1\" content=\"\u00c9crit par\" \/>\n\t<meta name=\"twitter:data1\" content=\"Jean Pierre BAWELA\" \/>\n\t<meta name=\"twitter:label2\" content=\"Dur\u00e9e de lecture estim\u00e9e\" \/>\n\t<meta name=\"twitter:data2\" content=\"4 minutes\" \/>\n<script type=\"application\/ld+json\" class=\"yoast-schema-graph\">{\"@context\":\"https:\\\/\\\/schema.org\",\"@graph\":[{\"@type\":\"Article\",\"@id\":\"https:\\\/\\\/macite.tg\\\/?p=26786#article\",\"isPartOf\":{\"@id\":\"https:\\\/\\\/macite.tg\\\/?p=26786\"},\"author\":{\"name\":\"Jean Pierre BAWELA\",\"@id\":\"https:\\\/\\\/macite.tg\\\/#\\\/schema\\\/person\\\/e9f2de7e5dbbe7770a9402c7ce82f5c2\"},\"headline\":\"ACCORD POUR LA PAIX DANS LES GRANDS LACS\u00a0: Le Pr\u00e9sident Kagame prend enfin la parole\u2026\",\"datePublished\":\"2025-12-11T12:14:11+00:00\",\"dateModified\":\"2025-12-11T12:25:41+00:00\",\"mainEntityOfPage\":{\"@id\":\"https:\\\/\\\/macite.tg\\\/?p=26786\"},\"wordCount\":721,\"commentCount\":0,\"image\":{\"@id\":\"https:\\\/\\\/macite.tg\\\/?p=26786#primaryimage\"},\"thumbnailUrl\":\"https:\\\/\\\/macite.tg\\\/wp-content\\\/uploads\\\/2025\\\/12\\\/image-37.png\",\"articleSection\":[\"ACTUALITE\",\"PAIX &amp; SECURITE\"],\"inLanguage\":\"fr-FR\",\"potentialAction\":[{\"@type\":\"CommentAction\",\"name\":\"Comment\",\"target\":[\"https:\\\/\\\/macite.tg\\\/?p=26786#respond\"]}]},{\"@type\":\"WebPage\",\"@id\":\"https:\\\/\\\/macite.tg\\\/?p=26786\",\"url\":\"https:\\\/\\\/macite.tg\\\/?p=26786\",\"name\":\"ACCORD POUR LA PAIX DANS LES GRANDS LACS\u00a0: Le Pr\u00e9sident Kagame prend enfin la parole\u2026 -\",\"isPartOf\":{\"@id\":\"https:\\\/\\\/macite.tg\\\/#website\"},\"primaryImageOfPage\":{\"@id\":\"https:\\\/\\\/macite.tg\\\/?p=26786#primaryimage\"},\"image\":{\"@id\":\"https:\\\/\\\/macite.tg\\\/?p=26786#primaryimage\"},\"thumbnailUrl\":\"https:\\\/\\\/macite.tg\\\/wp-content\\\/uploads\\\/2025\\\/12\\\/image-37.png\",\"datePublished\":\"2025-12-11T12:14:11+00:00\",\"dateModified\":\"2025-12-11T12:25:41+00:00\",\"author\":{\"@id\":\"https:\\\/\\\/macite.tg\\\/#\\\/schema\\\/person\\\/e9f2de7e5dbbe7770a9402c7ce82f5c2\"},\"breadcrumb\":{\"@id\":\"https:\\\/\\\/macite.tg\\\/?p=26786#breadcrumb\"},\"inLanguage\":\"fr-FR\",\"potentialAction\":[{\"@type\":\"ReadAction\",\"target\":[\"https:\\\/\\\/macite.tg\\\/?p=26786\"]}]},{\"@type\":\"ImageObject\",\"inLanguage\":\"fr-FR\",\"@id\":\"https:\\\/\\\/macite.tg\\\/?p=26786#primaryimage\",\"url\":\"https:\\\/\\\/macite.tg\\\/wp-content\\\/uploads\\\/2025\\\/12\\\/image-37.png\",\"contentUrl\":\"https:\\\/\\\/macite.tg\\\/wp-content\\\/uploads\\\/2025\\\/12\\\/image-37.png\",\"width\":534,\"height\":356,\"caption\":\"Le pr\u00e9sident rwandais Paul Kagam\u00e9\"},{\"@type\":\"BreadcrumbList\",\"@id\":\"https:\\\/\\\/macite.tg\\\/?p=26786#breadcrumb\",\"itemListElement\":[{\"@type\":\"ListItem\",\"position\":1,\"name\":\"Accueil\",\"item\":\"https:\\\/\\\/macite.tg\\\/\"},{\"@type\":\"ListItem\",\"position\":2,\"name\":\"ACCORD POUR LA PAIX DANS LES GRANDS LACS\u00a0: Le Pr\u00e9sident Kagame prend enfin la parole\u2026\"}]},{\"@type\":\"WebSite\",\"@id\":\"https:\\\/\\\/macite.tg\\\/#website\",\"url\":\"https:\\\/\\\/macite.tg\\\/\",\"name\":\"\",\"description\":\"L&#039;information, la bonne!!!\",\"potentialAction\":[{\"@type\":\"SearchAction\",\"target\":{\"@type\":\"EntryPoint\",\"urlTemplate\":\"https:\\\/\\\/macite.tg\\\/?s={search_term_string}\"},\"query-input\":{\"@type\":\"PropertyValueSpecification\",\"valueRequired\":true,\"valueName\":\"search_term_string\"}}],\"inLanguage\":\"fr-FR\"},{\"@type\":\"Person\",\"@id\":\"https:\\\/\\\/macite.tg\\\/#\\\/schema\\\/person\\\/e9f2de7e5dbbe7770a9402c7ce82f5c2\",\"name\":\"Jean Pierre BAWELA\",\"image\":{\"@type\":\"ImageObject\",\"inLanguage\":\"fr-FR\",\"@id\":\"https:\\\/\\\/macite.tg\\\/wp-content\\\/uploads\\\/2023\\\/09\\\/WhatsApp-Image-2023-09-19-at-14.44.41-122x122.jpeg\",\"url\":\"https:\\\/\\\/macite.tg\\\/wp-content\\\/uploads\\\/2023\\\/09\\\/WhatsApp-Image-2023-09-19-at-14.44.41-122x122.jpeg\",\"contentUrl\":\"https:\\\/\\\/macite.tg\\\/wp-content\\\/uploads\\\/2023\\\/09\\\/WhatsApp-Image-2023-09-19-at-14.44.41-122x122.jpeg\",\"caption\":\"Jean Pierre BAWELA\"},\"url\":\"https:\\\/\\\/macite.tg\\\/?author=2\"}]}<\/script>\n<!-- \/ Yoast SEO plugin. -->","yoast_head_json":{"title":"ACCORD POUR LA PAIX DANS LES GRANDS LACS\u00a0: Le Pr\u00e9sident Kagame prend enfin la parole\u2026 -","robots":{"index":"index","follow":"follow","max-snippet":"max-snippet:-1","max-image-preview":"max-image-preview:large","max-video-preview":"max-video-preview:-1"},"canonical":"https:\/\/macite.tg\/?p=26786","og_locale":"fr_FR","og_type":"article","og_title":"ACCORD POUR LA PAIX DANS LES GRANDS LACS\u00a0: Le Pr\u00e9sident Kagame prend enfin la parole\u2026 -","og_description":"Dans une interview exclusive accord\u00e9e \u00e0 Al Jazeera, le pr\u00e9sident rwandais&nbsp;Paul Kagame&nbsp;a livr\u00e9 sa version des \u00e9v\u00e9nements qui ont conduit aux accords de paix sign\u00e9s le 4 d\u00e9cembre \u00e0 Washington. Loin des d\u00e9clarations diplomatiques habituelles, Kagame a d\u00e9voil\u00e9 une&nbsp;vision tranch\u00e9e&nbsp;des n\u00e9gociations, affirmant que c&rsquo;est la&nbsp;RDC [&hellip;]","og_url":"https:\/\/macite.tg\/?p=26786","article_published_time":"2025-12-11T12:14:11+00:00","article_modified_time":"2025-12-11T12:25:41+00:00","og_image":[{"width":534,"height":356,"url":"https:\/\/macite.tg\/wp-content\/uploads\/2025\/12\/image-37.png","type":"image\/png"}],"author":"Jean Pierre BAWELA","twitter_card":"summary_large_image","twitter_misc":{"\u00c9crit par":"Jean Pierre BAWELA","Dur\u00e9e de lecture estim\u00e9e":"4 minutes"},"schema":{"@context":"https:\/\/schema.org","@graph":[{"@type":"Article","@id":"https:\/\/macite.tg\/?p=26786#article","isPartOf":{"@id":"https:\/\/macite.tg\/?p=26786"},"author":{"name":"Jean Pierre BAWELA","@id":"https:\/\/macite.tg\/#\/schema\/person\/e9f2de7e5dbbe7770a9402c7ce82f5c2"},"headline":"ACCORD POUR LA PAIX DANS LES GRANDS LACS\u00a0: Le Pr\u00e9sident Kagame prend enfin la parole\u2026","datePublished":"2025-12-11T12:14:11+00:00","dateModified":"2025-12-11T12:25:41+00:00","mainEntityOfPage":{"@id":"https:\/\/macite.tg\/?p=26786"},"wordCount":721,"commentCount":0,"image":{"@id":"https:\/\/macite.tg\/?p=26786#primaryimage"},"thumbnailUrl":"https:\/\/macite.tg\/wp-content\/uploads\/2025\/12\/image-37.png","articleSection":["ACTUALITE","PAIX &amp; SECURITE"],"inLanguage":"fr-FR","potentialAction":[{"@type":"CommentAction","name":"Comment","target":["https:\/\/macite.tg\/?p=26786#respond"]}]},{"@type":"WebPage","@id":"https:\/\/macite.tg\/?p=26786","url":"https:\/\/macite.tg\/?p=26786","name":"ACCORD POUR LA PAIX DANS LES GRANDS LACS\u00a0: Le Pr\u00e9sident Kagame prend enfin la parole\u2026 -","isPartOf":{"@id":"https:\/\/macite.tg\/#website"},"primaryImageOfPage":{"@id":"https:\/\/macite.tg\/?p=26786#primaryimage"},"image":{"@id":"https:\/\/macite.tg\/?p=26786#primaryimage"},"thumbnailUrl":"https:\/\/macite.tg\/wp-content\/uploads\/2025\/12\/image-37.png","datePublished":"2025-12-11T12:14:11+00:00","dateModified":"2025-12-11T12:25:41+00:00","author":{"@id":"https:\/\/macite.tg\/#\/schema\/person\/e9f2de7e5dbbe7770a9402c7ce82f5c2"},"breadcrumb":{"@id":"https:\/\/macite.tg\/?p=26786#breadcrumb"},"inLanguage":"fr-FR","potentialAction":[{"@type":"ReadAction","target":["https:\/\/macite.tg\/?p=26786"]}]},{"@type":"ImageObject","inLanguage":"fr-FR","@id":"https:\/\/macite.tg\/?p=26786#primaryimage","url":"https:\/\/macite.tg\/wp-content\/uploads\/2025\/12\/image-37.png","contentUrl":"https:\/\/macite.tg\/wp-content\/uploads\/2025\/12\/image-37.png","width":534,"height":356,"caption":"Le pr\u00e9sident rwandais Paul Kagam\u00e9"},{"@type":"BreadcrumbList","@id":"https:\/\/macite.tg\/?p=26786#breadcrumb","itemListElement":[{"@type":"ListItem","position":1,"name":"Accueil","item":"https:\/\/macite.tg\/"},{"@type":"ListItem","position":2,"name":"ACCORD POUR LA PAIX DANS LES GRANDS LACS\u00a0: Le Pr\u00e9sident Kagame prend enfin la parole\u2026"}]},{"@type":"WebSite","@id":"https:\/\/macite.tg\/#website","url":"https:\/\/macite.tg\/","name":"","description":"L&#039;information, la bonne!!!","potentialAction":[{"@type":"SearchAction","target":{"@type":"EntryPoint","urlTemplate":"https:\/\/macite.tg\/?s={search_term_string}"},"query-input":{"@type":"PropertyValueSpecification","valueRequired":true,"valueName":"search_term_string"}}],"inLanguage":"fr-FR"},{"@type":"Person","@id":"https:\/\/macite.tg\/#\/schema\/person\/e9f2de7e5dbbe7770a9402c7ce82f5c2","name":"Jean Pierre BAWELA","image":{"@type":"ImageObject","inLanguage":"fr-FR","@id":"https:\/\/macite.tg\/wp-content\/uploads\/2023\/09\/WhatsApp-Image-2023-09-19-at-14.44.41-122x122.jpeg","url":"https:\/\/macite.tg\/wp-content\/uploads\/2023\/09\/WhatsApp-Image-2023-09-19-at-14.44.41-122x122.jpeg","contentUrl":"https:\/\/macite.tg\/wp-content\/uploads\/2023\/09\/WhatsApp-Image-2023-09-19-at-14.44.41-122x122.jpeg","caption":"Jean Pierre BAWELA"},"url":"https:\/\/macite.tg\/?author=2"}]}},"_links":{"self":[{"href":"https:\/\/macite.tg\/index.php?rest_route=\/wp\/v2\/posts\/26786","targetHints":{"allow":["GET"]}}],"collection":[{"href":"https:\/\/macite.tg\/index.php?rest_route=\/wp\/v2\/posts"}],"about":[{"href":"https:\/\/macite.tg\/index.php?rest_route=\/wp\/v2\/types\/post"}],"author":[{"embeddable":true,"href":"https:\/\/macite.tg\/index.php?rest_route=\/wp\/v2\/users\/2"}],"replies":[{"embeddable":true,"href":"https:\/\/macite.tg\/index.php?rest_route=%2Fwp%2Fv2%2Fcomments&post=26786"}],"version-history":[{"count":0,"href":"https:\/\/macite.tg\/index.php?rest_route=\/wp\/v2\/posts\/26786\/revisions"}],"wp:featuredmedia":[{"embeddable":true,"href":"https:\/\/macite.tg\/index.php?rest_route=\/wp\/v2\/media\/26787"}],"wp:attachment":[{"href":"https:\/\/macite.tg\/index.php?rest_route=%2Fwp%2Fv2%2Fmedia&parent=26786"}],"wp:term":[{"taxonomy":"category","embeddable":true,"href":"https:\/\/macite.tg\/index.php?rest_route=%2Fwp%2Fv2%2Fcategories&post=26786"},{"taxonomy":"post_tag","embeddable":true,"href":"https:\/\/macite.tg\/index.php?rest_route=%2Fwp%2Fv2%2Ftags&post=26786"}],"curies":[{"name":"wp","href":"https:\/\/api.w.org\/{rel}","templated":true}]}}