{"id":26782,"date":"2025-12-11T12:06:17","date_gmt":"2025-12-11T12:06:17","guid":{"rendered":"https:\/\/macite.tg\/?p=26782"},"modified":"2025-12-11T12:06:28","modified_gmt":"2025-12-11T12:06:28","slug":"cameroun-limogeage-de-marc-brys-le-ministre-des-sports-dit-prendre-acte","status":"publish","type":"post","link":"https:\/\/macite.tg\/?p=26782","title":{"rendered":"CAMEROUN &#8211; LIMOGEAGE DE MARC BRYS\u00a0: Le ministre des Sports dit prendre acte\u2026"},"content":{"rendered":"\n<p class=\"wp-block-paragraph\"><strong><em>Le Ministre des Sports, Narcisse Mouelle Kombi a fait une d\u00e9claration ce 10 d\u00e9cembre, prenant acte de la d\u00e9cision de la FECAFOOT concernant Marc Brys.\u00a0<\/em><\/strong><\/p>\n\n\n\n<p class=\"wp-block-paragraph\">Lors de la r\u00e9union pr\u00e9paratoire pour la CAN 2025 qui s&rsquo;est tenu au palais des sports de Yaound\u00e9, le Pr Narcisse Mouelle Kombi, a pris acte de la d\u00e9cision de la FECAFOOT de se passer des services de Marc Brys pour la CAN 2025. Il a officiellement confi\u00e9 les Lions indomptables \u00e0 la F\u00e9d\u00e9ration.<\/p>\n\n\n\n<p class=\"wp-block-paragraph\">Lors de sa prise de parole,le ministre a d&rsquo;ailleurs dress\u00e9 un bilan du passage de Marc Brys qu&rsquo;il avait nomm\u00e9 \u00e0 la t\u00eate des Lions Indomptables : \u00ab\u00a0<em>Avec l\u2019av\u00e8nement de l\u2019entra\u00eeneur s\u00e9lectionneur Marc Brys et de son staff mis \u00e0 la disposition de la FECAFOOT par l\u2019\u00c9tat sur tr\u00e8s hautes directives du Pr\u00e9sident de la R\u00e9publique, cet objectif de performance a \u00e9t\u00e9 atteint avec des r\u00e9sultats remarquables, \u00e0 savoir 17 matchs jou\u00e9s, 9 victoires, 6 matchs nuls et seulement deux d\u00e9faites. <\/em><\/p>\n\n\n\n<figure class=\"wp-block-image size-large\"><img loading=\"lazy\" decoding=\"async\" width=\"1024\" height=\"392\" src=\"https:\/\/macite.tg\/wp-content\/uploads\/2025\/12\/8d9cf208-3716-4e73-bc0c-3341ae213e6b-1024x392.jpg\" alt=\"\" class=\"wp-image-26779\" srcset=\"https:\/\/macite.tg\/wp-content\/uploads\/2025\/12\/8d9cf208-3716-4e73-bc0c-3341ae213e6b-1024x392.jpg 1024w, https:\/\/macite.tg\/wp-content\/uploads\/2025\/12\/8d9cf208-3716-4e73-bc0c-3341ae213e6b-300x115.jpg 300w, https:\/\/macite.tg\/wp-content\/uploads\/2025\/12\/8d9cf208-3716-4e73-bc0c-3341ae213e6b-768x294.jpg 768w, https:\/\/macite.tg\/wp-content\/uploads\/2025\/12\/8d9cf208-3716-4e73-bc0c-3341ae213e6b.jpg 1080w\" sizes=\"auto, (max-width: 1024px) 100vw, 1024px\" \/><\/figure>\n\n\n\n<p class=\"wp-block-paragraph\"><em>Par ailleurs, les Lions indomptables ont pu se qualifier d\u2019office pour la CAN Maroc, ayant admirablement conquis la premi\u00e8re place de leur poule. Ce en vertu de quoi, nous tenons \u00e0 r\u00e9it\u00e9rer nos f\u00e9licitations au coach Marc Brys, \u00e0 l\u2019ensemble de son staff et aux valeureux Lions indomptables<\/em>\u00a0\u00bb.<\/p>\n\n\n\n<p class=\"wp-block-paragraph\">Il a \u00e9galement fait des recommandations \u00e0 la F\u00e9d\u00e9ration qui prend totalement la rel\u00e8ve d\u00e9sormais :&nbsp;\u00ab&nbsp;<em>Les premi\u00e8res recommandations vont \u00e0 la F\u00e9d\u00e9ration Camerounaise de Football qui devra communiquer clairement \u00e0 tous les membres de la d\u00e9l\u00e9gation sportive, leurs droits et leurs devoirs avant le d\u00e9but du stage d&rsquo;acclimatation.<\/em><\/p>\n\n\n\n<p class=\"wp-block-paragraph\"><em>Afin d&rsquo;\u00e9viter des revendications intempestives qui seraient de nature \u00e0 ternir l&rsquo;image de notre pays. Confirmer en urgence, la liste des joueurs s\u00e9lectionn\u00e9s, \u00e9viter toute interf\u00e9rence dans les choix qui devraient rester purement sportifs et garantir une bonne protection \u00e0 l&rsquo;ensemble de l&rsquo;\u00e9quipe nationale. Protection vis-\u00e0-vis d&rsquo;un environnement qui devrait \u00eatre tout sauf pollu\u00e9 par des informations toxiques visant \u00e0 d\u00e9stabiliser la tani\u00e8re. Assurer une bonne pr\u00e9paration technique et tactique<\/em>&nbsp;\u00bb.<\/p>\n\n\n<div class=\"wp-block-image\">\n<figure class=\"aligncenter size-large\"><img loading=\"lazy\" decoding=\"async\" width=\"723\" height=\"1024\" src=\"https:\/\/macite.tg\/wp-content\/uploads\/2025\/12\/1a88bc4e-bab8-4cbf-bc7e-8b8cf32bb810-723x1024.jpg\" alt=\"\" class=\"wp-image-26728\" srcset=\"https:\/\/macite.tg\/wp-content\/uploads\/2025\/12\/1a88bc4e-bab8-4cbf-bc7e-8b8cf32bb810-723x1024.jpg 723w, https:\/\/macite.tg\/wp-content\/uploads\/2025\/12\/1a88bc4e-bab8-4cbf-bc7e-8b8cf32bb810-212x300.jpg 212w, https:\/\/macite.tg\/wp-content\/uploads\/2025\/12\/1a88bc4e-bab8-4cbf-bc7e-8b8cf32bb810.jpg 763w\" sizes=\"auto, (max-width: 723px) 100vw, 723px\" \/><\/figure>\n<\/div>\n\n\n<p class=\"wp-block-paragraph\">Il a r\u00e9affirm\u00e9 l&rsquo;engagement du gouvernement \u00e0 soutenir l&rsquo;\u00e9quipe sur les aspects financiers et logistiques pour une pr\u00e9paration optimale de la comp\u00e9tition. Le ministre a aussi insist\u00e9 sur l&rsquo;importance de l&rsquo;esprit d&rsquo;\u00e9quipe, la coh\u00e9sion, le professionnalisme et le travail acharn\u00e9 pour raviver la gloire du football camerounais.<\/p>\n\n\n\n<p class=\"wp-block-paragraph\"><strong>MSN<\/strong><\/p>\n\n\n\n<p class=\"wp-block-paragraph\"><a><strong><em>@macite.tg&nbsp;&nbsp;&nbsp;&nbsp;&nbsp;&nbsp;&nbsp;&nbsp;<\/em><\/strong><\/a><\/p>\n\n\n\n<p class=\"wp-block-paragraph\"><strong><em>E-mail&nbsp;: <\/em><\/strong><a href=\"mailto:maciteinfo@gmail.com\"><strong><em>maciteinfo@gmail.com<\/em><\/strong><\/a><strong><em>; <\/em><\/strong><a href=\"mailto:bawela1@gmail.com\"><strong><em>bawela1@gmail.com<\/em><\/strong><\/a><strong><em><\/em><\/strong><\/p>\n\n\n\n<p class=\"wp-block-paragraph\"><strong><em>Pour vos annonces, (publi)reportages, etc., joignez-nous au (00228)91515309\/<strong>79872224 <\/strong><strong><\/strong><\/em><\/strong><\/p>\n\n\n\n<p class=\"wp-block-paragraph\"><strong><em>www.macite.tg, L\u2019information, la bonne&nbsp;!<\/em><\/strong><\/p>\n\n\n\n<p class=\"wp-block-paragraph\"><\/p>\n","protected":false},"excerpt":{"rendered":"<p class=\"text-justify mb-2\" >Le Ministre des Sports, Narcisse Mouelle Kombi a fait une d\u00e9claration ce 10 d\u00e9cembre, prenant acte de la d\u00e9cision de la FECAFOOT concernant Marc Brys.\u00a0 Lors de la r\u00e9union pr\u00e9paratoire pour la CAN 2025 qui s&rsquo;est tenu au palais des sports de Yaound\u00e9, le Pr [&hellip;]<\/p>\n","protected":false},"author":2,"featured_media":26784,"comment_status":"open","ping_status":"open","sticky":false,"template":"","format":"standard","meta":{"footnotes":""},"categories":[20,63,7],"tags":[],"class_list":["post-26782","post","type-post","status-publish","format-standard","has-post-thumbnail","hentry","category-actualite","category-football","category-sports"],"yoast_head":"<!-- This site is optimized with the Yoast SEO plugin v28.4 - https:\/\/yoast.com\/product\/yoast-seo-wordpress\/ -->\n<title>CAMEROUN - LIMOGEAGE DE MARC BRYS\u00a0: Le ministre des Sports dit prendre acte\u2026 -<\/title>\n<meta name=\"robots\" content=\"index, follow, max-snippet:-1, max-image-preview:large, max-video-preview:-1\" \/>\n<link rel=\"canonical\" href=\"https:\/\/macite.tg\/?p=26782\" \/>\n<meta property=\"og:locale\" content=\"fr_FR\" \/>\n<meta property=\"og:type\" content=\"article\" \/>\n<meta property=\"og:title\" content=\"CAMEROUN - LIMOGEAGE DE MARC BRYS\u00a0: Le ministre des Sports dit prendre acte\u2026 -\" \/>\n<meta property=\"og:description\" content=\"Le Ministre des Sports, Narcisse Mouelle Kombi a fait une d\u00e9claration ce 10 d\u00e9cembre, prenant acte de la d\u00e9cision de la FECAFOOT concernant Marc Brys.\u00a0 Lors de la r\u00e9union pr\u00e9paratoire pour la CAN 2025 qui s&rsquo;est tenu au palais des sports de Yaound\u00e9, le Pr [&hellip;]\" \/>\n<meta property=\"og:url\" content=\"https:\/\/macite.tg\/?p=26782\" \/>\n<meta property=\"article:published_time\" content=\"2025-12-11T12:06:17+00:00\" \/>\n<meta property=\"article:modified_time\" content=\"2025-12-11T12:06:28+00:00\" \/>\n<meta property=\"og:image\" content=\"https:\/\/macite.tg\/wp-content\/uploads\/2025\/12\/image-36.png\" \/>\n\t<meta property=\"og:image:width\" content=\"534\" \/>\n\t<meta property=\"og:image:height\" content=\"301\" \/>\n\t<meta property=\"og:image:type\" content=\"image\/png\" \/>\n<meta name=\"author\" content=\"Jean Pierre BAWELA\" \/>\n<meta name=\"twitter:card\" content=\"summary_large_image\" \/>\n<meta name=\"twitter:label1\" content=\"\u00c9crit par\" \/>\n\t<meta name=\"twitter:data1\" content=\"Jean Pierre BAWELA\" \/>\n\t<meta name=\"twitter:label2\" content=\"Dur\u00e9e de lecture estim\u00e9e\" \/>\n\t<meta name=\"twitter:data2\" content=\"3 minutes\" \/>\n<script type=\"application\/ld+json\" class=\"yoast-schema-graph\">{\"@context\":\"https:\\\/\\\/schema.org\",\"@graph\":[{\"@type\":\"Article\",\"@id\":\"https:\\\/\\\/macite.tg\\\/?p=26782#article\",\"isPartOf\":{\"@id\":\"https:\\\/\\\/macite.tg\\\/?p=26782\"},\"author\":{\"name\":\"Jean Pierre BAWELA\",\"@id\":\"https:\\\/\\\/macite.tg\\\/#\\\/schema\\\/person\\\/e9f2de7e5dbbe7770a9402c7ce82f5c2\"},\"headline\":\"CAMEROUN &#8211; LIMOGEAGE DE MARC BRYS\u00a0: Le ministre des Sports dit prendre acte\u2026\",\"datePublished\":\"2025-12-11T12:06:17+00:00\",\"dateModified\":\"2025-12-11T12:06:28+00:00\",\"mainEntityOfPage\":{\"@id\":\"https:\\\/\\\/macite.tg\\\/?p=26782\"},\"wordCount\":467,\"commentCount\":0,\"image\":{\"@id\":\"https:\\\/\\\/macite.tg\\\/?p=26782#primaryimage\"},\"thumbnailUrl\":\"https:\\\/\\\/macite.tg\\\/wp-content\\\/uploads\\\/2025\\\/12\\\/image-36.png\",\"articleSection\":[\"ACTUALITE\",\"FOOTBALL\",\"SPORTS\"],\"inLanguage\":\"fr-FR\",\"potentialAction\":[{\"@type\":\"CommentAction\",\"name\":\"Comment\",\"target\":[\"https:\\\/\\\/macite.tg\\\/?p=26782#respond\"]}]},{\"@type\":\"WebPage\",\"@id\":\"https:\\\/\\\/macite.tg\\\/?p=26782\",\"url\":\"https:\\\/\\\/macite.tg\\\/?p=26782\",\"name\":\"CAMEROUN - LIMOGEAGE DE MARC BRYS\u00a0: Le ministre des Sports dit prendre acte\u2026 -\",\"isPartOf\":{\"@id\":\"https:\\\/\\\/macite.tg\\\/#website\"},\"primaryImageOfPage\":{\"@id\":\"https:\\\/\\\/macite.tg\\\/?p=26782#primaryimage\"},\"image\":{\"@id\":\"https:\\\/\\\/macite.tg\\\/?p=26782#primaryimage\"},\"thumbnailUrl\":\"https:\\\/\\\/macite.tg\\\/wp-content\\\/uploads\\\/2025\\\/12\\\/image-36.png\",\"datePublished\":\"2025-12-11T12:06:17+00:00\",\"dateModified\":\"2025-12-11T12:06:28+00:00\",\"author\":{\"@id\":\"https:\\\/\\\/macite.tg\\\/#\\\/schema\\\/person\\\/e9f2de7e5dbbe7770a9402c7ce82f5c2\"},\"breadcrumb\":{\"@id\":\"https:\\\/\\\/macite.tg\\\/?p=26782#breadcrumb\"},\"inLanguage\":\"fr-FR\",\"potentialAction\":[{\"@type\":\"ReadAction\",\"target\":[\"https:\\\/\\\/macite.tg\\\/?p=26782\"]}]},{\"@type\":\"ImageObject\",\"inLanguage\":\"fr-FR\",\"@id\":\"https:\\\/\\\/macite.tg\\\/?p=26782#primaryimage\",\"url\":\"https:\\\/\\\/macite.tg\\\/wp-content\\\/uploads\\\/2025\\\/12\\\/image-36.png\",\"contentUrl\":\"https:\\\/\\\/macite.tg\\\/wp-content\\\/uploads\\\/2025\\\/12\\\/image-36.png\",\"width\":534,\"height\":301,\"caption\":\"Pr Narcisse Mouelle Kombi\"},{\"@type\":\"BreadcrumbList\",\"@id\":\"https:\\\/\\\/macite.tg\\\/?p=26782#breadcrumb\",\"itemListElement\":[{\"@type\":\"ListItem\",\"position\":1,\"name\":\"Accueil\",\"item\":\"https:\\\/\\\/macite.tg\\\/\"},{\"@type\":\"ListItem\",\"position\":2,\"name\":\"CAMEROUN &#8211; LIMOGEAGE DE MARC BRYS\u00a0: Le ministre des Sports dit prendre acte\u2026\"}]},{\"@type\":\"WebSite\",\"@id\":\"https:\\\/\\\/macite.tg\\\/#website\",\"url\":\"https:\\\/\\\/macite.tg\\\/\",\"name\":\"\",\"description\":\"L&#039;information, la bonne!!!\",\"potentialAction\":[{\"@type\":\"SearchAction\",\"target\":{\"@type\":\"EntryPoint\",\"urlTemplate\":\"https:\\\/\\\/macite.tg\\\/?s={search_term_string}\"},\"query-input\":{\"@type\":\"PropertyValueSpecification\",\"valueRequired\":true,\"valueName\":\"search_term_string\"}}],\"inLanguage\":\"fr-FR\"},{\"@type\":\"Person\",\"@id\":\"https:\\\/\\\/macite.tg\\\/#\\\/schema\\\/person\\\/e9f2de7e5dbbe7770a9402c7ce82f5c2\",\"name\":\"Jean Pierre BAWELA\",\"image\":{\"@type\":\"ImageObject\",\"inLanguage\":\"fr-FR\",\"@id\":\"https:\\\/\\\/macite.tg\\\/wp-content\\\/uploads\\\/2023\\\/09\\\/WhatsApp-Image-2023-09-19-at-14.44.41-122x122.jpeg\",\"url\":\"https:\\\/\\\/macite.tg\\\/wp-content\\\/uploads\\\/2023\\\/09\\\/WhatsApp-Image-2023-09-19-at-14.44.41-122x122.jpeg\",\"contentUrl\":\"https:\\\/\\\/macite.tg\\\/wp-content\\\/uploads\\\/2023\\\/09\\\/WhatsApp-Image-2023-09-19-at-14.44.41-122x122.jpeg\",\"caption\":\"Jean Pierre BAWELA\"},\"url\":\"https:\\\/\\\/macite.tg\\\/?author=2\"}]}<\/script>\n<!-- \/ Yoast SEO plugin. -->","yoast_head_json":{"title":"CAMEROUN - LIMOGEAGE DE MARC BRYS\u00a0: Le ministre des Sports dit prendre acte\u2026 -","robots":{"index":"index","follow":"follow","max-snippet":"max-snippet:-1","max-image-preview":"max-image-preview:large","max-video-preview":"max-video-preview:-1"},"canonical":"https:\/\/macite.tg\/?p=26782","og_locale":"fr_FR","og_type":"article","og_title":"CAMEROUN - LIMOGEAGE DE MARC BRYS\u00a0: Le ministre des Sports dit prendre acte\u2026 -","og_description":"Le Ministre des Sports, Narcisse Mouelle Kombi a fait une d\u00e9claration ce 10 d\u00e9cembre, prenant acte de la d\u00e9cision de la FECAFOOT concernant Marc Brys.\u00a0 Lors de la r\u00e9union pr\u00e9paratoire pour la CAN 2025 qui s&rsquo;est tenu au palais des sports de Yaound\u00e9, le Pr [&hellip;]","og_url":"https:\/\/macite.tg\/?p=26782","article_published_time":"2025-12-11T12:06:17+00:00","article_modified_time":"2025-12-11T12:06:28+00:00","og_image":[{"width":534,"height":301,"url":"https:\/\/macite.tg\/wp-content\/uploads\/2025\/12\/image-36.png","type":"image\/png"}],"author":"Jean Pierre BAWELA","twitter_card":"summary_large_image","twitter_misc":{"\u00c9crit par":"Jean Pierre BAWELA","Dur\u00e9e de lecture estim\u00e9e":"3 minutes"},"schema":{"@context":"https:\/\/schema.org","@graph":[{"@type":"Article","@id":"https:\/\/macite.tg\/?p=26782#article","isPartOf":{"@id":"https:\/\/macite.tg\/?p=26782"},"author":{"name":"Jean Pierre BAWELA","@id":"https:\/\/macite.tg\/#\/schema\/person\/e9f2de7e5dbbe7770a9402c7ce82f5c2"},"headline":"CAMEROUN &#8211; LIMOGEAGE DE MARC BRYS\u00a0: Le ministre des Sports dit prendre acte\u2026","datePublished":"2025-12-11T12:06:17+00:00","dateModified":"2025-12-11T12:06:28+00:00","mainEntityOfPage":{"@id":"https:\/\/macite.tg\/?p=26782"},"wordCount":467,"commentCount":0,"image":{"@id":"https:\/\/macite.tg\/?p=26782#primaryimage"},"thumbnailUrl":"https:\/\/macite.tg\/wp-content\/uploads\/2025\/12\/image-36.png","articleSection":["ACTUALITE","FOOTBALL","SPORTS"],"inLanguage":"fr-FR","potentialAction":[{"@type":"CommentAction","name":"Comment","target":["https:\/\/macite.tg\/?p=26782#respond"]}]},{"@type":"WebPage","@id":"https:\/\/macite.tg\/?p=26782","url":"https:\/\/macite.tg\/?p=26782","name":"CAMEROUN - LIMOGEAGE DE MARC BRYS\u00a0: Le ministre des Sports dit prendre acte\u2026 -","isPartOf":{"@id":"https:\/\/macite.tg\/#website"},"primaryImageOfPage":{"@id":"https:\/\/macite.tg\/?p=26782#primaryimage"},"image":{"@id":"https:\/\/macite.tg\/?p=26782#primaryimage"},"thumbnailUrl":"https:\/\/macite.tg\/wp-content\/uploads\/2025\/12\/image-36.png","datePublished":"2025-12-11T12:06:17+00:00","dateModified":"2025-12-11T12:06:28+00:00","author":{"@id":"https:\/\/macite.tg\/#\/schema\/person\/e9f2de7e5dbbe7770a9402c7ce82f5c2"},"breadcrumb":{"@id":"https:\/\/macite.tg\/?p=26782#breadcrumb"},"inLanguage":"fr-FR","potentialAction":[{"@type":"ReadAction","target":["https:\/\/macite.tg\/?p=26782"]}]},{"@type":"ImageObject","inLanguage":"fr-FR","@id":"https:\/\/macite.tg\/?p=26782#primaryimage","url":"https:\/\/macite.tg\/wp-content\/uploads\/2025\/12\/image-36.png","contentUrl":"https:\/\/macite.tg\/wp-content\/uploads\/2025\/12\/image-36.png","width":534,"height":301,"caption":"Pr Narcisse Mouelle Kombi"},{"@type":"BreadcrumbList","@id":"https:\/\/macite.tg\/?p=26782#breadcrumb","itemListElement":[{"@type":"ListItem","position":1,"name":"Accueil","item":"https:\/\/macite.tg\/"},{"@type":"ListItem","position":2,"name":"CAMEROUN &#8211; LIMOGEAGE DE MARC BRYS\u00a0: Le ministre des Sports dit prendre acte\u2026"}]},{"@type":"WebSite","@id":"https:\/\/macite.tg\/#website","url":"https:\/\/macite.tg\/","name":"","description":"L&#039;information, la bonne!!!","potentialAction":[{"@type":"SearchAction","target":{"@type":"EntryPoint","urlTemplate":"https:\/\/macite.tg\/?s={search_term_string}"},"query-input":{"@type":"PropertyValueSpecification","valueRequired":true,"valueName":"search_term_string"}}],"inLanguage":"fr-FR"},{"@type":"Person","@id":"https:\/\/macite.tg\/#\/schema\/person\/e9f2de7e5dbbe7770a9402c7ce82f5c2","name":"Jean Pierre BAWELA","image":{"@type":"ImageObject","inLanguage":"fr-FR","@id":"https:\/\/macite.tg\/wp-content\/uploads\/2023\/09\/WhatsApp-Image-2023-09-19-at-14.44.41-122x122.jpeg","url":"https:\/\/macite.tg\/wp-content\/uploads\/2023\/09\/WhatsApp-Image-2023-09-19-at-14.44.41-122x122.jpeg","contentUrl":"https:\/\/macite.tg\/wp-content\/uploads\/2023\/09\/WhatsApp-Image-2023-09-19-at-14.44.41-122x122.jpeg","caption":"Jean Pierre BAWELA"},"url":"https:\/\/macite.tg\/?author=2"}]}},"_links":{"self":[{"href":"https:\/\/macite.tg\/index.php?rest_route=\/wp\/v2\/posts\/26782","targetHints":{"allow":["GET"]}}],"collection":[{"href":"https:\/\/macite.tg\/index.php?rest_route=\/wp\/v2\/posts"}],"about":[{"href":"https:\/\/macite.tg\/index.php?rest_route=\/wp\/v2\/types\/post"}],"author":[{"embeddable":true,"href":"https:\/\/macite.tg\/index.php?rest_route=\/wp\/v2\/users\/2"}],"replies":[{"embeddable":true,"href":"https:\/\/macite.tg\/index.php?rest_route=%2Fwp%2Fv2%2Fcomments&post=26782"}],"version-history":[{"count":0,"href":"https:\/\/macite.tg\/index.php?rest_route=\/wp\/v2\/posts\/26782\/revisions"}],"wp:featuredmedia":[{"embeddable":true,"href":"https:\/\/macite.tg\/index.php?rest_route=\/wp\/v2\/media\/26784"}],"wp:attachment":[{"href":"https:\/\/macite.tg\/index.php?rest_route=%2Fwp%2Fv2%2Fmedia&parent=26782"}],"wp:term":[{"taxonomy":"category","embeddable":true,"href":"https:\/\/macite.tg\/index.php?rest_route=%2Fwp%2Fv2%2Fcategories&post=26782"},{"taxonomy":"post_tag","embeddable":true,"href":"https:\/\/macite.tg\/index.php?rest_route=%2Fwp%2Fv2%2Ftags&post=26782"}],"curies":[{"name":"wp","href":"https:\/\/api.w.org\/{rel}","templated":true}]}}