{"id":26765,"date":"2025-12-10T17:44:55","date_gmt":"2025-12-10T17:44:55","guid":{"rendered":"https:\/\/macite.tg\/?p=26765"},"modified":"2025-12-10T17:45:02","modified_gmt":"2025-12-10T17:45:02","slug":"can-maroc-2025-la-caf-et-loncf-sallient-pour-une-meilleure-mobilite-des-supporters","status":"publish","type":"post","link":"https:\/\/macite.tg\/?p=26765","title":{"rendered":"CAN MAROC 2025 : La CAF et l\u2019ONCF s\u2019allient pour une meilleure mobilit\u00e9 des supporters"},"content":{"rendered":"\n<p class=\"wp-block-paragraph\"><strong><em>\u00c0 moins de deux semaines du coup d\u2019envoi de la Coupe d\u2019Afrique des Nations TotalEnergies Maroc 2025, la Conf\u00e9d\u00e9ration Africaine de Football (CAF) et l\u2019Office National des Chemins de Fer (ONCF) ont officialis\u00e9 un partenariat strat\u00e9gique destin\u00e9 \u00e0 faciliter la mobilit\u00e9 des supporters tout au long du tournoi.<\/em><\/strong><em><\/em><\/p>\n\n\n\n<p class=\"wp-block-paragraph\">L\u2019accord a \u00e9t\u00e9 sign\u00e9 entre le pr\u00e9sident de la CAF, le Dr Patrice Motsepe, et le directeur g\u00e9n\u00e9ral de l\u2019ONCF, Mohamed Rabie Khlie. Il conf\u00e8re \u00e0 l\u2019ONCF le statut de sponsor officiel de la comp\u00e9tition, soulignant ainsi l\u2019implication du transport ferroviaire marocain dans l\u2019organisation de cet \u00e9v\u00e9nement continental majeur.<\/p>\n\n\n\n<p class=\"wp-block-paragraph\">Dans le cadre de ce partenariat, l\u2019ONCF mettra en place un plan de transport sp\u00e9cial, avec des horaires de train adapt\u00e9s pendant toute la dur\u00e9e de la CAN. L\u2019objectif est d\u2019augmenter la capacit\u00e9 aux heures d\u2019affluence et d\u2019assurer une meilleure fluidit\u00e9 entre les diff\u00e9rentes villes h\u00f4tes.<\/p>\n\n\n<div class=\"wp-block-image\">\n<figure class=\"aligncenter size-large\"><img loading=\"lazy\" decoding=\"async\" width=\"723\" height=\"1024\" src=\"https:\/\/macite.tg\/wp-content\/uploads\/2025\/12\/1a88bc4e-bab8-4cbf-bc7e-8b8cf32bb810-723x1024.jpg\" alt=\"\" class=\"wp-image-26728\" srcset=\"https:\/\/macite.tg\/wp-content\/uploads\/2025\/12\/1a88bc4e-bab8-4cbf-bc7e-8b8cf32bb810-723x1024.jpg 723w, https:\/\/macite.tg\/wp-content\/uploads\/2025\/12\/1a88bc4e-bab8-4cbf-bc7e-8b8cf32bb810-212x300.jpg 212w, https:\/\/macite.tg\/wp-content\/uploads\/2025\/12\/1a88bc4e-bab8-4cbf-bc7e-8b8cf32bb810.jpg 763w\" sizes=\"auto, (max-width: 723px) 100vw, 723px\" \/><\/figure>\n<\/div>\n\n\n<p class=\"wp-block-paragraph\">Des offres tarifaires sp\u00e9cifiques et des forfaits de voyage d\u00e9di\u00e9s seront \u00e9galement propos\u00e9s afin de permettre aux supporters de se d\u00e9placer plus facilement et de vivre pleinement l\u2019exp\u00e9rience de la CAN Maroc 2025.<\/p>\n\n\n\n<p class=\"wp-block-paragraph\">La c\u00e9r\u00e9monie de signature s\u2019est tenue en pr\u00e9sence de Fouzi Lekjaa, pr\u00e9sident de la F\u00e9d\u00e9ration Royale Marocaine de Football, ainsi que de Veron Mosengo-Omba, secr\u00e9taire g\u00e9n\u00e9ral et premier vice-pr\u00e9sident de la CAF.<\/p>\n\n\n\n<p class=\"wp-block-paragraph\">Principal acteur de la mobilit\u00e9 au Maroc, l\u2019ONCF compte mobiliser l\u2019ensemble de son r\u00e9seau ferroviaire et son expertise afin d\u2019assurer des d\u00e9placements rapides, s\u00e9curis\u00e9s et confortables \u00e0 des millions de supporters. Cette initiative vise \u00e0 renforcer la connectivit\u00e9 entre les sites de comp\u00e9tition et \u00e0 offrir une organisation logistique \u00e0 la hauteur des standards internationaux.<\/p>\n\n\n\n<p class=\"wp-block-paragraph\">\u00c0 travers ce partenariat, l\u2019ONCF r\u00e9affirme son r\u00f4le f\u00e9d\u00e9rateur, pla\u00e7ant la durabilit\u00e9, l\u2019inclusion et l\u2019accessibilit\u00e9 au c\u0153ur de ses priorit\u00e9s. L\u2019accord s\u2019inscrit \u00e9galement dans la vision de Sa Majest\u00e9 le Roi Mohammed VI, visant \u00e0 soutenir le sport, consolider l\u2019unit\u00e9 africaine et accompagner une jeunesse tourn\u00e9e vers l\u2019avenir.<\/p>\n\n\n<div class=\"wp-block-image\">\n<figure class=\"aligncenter size-large is-resized\"><img loading=\"lazy\" decoding=\"async\" width=\"1024\" height=\"1024\" src=\"https:\/\/macite.tg\/wp-content\/uploads\/2025\/12\/f4e9db65-d653-41f7-b584-07f92d21ac18-1024x1024.jpg\" alt=\"\" class=\"wp-image-26741\" style=\"width:498px;height:auto\" srcset=\"https:\/\/macite.tg\/wp-content\/uploads\/2025\/12\/f4e9db65-d653-41f7-b584-07f92d21ac18-1024x1024.jpg 1024w, https:\/\/macite.tg\/wp-content\/uploads\/2025\/12\/f4e9db65-d653-41f7-b584-07f92d21ac18-300x300.jpg 300w, https:\/\/macite.tg\/wp-content\/uploads\/2025\/12\/f4e9db65-d653-41f7-b584-07f92d21ac18-150x150.jpg 150w, https:\/\/macite.tg\/wp-content\/uploads\/2025\/12\/f4e9db65-d653-41f7-b584-07f92d21ac18-768x768.jpg 768w, https:\/\/macite.tg\/wp-content\/uploads\/2025\/12\/f4e9db65-d653-41f7-b584-07f92d21ac18-122x122.jpg 122w, https:\/\/macite.tg\/wp-content\/uploads\/2025\/12\/f4e9db65-d653-41f7-b584-07f92d21ac18.jpg 1080w\" sizes=\"auto, (max-width: 1024px) 100vw, 1024px\" \/><\/figure>\n<\/div>\n\n\n<p class=\"wp-block-paragraph\">Cette collaboration marque une \u00e9tape cl\u00e9 dans les pr\u00e9paratifs d\u2019une CAN Maroc 2025 ambitieuse, pens\u00e9e comme un \u00e9v\u00e9nement de r\u00e9f\u00e9rence en mati\u00e8re d\u2019accueil, de durabilit\u00e9 et de rayonnement du football africain, au b\u00e9n\u00e9fice des supporters et des communaut\u00e9s locales.<\/p>\n\n\n\n<p class=\"wp-block-paragraph\"><strong>MSN<\/strong><\/p>\n\n\n\n<p class=\"wp-block-paragraph\"><strong><em>@macite.tg&nbsp;&nbsp;&nbsp;&nbsp;&nbsp;&nbsp;&nbsp;&nbsp;<\/em><\/strong><\/p>\n\n\n\n<p class=\"wp-block-paragraph\"><strong><em>E-mail&nbsp;: <\/em><\/strong><a href=\"mailto:maciteinfo@gmail.com\"><strong><em>maciteinfo@gmail.com<\/em><\/strong><\/a><strong><em>; <\/em><\/strong><a href=\"mailto:bawela1@gmail.com\"><strong><em>bawela1@gmail.com<\/em><\/strong><\/a><strong><em><\/em><\/strong><\/p>\n\n\n\n<p class=\"wp-block-paragraph\"><strong><em>Pour vos annonces, (publi)reportages, etc., joignez-nous au (00228)91515309\/<strong>79872224 <\/strong><strong><\/strong><\/em><\/strong><\/p>\n\n\n\n<p class=\"wp-block-paragraph\"><strong><em>www.macite.tg, L\u2019information, la bonne&nbsp;!<\/em><\/strong><\/p>\n\n\n\n<p class=\"wp-block-paragraph\"><\/p>\n","protected":false},"excerpt":{"rendered":"<p class=\"text-justify mb-2\" >\u00c0 moins de deux semaines du coup d\u2019envoi de la Coupe d\u2019Afrique des Nations TotalEnergies Maroc 2025, la Conf\u00e9d\u00e9ration Africaine de Football (CAF) et l\u2019Office National des Chemins de Fer (ONCF) ont officialis\u00e9 un partenariat strat\u00e9gique destin\u00e9 \u00e0 faciliter la mobilit\u00e9 des supporters tout au [&hellip;]<\/p>\n","protected":false},"author":2,"featured_media":26766,"comment_status":"open","ping_status":"open","sticky":false,"template":"","format":"standard","meta":{"footnotes":""},"categories":[20,7,41],"tags":[],"class_list":["post-26765","post","type-post","status-publish","format-standard","has-post-thumbnail","hentry","category-actualite","category-sports","category-transports"],"yoast_head":"<!-- This site is optimized with the Yoast SEO plugin v28.4 - https:\/\/yoast.com\/product\/yoast-seo-wordpress\/ -->\n<title>CAN MAROC 2025 : La CAF et l\u2019ONCF s\u2019allient pour une meilleure mobilit\u00e9 des supporters -<\/title>\n<meta name=\"robots\" content=\"index, follow, max-snippet:-1, max-image-preview:large, max-video-preview:-1\" \/>\n<link rel=\"canonical\" href=\"https:\/\/macite.tg\/?p=26765\" \/>\n<meta property=\"og:locale\" content=\"fr_FR\" \/>\n<meta property=\"og:type\" content=\"article\" \/>\n<meta property=\"og:title\" content=\"CAN MAROC 2025 : La CAF et l\u2019ONCF s\u2019allient pour une meilleure mobilit\u00e9 des supporters -\" \/>\n<meta property=\"og:description\" content=\"\u00c0 moins de deux semaines du coup d\u2019envoi de la Coupe d\u2019Afrique des Nations TotalEnergies Maroc 2025, la Conf\u00e9d\u00e9ration Africaine de Football (CAF) et l\u2019Office National des Chemins de Fer (ONCF) ont officialis\u00e9 un partenariat strat\u00e9gique destin\u00e9 \u00e0 faciliter la mobilit\u00e9 des supporters tout au [&hellip;]\" \/>\n<meta property=\"og:url\" content=\"https:\/\/macite.tg\/?p=26765\" \/>\n<meta property=\"article:published_time\" content=\"2025-12-10T17:44:55+00:00\" \/>\n<meta property=\"article:modified_time\" content=\"2025-12-10T17:45:02+00:00\" \/>\n<meta property=\"og:image\" content=\"https:\/\/macite.tg\/wp-content\/uploads\/2025\/12\/CAN.jpg\" \/>\n\t<meta property=\"og:image:width\" content=\"500\" \/>\n\t<meta property=\"og:image:height\" content=\"333\" \/>\n\t<meta property=\"og:image:type\" content=\"image\/jpeg\" \/>\n<meta name=\"author\" content=\"Jean Pierre BAWELA\" \/>\n<meta name=\"twitter:card\" content=\"summary_large_image\" \/>\n<meta name=\"twitter:label1\" content=\"\u00c9crit par\" \/>\n\t<meta name=\"twitter:data1\" content=\"Jean Pierre BAWELA\" \/>\n\t<meta name=\"twitter:label2\" content=\"Dur\u00e9e de lecture estim\u00e9e\" \/>\n\t<meta name=\"twitter:data2\" content=\"3 minutes\" \/>\n<script type=\"application\/ld+json\" class=\"yoast-schema-graph\">{\"@context\":\"https:\\\/\\\/schema.org\",\"@graph\":[{\"@type\":\"Article\",\"@id\":\"https:\\\/\\\/macite.tg\\\/?p=26765#article\",\"isPartOf\":{\"@id\":\"https:\\\/\\\/macite.tg\\\/?p=26765\"},\"author\":{\"name\":\"Jean Pierre BAWELA\",\"@id\":\"https:\\\/\\\/macite.tg\\\/#\\\/schema\\\/person\\\/e9f2de7e5dbbe7770a9402c7ce82f5c2\"},\"headline\":\"CAN MAROC 2025 : La CAF et l\u2019ONCF s\u2019allient pour une meilleure mobilit\u00e9 des supporters\",\"datePublished\":\"2025-12-10T17:44:55+00:00\",\"dateModified\":\"2025-12-10T17:45:02+00:00\",\"mainEntityOfPage\":{\"@id\":\"https:\\\/\\\/macite.tg\\\/?p=26765\"},\"wordCount\":467,\"commentCount\":0,\"image\":{\"@id\":\"https:\\\/\\\/macite.tg\\\/?p=26765#primaryimage\"},\"thumbnailUrl\":\"https:\\\/\\\/macite.tg\\\/wp-content\\\/uploads\\\/2025\\\/12\\\/CAN.jpg\",\"articleSection\":[\"ACTUALITE\",\"SPORTS\",\"TRANSPORTS\"],\"inLanguage\":\"fr-FR\",\"potentialAction\":[{\"@type\":\"CommentAction\",\"name\":\"Comment\",\"target\":[\"https:\\\/\\\/macite.tg\\\/?p=26765#respond\"]}]},{\"@type\":\"WebPage\",\"@id\":\"https:\\\/\\\/macite.tg\\\/?p=26765\",\"url\":\"https:\\\/\\\/macite.tg\\\/?p=26765\",\"name\":\"CAN MAROC 2025 : La CAF et l\u2019ONCF s\u2019allient pour une meilleure mobilit\u00e9 des supporters -\",\"isPartOf\":{\"@id\":\"https:\\\/\\\/macite.tg\\\/#website\"},\"primaryImageOfPage\":{\"@id\":\"https:\\\/\\\/macite.tg\\\/?p=26765#primaryimage\"},\"image\":{\"@id\":\"https:\\\/\\\/macite.tg\\\/?p=26765#primaryimage\"},\"thumbnailUrl\":\"https:\\\/\\\/macite.tg\\\/wp-content\\\/uploads\\\/2025\\\/12\\\/CAN.jpg\",\"datePublished\":\"2025-12-10T17:44:55+00:00\",\"dateModified\":\"2025-12-10T17:45:02+00:00\",\"author\":{\"@id\":\"https:\\\/\\\/macite.tg\\\/#\\\/schema\\\/person\\\/e9f2de7e5dbbe7770a9402c7ce82f5c2\"},\"breadcrumb\":{\"@id\":\"https:\\\/\\\/macite.tg\\\/?p=26765#breadcrumb\"},\"inLanguage\":\"fr-FR\",\"potentialAction\":[{\"@type\":\"ReadAction\",\"target\":[\"https:\\\/\\\/macite.tg\\\/?p=26765\"]}]},{\"@type\":\"ImageObject\",\"inLanguage\":\"fr-FR\",\"@id\":\"https:\\\/\\\/macite.tg\\\/?p=26765#primaryimage\",\"url\":\"https:\\\/\\\/macite.tg\\\/wp-content\\\/uploads\\\/2025\\\/12\\\/CAN.jpg\",\"contentUrl\":\"https:\\\/\\\/macite.tg\\\/wp-content\\\/uploads\\\/2025\\\/12\\\/CAN.jpg\",\"width\":500,\"height\":333},{\"@type\":\"BreadcrumbList\",\"@id\":\"https:\\\/\\\/macite.tg\\\/?p=26765#breadcrumb\",\"itemListElement\":[{\"@type\":\"ListItem\",\"position\":1,\"name\":\"Accueil\",\"item\":\"https:\\\/\\\/macite.tg\\\/\"},{\"@type\":\"ListItem\",\"position\":2,\"name\":\"CAN MAROC 2025 : La CAF et l\u2019ONCF s\u2019allient pour une meilleure mobilit\u00e9 des supporters\"}]},{\"@type\":\"WebSite\",\"@id\":\"https:\\\/\\\/macite.tg\\\/#website\",\"url\":\"https:\\\/\\\/macite.tg\\\/\",\"name\":\"\",\"description\":\"L&#039;information, la bonne!!!\",\"potentialAction\":[{\"@type\":\"SearchAction\",\"target\":{\"@type\":\"EntryPoint\",\"urlTemplate\":\"https:\\\/\\\/macite.tg\\\/?s={search_term_string}\"},\"query-input\":{\"@type\":\"PropertyValueSpecification\",\"valueRequired\":true,\"valueName\":\"search_term_string\"}}],\"inLanguage\":\"fr-FR\"},{\"@type\":\"Person\",\"@id\":\"https:\\\/\\\/macite.tg\\\/#\\\/schema\\\/person\\\/e9f2de7e5dbbe7770a9402c7ce82f5c2\",\"name\":\"Jean Pierre BAWELA\",\"image\":{\"@type\":\"ImageObject\",\"inLanguage\":\"fr-FR\",\"@id\":\"https:\\\/\\\/macite.tg\\\/wp-content\\\/uploads\\\/2023\\\/09\\\/WhatsApp-Image-2023-09-19-at-14.44.41-122x122.jpeg\",\"url\":\"https:\\\/\\\/macite.tg\\\/wp-content\\\/uploads\\\/2023\\\/09\\\/WhatsApp-Image-2023-09-19-at-14.44.41-122x122.jpeg\",\"contentUrl\":\"https:\\\/\\\/macite.tg\\\/wp-content\\\/uploads\\\/2023\\\/09\\\/WhatsApp-Image-2023-09-19-at-14.44.41-122x122.jpeg\",\"caption\":\"Jean Pierre BAWELA\"},\"url\":\"https:\\\/\\\/macite.tg\\\/?author=2\"}]}<\/script>\n<!-- \/ Yoast SEO plugin. -->","yoast_head_json":{"title":"CAN MAROC 2025 : La CAF et l\u2019ONCF s\u2019allient pour une meilleure mobilit\u00e9 des supporters -","robots":{"index":"index","follow":"follow","max-snippet":"max-snippet:-1","max-image-preview":"max-image-preview:large","max-video-preview":"max-video-preview:-1"},"canonical":"https:\/\/macite.tg\/?p=26765","og_locale":"fr_FR","og_type":"article","og_title":"CAN MAROC 2025 : La CAF et l\u2019ONCF s\u2019allient pour une meilleure mobilit\u00e9 des supporters -","og_description":"\u00c0 moins de deux semaines du coup d\u2019envoi de la Coupe d\u2019Afrique des Nations TotalEnergies Maroc 2025, la Conf\u00e9d\u00e9ration Africaine de Football (CAF) et l\u2019Office National des Chemins de Fer (ONCF) ont officialis\u00e9 un partenariat strat\u00e9gique destin\u00e9 \u00e0 faciliter la mobilit\u00e9 des supporters tout au [&hellip;]","og_url":"https:\/\/macite.tg\/?p=26765","article_published_time":"2025-12-10T17:44:55+00:00","article_modified_time":"2025-12-10T17:45:02+00:00","og_image":[{"width":500,"height":333,"url":"https:\/\/macite.tg\/wp-content\/uploads\/2025\/12\/CAN.jpg","type":"image\/jpeg"}],"author":"Jean Pierre BAWELA","twitter_card":"summary_large_image","twitter_misc":{"\u00c9crit par":"Jean Pierre BAWELA","Dur\u00e9e de lecture estim\u00e9e":"3 minutes"},"schema":{"@context":"https:\/\/schema.org","@graph":[{"@type":"Article","@id":"https:\/\/macite.tg\/?p=26765#article","isPartOf":{"@id":"https:\/\/macite.tg\/?p=26765"},"author":{"name":"Jean Pierre BAWELA","@id":"https:\/\/macite.tg\/#\/schema\/person\/e9f2de7e5dbbe7770a9402c7ce82f5c2"},"headline":"CAN MAROC 2025 : La CAF et l\u2019ONCF s\u2019allient pour une meilleure mobilit\u00e9 des supporters","datePublished":"2025-12-10T17:44:55+00:00","dateModified":"2025-12-10T17:45:02+00:00","mainEntityOfPage":{"@id":"https:\/\/macite.tg\/?p=26765"},"wordCount":467,"commentCount":0,"image":{"@id":"https:\/\/macite.tg\/?p=26765#primaryimage"},"thumbnailUrl":"https:\/\/macite.tg\/wp-content\/uploads\/2025\/12\/CAN.jpg","articleSection":["ACTUALITE","SPORTS","TRANSPORTS"],"inLanguage":"fr-FR","potentialAction":[{"@type":"CommentAction","name":"Comment","target":["https:\/\/macite.tg\/?p=26765#respond"]}]},{"@type":"WebPage","@id":"https:\/\/macite.tg\/?p=26765","url":"https:\/\/macite.tg\/?p=26765","name":"CAN MAROC 2025 : La CAF et l\u2019ONCF s\u2019allient pour une meilleure mobilit\u00e9 des supporters -","isPartOf":{"@id":"https:\/\/macite.tg\/#website"},"primaryImageOfPage":{"@id":"https:\/\/macite.tg\/?p=26765#primaryimage"},"image":{"@id":"https:\/\/macite.tg\/?p=26765#primaryimage"},"thumbnailUrl":"https:\/\/macite.tg\/wp-content\/uploads\/2025\/12\/CAN.jpg","datePublished":"2025-12-10T17:44:55+00:00","dateModified":"2025-12-10T17:45:02+00:00","author":{"@id":"https:\/\/macite.tg\/#\/schema\/person\/e9f2de7e5dbbe7770a9402c7ce82f5c2"},"breadcrumb":{"@id":"https:\/\/macite.tg\/?p=26765#breadcrumb"},"inLanguage":"fr-FR","potentialAction":[{"@type":"ReadAction","target":["https:\/\/macite.tg\/?p=26765"]}]},{"@type":"ImageObject","inLanguage":"fr-FR","@id":"https:\/\/macite.tg\/?p=26765#primaryimage","url":"https:\/\/macite.tg\/wp-content\/uploads\/2025\/12\/CAN.jpg","contentUrl":"https:\/\/macite.tg\/wp-content\/uploads\/2025\/12\/CAN.jpg","width":500,"height":333},{"@type":"BreadcrumbList","@id":"https:\/\/macite.tg\/?p=26765#breadcrumb","itemListElement":[{"@type":"ListItem","position":1,"name":"Accueil","item":"https:\/\/macite.tg\/"},{"@type":"ListItem","position":2,"name":"CAN MAROC 2025 : La CAF et l\u2019ONCF s\u2019allient pour une meilleure mobilit\u00e9 des supporters"}]},{"@type":"WebSite","@id":"https:\/\/macite.tg\/#website","url":"https:\/\/macite.tg\/","name":"","description":"L&#039;information, la bonne!!!","potentialAction":[{"@type":"SearchAction","target":{"@type":"EntryPoint","urlTemplate":"https:\/\/macite.tg\/?s={search_term_string}"},"query-input":{"@type":"PropertyValueSpecification","valueRequired":true,"valueName":"search_term_string"}}],"inLanguage":"fr-FR"},{"@type":"Person","@id":"https:\/\/macite.tg\/#\/schema\/person\/e9f2de7e5dbbe7770a9402c7ce82f5c2","name":"Jean Pierre BAWELA","image":{"@type":"ImageObject","inLanguage":"fr-FR","@id":"https:\/\/macite.tg\/wp-content\/uploads\/2023\/09\/WhatsApp-Image-2023-09-19-at-14.44.41-122x122.jpeg","url":"https:\/\/macite.tg\/wp-content\/uploads\/2023\/09\/WhatsApp-Image-2023-09-19-at-14.44.41-122x122.jpeg","contentUrl":"https:\/\/macite.tg\/wp-content\/uploads\/2023\/09\/WhatsApp-Image-2023-09-19-at-14.44.41-122x122.jpeg","caption":"Jean Pierre BAWELA"},"url":"https:\/\/macite.tg\/?author=2"}]}},"_links":{"self":[{"href":"https:\/\/macite.tg\/index.php?rest_route=\/wp\/v2\/posts\/26765","targetHints":{"allow":["GET"]}}],"collection":[{"href":"https:\/\/macite.tg\/index.php?rest_route=\/wp\/v2\/posts"}],"about":[{"href":"https:\/\/macite.tg\/index.php?rest_route=\/wp\/v2\/types\/post"}],"author":[{"embeddable":true,"href":"https:\/\/macite.tg\/index.php?rest_route=\/wp\/v2\/users\/2"}],"replies":[{"embeddable":true,"href":"https:\/\/macite.tg\/index.php?rest_route=%2Fwp%2Fv2%2Fcomments&post=26765"}],"version-history":[{"count":0,"href":"https:\/\/macite.tg\/index.php?rest_route=\/wp\/v2\/posts\/26765\/revisions"}],"wp:featuredmedia":[{"embeddable":true,"href":"https:\/\/macite.tg\/index.php?rest_route=\/wp\/v2\/media\/26766"}],"wp:attachment":[{"href":"https:\/\/macite.tg\/index.php?rest_route=%2Fwp%2Fv2%2Fmedia&parent=26765"}],"wp:term":[{"taxonomy":"category","embeddable":true,"href":"https:\/\/macite.tg\/index.php?rest_route=%2Fwp%2Fv2%2Fcategories&post=26765"},{"taxonomy":"post_tag","embeddable":true,"href":"https:\/\/macite.tg\/index.php?rest_route=%2Fwp%2Fv2%2Ftags&post=26765"}],"curies":[{"name":"wp","href":"https:\/\/api.w.org\/{rel}","templated":true}]}}