{"id":26753,"date":"2025-12-10T15:45:12","date_gmt":"2025-12-10T15:45:12","guid":{"rendered":"https:\/\/macite.tg\/?p=26753"},"modified":"2025-12-10T15:45:31","modified_gmt":"2025-12-10T15:45:31","slug":"partenariat-etat-secteur-prive-le-ccesp-releve-le-role-strategique-du-pouvoir-public","status":"publish","type":"post","link":"https:\/\/macite.tg\/?p=26753","title":{"rendered":"PARTENARIAT ETAT &#8211; SECTEUR PRIVE\u00a0: Le CCESP rel\u00e8ve le r\u00f4le strat\u00e9gique du pouvoir public \u00a0"},"content":{"rendered":"\n<p class=\"wp-block-paragraph\"><strong><em>Le gouvernement et le secteur priv\u00e9 font le point des avanc\u00e9es enregistr\u00e9es au cours de l\u2019ann\u00e9e 2025. Lors de la deuxi\u00e8me r\u00e9union du Comit\u00e9 technique de concertation entre l\u2019Etat et le secteur priv\u00e9 (CCESP), le ministre des Finances et du budget, Essow\u00e8 Barcola ,et son homologue de l\u2019\u00e9conomie et de la Veille strat\u00e9gique, Padanam Patoki, ont relev\u00e9 les acquis du dialogue fiscal entre les deux parties.<\/em><\/strong><\/p>\n\n\n\n<p class=\"wp-block-paragraph\">Il s\u2019agit du gel temporaire des droits de douane sur les importations de logiciels \u00e0 compter du 1<sup>er<\/sup>&nbsp;Janvier 2025, la r\u00e9vision de l\u2019assiette de la taxe sur les entreprises de t\u00e9l\u00e9communications et des technologies de l\u2019information et de la communication (TETTIC). Le projet de loi soumis au Parlement a exclu, \u00e0 ce titre, de la base imposable, certaines activit\u00e9s, telles que l\u2019Internet fixe, les locations d\u2019infrastructures et les services de mobile money, la suppression de la TVA sur les intrants du secteur de la p\u00eache, de l\u2019aquaculture et de l\u2019\u00e9levage, pour soutenir ces secteurs strat\u00e9giques de notre \u00e9conomie.<\/p>\n\n\n\n<p class=\"wp-block-paragraph\">Les autorit\u00e9s ont \u00e9galement relev\u00e9 la mise en place de r\u00e9formes pour acc\u00e9l\u00e9rer les remboursements de cr\u00e9dits de TVA, afin d\u2019all\u00e9ger les charges financi\u00e8res des entreprises, l\u2019\u00e9talement des droits d\u2019enregistrement des march\u00e9s publics pour les TPME et la reconduction des mesures fiscales d\u00e9rogatoires pour les importations de v\u00e9hicules neufs.<\/p>\n\n\n<div class=\"wp-block-image\">\n<figure class=\"aligncenter size-large\"><img loading=\"lazy\" decoding=\"async\" width=\"723\" height=\"1024\" src=\"https:\/\/macite.tg\/wp-content\/uploads\/2025\/12\/1a88bc4e-bab8-4cbf-bc7e-8b8cf32bb810-723x1024.jpg\" alt=\"\" class=\"wp-image-26728\" srcset=\"https:\/\/macite.tg\/wp-content\/uploads\/2025\/12\/1a88bc4e-bab8-4cbf-bc7e-8b8cf32bb810-723x1024.jpg 723w, https:\/\/macite.tg\/wp-content\/uploads\/2025\/12\/1a88bc4e-bab8-4cbf-bc7e-8b8cf32bb810-212x300.jpg 212w, https:\/\/macite.tg\/wp-content\/uploads\/2025\/12\/1a88bc4e-bab8-4cbf-bc7e-8b8cf32bb810.jpg 763w\" sizes=\"auto, (max-width: 723px) 100vw, 723px\" \/><\/figure>\n<\/div>\n\n\n<p class=\"wp-block-paragraph\">Des d\u00e9cisions appr\u00e9ci\u00e9es par le secteur priv\u00e9 qui se dit conforter par le dernier discours du Pr\u00e9sident du Conseil lors de son discours sur l\u2019Etat de la nation devant le parlement. \u00ab <em>Dans son discours devant le congr\u00e8s, le Pr\u00e9sident du Conseil a dit que soutenir le secteur priv\u00e9 comme moteur de croissance et d\u2019emploi \u00e9tait une orientation majeure pour les ann\u00e9es \u00e0 venir ; il a \u00e9galement indiqu\u00e9 comme orientation la promotion de la transparence et la lutte contre la corruption ; et enfin il s\u2019est appesanti sur la cr\u00e9ation d\u2019un environnement propice \u00e0 l\u2019investissement et \u00e0 la comp\u00e9titivit\u00e9 des entreprises. Ces engagements nous confortent et nous en sommes tr\u00e8s heureux car cela nous permet d\u2019entrevoir le r\u00f4le strat\u00e9gique de l\u2019\u00e9tat aux c\u00f4t\u00e9s du secteur priv\u00e9 pour cr\u00e9er de la valeur ajout\u00e9e nationale<\/em> \u00bb, a d\u00e9clar\u00e9 Jonas Daou, Pr\u00e9sident de l\u2019Association des grandes entreprises du Togo.<\/p>\n\n\n\n<p class=\"wp-block-paragraph\">On rel\u00e8ve aussi que durant cette ann\u00e9e 2025, des \u00e9changes fructueux entre le secteur priv\u00e9 et deux institutions publiques cl\u00e9s, \u00e0 savoir l\u2019OTR et la CNSS, \u00e9largis aux syndicats, ont permis de sensibiliser les entreprises sur l\u2019Assurance maladie universelle (AMU) et \u00e0 faciliter le dialogue entre l\u2019administration fiscale et le monde des entreprises.<\/p>\n\n\n\n<p class=\"wp-block-paragraph\">Essow\u00e8 Barcola a rappel\u00e9 que le dialogue entre l\u2019Etat et le secteur priv\u00e9 s\u2019est non seulement intensifi\u00e9, mais a \u00e9galement pris une dimension territoriale, en parfaite coh\u00e9rence avec les mutations en cours dans le pays. Lanc\u00e9 en janvier 2025, le comit\u00e9 r\u00e9gional de concertation de la r\u00e9gion de la Kara, pr\u00e9sid\u00e9 par le gouverneur de la r\u00e9gion, incarne ainsi la volont\u00e9 de proximit\u00e9 et d\u2019\u00e9coute des r\u00e9alit\u00e9s locales, par le gouvernement. Il est dit que ce comit\u00e9 d\u00e9centralis\u00e9 sera install\u00e9 dans toutes les r\u00e9gions du pays.<\/p>\n\n\n\n<p class=\"wp-block-paragraph\">En attendant, un programme de renforcement des capacit\u00e9s en comptabilit\u00e9, mis en place dans les cinq r\u00e9gions \u00e9conomiques du Togo, a profit\u00e9 \u00e0 plus de 600 entreprises locales. En appui, une s\u00e9rie d\u2019\u00e9missions radiophoniques intitul\u00e9e \u201cEntreprendre et r\u00e9ussir\u201d sont diffus\u00e9es en fran\u00e7ais et en langues locales sur l\u2019ensemble des radios publiques, y compris rurales, pour d\u00e9mocratiser l\u2019acc\u00e8s \u00e0 l\u2019information pour les entrepreneurs.<\/p>\n\n\n<div class=\"wp-block-image\">\n<figure class=\"aligncenter size-large is-resized\"><img loading=\"lazy\" decoding=\"async\" width=\"1024\" height=\"1024\" src=\"https:\/\/macite.tg\/wp-content\/uploads\/2025\/12\/f4e9db65-d653-41f7-b584-07f92d21ac18-1024x1024.jpg\" alt=\"\" class=\"wp-image-26741\" style=\"width:598px;height:auto\" srcset=\"https:\/\/macite.tg\/wp-content\/uploads\/2025\/12\/f4e9db65-d653-41f7-b584-07f92d21ac18-1024x1024.jpg 1024w, https:\/\/macite.tg\/wp-content\/uploads\/2025\/12\/f4e9db65-d653-41f7-b584-07f92d21ac18-300x300.jpg 300w, https:\/\/macite.tg\/wp-content\/uploads\/2025\/12\/f4e9db65-d653-41f7-b584-07f92d21ac18-150x150.jpg 150w, https:\/\/macite.tg\/wp-content\/uploads\/2025\/12\/f4e9db65-d653-41f7-b584-07f92d21ac18-768x768.jpg 768w, https:\/\/macite.tg\/wp-content\/uploads\/2025\/12\/f4e9db65-d653-41f7-b584-07f92d21ac18-122x122.jpg 122w, https:\/\/macite.tg\/wp-content\/uploads\/2025\/12\/f4e9db65-d653-41f7-b584-07f92d21ac18.jpg 1080w\" sizes=\"auto, (max-width: 1024px) 100vw, 1024px\" \/><\/figure>\n<\/div>\n\n\n<p class=\"wp-block-paragraph\">Le comit\u00e9 de Concertation \u00c9tat-Secteur Priv\u00e9 (CCESP) a pour objectif principal de renforcer la collaboration entre l\u2019\u00c9tat et le secteur priv\u00e9. Il organise des activit\u00e9s de dialogue public-priv\u00e9 pour am\u00e9liorer le climat des affaires, renforcer la confiance mutuelle, stimuler la croissance et l\u2019int\u00e9gration \u00e9conomique, notamment via des plateformes de dialogue, le suivi des indicateurs, la r\u00e9solution de pr\u00e9occupations et des rencontres sectorielles pour lever les barri\u00e8res et mettre en \u0153uvre des r\u00e9formes.<\/p>\n\n\n\n<p class=\"wp-block-paragraph\">Le CCESP joue un r\u00f4le cl\u00e9 dans la transformation structurelle de l\u2019\u00e9conomie nationale et dans la mise en \u0153uvre de politiques de promotion du secteur priv\u00e9, en int\u00e9grant la r\u00e9alit\u00e9 \u00e9conomique des entreprises dans les choix fiscaux \u00e0 venir.<\/p>\n\n\n\n<p class=\"wp-block-paragraph\"><strong>(In LE MEDIUM n\u00b0682 du 09 au 15 D\u00e9cembre 2025)<\/strong><\/p>\n\n\n\n<p class=\"wp-block-paragraph\"><strong><em>@macite.tg&nbsp;&nbsp;&nbsp;&nbsp;&nbsp;&nbsp;&nbsp;&nbsp;<\/em><\/strong><\/p>\n\n\n\n<p class=\"wp-block-paragraph\"><strong><em>E-mail&nbsp;: <\/em><\/strong><a href=\"mailto:maciteinfo@gmail.com\"><strong><em>maciteinfo@gmail.com<\/em><\/strong><\/a><strong><em>; <\/em><\/strong><a href=\"mailto:bawela1@gmail.com\"><strong><em>bawela1@gmail.com<\/em><\/strong><\/a><strong><em><\/em><\/strong><\/p>\n\n\n\n<p class=\"wp-block-paragraph\"><strong><em>Pour vos annonces, (publi)reportages, etc., joignez-nous au (00228)91515309\/<strong>79872224 <\/strong><strong><\/strong><\/em><\/strong><strong><em>www.macite.tg, L\u2019information, la bonne&nbsp;!<\/em><\/strong><\/p>\n\n\n\n<p class=\"wp-block-paragraph\"><\/p>\n","protected":false},"excerpt":{"rendered":"<p class=\"text-justify mb-2\" >Le gouvernement et le secteur priv\u00e9 font le point des avanc\u00e9es enregistr\u00e9es au cours de l\u2019ann\u00e9e 2025. Lors de la deuxi\u00e8me r\u00e9union du Comit\u00e9 technique de concertation entre l\u2019Etat et le secteur priv\u00e9 (CCESP), le ministre des Finances et du budget, Essow\u00e8 Barcola ,et son [&hellip;]<\/p>\n","protected":false},"author":2,"featured_media":26754,"comment_status":"open","ping_status":"open","sticky":false,"template":"","format":"standard","meta":{"footnotes":""},"categories":[20,3],"tags":[],"class_list":["post-26753","post","type-post","status-publish","format-standard","has-post-thumbnail","hentry","category-actualite","category-economie"],"yoast_head":"<!-- This site is optimized with the Yoast SEO plugin v28.4 - https:\/\/yoast.com\/product\/yoast-seo-wordpress\/ -->\n<title>PARTENARIAT ETAT - SECTEUR PRIVE\u00a0: Le CCESP rel\u00e8ve le r\u00f4le strat\u00e9gique du pouvoir public \u00a0 -<\/title>\n<meta name=\"robots\" content=\"index, follow, max-snippet:-1, max-image-preview:large, max-video-preview:-1\" \/>\n<link rel=\"canonical\" href=\"https:\/\/macite.tg\/?p=26753\" \/>\n<meta property=\"og:locale\" content=\"fr_FR\" \/>\n<meta property=\"og:type\" content=\"article\" \/>\n<meta property=\"og:title\" content=\"PARTENARIAT ETAT - SECTEUR PRIVE\u00a0: Le CCESP rel\u00e8ve le r\u00f4le strat\u00e9gique du pouvoir public \u00a0 -\" \/>\n<meta property=\"og:description\" content=\"Le gouvernement et le secteur priv\u00e9 font le point des avanc\u00e9es enregistr\u00e9es au cours de l\u2019ann\u00e9e 2025. Lors de la deuxi\u00e8me r\u00e9union du Comit\u00e9 technique de concertation entre l\u2019Etat et le secteur priv\u00e9 (CCESP), le ministre des Finances et du budget, Essow\u00e8 Barcola ,et son [&hellip;]\" \/>\n<meta property=\"og:url\" content=\"https:\/\/macite.tg\/?p=26753\" \/>\n<meta property=\"article:published_time\" content=\"2025-12-10T15:45:12+00:00\" \/>\n<meta property=\"article:modified_time\" content=\"2025-12-10T15:45:31+00:00\" \/>\n<meta property=\"og:image\" content=\"https:\/\/macite.tg\/wp-content\/uploads\/2025\/12\/gouv.jpg\" \/>\n\t<meta property=\"og:image:width\" content=\"500\" \/>\n\t<meta property=\"og:image:height\" content=\"292\" \/>\n\t<meta property=\"og:image:type\" content=\"image\/jpeg\" \/>\n<meta name=\"author\" content=\"Jean Pierre BAWELA\" \/>\n<meta name=\"twitter:card\" content=\"summary_large_image\" \/>\n<meta name=\"twitter:label1\" content=\"\u00c9crit par\" \/>\n\t<meta name=\"twitter:data1\" content=\"Jean Pierre BAWELA\" \/>\n\t<meta name=\"twitter:label2\" content=\"Dur\u00e9e de lecture estim\u00e9e\" \/>\n\t<meta name=\"twitter:data2\" content=\"5 minutes\" \/>\n<script type=\"application\/ld+json\" class=\"yoast-schema-graph\">{\"@context\":\"https:\\\/\\\/schema.org\",\"@graph\":[{\"@type\":\"Article\",\"@id\":\"https:\\\/\\\/macite.tg\\\/?p=26753#article\",\"isPartOf\":{\"@id\":\"https:\\\/\\\/macite.tg\\\/?p=26753\"},\"author\":{\"name\":\"Jean Pierre BAWELA\",\"@id\":\"https:\\\/\\\/macite.tg\\\/#\\\/schema\\\/person\\\/e9f2de7e5dbbe7770a9402c7ce82f5c2\"},\"headline\":\"PARTENARIAT ETAT &#8211; SECTEUR PRIVE\u00a0: Le CCESP rel\u00e8ve le r\u00f4le strat\u00e9gique du pouvoir public \u00a0\",\"datePublished\":\"2025-12-10T15:45:12+00:00\",\"dateModified\":\"2025-12-10T15:45:31+00:00\",\"mainEntityOfPage\":{\"@id\":\"https:\\\/\\\/macite.tg\\\/?p=26753\"},\"wordCount\":819,\"commentCount\":0,\"image\":{\"@id\":\"https:\\\/\\\/macite.tg\\\/?p=26753#primaryimage\"},\"thumbnailUrl\":\"https:\\\/\\\/macite.tg\\\/wp-content\\\/uploads\\\/2025\\\/12\\\/gouv.jpg\",\"articleSection\":[\"ACTUALITE\",\"ECONOMIE\"],\"inLanguage\":\"fr-FR\",\"potentialAction\":[{\"@type\":\"CommentAction\",\"name\":\"Comment\",\"target\":[\"https:\\\/\\\/macite.tg\\\/?p=26753#respond\"]}]},{\"@type\":\"WebPage\",\"@id\":\"https:\\\/\\\/macite.tg\\\/?p=26753\",\"url\":\"https:\\\/\\\/macite.tg\\\/?p=26753\",\"name\":\"PARTENARIAT ETAT - SECTEUR PRIVE\u00a0: Le CCESP rel\u00e8ve le r\u00f4le strat\u00e9gique du pouvoir public \u00a0 -\",\"isPartOf\":{\"@id\":\"https:\\\/\\\/macite.tg\\\/#website\"},\"primaryImageOfPage\":{\"@id\":\"https:\\\/\\\/macite.tg\\\/?p=26753#primaryimage\"},\"image\":{\"@id\":\"https:\\\/\\\/macite.tg\\\/?p=26753#primaryimage\"},\"thumbnailUrl\":\"https:\\\/\\\/macite.tg\\\/wp-content\\\/uploads\\\/2025\\\/12\\\/gouv.jpg\",\"datePublished\":\"2025-12-10T15:45:12+00:00\",\"dateModified\":\"2025-12-10T15:45:31+00:00\",\"author\":{\"@id\":\"https:\\\/\\\/macite.tg\\\/#\\\/schema\\\/person\\\/e9f2de7e5dbbe7770a9402c7ce82f5c2\"},\"breadcrumb\":{\"@id\":\"https:\\\/\\\/macite.tg\\\/?p=26753#breadcrumb\"},\"inLanguage\":\"fr-FR\",\"potentialAction\":[{\"@type\":\"ReadAction\",\"target\":[\"https:\\\/\\\/macite.tg\\\/?p=26753\"]}]},{\"@type\":\"ImageObject\",\"inLanguage\":\"fr-FR\",\"@id\":\"https:\\\/\\\/macite.tg\\\/?p=26753#primaryimage\",\"url\":\"https:\\\/\\\/macite.tg\\\/wp-content\\\/uploads\\\/2025\\\/12\\\/gouv.jpg\",\"contentUrl\":\"https:\\\/\\\/macite.tg\\\/wp-content\\\/uploads\\\/2025\\\/12\\\/gouv.jpg\",\"width\":500,\"height\":292},{\"@type\":\"BreadcrumbList\",\"@id\":\"https:\\\/\\\/macite.tg\\\/?p=26753#breadcrumb\",\"itemListElement\":[{\"@type\":\"ListItem\",\"position\":1,\"name\":\"Accueil\",\"item\":\"https:\\\/\\\/macite.tg\\\/\"},{\"@type\":\"ListItem\",\"position\":2,\"name\":\"PARTENARIAT ETAT &#8211; SECTEUR PRIVE\u00a0: Le CCESP rel\u00e8ve le r\u00f4le strat\u00e9gique du pouvoir public \u00a0\"}]},{\"@type\":\"WebSite\",\"@id\":\"https:\\\/\\\/macite.tg\\\/#website\",\"url\":\"https:\\\/\\\/macite.tg\\\/\",\"name\":\"\",\"description\":\"L&#039;information, la bonne!!!\",\"potentialAction\":[{\"@type\":\"SearchAction\",\"target\":{\"@type\":\"EntryPoint\",\"urlTemplate\":\"https:\\\/\\\/macite.tg\\\/?s={search_term_string}\"},\"query-input\":{\"@type\":\"PropertyValueSpecification\",\"valueRequired\":true,\"valueName\":\"search_term_string\"}}],\"inLanguage\":\"fr-FR\"},{\"@type\":\"Person\",\"@id\":\"https:\\\/\\\/macite.tg\\\/#\\\/schema\\\/person\\\/e9f2de7e5dbbe7770a9402c7ce82f5c2\",\"name\":\"Jean Pierre BAWELA\",\"image\":{\"@type\":\"ImageObject\",\"inLanguage\":\"fr-FR\",\"@id\":\"https:\\\/\\\/macite.tg\\\/wp-content\\\/uploads\\\/2023\\\/09\\\/WhatsApp-Image-2023-09-19-at-14.44.41-122x122.jpeg\",\"url\":\"https:\\\/\\\/macite.tg\\\/wp-content\\\/uploads\\\/2023\\\/09\\\/WhatsApp-Image-2023-09-19-at-14.44.41-122x122.jpeg\",\"contentUrl\":\"https:\\\/\\\/macite.tg\\\/wp-content\\\/uploads\\\/2023\\\/09\\\/WhatsApp-Image-2023-09-19-at-14.44.41-122x122.jpeg\",\"caption\":\"Jean Pierre BAWELA\"},\"url\":\"https:\\\/\\\/macite.tg\\\/?author=2\"}]}<\/script>\n<!-- \/ Yoast SEO plugin. -->","yoast_head_json":{"title":"PARTENARIAT ETAT - SECTEUR PRIVE\u00a0: Le CCESP rel\u00e8ve le r\u00f4le strat\u00e9gique du pouvoir public \u00a0 -","robots":{"index":"index","follow":"follow","max-snippet":"max-snippet:-1","max-image-preview":"max-image-preview:large","max-video-preview":"max-video-preview:-1"},"canonical":"https:\/\/macite.tg\/?p=26753","og_locale":"fr_FR","og_type":"article","og_title":"PARTENARIAT ETAT - SECTEUR PRIVE\u00a0: Le CCESP rel\u00e8ve le r\u00f4le strat\u00e9gique du pouvoir public \u00a0 -","og_description":"Le gouvernement et le secteur priv\u00e9 font le point des avanc\u00e9es enregistr\u00e9es au cours de l\u2019ann\u00e9e 2025. Lors de la deuxi\u00e8me r\u00e9union du Comit\u00e9 technique de concertation entre l\u2019Etat et le secteur priv\u00e9 (CCESP), le ministre des Finances et du budget, Essow\u00e8 Barcola ,et son [&hellip;]","og_url":"https:\/\/macite.tg\/?p=26753","article_published_time":"2025-12-10T15:45:12+00:00","article_modified_time":"2025-12-10T15:45:31+00:00","og_image":[{"width":500,"height":292,"url":"https:\/\/macite.tg\/wp-content\/uploads\/2025\/12\/gouv.jpg","type":"image\/jpeg"}],"author":"Jean Pierre BAWELA","twitter_card":"summary_large_image","twitter_misc":{"\u00c9crit par":"Jean Pierre BAWELA","Dur\u00e9e de lecture estim\u00e9e":"5 minutes"},"schema":{"@context":"https:\/\/schema.org","@graph":[{"@type":"Article","@id":"https:\/\/macite.tg\/?p=26753#article","isPartOf":{"@id":"https:\/\/macite.tg\/?p=26753"},"author":{"name":"Jean Pierre BAWELA","@id":"https:\/\/macite.tg\/#\/schema\/person\/e9f2de7e5dbbe7770a9402c7ce82f5c2"},"headline":"PARTENARIAT ETAT &#8211; SECTEUR PRIVE\u00a0: Le CCESP rel\u00e8ve le r\u00f4le strat\u00e9gique du pouvoir public \u00a0","datePublished":"2025-12-10T15:45:12+00:00","dateModified":"2025-12-10T15:45:31+00:00","mainEntityOfPage":{"@id":"https:\/\/macite.tg\/?p=26753"},"wordCount":819,"commentCount":0,"image":{"@id":"https:\/\/macite.tg\/?p=26753#primaryimage"},"thumbnailUrl":"https:\/\/macite.tg\/wp-content\/uploads\/2025\/12\/gouv.jpg","articleSection":["ACTUALITE","ECONOMIE"],"inLanguage":"fr-FR","potentialAction":[{"@type":"CommentAction","name":"Comment","target":["https:\/\/macite.tg\/?p=26753#respond"]}]},{"@type":"WebPage","@id":"https:\/\/macite.tg\/?p=26753","url":"https:\/\/macite.tg\/?p=26753","name":"PARTENARIAT ETAT - SECTEUR PRIVE\u00a0: Le CCESP rel\u00e8ve le r\u00f4le strat\u00e9gique du pouvoir public \u00a0 -","isPartOf":{"@id":"https:\/\/macite.tg\/#website"},"primaryImageOfPage":{"@id":"https:\/\/macite.tg\/?p=26753#primaryimage"},"image":{"@id":"https:\/\/macite.tg\/?p=26753#primaryimage"},"thumbnailUrl":"https:\/\/macite.tg\/wp-content\/uploads\/2025\/12\/gouv.jpg","datePublished":"2025-12-10T15:45:12+00:00","dateModified":"2025-12-10T15:45:31+00:00","author":{"@id":"https:\/\/macite.tg\/#\/schema\/person\/e9f2de7e5dbbe7770a9402c7ce82f5c2"},"breadcrumb":{"@id":"https:\/\/macite.tg\/?p=26753#breadcrumb"},"inLanguage":"fr-FR","potentialAction":[{"@type":"ReadAction","target":["https:\/\/macite.tg\/?p=26753"]}]},{"@type":"ImageObject","inLanguage":"fr-FR","@id":"https:\/\/macite.tg\/?p=26753#primaryimage","url":"https:\/\/macite.tg\/wp-content\/uploads\/2025\/12\/gouv.jpg","contentUrl":"https:\/\/macite.tg\/wp-content\/uploads\/2025\/12\/gouv.jpg","width":500,"height":292},{"@type":"BreadcrumbList","@id":"https:\/\/macite.tg\/?p=26753#breadcrumb","itemListElement":[{"@type":"ListItem","position":1,"name":"Accueil","item":"https:\/\/macite.tg\/"},{"@type":"ListItem","position":2,"name":"PARTENARIAT ETAT &#8211; SECTEUR PRIVE\u00a0: Le CCESP rel\u00e8ve le r\u00f4le strat\u00e9gique du pouvoir public \u00a0"}]},{"@type":"WebSite","@id":"https:\/\/macite.tg\/#website","url":"https:\/\/macite.tg\/","name":"","description":"L&#039;information, la bonne!!!","potentialAction":[{"@type":"SearchAction","target":{"@type":"EntryPoint","urlTemplate":"https:\/\/macite.tg\/?s={search_term_string}"},"query-input":{"@type":"PropertyValueSpecification","valueRequired":true,"valueName":"search_term_string"}}],"inLanguage":"fr-FR"},{"@type":"Person","@id":"https:\/\/macite.tg\/#\/schema\/person\/e9f2de7e5dbbe7770a9402c7ce82f5c2","name":"Jean Pierre BAWELA","image":{"@type":"ImageObject","inLanguage":"fr-FR","@id":"https:\/\/macite.tg\/wp-content\/uploads\/2023\/09\/WhatsApp-Image-2023-09-19-at-14.44.41-122x122.jpeg","url":"https:\/\/macite.tg\/wp-content\/uploads\/2023\/09\/WhatsApp-Image-2023-09-19-at-14.44.41-122x122.jpeg","contentUrl":"https:\/\/macite.tg\/wp-content\/uploads\/2023\/09\/WhatsApp-Image-2023-09-19-at-14.44.41-122x122.jpeg","caption":"Jean Pierre BAWELA"},"url":"https:\/\/macite.tg\/?author=2"}]}},"_links":{"self":[{"href":"https:\/\/macite.tg\/index.php?rest_route=\/wp\/v2\/posts\/26753","targetHints":{"allow":["GET"]}}],"collection":[{"href":"https:\/\/macite.tg\/index.php?rest_route=\/wp\/v2\/posts"}],"about":[{"href":"https:\/\/macite.tg\/index.php?rest_route=\/wp\/v2\/types\/post"}],"author":[{"embeddable":true,"href":"https:\/\/macite.tg\/index.php?rest_route=\/wp\/v2\/users\/2"}],"replies":[{"embeddable":true,"href":"https:\/\/macite.tg\/index.php?rest_route=%2Fwp%2Fv2%2Fcomments&post=26753"}],"version-history":[{"count":0,"href":"https:\/\/macite.tg\/index.php?rest_route=\/wp\/v2\/posts\/26753\/revisions"}],"wp:featuredmedia":[{"embeddable":true,"href":"https:\/\/macite.tg\/index.php?rest_route=\/wp\/v2\/media\/26754"}],"wp:attachment":[{"href":"https:\/\/macite.tg\/index.php?rest_route=%2Fwp%2Fv2%2Fmedia&parent=26753"}],"wp:term":[{"taxonomy":"category","embeddable":true,"href":"https:\/\/macite.tg\/index.php?rest_route=%2Fwp%2Fv2%2Fcategories&post=26753"},{"taxonomy":"post_tag","embeddable":true,"href":"https:\/\/macite.tg\/index.php?rest_route=%2Fwp%2Fv2%2Ftags&post=26753"}],"curies":[{"name":"wp","href":"https:\/\/api.w.org\/{rel}","templated":true}]}}