{"id":26748,"date":"2025-12-10T12:35:59","date_gmt":"2025-12-10T12:35:59","guid":{"rendered":"https:\/\/macite.tg\/?p=26748"},"modified":"2025-12-10T18:41:29","modified_gmt":"2025-12-10T18:41:29","slug":"adoption-du-budget-de-letat-exercice-2026-le-pa-selom-klassou-salue-la-responsabilite-des-elus-mais-aussi-les-nouvelles-mesures","status":"publish","type":"post","link":"https:\/\/macite.tg\/?p=26748","title":{"rendered":"ADOPTION DU BUDGET DE L&rsquo;\u00c9TAT EXERCICE 2026\u00a0: Le PA Selom Klassou salue la responsabilit\u00e9 des \u00e9lus&#8230; et les nouvelles mesures"},"content":{"rendered":"\n<p class=\"wp-block-paragraph\"><strong><em>Dans son intervention de cl\u00f4ture apr\u00e8s le vote de la loi de finances, le Pr\u00e9sident de l\u2019Assembl\u00e9e nationale, Son Excellence Professeur Komi Selom Klassou, a soulign\u00e9 que l\u2019adoption du budget 2026 constitue un acte majeur, qui d\u00e9passe les chiffres et les tableaux budg\u00e9taires pour s\u2019inscrire dans une vision politique et strat\u00e9gique de la gestion du pays avant de rendre un vibrant hommage au Pr\u00e9sident du Conseil.<\/em><\/strong><\/p>\n\n\n\n<p class=\"wp-block-paragraph\"><em>\u00ab Permettez-moi, tout d\u2019abord, de rendre un vibrant hommage \u00e0 Son Excellence Monsieur Faure Essozimna Gnassingb\u00e9, Pr\u00e9sident du Conseil, Chef du gouvernement, pour son leadership \u00e9clair\u00e9 et sa vision strat\u00e9gique.<\/em><\/p>\n\n\n\n<p class=\"wp-block-paragraph\">Son discours sur l\u2019\u00e9tat de la Nation devant le Congr\u00e8s, le mardi 02 d\u00e9cembre dernier, nous a rappel\u00e9 avec force les d\u00e9fis auxquels nous sommes confront\u00e9s, mais \u00e9galement les opportunit\u00e9s qui se pr\u00e9sentent \u00e0 nous. Dans son adresse sur l\u2019\u00e9tat de la Nation, le Pr\u00e9sident du Conseil nous invitait \u00e0<em> \u00ab agir avec responsabilit\u00e9 et audace pour b\u00e2tir un Togo r\u00e9silient, inclusif et prosp\u00e8re \u00bb,<\/em> et c\u2019est pr\u00e9cis\u00e9ment cette ambition qui se refl\u00e8te dans le projet de loi de finances que nous venons d\u2019adopter et qui est devenu la loi de finances \u00e0 cette \u00e9tape.<\/p>\n\n\n<div class=\"wp-block-image\">\n<figure class=\"aligncenter size-large\"><img loading=\"lazy\" decoding=\"async\" width=\"723\" height=\"1024\" src=\"https:\/\/macite.tg\/wp-content\/uploads\/2025\/12\/1a88bc4e-bab8-4cbf-bc7e-8b8cf32bb810-723x1024.jpg\" alt=\"\" class=\"wp-image-26728\" srcset=\"https:\/\/macite.tg\/wp-content\/uploads\/2025\/12\/1a88bc4e-bab8-4cbf-bc7e-8b8cf32bb810-723x1024.jpg 723w, https:\/\/macite.tg\/wp-content\/uploads\/2025\/12\/1a88bc4e-bab8-4cbf-bc7e-8b8cf32bb810-212x300.jpg 212w, https:\/\/macite.tg\/wp-content\/uploads\/2025\/12\/1a88bc4e-bab8-4cbf-bc7e-8b8cf32bb810.jpg 763w\" sizes=\"auto, (max-width: 723px) 100vw, 723px\" \/><\/figure>\n<\/div>\n\n\n<p class=\"wp-block-paragraph\">Gr\u00e2ce aux r\u00e9formes et aux projets de la feuille de route gouvernementale Togo 2025, notre \u00e9conomie continue de d\u00e9montrer une r\u00e9silience remarquable face aux incertitudes mondiales, avec un taux de croissance qui d\u00e9passe les 6% sur la p\u00e9riode 2024-2026 et une ma\u00eetrise de l\u2019inflation \u00e0 3%, conforme aux normes de l\u2019UEMOA.<\/p>\n\n\n\n<p class=\"wp-block-paragraph\">En adoptant cette loi de finances, nous avons r\u00e9affirm\u00e9 notre sens de responsabilit\u00e9 en mati\u00e8re de transparence et d\u2019\u00e9quit\u00e9 dans la gestion des deniers publics. Ce budget, tout en int\u00e9grant les enjeux \u00e9conomiques, sociaux et environnementaux, pr\u00e9pare \u00e9galement l\u2019avenir gr\u00e2ce \u00e0 des investissements strat\u00e9giques dans les secteurs cl\u00e9s.<\/p>\n\n\n\n<p class=\"wp-block-paragraph\">Cependant, comme l\u2019a si bien soulign\u00e9 le Pr\u00e9sident du Conseil dans son discours devant le Congr\u00e8s je cite : <em>\u00ab La prosp\u00e9rit\u00e9 de notre nation repose sur notre capacit\u00e9 \u00e0 conjuguer ambition et pragmatisme, \u00e0 construire des ponts entre les g\u00e9n\u00e9rations et \u00e0 faire de chaque citoyen un acteur du progr\u00e8s. \u00bb<\/em> fin de citation.<\/p>\n\n\n\n<p class=\"wp-block-paragraph\">Prof Komi Selom Klassou, a salu\u00e9 particuli\u00e8rement les nouvelles mesures socio\u00e9conomiques pr\u00e9vues par le budget 2026.<\/p>\n\n\n\n<p class=\"wp-block-paragraph\">\u00ab<em> Loin de vouloir porter une vue \u00e9triqu\u00e9e sur le budget, nous voulons saluer particuli\u00e8rement parmi les mesures nouvelles, destin\u00e9es \u00e0 soutenir les produits locaux d\u2019\u00e9levage et de p\u00eache, ainsi que les initiatives visant \u00e0 faciliter le recrutement des personnes en situation de handicap&nbsp;\u00bb. <\/em>Ces choix t\u00e9moignent d\u2019une volont\u00e9 politique forte de promouvoir l\u2019inclusion sociale et \u00e9conomique.<\/p>\n\n\n\n<p class=\"wp-block-paragraph\">Dans son discours sur l\u2019\u00e9tat de la Nation, devant le Congr\u00e8s il y a jour pour jour une semaine, Son Excellence Monsieur Faure Essozimna Gnassingb\u00e9, Pr\u00e9sident du Conseil, Chef du Gouvernement et Chef supr\u00eame des Arm\u00e9es disait, je cite : <em>\u00ab La R\u00e9publique Togolaise entre dans une nouvelle \u00e8re institutionnelle : celle d\u2019un r\u00e9gime parlementaire moderne, apais\u00e9 et \u00e9quilibr\u00e9. \u00bb<\/em> fin de citation.<\/p>\n\n\n\n<p class=\"wp-block-paragraph\">Fort de cette assertion, chers coll\u00e8gues, notre vote de ce jour permettra donc au texte de loi de finances, gestion 2026 de poursuivre son cheminement institutionnel, en d\u2019autres termes de faire sa navette et de nous revenir comme destination finale.<\/p>\n\n\n<div class=\"wp-block-image\">\n<figure class=\"aligncenter size-large is-resized\"><img loading=\"lazy\" decoding=\"async\" width=\"1024\" height=\"1024\" src=\"https:\/\/macite.tg\/wp-content\/uploads\/2025\/12\/f4e9db65-d653-41f7-b584-07f92d21ac18-1024x1024.jpg\" alt=\"\" class=\"wp-image-26741\" style=\"width:560px;height:auto\" srcset=\"https:\/\/macite.tg\/wp-content\/uploads\/2025\/12\/f4e9db65-d653-41f7-b584-07f92d21ac18-1024x1024.jpg 1024w, https:\/\/macite.tg\/wp-content\/uploads\/2025\/12\/f4e9db65-d653-41f7-b584-07f92d21ac18-300x300.jpg 300w, https:\/\/macite.tg\/wp-content\/uploads\/2025\/12\/f4e9db65-d653-41f7-b584-07f92d21ac18-150x150.jpg 150w, https:\/\/macite.tg\/wp-content\/uploads\/2025\/12\/f4e9db65-d653-41f7-b584-07f92d21ac18-768x768.jpg 768w, https:\/\/macite.tg\/wp-content\/uploads\/2025\/12\/f4e9db65-d653-41f7-b584-07f92d21ac18-122x122.jpg 122w, https:\/\/macite.tg\/wp-content\/uploads\/2025\/12\/f4e9db65-d653-41f7-b584-07f92d21ac18.jpg 1080w\" sizes=\"auto, (max-width: 1024px) 100vw, 1024px\" \/><\/figure>\n<\/div>\n\n\n<p class=\"wp-block-paragraph\">Avant de clore mes propos, je tiens une fois encore \u00e0 saluer l\u2019esprit r\u00e9publicain qui a anim\u00e9 et guid\u00e9 nos d\u00e9bats budg\u00e9taires. Comme nous l\u2019avons dit plus haut, la loi de finances initiale occupe une place centrale dans l\u2019\u00e9quilibre de nos institutions. Elle fixe les moyens de l\u2019\u00c9tat, organise les priorit\u00e9s nationales ; qu\u2019elle soit donc un instrument au service de l\u2019int\u00e9r\u00eat g\u00e9n\u00e9ral, de la paix, de la s\u00e9curit\u00e9 et du progr\u00e8s partag\u00e9.<\/p>\n\n\n\n<p class=\"wp-block-paragraph\">Une fois adopt\u00e9e par le S\u00e9nat, la loi de finances, exercice 2026 retournera \u00e0 l\u2019Assembl\u00e9e nationale pour un vote d\u00e9finitif, marquant l\u2019ach\u00e8vement du processus, puis son entr\u00e9e en vigueur apr\u00e8s promulgation par le Pr\u00e9sident du Conseil.<\/p>\n\n\n\n<p class=\"wp-block-paragraph\"><strong>AN<\/strong><\/p>\n\n\n\n<p class=\"wp-block-paragraph\"><a><strong><em>@macite.tg&nbsp;&nbsp;&nbsp;&nbsp;&nbsp;&nbsp;&nbsp;&nbsp;<\/em><\/strong><\/a><\/p>\n\n\n\n<p class=\"wp-block-paragraph\"><strong><em>E-mail&nbsp;: <\/em><\/strong><a href=\"mailto:maciteinfo@gmail.com\"><strong><em>maciteinfo@gmail.com<\/em><\/strong><\/a><strong><em>; <\/em><\/strong><a href=\"mailto:bawela1@gmail.com\"><strong><em>bawela1@gmail.com<\/em><\/strong><\/a><strong><em><\/em><\/strong><\/p>\n\n\n\n<p class=\"wp-block-paragraph\"><strong><em>Pour vos annonces, (publi)reportages, etc., joignez-nous au (00228)91515309\/<strong>79872224 <\/strong><strong><\/strong><\/em><\/strong><\/p>\n\n\n\n<p class=\"wp-block-paragraph\"><strong><em>www.macite.tg, L\u2019information, la bonne&nbsp;!<\/em><\/strong><\/p>\n\n\n\n<p class=\"wp-block-paragraph\"><\/p>\n","protected":false},"excerpt":{"rendered":"<p class=\"text-justify mb-2\" >Dans son intervention de cl\u00f4ture apr\u00e8s le vote de la loi de finances, le Pr\u00e9sident de l\u2019Assembl\u00e9e nationale, Son Excellence Professeur Komi Selom Klassou, a soulign\u00e9 que l\u2019adoption du budget 2026 constitue un acte majeur, qui d\u00e9passe les chiffres et les tableaux budg\u00e9taires pour s\u2019inscrire [&hellip;]<\/p>\n","protected":false},"author":2,"featured_media":26749,"comment_status":"open","ping_status":"open","sticky":false,"template":"","format":"standard","meta":{"footnotes":""},"categories":[20,42],"tags":[],"class_list":["post-26748","post","type-post","status-publish","format-standard","has-post-thumbnail","hentry","category-actualite","category-finances"],"yoast_head":"<!-- This site is optimized with the Yoast SEO plugin v28.4 - https:\/\/yoast.com\/product\/yoast-seo-wordpress\/ -->\n<title>ADOPTION DU BUDGET DE L&#039;\u00c9TAT EXERCICE 2026\u00a0: Le PA Selom Klassou salue la responsabilit\u00e9 des \u00e9lus... et les nouvelles mesures -<\/title>\n<meta name=\"robots\" content=\"index, follow, max-snippet:-1, max-image-preview:large, max-video-preview:-1\" \/>\n<link rel=\"canonical\" href=\"https:\/\/macite.tg\/?p=26748\" \/>\n<meta property=\"og:locale\" content=\"fr_FR\" \/>\n<meta property=\"og:type\" content=\"article\" \/>\n<meta property=\"og:title\" content=\"ADOPTION DU BUDGET DE L&#039;\u00c9TAT EXERCICE 2026\u00a0: Le PA Selom Klassou salue la responsabilit\u00e9 des \u00e9lus... et les nouvelles mesures -\" \/>\n<meta property=\"og:description\" content=\"Dans son intervention de cl\u00f4ture apr\u00e8s le vote de la loi de finances, le Pr\u00e9sident de l\u2019Assembl\u00e9e nationale, Son Excellence Professeur Komi Selom Klassou, a soulign\u00e9 que l\u2019adoption du budget 2026 constitue un acte majeur, qui d\u00e9passe les chiffres et les tableaux budg\u00e9taires pour s\u2019inscrire [&hellip;]\" \/>\n<meta property=\"og:url\" content=\"https:\/\/macite.tg\/?p=26748\" \/>\n<meta property=\"article:published_time\" content=\"2025-12-10T12:35:59+00:00\" \/>\n<meta property=\"article:modified_time\" content=\"2025-12-10T18:41:29+00:00\" \/>\n<meta property=\"og:image\" content=\"https:\/\/macite.tg\/wp-content\/uploads\/2025\/12\/PA-Selom-Klassou.jpg\" \/>\n\t<meta property=\"og:image:width\" content=\"500\" \/>\n\t<meta property=\"og:image:height\" content=\"366\" \/>\n\t<meta property=\"og:image:type\" content=\"image\/jpeg\" \/>\n<meta name=\"author\" content=\"Jean Pierre BAWELA\" \/>\n<meta name=\"twitter:card\" content=\"summary_large_image\" \/>\n<meta name=\"twitter:label1\" content=\"\u00c9crit par\" \/>\n\t<meta name=\"twitter:data1\" content=\"Jean Pierre BAWELA\" \/>\n\t<meta name=\"twitter:label2\" content=\"Dur\u00e9e de lecture estim\u00e9e\" \/>\n\t<meta name=\"twitter:data2\" content=\"4 minutes\" \/>\n<script type=\"application\/ld+json\" class=\"yoast-schema-graph\">{\"@context\":\"https:\\\/\\\/schema.org\",\"@graph\":[{\"@type\":\"Article\",\"@id\":\"https:\\\/\\\/macite.tg\\\/?p=26748#article\",\"isPartOf\":{\"@id\":\"https:\\\/\\\/macite.tg\\\/?p=26748\"},\"author\":{\"name\":\"Jean Pierre BAWELA\",\"@id\":\"https:\\\/\\\/macite.tg\\\/#\\\/schema\\\/person\\\/e9f2de7e5dbbe7770a9402c7ce82f5c2\"},\"headline\":\"ADOPTION DU BUDGET DE L&rsquo;\u00c9TAT EXERCICE 2026\u00a0: Le PA Selom Klassou salue la responsabilit\u00e9 des \u00e9lus&#8230; et les nouvelles mesures\",\"datePublished\":\"2025-12-10T12:35:59+00:00\",\"dateModified\":\"2025-12-10T18:41:29+00:00\",\"mainEntityOfPage\":{\"@id\":\"https:\\\/\\\/macite.tg\\\/?p=26748\"},\"wordCount\":756,\"commentCount\":0,\"image\":{\"@id\":\"https:\\\/\\\/macite.tg\\\/?p=26748#primaryimage\"},\"thumbnailUrl\":\"https:\\\/\\\/macite.tg\\\/wp-content\\\/uploads\\\/2025\\\/12\\\/PA-Selom-Klassou.jpg\",\"articleSection\":[\"ACTUALITE\",\"FINANCES\"],\"inLanguage\":\"fr-FR\",\"potentialAction\":[{\"@type\":\"CommentAction\",\"name\":\"Comment\",\"target\":[\"https:\\\/\\\/macite.tg\\\/?p=26748#respond\"]}]},{\"@type\":\"WebPage\",\"@id\":\"https:\\\/\\\/macite.tg\\\/?p=26748\",\"url\":\"https:\\\/\\\/macite.tg\\\/?p=26748\",\"name\":\"ADOPTION DU BUDGET DE L'\u00c9TAT EXERCICE 2026\u00a0: Le PA Selom Klassou salue la responsabilit\u00e9 des \u00e9lus... et les nouvelles mesures -\",\"isPartOf\":{\"@id\":\"https:\\\/\\\/macite.tg\\\/#website\"},\"primaryImageOfPage\":{\"@id\":\"https:\\\/\\\/macite.tg\\\/?p=26748#primaryimage\"},\"image\":{\"@id\":\"https:\\\/\\\/macite.tg\\\/?p=26748#primaryimage\"},\"thumbnailUrl\":\"https:\\\/\\\/macite.tg\\\/wp-content\\\/uploads\\\/2025\\\/12\\\/PA-Selom-Klassou.jpg\",\"datePublished\":\"2025-12-10T12:35:59+00:00\",\"dateModified\":\"2025-12-10T18:41:29+00:00\",\"author\":{\"@id\":\"https:\\\/\\\/macite.tg\\\/#\\\/schema\\\/person\\\/e9f2de7e5dbbe7770a9402c7ce82f5c2\"},\"breadcrumb\":{\"@id\":\"https:\\\/\\\/macite.tg\\\/?p=26748#breadcrumb\"},\"inLanguage\":\"fr-FR\",\"potentialAction\":[{\"@type\":\"ReadAction\",\"target\":[\"https:\\\/\\\/macite.tg\\\/?p=26748\"]}]},{\"@type\":\"ImageObject\",\"inLanguage\":\"fr-FR\",\"@id\":\"https:\\\/\\\/macite.tg\\\/?p=26748#primaryimage\",\"url\":\"https:\\\/\\\/macite.tg\\\/wp-content\\\/uploads\\\/2025\\\/12\\\/PA-Selom-Klassou.jpg\",\"contentUrl\":\"https:\\\/\\\/macite.tg\\\/wp-content\\\/uploads\\\/2025\\\/12\\\/PA-Selom-Klassou.jpg\",\"width\":500,\"height\":366,\"caption\":\"Prof Komi selom Klassou, Pr\u00e9sident de l'Assembl\u00e9e nationale\"},{\"@type\":\"BreadcrumbList\",\"@id\":\"https:\\\/\\\/macite.tg\\\/?p=26748#breadcrumb\",\"itemListElement\":[{\"@type\":\"ListItem\",\"position\":1,\"name\":\"Accueil\",\"item\":\"https:\\\/\\\/macite.tg\\\/\"},{\"@type\":\"ListItem\",\"position\":2,\"name\":\"ADOPTION DU BUDGET DE L&rsquo;\u00c9TAT EXERCICE 2026\u00a0: Le PA Selom Klassou salue la responsabilit\u00e9 des \u00e9lus&#8230; et les nouvelles mesures\"}]},{\"@type\":\"WebSite\",\"@id\":\"https:\\\/\\\/macite.tg\\\/#website\",\"url\":\"https:\\\/\\\/macite.tg\\\/\",\"name\":\"\",\"description\":\"L&#039;information, la bonne!!!\",\"potentialAction\":[{\"@type\":\"SearchAction\",\"target\":{\"@type\":\"EntryPoint\",\"urlTemplate\":\"https:\\\/\\\/macite.tg\\\/?s={search_term_string}\"},\"query-input\":{\"@type\":\"PropertyValueSpecification\",\"valueRequired\":true,\"valueName\":\"search_term_string\"}}],\"inLanguage\":\"fr-FR\"},{\"@type\":\"Person\",\"@id\":\"https:\\\/\\\/macite.tg\\\/#\\\/schema\\\/person\\\/e9f2de7e5dbbe7770a9402c7ce82f5c2\",\"name\":\"Jean Pierre BAWELA\",\"image\":{\"@type\":\"ImageObject\",\"inLanguage\":\"fr-FR\",\"@id\":\"https:\\\/\\\/macite.tg\\\/wp-content\\\/uploads\\\/2023\\\/09\\\/WhatsApp-Image-2023-09-19-at-14.44.41-122x122.jpeg\",\"url\":\"https:\\\/\\\/macite.tg\\\/wp-content\\\/uploads\\\/2023\\\/09\\\/WhatsApp-Image-2023-09-19-at-14.44.41-122x122.jpeg\",\"contentUrl\":\"https:\\\/\\\/macite.tg\\\/wp-content\\\/uploads\\\/2023\\\/09\\\/WhatsApp-Image-2023-09-19-at-14.44.41-122x122.jpeg\",\"caption\":\"Jean Pierre BAWELA\"},\"url\":\"https:\\\/\\\/macite.tg\\\/?author=2\"}]}<\/script>\n<!-- \/ Yoast SEO plugin. -->","yoast_head_json":{"title":"ADOPTION DU BUDGET DE L'\u00c9TAT EXERCICE 2026\u00a0: Le PA Selom Klassou salue la responsabilit\u00e9 des \u00e9lus... et les nouvelles mesures -","robots":{"index":"index","follow":"follow","max-snippet":"max-snippet:-1","max-image-preview":"max-image-preview:large","max-video-preview":"max-video-preview:-1"},"canonical":"https:\/\/macite.tg\/?p=26748","og_locale":"fr_FR","og_type":"article","og_title":"ADOPTION DU BUDGET DE L'\u00c9TAT EXERCICE 2026\u00a0: Le PA Selom Klassou salue la responsabilit\u00e9 des \u00e9lus... et les nouvelles mesures -","og_description":"Dans son intervention de cl\u00f4ture apr\u00e8s le vote de la loi de finances, le Pr\u00e9sident de l\u2019Assembl\u00e9e nationale, Son Excellence Professeur Komi Selom Klassou, a soulign\u00e9 que l\u2019adoption du budget 2026 constitue un acte majeur, qui d\u00e9passe les chiffres et les tableaux budg\u00e9taires pour s\u2019inscrire [&hellip;]","og_url":"https:\/\/macite.tg\/?p=26748","article_published_time":"2025-12-10T12:35:59+00:00","article_modified_time":"2025-12-10T18:41:29+00:00","og_image":[{"width":500,"height":366,"url":"https:\/\/macite.tg\/wp-content\/uploads\/2025\/12\/PA-Selom-Klassou.jpg","type":"image\/jpeg"}],"author":"Jean Pierre BAWELA","twitter_card":"summary_large_image","twitter_misc":{"\u00c9crit par":"Jean Pierre BAWELA","Dur\u00e9e de lecture estim\u00e9e":"4 minutes"},"schema":{"@context":"https:\/\/schema.org","@graph":[{"@type":"Article","@id":"https:\/\/macite.tg\/?p=26748#article","isPartOf":{"@id":"https:\/\/macite.tg\/?p=26748"},"author":{"name":"Jean Pierre BAWELA","@id":"https:\/\/macite.tg\/#\/schema\/person\/e9f2de7e5dbbe7770a9402c7ce82f5c2"},"headline":"ADOPTION DU BUDGET DE L&rsquo;\u00c9TAT EXERCICE 2026\u00a0: Le PA Selom Klassou salue la responsabilit\u00e9 des \u00e9lus&#8230; et les nouvelles mesures","datePublished":"2025-12-10T12:35:59+00:00","dateModified":"2025-12-10T18:41:29+00:00","mainEntityOfPage":{"@id":"https:\/\/macite.tg\/?p=26748"},"wordCount":756,"commentCount":0,"image":{"@id":"https:\/\/macite.tg\/?p=26748#primaryimage"},"thumbnailUrl":"https:\/\/macite.tg\/wp-content\/uploads\/2025\/12\/PA-Selom-Klassou.jpg","articleSection":["ACTUALITE","FINANCES"],"inLanguage":"fr-FR","potentialAction":[{"@type":"CommentAction","name":"Comment","target":["https:\/\/macite.tg\/?p=26748#respond"]}]},{"@type":"WebPage","@id":"https:\/\/macite.tg\/?p=26748","url":"https:\/\/macite.tg\/?p=26748","name":"ADOPTION DU BUDGET DE L'\u00c9TAT EXERCICE 2026\u00a0: Le PA Selom Klassou salue la responsabilit\u00e9 des \u00e9lus... et les nouvelles mesures -","isPartOf":{"@id":"https:\/\/macite.tg\/#website"},"primaryImageOfPage":{"@id":"https:\/\/macite.tg\/?p=26748#primaryimage"},"image":{"@id":"https:\/\/macite.tg\/?p=26748#primaryimage"},"thumbnailUrl":"https:\/\/macite.tg\/wp-content\/uploads\/2025\/12\/PA-Selom-Klassou.jpg","datePublished":"2025-12-10T12:35:59+00:00","dateModified":"2025-12-10T18:41:29+00:00","author":{"@id":"https:\/\/macite.tg\/#\/schema\/person\/e9f2de7e5dbbe7770a9402c7ce82f5c2"},"breadcrumb":{"@id":"https:\/\/macite.tg\/?p=26748#breadcrumb"},"inLanguage":"fr-FR","potentialAction":[{"@type":"ReadAction","target":["https:\/\/macite.tg\/?p=26748"]}]},{"@type":"ImageObject","inLanguage":"fr-FR","@id":"https:\/\/macite.tg\/?p=26748#primaryimage","url":"https:\/\/macite.tg\/wp-content\/uploads\/2025\/12\/PA-Selom-Klassou.jpg","contentUrl":"https:\/\/macite.tg\/wp-content\/uploads\/2025\/12\/PA-Selom-Klassou.jpg","width":500,"height":366,"caption":"Prof Komi selom Klassou, Pr\u00e9sident de l'Assembl\u00e9e nationale"},{"@type":"BreadcrumbList","@id":"https:\/\/macite.tg\/?p=26748#breadcrumb","itemListElement":[{"@type":"ListItem","position":1,"name":"Accueil","item":"https:\/\/macite.tg\/"},{"@type":"ListItem","position":2,"name":"ADOPTION DU BUDGET DE L&rsquo;\u00c9TAT EXERCICE 2026\u00a0: Le PA Selom Klassou salue la responsabilit\u00e9 des \u00e9lus&#8230; et les nouvelles mesures"}]},{"@type":"WebSite","@id":"https:\/\/macite.tg\/#website","url":"https:\/\/macite.tg\/","name":"","description":"L&#039;information, la bonne!!!","potentialAction":[{"@type":"SearchAction","target":{"@type":"EntryPoint","urlTemplate":"https:\/\/macite.tg\/?s={search_term_string}"},"query-input":{"@type":"PropertyValueSpecification","valueRequired":true,"valueName":"search_term_string"}}],"inLanguage":"fr-FR"},{"@type":"Person","@id":"https:\/\/macite.tg\/#\/schema\/person\/e9f2de7e5dbbe7770a9402c7ce82f5c2","name":"Jean Pierre BAWELA","image":{"@type":"ImageObject","inLanguage":"fr-FR","@id":"https:\/\/macite.tg\/wp-content\/uploads\/2023\/09\/WhatsApp-Image-2023-09-19-at-14.44.41-122x122.jpeg","url":"https:\/\/macite.tg\/wp-content\/uploads\/2023\/09\/WhatsApp-Image-2023-09-19-at-14.44.41-122x122.jpeg","contentUrl":"https:\/\/macite.tg\/wp-content\/uploads\/2023\/09\/WhatsApp-Image-2023-09-19-at-14.44.41-122x122.jpeg","caption":"Jean Pierre BAWELA"},"url":"https:\/\/macite.tg\/?author=2"}]}},"_links":{"self":[{"href":"https:\/\/macite.tg\/index.php?rest_route=\/wp\/v2\/posts\/26748","targetHints":{"allow":["GET"]}}],"collection":[{"href":"https:\/\/macite.tg\/index.php?rest_route=\/wp\/v2\/posts"}],"about":[{"href":"https:\/\/macite.tg\/index.php?rest_route=\/wp\/v2\/types\/post"}],"author":[{"embeddable":true,"href":"https:\/\/macite.tg\/index.php?rest_route=\/wp\/v2\/users\/2"}],"replies":[{"embeddable":true,"href":"https:\/\/macite.tg\/index.php?rest_route=%2Fwp%2Fv2%2Fcomments&post=26748"}],"version-history":[{"count":0,"href":"https:\/\/macite.tg\/index.php?rest_route=\/wp\/v2\/posts\/26748\/revisions"}],"wp:featuredmedia":[{"embeddable":true,"href":"https:\/\/macite.tg\/index.php?rest_route=\/wp\/v2\/media\/26749"}],"wp:attachment":[{"href":"https:\/\/macite.tg\/index.php?rest_route=%2Fwp%2Fv2%2Fmedia&parent=26748"}],"wp:term":[{"taxonomy":"category","embeddable":true,"href":"https:\/\/macite.tg\/index.php?rest_route=%2Fwp%2Fv2%2Fcategories&post=26748"},{"taxonomy":"post_tag","embeddable":true,"href":"https:\/\/macite.tg\/index.php?rest_route=%2Fwp%2Fv2%2Ftags&post=26748"}],"curies":[{"name":"wp","href":"https:\/\/api.w.org\/{rel}","templated":true}]}}