{"id":26740,"date":"2025-12-10T11:25:02","date_gmt":"2025-12-10T11:25:02","guid":{"rendered":"https:\/\/macite.tg\/?p=26740"},"modified":"2025-12-10T11:25:36","modified_gmt":"2025-12-10T11:25:36","slug":"projet-de-loi-de-finances-exercice-2026-la-representation-nationale-adopte-le-texte","status":"publish","type":"post","link":"https:\/\/macite.tg\/?p=26740","title":{"rendered":"PROJET DE LOI DE FINANCES, EXERCICE 2026\u00a0: La Repr\u00e9sentation nationale adopte le texte"},"content":{"rendered":"\n<p class=\"wp-block-paragraph\"><strong><em>Hier mardi 9 d\u00e9cembre, les d\u00e9put\u00e9s ont examin\u00e9 et adopt\u00e9 \u00e0 une large majorit\u00e9 en s\u00e9ance pl\u00e9ni\u00e8re, le projet de loi de finances, exercice 2026. Cette s\u00e9ance intervient apr\u00e8s plusieurs jours de travaux en Commission marqu\u00e9s par des analyses, des d\u00e9bats et des amendements.<\/em><\/strong><\/p>\n\n\n\n<p class=\"wp-block-paragraph\">Le budget, \u00e9quilibr\u00e9 en ressources et en charges \u00e0 2.751.542.015.000 FCFA, enregistre une progression significative de 14,8 % par rapport \u00e0 2025. La s\u00e9ance a \u00e9t\u00e9 pr\u00e9sid\u00e9e par Son Excellence Professeur Komi Selom Klassou, Pr\u00e9sident de l\u2019Assembl\u00e9e nationale, en pr\u00e9sence de Monsieur Essow\u00e8 Georges Barcola, ministre des Finances et du Budget.<\/p>\n\n\n\n<p class=\"wp-block-paragraph\">La premi\u00e8re partie de l\u2019examen du projet de loi de finances, exercice 2026 a \u00e9t\u00e9 achev\u00e9e avec l\u2019adoption du texte par les d\u00e9put\u00e9s. Le budget 2026 traduit les grandes orientations politiques, \u00e9conomiques et sociales du Togo et ambitionne de r\u00e9pondre aux attentes l\u00e9gitimes des populations avec la poursuite de la mise en \u0153uvre des diff\u00e9rents axes de la feuille de route gouvernementale.<\/p>\n\n\n\n<figure class=\"wp-block-image size-large\"><img loading=\"lazy\" decoding=\"async\" width=\"723\" height=\"1024\" src=\"https:\/\/macite.tg\/wp-content\/uploads\/2025\/12\/1a88bc4e-bab8-4cbf-bc7e-8b8cf32bb810-723x1024.jpg\" alt=\"\" class=\"wp-image-26728\" srcset=\"https:\/\/macite.tg\/wp-content\/uploads\/2025\/12\/1a88bc4e-bab8-4cbf-bc7e-8b8cf32bb810-723x1024.jpg 723w, https:\/\/macite.tg\/wp-content\/uploads\/2025\/12\/1a88bc4e-bab8-4cbf-bc7e-8b8cf32bb810-212x300.jpg 212w, https:\/\/macite.tg\/wp-content\/uploads\/2025\/12\/1a88bc4e-bab8-4cbf-bc7e-8b8cf32bb810.jpg 763w\" sizes=\"auto, (max-width: 723px) 100vw, 723px\" \/><\/figure>\n\n\n\n<p class=\"wp-block-paragraph\">Le premier axe, qui porte sur l\u2019inclusion et le capital humain, accorde des d\u00e9penses sociales qui s\u2019\u00e9quilibrent \u00e0 669 milliards de francs CFA en 2026, repr\u00e9sentant pr\u00e8s de 48 % du total des d\u00e9penses budg\u00e9taires, contre 659 milliards de francs CFA en 2025, soit une progression de 1,5 %, et permettra de renforcer les secteurs tels que l&rsquo;\u00e9ducation, la sant\u00e9, l&rsquo;eau, l&rsquo;\u00e9nergie et la protection sociale.<\/p>\n\n\n\n<p class=\"wp-block-paragraph\">Le deuxi\u00e8me axe concerne la transformation \u00e9conomique. \u00c0 ce niveau, 407 milliards de francs CFA sont allou\u00e9s en 2026 contre 315 milliards de francs CFA en 2025, soit une progression de 29,3 %, pour soutenir l&rsquo;agriculture, l&rsquo;industrie, le num\u00e9rique et l&#8217;emploi.<\/p>\n\n\n\n<p class=\"wp-block-paragraph\">Le troisi\u00e8me axe, sur le renforcement de l&rsquo;\u00c9tat, accorde 324 milliards de francs CFA en 2026 contre 355 milliards de francs CFA en 2025, soit une r\u00e9gression de 8,5 %, qui est rationalis\u00e9e au profit des secteurs productifs et sociaux.<\/p>\n\n\n\n<p class=\"wp-block-paragraph\">Le pr\u00e9sident du groupe parlementaire majoritaire UNIR, l&rsquo;honorable Aklesso Atcholi, souligne <em>\u00ab qu\u2019\u00e0 travers le vote de ce budget, les honorables d\u00e9put\u00e9s consolident les fondations de la paix et de la s\u00e9curit\u00e9 nationale, car rien n\u2019est possible sans la paix. Les investissements dans la modernisation des forces de d\u00e9fense et de s\u00e9curit\u00e9, l\u2019am\u00e9lioration du renseignement, la lutte contre la cybercriminalit\u00e9 et la r\u00e9silience des fronti\u00e8res t\u00e9moignent d\u2019une prise de conscience lucide.<\/em><\/p>\n\n\n\n<p class=\"wp-block-paragraph\"><em>La stabilit\u00e9 de notre pays est un pr\u00e9alable \u00e0 la poursuite de la modernisation et du d\u00e9veloppement durable. En votant ce projet de budget, nous renfor\u00e7ons \u00e9galement les politiques sociales et l\u2019inclusion. En tant que d\u00e9put\u00e9s du groupe parlementaire UNIR, nous avons un devoir de loyaut\u00e9 envers les institutions de la R\u00e9publique, un devoir de clart\u00e9 envers la nation et un devoir de reconnaissance envers le Pr\u00e9sident du Conseil, qui porte avec d\u00e9termination la vision d\u2019un Togo r\u00e9silient, inclusif et prosp\u00e8re \u00bb, <\/em>a-t-il r\u00e9it\u00e9r\u00e9.<\/p>\n\n\n<div class=\"wp-block-image\">\n<figure class=\"aligncenter size-large is-resized\"><img loading=\"lazy\" decoding=\"async\" width=\"1024\" height=\"1024\" src=\"https:\/\/macite.tg\/wp-content\/uploads\/2025\/12\/f4e9db65-d653-41f7-b584-07f92d21ac18-1024x1024.jpg\" alt=\"\" class=\"wp-image-26741\" style=\"width:608px;height:auto\" srcset=\"https:\/\/macite.tg\/wp-content\/uploads\/2025\/12\/f4e9db65-d653-41f7-b584-07f92d21ac18-1024x1024.jpg 1024w, https:\/\/macite.tg\/wp-content\/uploads\/2025\/12\/f4e9db65-d653-41f7-b584-07f92d21ac18-300x300.jpg 300w, https:\/\/macite.tg\/wp-content\/uploads\/2025\/12\/f4e9db65-d653-41f7-b584-07f92d21ac18-150x150.jpg 150w, https:\/\/macite.tg\/wp-content\/uploads\/2025\/12\/f4e9db65-d653-41f7-b584-07f92d21ac18-768x768.jpg 768w, https:\/\/macite.tg\/wp-content\/uploads\/2025\/12\/f4e9db65-d653-41f7-b584-07f92d21ac18-122x122.jpg 122w, https:\/\/macite.tg\/wp-content\/uploads\/2025\/12\/f4e9db65-d653-41f7-b584-07f92d21ac18.jpg 1080w\" sizes=\"auto, (max-width: 1024px) 100vw, 1024px\" \/><\/figure>\n<\/div>\n\n\n<p class=\"wp-block-paragraph\">Pour sa part, Essow\u00e8 Georges Barcola, ministre des finances et du budget, a affirm\u00e9 qu\u2019en adoptant la loi de finances pour l&rsquo;exercice 2026, les d\u00e9put\u00e9s permettent au gouvernement de disposer d&rsquo;un instrument essentiel pour la mise en \u0153uvre de la politique de la nation.<\/p>\n\n\n\n<p class=\"wp-block-paragraph\"><em>\u00ab Le budget 2026 constitue l&rsquo;instrument financier du pacte d\u00e9mocratique qui lie le gouvernement et l&rsquo;Assembl\u00e9e nationale vers une responsabilit\u00e9 partag\u00e9e. En effet, les instruments dont dispose l&rsquo;Assembl\u00e9e nationale, conform\u00e9ment \u00e0 la nouvelle Constitution, ne sont pas seulement des m\u00e9canismes institutionnels. Ils constituent de v\u00e9ritables garants de la transparence, de la responsabilit\u00e9 et de la confiance des citoyens dans la gestion des finances publiques \u00bb,<\/em> a-t-il d\u00e9clar\u00e9.<\/p>\n\n\n\n<p class=\"wp-block-paragraph\"><strong>(Avec AN)<\/strong><\/p>\n\n\n\n<p class=\"wp-block-paragraph\"><a><strong><em>@macite.tg&nbsp;&nbsp;&nbsp;&nbsp;&nbsp;&nbsp;&nbsp;&nbsp;<\/em><\/strong><\/a><\/p>\n\n\n\n<p class=\"wp-block-paragraph\"><strong><em>E-mail&nbsp;: <\/em><\/strong><a href=\"mailto:maciteinfo@gmail.com\"><strong><em>maciteinfo@gmail.com<\/em><\/strong><\/a><strong><em>; <\/em><\/strong><a href=\"mailto:bawela1@gmail.com\"><strong><em>bawela1@gmail.com<\/em><\/strong><\/a><strong><em><\/em><\/strong><\/p>\n\n\n\n<p class=\"wp-block-paragraph\"><strong><em>Pour vos annonces, (publi)reportages, etc., joignez-nous au (00228)91515309\/<strong>79872224 <\/strong><strong><\/strong><\/em><\/strong><\/p>\n\n\n\n<p class=\"wp-block-paragraph\"><strong><em>www.macite.tg, L\u2019information, la bonne&nbsp;!<\/em><\/strong><\/p>\n\n\n\n<p class=\"wp-block-paragraph\"><\/p>\n","protected":false},"excerpt":{"rendered":"<p class=\"text-justify mb-2\" >Hier mardi 9 d\u00e9cembre, les d\u00e9put\u00e9s ont examin\u00e9 et adopt\u00e9 \u00e0 une large majorit\u00e9 en s\u00e9ance pl\u00e9ni\u00e8re, le projet de loi de finances, exercice 2026. Cette s\u00e9ance intervient apr\u00e8s plusieurs jours de travaux en Commission marqu\u00e9s par des analyses, des d\u00e9bats et des amendements. Le [&hellip;]<\/p>\n","protected":false},"author":2,"featured_media":26742,"comment_status":"open","ping_status":"open","sticky":false,"template":"","format":"standard","meta":{"footnotes":""},"categories":[20,42],"tags":[],"class_list":["post-26740","post","type-post","status-publish","format-standard","has-post-thumbnail","hentry","category-actualite","category-finances"],"yoast_head":"<!-- This site is optimized with the Yoast SEO plugin v28.4 - https:\/\/yoast.com\/product\/yoast-seo-wordpress\/ -->\n<title>PROJET DE LOI DE FINANCES, EXERCICE 2026\u00a0: La Repr\u00e9sentation nationale adopte le texte -<\/title>\n<meta name=\"robots\" content=\"index, follow, max-snippet:-1, max-image-preview:large, max-video-preview:-1\" \/>\n<link rel=\"canonical\" href=\"https:\/\/macite.tg\/?p=26740\" \/>\n<meta property=\"og:locale\" content=\"fr_FR\" \/>\n<meta property=\"og:type\" content=\"article\" \/>\n<meta property=\"og:title\" content=\"PROJET DE LOI DE FINANCES, EXERCICE 2026\u00a0: La Repr\u00e9sentation nationale adopte le texte -\" \/>\n<meta property=\"og:description\" content=\"Hier mardi 9 d\u00e9cembre, les d\u00e9put\u00e9s ont examin\u00e9 et adopt\u00e9 \u00e0 une large majorit\u00e9 en s\u00e9ance pl\u00e9ni\u00e8re, le projet de loi de finances, exercice 2026. Cette s\u00e9ance intervient apr\u00e8s plusieurs jours de travaux en Commission marqu\u00e9s par des analyses, des d\u00e9bats et des amendements. Le [&hellip;]\" \/>\n<meta property=\"og:url\" content=\"https:\/\/macite.tg\/?p=26740\" \/>\n<meta property=\"article:published_time\" content=\"2025-12-10T11:25:02+00:00\" \/>\n<meta property=\"article:modified_time\" content=\"2025-12-10T11:25:36+00:00\" \/>\n<meta property=\"og:image\" content=\"https:\/\/macite.tg\/wp-content\/uploads\/2025\/12\/Depute.jpg\" \/>\n\t<meta property=\"og:image:width\" content=\"500\" \/>\n\t<meta property=\"og:image:height\" content=\"155\" \/>\n\t<meta property=\"og:image:type\" content=\"image\/jpeg\" \/>\n<meta name=\"author\" content=\"Jean Pierre BAWELA\" \/>\n<meta name=\"twitter:card\" content=\"summary_large_image\" \/>\n<meta name=\"twitter:label1\" content=\"\u00c9crit par\" \/>\n\t<meta name=\"twitter:data1\" content=\"Jean Pierre BAWELA\" \/>\n\t<meta name=\"twitter:label2\" content=\"Dur\u00e9e de lecture estim\u00e9e\" \/>\n\t<meta name=\"twitter:data2\" content=\"4 minutes\" \/>\n<script type=\"application\/ld+json\" class=\"yoast-schema-graph\">{\"@context\":\"https:\\\/\\\/schema.org\",\"@graph\":[{\"@type\":\"Article\",\"@id\":\"https:\\\/\\\/macite.tg\\\/?p=26740#article\",\"isPartOf\":{\"@id\":\"https:\\\/\\\/macite.tg\\\/?p=26740\"},\"author\":{\"name\":\"Jean Pierre BAWELA\",\"@id\":\"https:\\\/\\\/macite.tg\\\/#\\\/schema\\\/person\\\/e9f2de7e5dbbe7770a9402c7ce82f5c2\"},\"headline\":\"PROJET DE LOI DE FINANCES, EXERCICE 2026\u00a0: La Repr\u00e9sentation nationale adopte le texte\",\"datePublished\":\"2025-12-10T11:25:02+00:00\",\"dateModified\":\"2025-12-10T11:25:36+00:00\",\"mainEntityOfPage\":{\"@id\":\"https:\\\/\\\/macite.tg\\\/?p=26740\"},\"wordCount\":668,\"commentCount\":0,\"image\":{\"@id\":\"https:\\\/\\\/macite.tg\\\/?p=26740#primaryimage\"},\"thumbnailUrl\":\"https:\\\/\\\/macite.tg\\\/wp-content\\\/uploads\\\/2025\\\/12\\\/Depute.jpg\",\"articleSection\":[\"ACTUALITE\",\"FINANCES\"],\"inLanguage\":\"fr-FR\",\"potentialAction\":[{\"@type\":\"CommentAction\",\"name\":\"Comment\",\"target\":[\"https:\\\/\\\/macite.tg\\\/?p=26740#respond\"]}]},{\"@type\":\"WebPage\",\"@id\":\"https:\\\/\\\/macite.tg\\\/?p=26740\",\"url\":\"https:\\\/\\\/macite.tg\\\/?p=26740\",\"name\":\"PROJET DE LOI DE FINANCES, EXERCICE 2026\u00a0: La Repr\u00e9sentation nationale adopte le texte -\",\"isPartOf\":{\"@id\":\"https:\\\/\\\/macite.tg\\\/#website\"},\"primaryImageOfPage\":{\"@id\":\"https:\\\/\\\/macite.tg\\\/?p=26740#primaryimage\"},\"image\":{\"@id\":\"https:\\\/\\\/macite.tg\\\/?p=26740#primaryimage\"},\"thumbnailUrl\":\"https:\\\/\\\/macite.tg\\\/wp-content\\\/uploads\\\/2025\\\/12\\\/Depute.jpg\",\"datePublished\":\"2025-12-10T11:25:02+00:00\",\"dateModified\":\"2025-12-10T11:25:36+00:00\",\"author\":{\"@id\":\"https:\\\/\\\/macite.tg\\\/#\\\/schema\\\/person\\\/e9f2de7e5dbbe7770a9402c7ce82f5c2\"},\"breadcrumb\":{\"@id\":\"https:\\\/\\\/macite.tg\\\/?p=26740#breadcrumb\"},\"inLanguage\":\"fr-FR\",\"potentialAction\":[{\"@type\":\"ReadAction\",\"target\":[\"https:\\\/\\\/macite.tg\\\/?p=26740\"]}]},{\"@type\":\"ImageObject\",\"inLanguage\":\"fr-FR\",\"@id\":\"https:\\\/\\\/macite.tg\\\/?p=26740#primaryimage\",\"url\":\"https:\\\/\\\/macite.tg\\\/wp-content\\\/uploads\\\/2025\\\/12\\\/Depute.jpg\",\"contentUrl\":\"https:\\\/\\\/macite.tg\\\/wp-content\\\/uploads\\\/2025\\\/12\\\/Depute.jpg\",\"width\":500,\"height\":155},{\"@type\":\"BreadcrumbList\",\"@id\":\"https:\\\/\\\/macite.tg\\\/?p=26740#breadcrumb\",\"itemListElement\":[{\"@type\":\"ListItem\",\"position\":1,\"name\":\"Accueil\",\"item\":\"https:\\\/\\\/macite.tg\\\/\"},{\"@type\":\"ListItem\",\"position\":2,\"name\":\"PROJET DE LOI DE FINANCES, EXERCICE 2026\u00a0: La Repr\u00e9sentation nationale adopte le texte\"}]},{\"@type\":\"WebSite\",\"@id\":\"https:\\\/\\\/macite.tg\\\/#website\",\"url\":\"https:\\\/\\\/macite.tg\\\/\",\"name\":\"\",\"description\":\"L&#039;information, la bonne!!!\",\"potentialAction\":[{\"@type\":\"SearchAction\",\"target\":{\"@type\":\"EntryPoint\",\"urlTemplate\":\"https:\\\/\\\/macite.tg\\\/?s={search_term_string}\"},\"query-input\":{\"@type\":\"PropertyValueSpecification\",\"valueRequired\":true,\"valueName\":\"search_term_string\"}}],\"inLanguage\":\"fr-FR\"},{\"@type\":\"Person\",\"@id\":\"https:\\\/\\\/macite.tg\\\/#\\\/schema\\\/person\\\/e9f2de7e5dbbe7770a9402c7ce82f5c2\",\"name\":\"Jean Pierre BAWELA\",\"image\":{\"@type\":\"ImageObject\",\"inLanguage\":\"fr-FR\",\"@id\":\"https:\\\/\\\/macite.tg\\\/wp-content\\\/uploads\\\/2023\\\/09\\\/WhatsApp-Image-2023-09-19-at-14.44.41-122x122.jpeg\",\"url\":\"https:\\\/\\\/macite.tg\\\/wp-content\\\/uploads\\\/2023\\\/09\\\/WhatsApp-Image-2023-09-19-at-14.44.41-122x122.jpeg\",\"contentUrl\":\"https:\\\/\\\/macite.tg\\\/wp-content\\\/uploads\\\/2023\\\/09\\\/WhatsApp-Image-2023-09-19-at-14.44.41-122x122.jpeg\",\"caption\":\"Jean Pierre BAWELA\"},\"url\":\"https:\\\/\\\/macite.tg\\\/?author=2\"}]}<\/script>\n<!-- \/ Yoast SEO plugin. -->","yoast_head_json":{"title":"PROJET DE LOI DE FINANCES, EXERCICE 2026\u00a0: La Repr\u00e9sentation nationale adopte le texte -","robots":{"index":"index","follow":"follow","max-snippet":"max-snippet:-1","max-image-preview":"max-image-preview:large","max-video-preview":"max-video-preview:-1"},"canonical":"https:\/\/macite.tg\/?p=26740","og_locale":"fr_FR","og_type":"article","og_title":"PROJET DE LOI DE FINANCES, EXERCICE 2026\u00a0: La Repr\u00e9sentation nationale adopte le texte -","og_description":"Hier mardi 9 d\u00e9cembre, les d\u00e9put\u00e9s ont examin\u00e9 et adopt\u00e9 \u00e0 une large majorit\u00e9 en s\u00e9ance pl\u00e9ni\u00e8re, le projet de loi de finances, exercice 2026. Cette s\u00e9ance intervient apr\u00e8s plusieurs jours de travaux en Commission marqu\u00e9s par des analyses, des d\u00e9bats et des amendements. Le [&hellip;]","og_url":"https:\/\/macite.tg\/?p=26740","article_published_time":"2025-12-10T11:25:02+00:00","article_modified_time":"2025-12-10T11:25:36+00:00","og_image":[{"width":500,"height":155,"url":"https:\/\/macite.tg\/wp-content\/uploads\/2025\/12\/Depute.jpg","type":"image\/jpeg"}],"author":"Jean Pierre BAWELA","twitter_card":"summary_large_image","twitter_misc":{"\u00c9crit par":"Jean Pierre BAWELA","Dur\u00e9e de lecture estim\u00e9e":"4 minutes"},"schema":{"@context":"https:\/\/schema.org","@graph":[{"@type":"Article","@id":"https:\/\/macite.tg\/?p=26740#article","isPartOf":{"@id":"https:\/\/macite.tg\/?p=26740"},"author":{"name":"Jean Pierre BAWELA","@id":"https:\/\/macite.tg\/#\/schema\/person\/e9f2de7e5dbbe7770a9402c7ce82f5c2"},"headline":"PROJET DE LOI DE FINANCES, EXERCICE 2026\u00a0: La Repr\u00e9sentation nationale adopte le texte","datePublished":"2025-12-10T11:25:02+00:00","dateModified":"2025-12-10T11:25:36+00:00","mainEntityOfPage":{"@id":"https:\/\/macite.tg\/?p=26740"},"wordCount":668,"commentCount":0,"image":{"@id":"https:\/\/macite.tg\/?p=26740#primaryimage"},"thumbnailUrl":"https:\/\/macite.tg\/wp-content\/uploads\/2025\/12\/Depute.jpg","articleSection":["ACTUALITE","FINANCES"],"inLanguage":"fr-FR","potentialAction":[{"@type":"CommentAction","name":"Comment","target":["https:\/\/macite.tg\/?p=26740#respond"]}]},{"@type":"WebPage","@id":"https:\/\/macite.tg\/?p=26740","url":"https:\/\/macite.tg\/?p=26740","name":"PROJET DE LOI DE FINANCES, EXERCICE 2026\u00a0: La Repr\u00e9sentation nationale adopte le texte -","isPartOf":{"@id":"https:\/\/macite.tg\/#website"},"primaryImageOfPage":{"@id":"https:\/\/macite.tg\/?p=26740#primaryimage"},"image":{"@id":"https:\/\/macite.tg\/?p=26740#primaryimage"},"thumbnailUrl":"https:\/\/macite.tg\/wp-content\/uploads\/2025\/12\/Depute.jpg","datePublished":"2025-12-10T11:25:02+00:00","dateModified":"2025-12-10T11:25:36+00:00","author":{"@id":"https:\/\/macite.tg\/#\/schema\/person\/e9f2de7e5dbbe7770a9402c7ce82f5c2"},"breadcrumb":{"@id":"https:\/\/macite.tg\/?p=26740#breadcrumb"},"inLanguage":"fr-FR","potentialAction":[{"@type":"ReadAction","target":["https:\/\/macite.tg\/?p=26740"]}]},{"@type":"ImageObject","inLanguage":"fr-FR","@id":"https:\/\/macite.tg\/?p=26740#primaryimage","url":"https:\/\/macite.tg\/wp-content\/uploads\/2025\/12\/Depute.jpg","contentUrl":"https:\/\/macite.tg\/wp-content\/uploads\/2025\/12\/Depute.jpg","width":500,"height":155},{"@type":"BreadcrumbList","@id":"https:\/\/macite.tg\/?p=26740#breadcrumb","itemListElement":[{"@type":"ListItem","position":1,"name":"Accueil","item":"https:\/\/macite.tg\/"},{"@type":"ListItem","position":2,"name":"PROJET DE LOI DE FINANCES, EXERCICE 2026\u00a0: La Repr\u00e9sentation nationale adopte le texte"}]},{"@type":"WebSite","@id":"https:\/\/macite.tg\/#website","url":"https:\/\/macite.tg\/","name":"","description":"L&#039;information, la bonne!!!","potentialAction":[{"@type":"SearchAction","target":{"@type":"EntryPoint","urlTemplate":"https:\/\/macite.tg\/?s={search_term_string}"},"query-input":{"@type":"PropertyValueSpecification","valueRequired":true,"valueName":"search_term_string"}}],"inLanguage":"fr-FR"},{"@type":"Person","@id":"https:\/\/macite.tg\/#\/schema\/person\/e9f2de7e5dbbe7770a9402c7ce82f5c2","name":"Jean Pierre BAWELA","image":{"@type":"ImageObject","inLanguage":"fr-FR","@id":"https:\/\/macite.tg\/wp-content\/uploads\/2023\/09\/WhatsApp-Image-2023-09-19-at-14.44.41-122x122.jpeg","url":"https:\/\/macite.tg\/wp-content\/uploads\/2023\/09\/WhatsApp-Image-2023-09-19-at-14.44.41-122x122.jpeg","contentUrl":"https:\/\/macite.tg\/wp-content\/uploads\/2023\/09\/WhatsApp-Image-2023-09-19-at-14.44.41-122x122.jpeg","caption":"Jean Pierre BAWELA"},"url":"https:\/\/macite.tg\/?author=2"}]}},"_links":{"self":[{"href":"https:\/\/macite.tg\/index.php?rest_route=\/wp\/v2\/posts\/26740","targetHints":{"allow":["GET"]}}],"collection":[{"href":"https:\/\/macite.tg\/index.php?rest_route=\/wp\/v2\/posts"}],"about":[{"href":"https:\/\/macite.tg\/index.php?rest_route=\/wp\/v2\/types\/post"}],"author":[{"embeddable":true,"href":"https:\/\/macite.tg\/index.php?rest_route=\/wp\/v2\/users\/2"}],"replies":[{"embeddable":true,"href":"https:\/\/macite.tg\/index.php?rest_route=%2Fwp%2Fv2%2Fcomments&post=26740"}],"version-history":[{"count":0,"href":"https:\/\/macite.tg\/index.php?rest_route=\/wp\/v2\/posts\/26740\/revisions"}],"wp:featuredmedia":[{"embeddable":true,"href":"https:\/\/macite.tg\/index.php?rest_route=\/wp\/v2\/media\/26742"}],"wp:attachment":[{"href":"https:\/\/macite.tg\/index.php?rest_route=%2Fwp%2Fv2%2Fmedia&parent=26740"}],"wp:term":[{"taxonomy":"category","embeddable":true,"href":"https:\/\/macite.tg\/index.php?rest_route=%2Fwp%2Fv2%2Fcategories&post=26740"},{"taxonomy":"post_tag","embeddable":true,"href":"https:\/\/macite.tg\/index.php?rest_route=%2Fwp%2Fv2%2Ftags&post=26740"}],"curies":[{"name":"wp","href":"https:\/\/api.w.org\/{rel}","templated":true}]}}