{"id":26739,"date":"2025-12-10T12:12:44","date_gmt":"2025-12-10T12:12:44","guid":{"rendered":"https:\/\/macite.tg\/?p=26739"},"modified":"2025-12-10T12:14:04","modified_gmt":"2025-12-10T12:14:04","slug":"9eme-congres-panafricain-a-lome-un-concert-geant-avec-des-giga-artistes-pour-fermer-les-rideaux","status":"publish","type":"post","link":"https:\/\/macite.tg\/?p=26739","title":{"rendered":"9EME CONGRES PANAFRICAIN A LOME\u00a0: Un concert g\u00e9ant avec des \u2018\u2019giga-artistes\u2019\u2019 pour le bal de fin"},"content":{"rendered":"\n<p class=\"wp-block-paragraph\"><strong><em>&nbsp;Les rideaux vont se refermer, vendredi 12 d\u00e9cembre prochain, sur le 9\u00e8me congr\u00e8s panafricain qu\u2019abrite Lom\u00e9 depuis le 08 d\u00e9cembre dernier. Pour marquer le d\u00e9nouement heureux de ce rendez-vous avec l\u2019histoire, il est pr\u00e9vu, le vendredi 12 d\u00e9cembre \u00e0 partir de 19h, un concert g\u00e9ant au Palais des congr\u00e8s de Lom\u00e9.<\/em><\/strong><\/p>\n\n\n\n<p class=\"wp-block-paragraph\">Au rang des artistes invit\u00e9s, des artistes de renomm\u00e9e mondiale, notamment Claudy Siar, Singuila, Josey de la C\u00f4te d&rsquo;Ivoire, King Mensah, appuy\u00e9s par des nationaux tels que Paki Chenzu, King Bala, King Maz, Anodaboy et bien d\u2019autres encore.<\/p>\n\n\n<div class=\"wp-block-image\">\n<figure class=\"aligncenter size-large\"><img loading=\"lazy\" decoding=\"async\" width=\"723\" height=\"1024\" src=\"https:\/\/macite.tg\/wp-content\/uploads\/2025\/12\/1a88bc4e-bab8-4cbf-bc7e-8b8cf32bb810-723x1024.jpg\" alt=\"\" class=\"wp-image-26728\" srcset=\"https:\/\/macite.tg\/wp-content\/uploads\/2025\/12\/1a88bc4e-bab8-4cbf-bc7e-8b8cf32bb810-723x1024.jpg 723w, https:\/\/macite.tg\/wp-content\/uploads\/2025\/12\/1a88bc4e-bab8-4cbf-bc7e-8b8cf32bb810-212x300.jpg 212w, https:\/\/macite.tg\/wp-content\/uploads\/2025\/12\/1a88bc4e-bab8-4cbf-bc7e-8b8cf32bb810.jpg 763w\" sizes=\"auto, (max-width: 723px) 100vw, 723px\" \/><\/figure>\n<\/div>\n\n\n<p class=\"wp-block-paragraph\">Ce rendez-vous artistique se veut un moment de partage de nos valeurs culturelles africaines, au moment m\u00eame o\u00f9 les fils et filles d\u2019Afrique, de sa diaspora et des afrodescendants ont d\u00e9cid\u00e9 de parler d\u2019une seule voix et faire de l\u2019Afrique une force plan\u00e9taire non n\u00e9gligeable.<\/p>\n\n\n\n<p class=\"wp-block-paragraph\">Notons que l\u2019entr\u00e9e est libre pour ce concert qui va marquer d\u2019un sceau ind\u00e9l\u00e9bile ce 9<sup>\u00e8me<\/sup> congr\u00e8s panafricain de Lom\u00e9.<\/p>\n\n\n\n<p class=\"wp-block-paragraph\"><strong>La R\u00e9daction<\/strong><\/p>\n\n\n\n<p class=\"wp-block-paragraph\"><a><strong><em>@macite.tg&nbsp;&nbsp;&nbsp;&nbsp;&nbsp;&nbsp;&nbsp;&nbsp;<\/em><\/strong><\/a><\/p>\n\n\n\n<p class=\"wp-block-paragraph\"><strong><em>E-mail&nbsp;: <\/em><\/strong><a href=\"mailto:maciteinfo@gmail.com\"><strong><em>maciteinfo@gmail.com<\/em><\/strong><\/a><strong><em>; <\/em><\/strong><a href=\"mailto:bawela1@gmail.com\"><strong><em>bawela1@gmail.com<\/em><\/strong><\/a><strong><em><\/em><\/strong><\/p>\n\n\n\n<p class=\"wp-block-paragraph\"><strong><em>Pour vos annonces, (publi)reportages, etc., joignez-nous au (00228)91515309\/<strong>79872224 <\/strong><strong><\/strong><\/em><\/strong><\/p>\n\n\n\n<p class=\"wp-block-paragraph\"><strong><em>www.macite.tg, L\u2019information, la bonne&nbsp;!<\/em><\/strong><\/p>\n\n\n\n<p class=\"wp-block-paragraph\"><\/p>\n","protected":false},"excerpt":{"rendered":"<p class=\"text-justify mb-2\" >&nbsp;Les rideaux vont se refermer, vendredi 12 d\u00e9cembre prochain, sur le 9\u00e8me congr\u00e8s panafricain qu\u2019abrite Lom\u00e9 depuis le 08 d\u00e9cembre dernier. Pour marquer le d\u00e9nouement heureux de ce rendez-vous avec l\u2019histoire, il est pr\u00e9vu, le vendredi 12 d\u00e9cembre \u00e0 partir de 19h, un concert g\u00e9ant [&hellip;]<\/p>\n","protected":false},"author":2,"featured_media":26744,"comment_status":"open","ping_status":"open","sticky":false,"template":"","format":"standard","meta":{"footnotes":""},"categories":[20,18],"tags":[],"class_list":["post-26739","post","type-post","status-publish","format-standard","has-post-thumbnail","hentry","category-actualite","category-culture"],"yoast_head":"<!-- This site is optimized with the Yoast SEO plugin v28.4 - https:\/\/yoast.com\/product\/yoast-seo-wordpress\/ -->\n<title>9EME CONGRES PANAFRICAIN A LOME\u00a0: Un concert g\u00e9ant avec des \u2018\u2019giga-artistes\u2019\u2019 pour le bal de fin -<\/title>\n<meta name=\"robots\" content=\"index, follow, max-snippet:-1, max-image-preview:large, max-video-preview:-1\" \/>\n<link rel=\"canonical\" href=\"https:\/\/macite.tg\/?p=26739\" \/>\n<meta property=\"og:locale\" content=\"fr_FR\" \/>\n<meta property=\"og:type\" content=\"article\" \/>\n<meta property=\"og:title\" content=\"9EME CONGRES PANAFRICAIN A LOME\u00a0: Un concert g\u00e9ant avec des \u2018\u2019giga-artistes\u2019\u2019 pour le bal de fin -\" \/>\n<meta property=\"og:description\" content=\"&nbsp;Les rideaux vont se refermer, vendredi 12 d\u00e9cembre prochain, sur le 9\u00e8me congr\u00e8s panafricain qu\u2019abrite Lom\u00e9 depuis le 08 d\u00e9cembre dernier. Pour marquer le d\u00e9nouement heureux de ce rendez-vous avec l\u2019histoire, il est pr\u00e9vu, le vendredi 12 d\u00e9cembre \u00e0 partir de 19h, un concert g\u00e9ant [&hellip;]\" \/>\n<meta property=\"og:url\" content=\"https:\/\/macite.tg\/?p=26739\" \/>\n<meta property=\"article:published_time\" content=\"2025-12-10T12:12:44+00:00\" \/>\n<meta property=\"article:modified_time\" content=\"2025-12-10T12:14:04+00:00\" \/>\n<meta property=\"og:image\" content=\"https:\/\/macite.tg\/wp-content\/uploads\/2025\/12\/9e-congres-concert.jpg\" \/>\n\t<meta property=\"og:image:width\" content=\"500\" \/>\n\t<meta property=\"og:image:height\" content=\"299\" \/>\n\t<meta property=\"og:image:type\" content=\"image\/jpeg\" \/>\n<meta name=\"author\" content=\"Jean Pierre BAWELA\" \/>\n<meta name=\"twitter:card\" content=\"summary_large_image\" \/>\n<meta name=\"twitter:label1\" content=\"\u00c9crit par\" \/>\n\t<meta name=\"twitter:data1\" content=\"Jean Pierre BAWELA\" \/>\n\t<meta name=\"twitter:label2\" content=\"Dur\u00e9e de lecture estim\u00e9e\" \/>\n\t<meta name=\"twitter:data2\" content=\"2 minutes\" \/>\n<script type=\"application\/ld+json\" class=\"yoast-schema-graph\">{\"@context\":\"https:\\\/\\\/schema.org\",\"@graph\":[{\"@type\":\"Article\",\"@id\":\"https:\\\/\\\/macite.tg\\\/?p=26739#article\",\"isPartOf\":{\"@id\":\"https:\\\/\\\/macite.tg\\\/?p=26739\"},\"author\":{\"name\":\"Jean Pierre BAWELA\",\"@id\":\"https:\\\/\\\/macite.tg\\\/#\\\/schema\\\/person\\\/e9f2de7e5dbbe7770a9402c7ce82f5c2\"},\"headline\":\"9EME CONGRES PANAFRICAIN A LOME\u00a0: Un concert g\u00e9ant avec des \u2018\u2019giga-artistes\u2019\u2019 pour le bal de fin\",\"datePublished\":\"2025-12-10T12:12:44+00:00\",\"dateModified\":\"2025-12-10T12:14:04+00:00\",\"mainEntityOfPage\":{\"@id\":\"https:\\\/\\\/macite.tg\\\/?p=26739\"},\"wordCount\":234,\"commentCount\":0,\"image\":{\"@id\":\"https:\\\/\\\/macite.tg\\\/?p=26739#primaryimage\"},\"thumbnailUrl\":\"https:\\\/\\\/macite.tg\\\/wp-content\\\/uploads\\\/2025\\\/12\\\/9e-congres-concert.jpg\",\"articleSection\":[\"ACTUALITE\",\"CULTURE\"],\"inLanguage\":\"fr-FR\",\"potentialAction\":[{\"@type\":\"CommentAction\",\"name\":\"Comment\",\"target\":[\"https:\\\/\\\/macite.tg\\\/?p=26739#respond\"]}]},{\"@type\":\"WebPage\",\"@id\":\"https:\\\/\\\/macite.tg\\\/?p=26739\",\"url\":\"https:\\\/\\\/macite.tg\\\/?p=26739\",\"name\":\"9EME CONGRES PANAFRICAIN A LOME\u00a0: Un concert g\u00e9ant avec des \u2018\u2019giga-artistes\u2019\u2019 pour le bal de fin -\",\"isPartOf\":{\"@id\":\"https:\\\/\\\/macite.tg\\\/#website\"},\"primaryImageOfPage\":{\"@id\":\"https:\\\/\\\/macite.tg\\\/?p=26739#primaryimage\"},\"image\":{\"@id\":\"https:\\\/\\\/macite.tg\\\/?p=26739#primaryimage\"},\"thumbnailUrl\":\"https:\\\/\\\/macite.tg\\\/wp-content\\\/uploads\\\/2025\\\/12\\\/9e-congres-concert.jpg\",\"datePublished\":\"2025-12-10T12:12:44+00:00\",\"dateModified\":\"2025-12-10T12:14:04+00:00\",\"author\":{\"@id\":\"https:\\\/\\\/macite.tg\\\/#\\\/schema\\\/person\\\/e9f2de7e5dbbe7770a9402c7ce82f5c2\"},\"breadcrumb\":{\"@id\":\"https:\\\/\\\/macite.tg\\\/?p=26739#breadcrumb\"},\"inLanguage\":\"fr-FR\",\"potentialAction\":[{\"@type\":\"ReadAction\",\"target\":[\"https:\\\/\\\/macite.tg\\\/?p=26739\"]}]},{\"@type\":\"ImageObject\",\"inLanguage\":\"fr-FR\",\"@id\":\"https:\\\/\\\/macite.tg\\\/?p=26739#primaryimage\",\"url\":\"https:\\\/\\\/macite.tg\\\/wp-content\\\/uploads\\\/2025\\\/12\\\/9e-congres-concert.jpg\",\"contentUrl\":\"https:\\\/\\\/macite.tg\\\/wp-content\\\/uploads\\\/2025\\\/12\\\/9e-congres-concert.jpg\",\"width\":500,\"height\":299},{\"@type\":\"BreadcrumbList\",\"@id\":\"https:\\\/\\\/macite.tg\\\/?p=26739#breadcrumb\",\"itemListElement\":[{\"@type\":\"ListItem\",\"position\":1,\"name\":\"Accueil\",\"item\":\"https:\\\/\\\/macite.tg\\\/\"},{\"@type\":\"ListItem\",\"position\":2,\"name\":\"9EME CONGRES PANAFRICAIN A LOME\u00a0: Un concert g\u00e9ant avec des \u2018\u2019giga-artistes\u2019\u2019 pour le bal de fin\"}]},{\"@type\":\"WebSite\",\"@id\":\"https:\\\/\\\/macite.tg\\\/#website\",\"url\":\"https:\\\/\\\/macite.tg\\\/\",\"name\":\"\",\"description\":\"L&#039;information, la bonne!!!\",\"potentialAction\":[{\"@type\":\"SearchAction\",\"target\":{\"@type\":\"EntryPoint\",\"urlTemplate\":\"https:\\\/\\\/macite.tg\\\/?s={search_term_string}\"},\"query-input\":{\"@type\":\"PropertyValueSpecification\",\"valueRequired\":true,\"valueName\":\"search_term_string\"}}],\"inLanguage\":\"fr-FR\"},{\"@type\":\"Person\",\"@id\":\"https:\\\/\\\/macite.tg\\\/#\\\/schema\\\/person\\\/e9f2de7e5dbbe7770a9402c7ce82f5c2\",\"name\":\"Jean Pierre BAWELA\",\"image\":{\"@type\":\"ImageObject\",\"inLanguage\":\"fr-FR\",\"@id\":\"https:\\\/\\\/macite.tg\\\/wp-content\\\/uploads\\\/2023\\\/09\\\/WhatsApp-Image-2023-09-19-at-14.44.41-122x122.jpeg\",\"url\":\"https:\\\/\\\/macite.tg\\\/wp-content\\\/uploads\\\/2023\\\/09\\\/WhatsApp-Image-2023-09-19-at-14.44.41-122x122.jpeg\",\"contentUrl\":\"https:\\\/\\\/macite.tg\\\/wp-content\\\/uploads\\\/2023\\\/09\\\/WhatsApp-Image-2023-09-19-at-14.44.41-122x122.jpeg\",\"caption\":\"Jean Pierre BAWELA\"},\"url\":\"https:\\\/\\\/macite.tg\\\/?author=2\"}]}<\/script>\n<!-- \/ Yoast SEO plugin. -->","yoast_head_json":{"title":"9EME CONGRES PANAFRICAIN A LOME\u00a0: Un concert g\u00e9ant avec des \u2018\u2019giga-artistes\u2019\u2019 pour le bal de fin -","robots":{"index":"index","follow":"follow","max-snippet":"max-snippet:-1","max-image-preview":"max-image-preview:large","max-video-preview":"max-video-preview:-1"},"canonical":"https:\/\/macite.tg\/?p=26739","og_locale":"fr_FR","og_type":"article","og_title":"9EME CONGRES PANAFRICAIN A LOME\u00a0: Un concert g\u00e9ant avec des \u2018\u2019giga-artistes\u2019\u2019 pour le bal de fin -","og_description":"&nbsp;Les rideaux vont se refermer, vendredi 12 d\u00e9cembre prochain, sur le 9\u00e8me congr\u00e8s panafricain qu\u2019abrite Lom\u00e9 depuis le 08 d\u00e9cembre dernier. Pour marquer le d\u00e9nouement heureux de ce rendez-vous avec l\u2019histoire, il est pr\u00e9vu, le vendredi 12 d\u00e9cembre \u00e0 partir de 19h, un concert g\u00e9ant [&hellip;]","og_url":"https:\/\/macite.tg\/?p=26739","article_published_time":"2025-12-10T12:12:44+00:00","article_modified_time":"2025-12-10T12:14:04+00:00","og_image":[{"width":500,"height":299,"url":"https:\/\/macite.tg\/wp-content\/uploads\/2025\/12\/9e-congres-concert.jpg","type":"image\/jpeg"}],"author":"Jean Pierre BAWELA","twitter_card":"summary_large_image","twitter_misc":{"\u00c9crit par":"Jean Pierre BAWELA","Dur\u00e9e de lecture estim\u00e9e":"2 minutes"},"schema":{"@context":"https:\/\/schema.org","@graph":[{"@type":"Article","@id":"https:\/\/macite.tg\/?p=26739#article","isPartOf":{"@id":"https:\/\/macite.tg\/?p=26739"},"author":{"name":"Jean Pierre BAWELA","@id":"https:\/\/macite.tg\/#\/schema\/person\/e9f2de7e5dbbe7770a9402c7ce82f5c2"},"headline":"9EME CONGRES PANAFRICAIN A LOME\u00a0: Un concert g\u00e9ant avec des \u2018\u2019giga-artistes\u2019\u2019 pour le bal de fin","datePublished":"2025-12-10T12:12:44+00:00","dateModified":"2025-12-10T12:14:04+00:00","mainEntityOfPage":{"@id":"https:\/\/macite.tg\/?p=26739"},"wordCount":234,"commentCount":0,"image":{"@id":"https:\/\/macite.tg\/?p=26739#primaryimage"},"thumbnailUrl":"https:\/\/macite.tg\/wp-content\/uploads\/2025\/12\/9e-congres-concert.jpg","articleSection":["ACTUALITE","CULTURE"],"inLanguage":"fr-FR","potentialAction":[{"@type":"CommentAction","name":"Comment","target":["https:\/\/macite.tg\/?p=26739#respond"]}]},{"@type":"WebPage","@id":"https:\/\/macite.tg\/?p=26739","url":"https:\/\/macite.tg\/?p=26739","name":"9EME CONGRES PANAFRICAIN A LOME\u00a0: Un concert g\u00e9ant avec des \u2018\u2019giga-artistes\u2019\u2019 pour le bal de fin -","isPartOf":{"@id":"https:\/\/macite.tg\/#website"},"primaryImageOfPage":{"@id":"https:\/\/macite.tg\/?p=26739#primaryimage"},"image":{"@id":"https:\/\/macite.tg\/?p=26739#primaryimage"},"thumbnailUrl":"https:\/\/macite.tg\/wp-content\/uploads\/2025\/12\/9e-congres-concert.jpg","datePublished":"2025-12-10T12:12:44+00:00","dateModified":"2025-12-10T12:14:04+00:00","author":{"@id":"https:\/\/macite.tg\/#\/schema\/person\/e9f2de7e5dbbe7770a9402c7ce82f5c2"},"breadcrumb":{"@id":"https:\/\/macite.tg\/?p=26739#breadcrumb"},"inLanguage":"fr-FR","potentialAction":[{"@type":"ReadAction","target":["https:\/\/macite.tg\/?p=26739"]}]},{"@type":"ImageObject","inLanguage":"fr-FR","@id":"https:\/\/macite.tg\/?p=26739#primaryimage","url":"https:\/\/macite.tg\/wp-content\/uploads\/2025\/12\/9e-congres-concert.jpg","contentUrl":"https:\/\/macite.tg\/wp-content\/uploads\/2025\/12\/9e-congres-concert.jpg","width":500,"height":299},{"@type":"BreadcrumbList","@id":"https:\/\/macite.tg\/?p=26739#breadcrumb","itemListElement":[{"@type":"ListItem","position":1,"name":"Accueil","item":"https:\/\/macite.tg\/"},{"@type":"ListItem","position":2,"name":"9EME CONGRES PANAFRICAIN A LOME\u00a0: Un concert g\u00e9ant avec des \u2018\u2019giga-artistes\u2019\u2019 pour le bal de fin"}]},{"@type":"WebSite","@id":"https:\/\/macite.tg\/#website","url":"https:\/\/macite.tg\/","name":"","description":"L&#039;information, la bonne!!!","potentialAction":[{"@type":"SearchAction","target":{"@type":"EntryPoint","urlTemplate":"https:\/\/macite.tg\/?s={search_term_string}"},"query-input":{"@type":"PropertyValueSpecification","valueRequired":true,"valueName":"search_term_string"}}],"inLanguage":"fr-FR"},{"@type":"Person","@id":"https:\/\/macite.tg\/#\/schema\/person\/e9f2de7e5dbbe7770a9402c7ce82f5c2","name":"Jean Pierre BAWELA","image":{"@type":"ImageObject","inLanguage":"fr-FR","@id":"https:\/\/macite.tg\/wp-content\/uploads\/2023\/09\/WhatsApp-Image-2023-09-19-at-14.44.41-122x122.jpeg","url":"https:\/\/macite.tg\/wp-content\/uploads\/2023\/09\/WhatsApp-Image-2023-09-19-at-14.44.41-122x122.jpeg","contentUrl":"https:\/\/macite.tg\/wp-content\/uploads\/2023\/09\/WhatsApp-Image-2023-09-19-at-14.44.41-122x122.jpeg","caption":"Jean Pierre BAWELA"},"url":"https:\/\/macite.tg\/?author=2"}]}},"_links":{"self":[{"href":"https:\/\/macite.tg\/index.php?rest_route=\/wp\/v2\/posts\/26739","targetHints":{"allow":["GET"]}}],"collection":[{"href":"https:\/\/macite.tg\/index.php?rest_route=\/wp\/v2\/posts"}],"about":[{"href":"https:\/\/macite.tg\/index.php?rest_route=\/wp\/v2\/types\/post"}],"author":[{"embeddable":true,"href":"https:\/\/macite.tg\/index.php?rest_route=\/wp\/v2\/users\/2"}],"replies":[{"embeddable":true,"href":"https:\/\/macite.tg\/index.php?rest_route=%2Fwp%2Fv2%2Fcomments&post=26739"}],"version-history":[{"count":0,"href":"https:\/\/macite.tg\/index.php?rest_route=\/wp\/v2\/posts\/26739\/revisions"}],"wp:featuredmedia":[{"embeddable":true,"href":"https:\/\/macite.tg\/index.php?rest_route=\/wp\/v2\/media\/26744"}],"wp:attachment":[{"href":"https:\/\/macite.tg\/index.php?rest_route=%2Fwp%2Fv2%2Fmedia&parent=26739"}],"wp:term":[{"taxonomy":"category","embeddable":true,"href":"https:\/\/macite.tg\/index.php?rest_route=%2Fwp%2Fv2%2Fcategories&post=26739"},{"taxonomy":"post_tag","embeddable":true,"href":"https:\/\/macite.tg\/index.php?rest_route=%2Fwp%2Fv2%2Ftags&post=26739"}],"curies":[{"name":"wp","href":"https:\/\/api.w.org\/{rel}","templated":true}]}}