{"id":26736,"date":"2025-12-10T10:30:20","date_gmt":"2025-12-10T10:30:20","guid":{"rendered":"https:\/\/macite.tg\/?p=26736"},"modified":"2025-12-10T10:30:36","modified_gmt":"2025-12-10T10:30:36","slug":"9e-congres-panafricain-agenda-des-travaux-de-ce-mercredi-10-decembre","status":"publish","type":"post","link":"https:\/\/macite.tg\/?p=26736","title":{"rendered":"9e CONGRES PANAFRICAIN : Agenda des travaux de ce mercredi 10 d\u00e9cembre"},"content":{"rendered":"\n<p class=\"wp-block-paragraph\"><strong><em>Pour ce troisi\u00e8me jour des travaux de ce 9<sup>\u00e8me<\/sup> Congr\u00e8s panafricain sur le th\u00e8me central&nbsp;: \u00ab Renouveau du panafricanisme et r\u00f4le de l\u2019Afrique dans la r\u00e9forme des institutions multilat\u00e9rales : mobiliser les ressources et se r\u00e9inventer pour agir \u00bb, on note u all\u00e8gement du calendrier pour permettre aux participants de souffler tant soit peu.<\/em><\/strong><\/p>\n\n\n\n<p class=\"wp-block-paragraph\"><strong><em>Voici l\u2019agenda de ce jour&nbsp;:<\/em><\/strong><\/p>\n\n\n\n<p class=\"wp-block-paragraph\"><strong>Jour 3 (mercredi 10 d\u00e9cembre 2025)<\/strong><\/p>\n\n\n\n<p class=\"wp-block-paragraph\">08H00-08H30 (Auditorium du Palais des Congr\u00e8s de Lom\u00e9)<\/p>\n\n\n\n<p class=\"wp-block-paragraph\">Session sp\u00e9ciale sur la Charte du Mandingue : 08H30-10H00 (Auditorium du Palais des Congr\u00e8s de Lom\u00e9)<\/p>\n\n\n\n<p class=\"wp-block-paragraph\">&#8211; Parole aux panafricanistes (07 min par intervenant)<\/p>\n\n\n\n<p class=\"wp-block-paragraph\">&#8211; D\u00e9bats Mod\u00e9rateur(trice) :<\/p>\n\n\n\n<p class=\"wp-block-paragraph\">10H00-10H15 Pause-caf\u00e9<\/p>\n\n\n\n<p class=\"wp-block-paragraph\">10H15-12H15 (Auditorium du Palais des Congr\u00e8s de Lom\u00e9)<\/p>\n\n\n\n<p class=\"wp-block-paragraph\">Panel 1 : Th\u00e8me : Image de l\u2019Afrique dans le monde actuel, enjeux et d\u00e9fis de la promotion du narratif africain<\/p>\n\n\n\n<p class=\"wp-block-paragraph\">Mod\u00e9rateur : Panelistes :<\/p>\n\n\n\n<p class=\"wp-block-paragraph\">12H30-14H00 Pause D\u00e9jeuner<\/p>\n\n\n\n<p class=\"wp-block-paragraph\">14H00-16H00 (Auditorium du Palais des Congr\u00e8s de Lom\u00e9)<\/p>\n\n\n\n<p class=\"wp-block-paragraph\">Panel 2 : Th\u00e8me : Sant\u00e9 et s\u00e9curit\u00e9 alimentaire : une approche panafricaine pour agir ensemble Mod\u00e9rateur : Panelistes :<\/p>\n\n\n\n<p class=\"wp-block-paragraph\">16H00-16H15 Pause-caf\u00e9<\/p>\n\n\n\n<p class=\"wp-block-paragraph\">16H15-18H15 (Auditorium du Palais des Congr\u00e8s de Lom\u00e9)<\/p>\n\n\n\n<p class=\"wp-block-paragraph\">Table ronde \u00e9conomique des hommes et femmes d\u2019affaires<\/p>\n\n\n\n<p class=\"wp-block-paragraph\">Th\u00e8me : <em>\u00ab Contribution des africains et des afrodescendants au d\u00e9veloppement \u00e9conomique int\u00e9gr\u00e9 de l\u2019Afrique \u00bb.<\/em><\/p>\n\n\n\n<p class=\"wp-block-paragraph\">Mod\u00e9rateur : Panelistes :<\/p>\n\n\n\n<p class=\"wp-block-paragraph\"><strong>Fin du jour 3<\/strong><\/p>\n\n\n\n<p class=\"wp-block-paragraph\"><a><strong><em>@macite.tg&nbsp;&nbsp;&nbsp;&nbsp;&nbsp;&nbsp;&nbsp;&nbsp;<\/em><\/strong><\/a><\/p>\n\n\n\n<p class=\"wp-block-paragraph\"><strong><em>E-mail&nbsp;: <\/em><\/strong><a href=\"mailto:maciteinfo@gmail.com\"><strong><em>maciteinfo@gmail.com<\/em><\/strong><\/a><strong><em>; <\/em><\/strong><a href=\"mailto:bawela1@gmail.com\"><strong><em>bawela1@gmail.com<\/em><\/strong><\/a><strong><em><\/em><\/strong><\/p>\n\n\n\n<p class=\"wp-block-paragraph\"><strong><em>Pour vos annonces, (publi)reportages, etc., joignez-nous au (00228)91515309\/<strong>79872224 <\/strong><strong><\/strong><\/em><\/strong><\/p>\n\n\n\n<p class=\"wp-block-paragraph\"><strong><em>www.macite.tg, L\u2019information, la bonne&nbsp;!<\/em><\/strong><\/p>\n\n\n\n<p class=\"wp-block-paragraph\"><\/p>\n","protected":false},"excerpt":{"rendered":"<p class=\"text-justify mb-2\" >Pour ce troisi\u00e8me jour des travaux de ce 9\u00e8me Congr\u00e8s panafricain sur le th\u00e8me central&nbsp;: \u00ab Renouveau du panafricanisme et r\u00f4le de l\u2019Afrique dans la r\u00e9forme des institutions multilat\u00e9rales : mobiliser les ressources et se r\u00e9inventer pour agir \u00bb, on note u all\u00e8gement du calendrier [&hellip;]<\/p>\n","protected":false},"author":2,"featured_media":26737,"comment_status":"open","ping_status":"open","sticky":false,"template":"","format":"standard","meta":{"footnotes":""},"categories":[20,8],"tags":[],"class_list":["post-26736","post","type-post","status-publish","format-standard","has-post-thumbnail","hentry","category-actualite","category-diplomatie"],"yoast_head":"<!-- This site is optimized with the Yoast SEO plugin v28.4 - https:\/\/yoast.com\/product\/yoast-seo-wordpress\/ -->\n<title>9e CONGRES PANAFRICAIN : Agenda des travaux de ce mercredi 10 d\u00e9cembre -<\/title>\n<meta name=\"robots\" content=\"index, follow, max-snippet:-1, max-image-preview:large, max-video-preview:-1\" \/>\n<link rel=\"canonical\" href=\"https:\/\/macite.tg\/?p=26736\" \/>\n<meta property=\"og:locale\" content=\"fr_FR\" \/>\n<meta property=\"og:type\" content=\"article\" \/>\n<meta property=\"og:title\" content=\"9e CONGRES PANAFRICAIN : Agenda des travaux de ce mercredi 10 d\u00e9cembre -\" \/>\n<meta property=\"og:description\" content=\"Pour ce troisi\u00e8me jour des travaux de ce 9\u00e8me Congr\u00e8s panafricain sur le th\u00e8me central&nbsp;: \u00ab Renouveau du panafricanisme et r\u00f4le de l\u2019Afrique dans la r\u00e9forme des institutions multilat\u00e9rales : mobiliser les ressources et se r\u00e9inventer pour agir \u00bb, on note u all\u00e8gement du calendrier [&hellip;]\" \/>\n<meta property=\"og:url\" content=\"https:\/\/macite.tg\/?p=26736\" \/>\n<meta property=\"article:published_time\" content=\"2025-12-10T10:30:20+00:00\" \/>\n<meta property=\"article:modified_time\" content=\"2025-12-10T10:30:36+00:00\" \/>\n<meta property=\"og:image\" content=\"https:\/\/macite.tg\/wp-content\/uploads\/2025\/12\/9e-congres.jpg_J3.jpg\" \/>\n\t<meta property=\"og:image:width\" content=\"500\" \/>\n\t<meta property=\"og:image:height\" content=\"334\" \/>\n\t<meta property=\"og:image:type\" content=\"image\/jpeg\" \/>\n<meta name=\"author\" content=\"Jean Pierre BAWELA\" \/>\n<meta name=\"twitter:card\" content=\"summary_large_image\" \/>\n<meta name=\"twitter:label1\" content=\"\u00c9crit par\" \/>\n\t<meta name=\"twitter:data1\" content=\"Jean Pierre BAWELA\" \/>\n\t<meta name=\"twitter:label2\" content=\"Dur\u00e9e de lecture estim\u00e9e\" \/>\n\t<meta name=\"twitter:data2\" content=\"2 minutes\" \/>\n<script type=\"application\/ld+json\" class=\"yoast-schema-graph\">{\"@context\":\"https:\\\/\\\/schema.org\",\"@graph\":[{\"@type\":\"Article\",\"@id\":\"https:\\\/\\\/macite.tg\\\/?p=26736#article\",\"isPartOf\":{\"@id\":\"https:\\\/\\\/macite.tg\\\/?p=26736\"},\"author\":{\"name\":\"Jean Pierre BAWELA\",\"@id\":\"https:\\\/\\\/macite.tg\\\/#\\\/schema\\\/person\\\/e9f2de7e5dbbe7770a9402c7ce82f5c2\"},\"headline\":\"9e CONGRES PANAFRICAIN : Agenda des travaux de ce mercredi 10 d\u00e9cembre\",\"datePublished\":\"2025-12-10T10:30:20+00:00\",\"dateModified\":\"2025-12-10T10:30:36+00:00\",\"mainEntityOfPage\":{\"@id\":\"https:\\\/\\\/macite.tg\\\/?p=26736\"},\"wordCount\":280,\"commentCount\":0,\"image\":{\"@id\":\"https:\\\/\\\/macite.tg\\\/?p=26736#primaryimage\"},\"thumbnailUrl\":\"https:\\\/\\\/macite.tg\\\/wp-content\\\/uploads\\\/2025\\\/12\\\/9e-congres.jpg_J3.jpg\",\"articleSection\":[\"ACTUALITE\",\"DIPLOMATIE\"],\"inLanguage\":\"fr-FR\",\"potentialAction\":[{\"@type\":\"CommentAction\",\"name\":\"Comment\",\"target\":[\"https:\\\/\\\/macite.tg\\\/?p=26736#respond\"]}]},{\"@type\":\"WebPage\",\"@id\":\"https:\\\/\\\/macite.tg\\\/?p=26736\",\"url\":\"https:\\\/\\\/macite.tg\\\/?p=26736\",\"name\":\"9e CONGRES PANAFRICAIN : Agenda des travaux de ce mercredi 10 d\u00e9cembre -\",\"isPartOf\":{\"@id\":\"https:\\\/\\\/macite.tg\\\/#website\"},\"primaryImageOfPage\":{\"@id\":\"https:\\\/\\\/macite.tg\\\/?p=26736#primaryimage\"},\"image\":{\"@id\":\"https:\\\/\\\/macite.tg\\\/?p=26736#primaryimage\"},\"thumbnailUrl\":\"https:\\\/\\\/macite.tg\\\/wp-content\\\/uploads\\\/2025\\\/12\\\/9e-congres.jpg_J3.jpg\",\"datePublished\":\"2025-12-10T10:30:20+00:00\",\"dateModified\":\"2025-12-10T10:30:36+00:00\",\"author\":{\"@id\":\"https:\\\/\\\/macite.tg\\\/#\\\/schema\\\/person\\\/e9f2de7e5dbbe7770a9402c7ce82f5c2\"},\"breadcrumb\":{\"@id\":\"https:\\\/\\\/macite.tg\\\/?p=26736#breadcrumb\"},\"inLanguage\":\"fr-FR\",\"potentialAction\":[{\"@type\":\"ReadAction\",\"target\":[\"https:\\\/\\\/macite.tg\\\/?p=26736\"]}]},{\"@type\":\"ImageObject\",\"inLanguage\":\"fr-FR\",\"@id\":\"https:\\\/\\\/macite.tg\\\/?p=26736#primaryimage\",\"url\":\"https:\\\/\\\/macite.tg\\\/wp-content\\\/uploads\\\/2025\\\/12\\\/9e-congres.jpg_J3.jpg\",\"contentUrl\":\"https:\\\/\\\/macite.tg\\\/wp-content\\\/uploads\\\/2025\\\/12\\\/9e-congres.jpg_J3.jpg\",\"width\":500,\"height\":334},{\"@type\":\"BreadcrumbList\",\"@id\":\"https:\\\/\\\/macite.tg\\\/?p=26736#breadcrumb\",\"itemListElement\":[{\"@type\":\"ListItem\",\"position\":1,\"name\":\"Accueil\",\"item\":\"https:\\\/\\\/macite.tg\\\/\"},{\"@type\":\"ListItem\",\"position\":2,\"name\":\"9e CONGRES PANAFRICAIN : Agenda des travaux de ce mercredi 10 d\u00e9cembre\"}]},{\"@type\":\"WebSite\",\"@id\":\"https:\\\/\\\/macite.tg\\\/#website\",\"url\":\"https:\\\/\\\/macite.tg\\\/\",\"name\":\"\",\"description\":\"L&#039;information, la bonne!!!\",\"potentialAction\":[{\"@type\":\"SearchAction\",\"target\":{\"@type\":\"EntryPoint\",\"urlTemplate\":\"https:\\\/\\\/macite.tg\\\/?s={search_term_string}\"},\"query-input\":{\"@type\":\"PropertyValueSpecification\",\"valueRequired\":true,\"valueName\":\"search_term_string\"}}],\"inLanguage\":\"fr-FR\"},{\"@type\":\"Person\",\"@id\":\"https:\\\/\\\/macite.tg\\\/#\\\/schema\\\/person\\\/e9f2de7e5dbbe7770a9402c7ce82f5c2\",\"name\":\"Jean Pierre BAWELA\",\"image\":{\"@type\":\"ImageObject\",\"inLanguage\":\"fr-FR\",\"@id\":\"https:\\\/\\\/macite.tg\\\/wp-content\\\/uploads\\\/2023\\\/09\\\/WhatsApp-Image-2023-09-19-at-14.44.41-122x122.jpeg\",\"url\":\"https:\\\/\\\/macite.tg\\\/wp-content\\\/uploads\\\/2023\\\/09\\\/WhatsApp-Image-2023-09-19-at-14.44.41-122x122.jpeg\",\"contentUrl\":\"https:\\\/\\\/macite.tg\\\/wp-content\\\/uploads\\\/2023\\\/09\\\/WhatsApp-Image-2023-09-19-at-14.44.41-122x122.jpeg\",\"caption\":\"Jean Pierre BAWELA\"},\"url\":\"https:\\\/\\\/macite.tg\\\/?author=2\"}]}<\/script>\n<!-- \/ Yoast SEO plugin. -->","yoast_head_json":{"title":"9e CONGRES PANAFRICAIN : Agenda des travaux de ce mercredi 10 d\u00e9cembre -","robots":{"index":"index","follow":"follow","max-snippet":"max-snippet:-1","max-image-preview":"max-image-preview:large","max-video-preview":"max-video-preview:-1"},"canonical":"https:\/\/macite.tg\/?p=26736","og_locale":"fr_FR","og_type":"article","og_title":"9e CONGRES PANAFRICAIN : Agenda des travaux de ce mercredi 10 d\u00e9cembre -","og_description":"Pour ce troisi\u00e8me jour des travaux de ce 9\u00e8me Congr\u00e8s panafricain sur le th\u00e8me central&nbsp;: \u00ab Renouveau du panafricanisme et r\u00f4le de l\u2019Afrique dans la r\u00e9forme des institutions multilat\u00e9rales : mobiliser les ressources et se r\u00e9inventer pour agir \u00bb, on note u all\u00e8gement du calendrier [&hellip;]","og_url":"https:\/\/macite.tg\/?p=26736","article_published_time":"2025-12-10T10:30:20+00:00","article_modified_time":"2025-12-10T10:30:36+00:00","og_image":[{"width":500,"height":334,"url":"https:\/\/macite.tg\/wp-content\/uploads\/2025\/12\/9e-congres.jpg_J3.jpg","type":"image\/jpeg"}],"author":"Jean Pierre BAWELA","twitter_card":"summary_large_image","twitter_misc":{"\u00c9crit par":"Jean Pierre BAWELA","Dur\u00e9e de lecture estim\u00e9e":"2 minutes"},"schema":{"@context":"https:\/\/schema.org","@graph":[{"@type":"Article","@id":"https:\/\/macite.tg\/?p=26736#article","isPartOf":{"@id":"https:\/\/macite.tg\/?p=26736"},"author":{"name":"Jean Pierre BAWELA","@id":"https:\/\/macite.tg\/#\/schema\/person\/e9f2de7e5dbbe7770a9402c7ce82f5c2"},"headline":"9e CONGRES PANAFRICAIN : Agenda des travaux de ce mercredi 10 d\u00e9cembre","datePublished":"2025-12-10T10:30:20+00:00","dateModified":"2025-12-10T10:30:36+00:00","mainEntityOfPage":{"@id":"https:\/\/macite.tg\/?p=26736"},"wordCount":280,"commentCount":0,"image":{"@id":"https:\/\/macite.tg\/?p=26736#primaryimage"},"thumbnailUrl":"https:\/\/macite.tg\/wp-content\/uploads\/2025\/12\/9e-congres.jpg_J3.jpg","articleSection":["ACTUALITE","DIPLOMATIE"],"inLanguage":"fr-FR","potentialAction":[{"@type":"CommentAction","name":"Comment","target":["https:\/\/macite.tg\/?p=26736#respond"]}]},{"@type":"WebPage","@id":"https:\/\/macite.tg\/?p=26736","url":"https:\/\/macite.tg\/?p=26736","name":"9e CONGRES PANAFRICAIN : Agenda des travaux de ce mercredi 10 d\u00e9cembre -","isPartOf":{"@id":"https:\/\/macite.tg\/#website"},"primaryImageOfPage":{"@id":"https:\/\/macite.tg\/?p=26736#primaryimage"},"image":{"@id":"https:\/\/macite.tg\/?p=26736#primaryimage"},"thumbnailUrl":"https:\/\/macite.tg\/wp-content\/uploads\/2025\/12\/9e-congres.jpg_J3.jpg","datePublished":"2025-12-10T10:30:20+00:00","dateModified":"2025-12-10T10:30:36+00:00","author":{"@id":"https:\/\/macite.tg\/#\/schema\/person\/e9f2de7e5dbbe7770a9402c7ce82f5c2"},"breadcrumb":{"@id":"https:\/\/macite.tg\/?p=26736#breadcrumb"},"inLanguage":"fr-FR","potentialAction":[{"@type":"ReadAction","target":["https:\/\/macite.tg\/?p=26736"]}]},{"@type":"ImageObject","inLanguage":"fr-FR","@id":"https:\/\/macite.tg\/?p=26736#primaryimage","url":"https:\/\/macite.tg\/wp-content\/uploads\/2025\/12\/9e-congres.jpg_J3.jpg","contentUrl":"https:\/\/macite.tg\/wp-content\/uploads\/2025\/12\/9e-congres.jpg_J3.jpg","width":500,"height":334},{"@type":"BreadcrumbList","@id":"https:\/\/macite.tg\/?p=26736#breadcrumb","itemListElement":[{"@type":"ListItem","position":1,"name":"Accueil","item":"https:\/\/macite.tg\/"},{"@type":"ListItem","position":2,"name":"9e CONGRES PANAFRICAIN : Agenda des travaux de ce mercredi 10 d\u00e9cembre"}]},{"@type":"WebSite","@id":"https:\/\/macite.tg\/#website","url":"https:\/\/macite.tg\/","name":"","description":"L&#039;information, la bonne!!!","potentialAction":[{"@type":"SearchAction","target":{"@type":"EntryPoint","urlTemplate":"https:\/\/macite.tg\/?s={search_term_string}"},"query-input":{"@type":"PropertyValueSpecification","valueRequired":true,"valueName":"search_term_string"}}],"inLanguage":"fr-FR"},{"@type":"Person","@id":"https:\/\/macite.tg\/#\/schema\/person\/e9f2de7e5dbbe7770a9402c7ce82f5c2","name":"Jean Pierre BAWELA","image":{"@type":"ImageObject","inLanguage":"fr-FR","@id":"https:\/\/macite.tg\/wp-content\/uploads\/2023\/09\/WhatsApp-Image-2023-09-19-at-14.44.41-122x122.jpeg","url":"https:\/\/macite.tg\/wp-content\/uploads\/2023\/09\/WhatsApp-Image-2023-09-19-at-14.44.41-122x122.jpeg","contentUrl":"https:\/\/macite.tg\/wp-content\/uploads\/2023\/09\/WhatsApp-Image-2023-09-19-at-14.44.41-122x122.jpeg","caption":"Jean Pierre BAWELA"},"url":"https:\/\/macite.tg\/?author=2"}]}},"_links":{"self":[{"href":"https:\/\/macite.tg\/index.php?rest_route=\/wp\/v2\/posts\/26736","targetHints":{"allow":["GET"]}}],"collection":[{"href":"https:\/\/macite.tg\/index.php?rest_route=\/wp\/v2\/posts"}],"about":[{"href":"https:\/\/macite.tg\/index.php?rest_route=\/wp\/v2\/types\/post"}],"author":[{"embeddable":true,"href":"https:\/\/macite.tg\/index.php?rest_route=\/wp\/v2\/users\/2"}],"replies":[{"embeddable":true,"href":"https:\/\/macite.tg\/index.php?rest_route=%2Fwp%2Fv2%2Fcomments&post=26736"}],"version-history":[{"count":0,"href":"https:\/\/macite.tg\/index.php?rest_route=\/wp\/v2\/posts\/26736\/revisions"}],"wp:featuredmedia":[{"embeddable":true,"href":"https:\/\/macite.tg\/index.php?rest_route=\/wp\/v2\/media\/26737"}],"wp:attachment":[{"href":"https:\/\/macite.tg\/index.php?rest_route=%2Fwp%2Fv2%2Fmedia&parent=26736"}],"wp:term":[{"taxonomy":"category","embeddable":true,"href":"https:\/\/macite.tg\/index.php?rest_route=%2Fwp%2Fv2%2Fcategories&post=26736"},{"taxonomy":"post_tag","embeddable":true,"href":"https:\/\/macite.tg\/index.php?rest_route=%2Fwp%2Fv2%2Ftags&post=26736"}],"curies":[{"name":"wp","href":"https:\/\/api.w.org\/{rel}","templated":true}]}}