{"id":26726,"date":"2025-12-09T21:54:05","date_gmt":"2025-12-09T21:54:05","guid":{"rendered":"https:\/\/macite.tg\/?p=26726"},"modified":"2025-12-09T22:07:12","modified_gmt":"2025-12-09T22:07:12","slug":"lutte-contre-la-corruption-la-haplucia-veut-former-lintegrite-de-demain","status":"publish","type":"post","link":"https:\/\/macite.tg\/?p=26726","title":{"rendered":"LUTTE CONTRE LA CORRUPTION\u00a0: La HAPLUCIA veut former \u2018\u2019l\u2019int\u00e9grit\u00e9 de demain\u2019\u2019"},"content":{"rendered":"\n<p class=\"wp-block-paragraph\"><strong><em>Ce 09 d\u00e9cembre, le monde entier c\u00e9l\u00e8bre la Journ\u00e9e internationale de lutte contre la corruption, ce mal qui gangr\u00e8ne nos soci\u00e9t\u00e9s. Pour marquer cet \u00e9v\u00e9nement, la Haute autorit\u00e9 de pr\u00e9vention et de lutte contre la corruption et les infractions assimil\u00e9es (HAPLUCIA) a organis\u00e9 une conf\u00e9rence-d\u00e9bat autour du th\u00e8me central \u00ab\u00a0S\u2019unir avec la jeunesse contre la corruption\u00a0: former l\u2019int\u00e9grit\u00e9 de demain\u00a0\u00bb.<\/em><\/strong><\/p>\n\n\n\n<p class=\"wp-block-paragraph\">Pour l\u2019\u00e9dition 2025, la 22<sup>\u00e8me<\/sup> de cette comm\u00e9moration, la HAPLUCIA n\u2019a pas voulu \u00eatre en marge de cette c\u00e9l\u00e9bration d\u2019autant plus que cette initiative traduit l\u2019engagement de l\u2019institution \u00e0 \u00e9radiquer ce ph\u00e9nom\u00e8ne depuis sa racine, ceci en impliquant davantage la jeunesse, pionni\u00e8re de nos soci\u00e9t\u00e9s de demain. Cette journ\u00e9e <em>\u00ab\u00a0vise \u00e0 attirer l\u2019attention de la communaut\u00e9 internationale sur l\u2019ampleur de la corruption et \u00e0 encourager une mobilisation collective pour y faire face\u00a0\u00bb<\/em>, a indiqu\u00e9 le pr\u00e9sident de HAPLUCIA, Aba Kim\u00e9labalo.<\/p>\n\n\n<div class=\"wp-block-image\">\n<figure class=\"aligncenter size-full is-resized\"><img loading=\"lazy\" decoding=\"async\" width=\"500\" height=\"375\" src=\"https:\/\/macite.tg\/wp-content\/uploads\/2025\/12\/6c5f395e-7a45-412b-9c4a-4bae93b1ffba.jpg\" alt=\"\" class=\"wp-image-26727\" style=\"width:600px;height:auto\" srcset=\"https:\/\/macite.tg\/wp-content\/uploads\/2025\/12\/6c5f395e-7a45-412b-9c4a-4bae93b1ffba.jpg 500w, https:\/\/macite.tg\/wp-content\/uploads\/2025\/12\/6c5f395e-7a45-412b-9c4a-4bae93b1ffba-300x225.jpg 300w\" sizes=\"auto, (max-width: 500px) 100vw, 500px\" \/><figcaption class=\"wp-element-caption\"><em><strong>Photo de famille <\/strong><\/em><\/figcaption><\/figure>\n<\/div>\n\n\n<p class=\"wp-block-paragraph\">Ainsi, en c\u00e9l\u00e9brant cette journ\u00e9e, il s\u2019agit, selon lui, de <em>\u00ab\u00a0stimuler un engagement durable et multisectoriel afin de pr\u00e9venir, d\u00e9tecter et combattre efficacement la corruption sous toutes ses formes\u00a0\u00bb<\/em>. Ceci tout en faisant la part belle \u00e0 <em>\u00ab\u00a0l\u2019int\u00e9grit\u00e9, la transparence, la redevabilit\u00e9, la responsabilit\u00e9 publique et la participation citoyenne, en vue de promouvoir la bonne gouvernance, \u00a0consolider l\u2019\u00e9tat de droit, d\u2019acc\u00e9l\u00e9rer le d\u00e9veloppement durable et de renforcer la confiance des populations dans les institutions qui les dirigent\u00a0\u00bb.<\/em><\/p>\n\n\n\n<p class=\"wp-block-paragraph\">S\u2019appuyant sur un jugement du c\u00e9l\u00e8bre \u00e9crivain Amadou Hamp\u00e2t\u00e9 B\u00e2 : <strong><em>\u00ab La jeunesse est le temps de semer \u00bb,<\/em> <\/strong>le pr\u00e9sident de HAPLUCIA invite <em>\u00ab\u00a0\u00e0<\/em><strong><em> <\/em><\/strong><em>semer, aujourd\u2019hui plus que jamais, les graines de l\u2019int\u00e9grit\u00e9, afin de b\u00e2tir un Togo prosp\u00e8re, stable et \u00e9thique que nous appelons tous de nos v\u0153ux\u00a0\u00bb.<\/em><\/p>\n\n\n\n<p class=\"wp-block-paragraph\"><em>\u00ab\u00a0(\u2026) L\u2019avenir d\u2019une nation se construit avec les valeurs que l\u2019on inculque \u00e0 sa jeunesse \u00bb,<\/em> a-t-il martel\u00e9, avant de rappeler que <em>\u00ab\u00a0ces derni\u00e8res ann\u00e9es, notre pays a engag\u00e9 d\u2019importantes r\u00e9formes pour favoriser l\u2019\u00e9mancipation, l\u2019autonomisation et l\u2019\u00e9panouissement de la jeunesse. Parmi ces r\u00e9formes on note la modernisation du syst\u00e8me \u00e9ducatif, le renforcement de la formation professionnelle, les initiatives massives pour l\u2019entrepreneuriat des jeunes, les programmes d\u2019inclusion \u00e9conomique et les soutiens aux innovations technologiques<\/em>\u00a0\u00bb.<\/p>\n\n\n\n<p class=\"wp-block-paragraph\">Dans cette dynamique, a-t-il soulign\u00e9, <em>\u00ab&nbsp;de nombreux dispositifs publics, t\u00e9moignent de cette volont\u00e9 de construire une g\u00e9n\u00e9ration capable de relever les d\u00e9fis du d\u00e9veloppement national. \u00c0 cet \u00e9gard, il convient de saluer l\u2019engagement personnel du Pr\u00e9sident du Conseil, Son Excellence Monsieur Faure Gnassingb\u00e9, dont la vision, audacieuse et r\u00e9solument tourn\u00e9e vers l\u2019avenir, place la jeunesse au c\u0153ur de l\u2019action publique \u00bb.<\/em> &nbsp;<\/p>\n\n\n<div class=\"wp-block-image\">\n<figure class=\"aligncenter size-large\"><img loading=\"lazy\" decoding=\"async\" width=\"723\" height=\"1024\" src=\"https:\/\/macite.tg\/wp-content\/uploads\/2025\/12\/1a88bc4e-bab8-4cbf-bc7e-8b8cf32bb810-723x1024.jpg\" alt=\"\" class=\"wp-image-26728\" srcset=\"https:\/\/macite.tg\/wp-content\/uploads\/2025\/12\/1a88bc4e-bab8-4cbf-bc7e-8b8cf32bb810-723x1024.jpg 723w, https:\/\/macite.tg\/wp-content\/uploads\/2025\/12\/1a88bc4e-bab8-4cbf-bc7e-8b8cf32bb810-212x300.jpg 212w, https:\/\/macite.tg\/wp-content\/uploads\/2025\/12\/1a88bc4e-bab8-4cbf-bc7e-8b8cf32bb810.jpg 763w\" sizes=\"auto, (max-width: 723px) 100vw, 723px\" \/><\/figure>\n<\/div>\n\n\n<p class=\"wp-block-paragraph\">Outre cette d\u00e9claration phare du pr\u00e9sident de la HAPLUCIA, cette conf\u00e9rence-d\u00e9bat a \u00e9t\u00e9 marqu\u00e9e par trois communications \u00e0 savoir&nbsp;: <em>\u00ab&nbsp;S\u2019unir avec la jeunesse contre la corruption, former l\u2019int\u00e9grit\u00e9 de demain&nbsp;\u00bb,<\/em> d\u00e9velopp\u00e9e par Dr Talaki Atiyouw\u00e8, Directeur de la pr\u00e9vention&nbsp;; <em>\u00ab&nbsp;M\u00e9canisme d\u2019examen de l\u2019application de la Convention des Nations Unies contre la corruption&nbsp;\u00bb,<\/em> explor\u00e9e par l\u2019expert Fiawonou Yaovi, Avocat g\u00e9n\u00e9ral pr\u00e8s de la Cour supr\u00eame&nbsp;; et <em>\u00ab&nbsp;Contribution de la soci\u00e9t\u00e9 civile dans la mise en \u0153uvre de la CNUCC&nbsp;\u00bb,<\/em> d\u00e9velopp\u00e9e par Dr Ebeh Kodjo Fabrice PhD, pr\u00e9sident du conseil d\u2019administration de ANCE-TI-Togo.<\/p>\n\n\n\n<p class=\"wp-block-paragraph\"><strong>JPB<\/strong><\/p>\n\n\n\n<p class=\"wp-block-paragraph\"><a><strong><em>@macite.tg&nbsp;&nbsp;&nbsp;&nbsp;&nbsp;&nbsp;&nbsp;&nbsp;<\/em><\/strong><\/a><\/p>\n\n\n\n<p class=\"wp-block-paragraph\"><strong><em>E-mail&nbsp;: <\/em><\/strong><a href=\"mailto:maciteinfo@gmail.com\"><strong><em>maciteinfo@gmail.com<\/em><\/strong><\/a><strong><em>; <\/em><\/strong><a href=\"mailto:bawela1@gmail.com\"><strong><em>bawela1@gmail.com<\/em><\/strong><\/a><strong><em><\/em><\/strong><\/p>\n\n\n\n<p class=\"wp-block-paragraph\"><strong><em>Pour vos annonces, (publi)reportages, etc., joignez-nous au (00228)91515309\/<strong>79872224 <\/strong><strong><\/strong><\/em><\/strong><\/p>\n\n\n\n<p class=\"wp-block-paragraph\"><strong><em>www.macite.tg, L\u2019information, la bonne&nbsp;!<\/em><\/strong><\/p>\n\n\n\n<p class=\"wp-block-paragraph\"><\/p>\n","protected":false},"excerpt":{"rendered":"<p class=\"text-justify mb-2\" >Ce 09 d\u00e9cembre, le monde entier c\u00e9l\u00e8bre la Journ\u00e9e internationale de lutte contre la corruption, ce mal qui gangr\u00e8ne nos soci\u00e9t\u00e9s. Pour marquer cet \u00e9v\u00e9nement, la Haute autorit\u00e9 de pr\u00e9vention et de lutte contre la corruption et les infractions assimil\u00e9es (HAPLUCIA) a organis\u00e9 une conf\u00e9rence-d\u00e9bat [&hellip;]<\/p>\n","protected":false},"author":2,"featured_media":26729,"comment_status":"open","ping_status":"open","sticky":false,"template":"","format":"standard","meta":{"footnotes":""},"categories":[20],"tags":[],"class_list":["post-26726","post","type-post","status-publish","format-standard","has-post-thumbnail","hentry","category-actualite"],"yoast_head":"<!-- This site is optimized with the Yoast SEO plugin v28.4 - https:\/\/yoast.com\/product\/yoast-seo-wordpress\/ -->\n<title>LUTTE CONTRE LA CORRUPTION\u00a0: La HAPLUCIA veut former \u2018\u2019l\u2019int\u00e9grit\u00e9 de demain\u2019\u2019 -<\/title>\n<meta name=\"robots\" content=\"index, follow, max-snippet:-1, max-image-preview:large, max-video-preview:-1\" \/>\n<link rel=\"canonical\" href=\"https:\/\/macite.tg\/?p=26726\" \/>\n<meta property=\"og:locale\" content=\"fr_FR\" \/>\n<meta property=\"og:type\" content=\"article\" \/>\n<meta property=\"og:title\" content=\"LUTTE CONTRE LA CORRUPTION\u00a0: La HAPLUCIA veut former \u2018\u2019l\u2019int\u00e9grit\u00e9 de demain\u2019\u2019 -\" \/>\n<meta property=\"og:description\" content=\"Ce 09 d\u00e9cembre, le monde entier c\u00e9l\u00e8bre la Journ\u00e9e internationale de lutte contre la corruption, ce mal qui gangr\u00e8ne nos soci\u00e9t\u00e9s. Pour marquer cet \u00e9v\u00e9nement, la Haute autorit\u00e9 de pr\u00e9vention et de lutte contre la corruption et les infractions assimil\u00e9es (HAPLUCIA) a organis\u00e9 une conf\u00e9rence-d\u00e9bat [&hellip;]\" \/>\n<meta property=\"og:url\" content=\"https:\/\/macite.tg\/?p=26726\" \/>\n<meta property=\"article:published_time\" content=\"2025-12-09T21:54:05+00:00\" \/>\n<meta property=\"article:modified_time\" content=\"2025-12-09T22:07:12+00:00\" \/>\n<meta property=\"og:image\" content=\"https:\/\/macite.tg\/wp-content\/uploads\/2025\/12\/HAPLUCIA-conference-debat.jpg\" \/>\n\t<meta property=\"og:image:width\" content=\"500\" \/>\n\t<meta property=\"og:image:height\" content=\"185\" \/>\n\t<meta property=\"og:image:type\" content=\"image\/jpeg\" \/>\n<meta name=\"author\" content=\"Jean Pierre BAWELA\" \/>\n<meta name=\"twitter:card\" content=\"summary_large_image\" \/>\n<meta name=\"twitter:label1\" content=\"\u00c9crit par\" \/>\n\t<meta name=\"twitter:data1\" content=\"Jean Pierre BAWELA\" \/>\n\t<meta name=\"twitter:label2\" content=\"Dur\u00e9e de lecture estim\u00e9e\" \/>\n\t<meta name=\"twitter:data2\" content=\"4 minutes\" \/>\n<script type=\"application\/ld+json\" class=\"yoast-schema-graph\">{\"@context\":\"https:\\\/\\\/schema.org\",\"@graph\":[{\"@type\":\"Article\",\"@id\":\"https:\\\/\\\/macite.tg\\\/?p=26726#article\",\"isPartOf\":{\"@id\":\"https:\\\/\\\/macite.tg\\\/?p=26726\"},\"author\":{\"name\":\"Jean Pierre BAWELA\",\"@id\":\"https:\\\/\\\/macite.tg\\\/#\\\/schema\\\/person\\\/e9f2de7e5dbbe7770a9402c7ce82f5c2\"},\"headline\":\"LUTTE CONTRE LA CORRUPTION\u00a0: La HAPLUCIA veut former \u2018\u2019l\u2019int\u00e9grit\u00e9 de demain\u2019\u2019\",\"datePublished\":\"2025-12-09T21:54:05+00:00\",\"dateModified\":\"2025-12-09T22:07:12+00:00\",\"mainEntityOfPage\":{\"@id\":\"https:\\\/\\\/macite.tg\\\/?p=26726\"},\"wordCount\":648,\"commentCount\":0,\"image\":{\"@id\":\"https:\\\/\\\/macite.tg\\\/?p=26726#primaryimage\"},\"thumbnailUrl\":\"https:\\\/\\\/macite.tg\\\/wp-content\\\/uploads\\\/2025\\\/12\\\/HAPLUCIA-conference-debat.jpg\",\"articleSection\":[\"ACTUALITE\"],\"inLanguage\":\"fr-FR\",\"potentialAction\":[{\"@type\":\"CommentAction\",\"name\":\"Comment\",\"target\":[\"https:\\\/\\\/macite.tg\\\/?p=26726#respond\"]}]},{\"@type\":\"WebPage\",\"@id\":\"https:\\\/\\\/macite.tg\\\/?p=26726\",\"url\":\"https:\\\/\\\/macite.tg\\\/?p=26726\",\"name\":\"LUTTE CONTRE LA CORRUPTION\u00a0: La HAPLUCIA veut former \u2018\u2019l\u2019int\u00e9grit\u00e9 de demain\u2019\u2019 -\",\"isPartOf\":{\"@id\":\"https:\\\/\\\/macite.tg\\\/#website\"},\"primaryImageOfPage\":{\"@id\":\"https:\\\/\\\/macite.tg\\\/?p=26726#primaryimage\"},\"image\":{\"@id\":\"https:\\\/\\\/macite.tg\\\/?p=26726#primaryimage\"},\"thumbnailUrl\":\"https:\\\/\\\/macite.tg\\\/wp-content\\\/uploads\\\/2025\\\/12\\\/HAPLUCIA-conference-debat.jpg\",\"datePublished\":\"2025-12-09T21:54:05+00:00\",\"dateModified\":\"2025-12-09T22:07:12+00:00\",\"author\":{\"@id\":\"https:\\\/\\\/macite.tg\\\/#\\\/schema\\\/person\\\/e9f2de7e5dbbe7770a9402c7ce82f5c2\"},\"breadcrumb\":{\"@id\":\"https:\\\/\\\/macite.tg\\\/?p=26726#breadcrumb\"},\"inLanguage\":\"fr-FR\",\"potentialAction\":[{\"@type\":\"ReadAction\",\"target\":[\"https:\\\/\\\/macite.tg\\\/?p=26726\"]}]},{\"@type\":\"ImageObject\",\"inLanguage\":\"fr-FR\",\"@id\":\"https:\\\/\\\/macite.tg\\\/?p=26726#primaryimage\",\"url\":\"https:\\\/\\\/macite.tg\\\/wp-content\\\/uploads\\\/2025\\\/12\\\/HAPLUCIA-conference-debat.jpg\",\"contentUrl\":\"https:\\\/\\\/macite.tg\\\/wp-content\\\/uploads\\\/2025\\\/12\\\/HAPLUCIA-conference-debat.jpg\",\"width\":500,\"height\":185},{\"@type\":\"BreadcrumbList\",\"@id\":\"https:\\\/\\\/macite.tg\\\/?p=26726#breadcrumb\",\"itemListElement\":[{\"@type\":\"ListItem\",\"position\":1,\"name\":\"Accueil\",\"item\":\"https:\\\/\\\/macite.tg\\\/\"},{\"@type\":\"ListItem\",\"position\":2,\"name\":\"LUTTE CONTRE LA CORRUPTION\u00a0: La HAPLUCIA veut former \u2018\u2019l\u2019int\u00e9grit\u00e9 de demain\u2019\u2019\"}]},{\"@type\":\"WebSite\",\"@id\":\"https:\\\/\\\/macite.tg\\\/#website\",\"url\":\"https:\\\/\\\/macite.tg\\\/\",\"name\":\"\",\"description\":\"L&#039;information, la bonne!!!\",\"potentialAction\":[{\"@type\":\"SearchAction\",\"target\":{\"@type\":\"EntryPoint\",\"urlTemplate\":\"https:\\\/\\\/macite.tg\\\/?s={search_term_string}\"},\"query-input\":{\"@type\":\"PropertyValueSpecification\",\"valueRequired\":true,\"valueName\":\"search_term_string\"}}],\"inLanguage\":\"fr-FR\"},{\"@type\":\"Person\",\"@id\":\"https:\\\/\\\/macite.tg\\\/#\\\/schema\\\/person\\\/e9f2de7e5dbbe7770a9402c7ce82f5c2\",\"name\":\"Jean Pierre BAWELA\",\"image\":{\"@type\":\"ImageObject\",\"inLanguage\":\"fr-FR\",\"@id\":\"https:\\\/\\\/macite.tg\\\/wp-content\\\/uploads\\\/2023\\\/09\\\/WhatsApp-Image-2023-09-19-at-14.44.41-122x122.jpeg\",\"url\":\"https:\\\/\\\/macite.tg\\\/wp-content\\\/uploads\\\/2023\\\/09\\\/WhatsApp-Image-2023-09-19-at-14.44.41-122x122.jpeg\",\"contentUrl\":\"https:\\\/\\\/macite.tg\\\/wp-content\\\/uploads\\\/2023\\\/09\\\/WhatsApp-Image-2023-09-19-at-14.44.41-122x122.jpeg\",\"caption\":\"Jean Pierre BAWELA\"},\"url\":\"https:\\\/\\\/macite.tg\\\/?author=2\"}]}<\/script>\n<!-- \/ Yoast SEO plugin. -->","yoast_head_json":{"title":"LUTTE CONTRE LA CORRUPTION\u00a0: La HAPLUCIA veut former \u2018\u2019l\u2019int\u00e9grit\u00e9 de demain\u2019\u2019 -","robots":{"index":"index","follow":"follow","max-snippet":"max-snippet:-1","max-image-preview":"max-image-preview:large","max-video-preview":"max-video-preview:-1"},"canonical":"https:\/\/macite.tg\/?p=26726","og_locale":"fr_FR","og_type":"article","og_title":"LUTTE CONTRE LA CORRUPTION\u00a0: La HAPLUCIA veut former \u2018\u2019l\u2019int\u00e9grit\u00e9 de demain\u2019\u2019 -","og_description":"Ce 09 d\u00e9cembre, le monde entier c\u00e9l\u00e8bre la Journ\u00e9e internationale de lutte contre la corruption, ce mal qui gangr\u00e8ne nos soci\u00e9t\u00e9s. Pour marquer cet \u00e9v\u00e9nement, la Haute autorit\u00e9 de pr\u00e9vention et de lutte contre la corruption et les infractions assimil\u00e9es (HAPLUCIA) a organis\u00e9 une conf\u00e9rence-d\u00e9bat [&hellip;]","og_url":"https:\/\/macite.tg\/?p=26726","article_published_time":"2025-12-09T21:54:05+00:00","article_modified_time":"2025-12-09T22:07:12+00:00","og_image":[{"width":500,"height":185,"url":"https:\/\/macite.tg\/wp-content\/uploads\/2025\/12\/HAPLUCIA-conference-debat.jpg","type":"image\/jpeg"}],"author":"Jean Pierre BAWELA","twitter_card":"summary_large_image","twitter_misc":{"\u00c9crit par":"Jean Pierre BAWELA","Dur\u00e9e de lecture estim\u00e9e":"4 minutes"},"schema":{"@context":"https:\/\/schema.org","@graph":[{"@type":"Article","@id":"https:\/\/macite.tg\/?p=26726#article","isPartOf":{"@id":"https:\/\/macite.tg\/?p=26726"},"author":{"name":"Jean Pierre BAWELA","@id":"https:\/\/macite.tg\/#\/schema\/person\/e9f2de7e5dbbe7770a9402c7ce82f5c2"},"headline":"LUTTE CONTRE LA CORRUPTION\u00a0: La HAPLUCIA veut former \u2018\u2019l\u2019int\u00e9grit\u00e9 de demain\u2019\u2019","datePublished":"2025-12-09T21:54:05+00:00","dateModified":"2025-12-09T22:07:12+00:00","mainEntityOfPage":{"@id":"https:\/\/macite.tg\/?p=26726"},"wordCount":648,"commentCount":0,"image":{"@id":"https:\/\/macite.tg\/?p=26726#primaryimage"},"thumbnailUrl":"https:\/\/macite.tg\/wp-content\/uploads\/2025\/12\/HAPLUCIA-conference-debat.jpg","articleSection":["ACTUALITE"],"inLanguage":"fr-FR","potentialAction":[{"@type":"CommentAction","name":"Comment","target":["https:\/\/macite.tg\/?p=26726#respond"]}]},{"@type":"WebPage","@id":"https:\/\/macite.tg\/?p=26726","url":"https:\/\/macite.tg\/?p=26726","name":"LUTTE CONTRE LA CORRUPTION\u00a0: La HAPLUCIA veut former \u2018\u2019l\u2019int\u00e9grit\u00e9 de demain\u2019\u2019 -","isPartOf":{"@id":"https:\/\/macite.tg\/#website"},"primaryImageOfPage":{"@id":"https:\/\/macite.tg\/?p=26726#primaryimage"},"image":{"@id":"https:\/\/macite.tg\/?p=26726#primaryimage"},"thumbnailUrl":"https:\/\/macite.tg\/wp-content\/uploads\/2025\/12\/HAPLUCIA-conference-debat.jpg","datePublished":"2025-12-09T21:54:05+00:00","dateModified":"2025-12-09T22:07:12+00:00","author":{"@id":"https:\/\/macite.tg\/#\/schema\/person\/e9f2de7e5dbbe7770a9402c7ce82f5c2"},"breadcrumb":{"@id":"https:\/\/macite.tg\/?p=26726#breadcrumb"},"inLanguage":"fr-FR","potentialAction":[{"@type":"ReadAction","target":["https:\/\/macite.tg\/?p=26726"]}]},{"@type":"ImageObject","inLanguage":"fr-FR","@id":"https:\/\/macite.tg\/?p=26726#primaryimage","url":"https:\/\/macite.tg\/wp-content\/uploads\/2025\/12\/HAPLUCIA-conference-debat.jpg","contentUrl":"https:\/\/macite.tg\/wp-content\/uploads\/2025\/12\/HAPLUCIA-conference-debat.jpg","width":500,"height":185},{"@type":"BreadcrumbList","@id":"https:\/\/macite.tg\/?p=26726#breadcrumb","itemListElement":[{"@type":"ListItem","position":1,"name":"Accueil","item":"https:\/\/macite.tg\/"},{"@type":"ListItem","position":2,"name":"LUTTE CONTRE LA CORRUPTION\u00a0: La HAPLUCIA veut former \u2018\u2019l\u2019int\u00e9grit\u00e9 de demain\u2019\u2019"}]},{"@type":"WebSite","@id":"https:\/\/macite.tg\/#website","url":"https:\/\/macite.tg\/","name":"","description":"L&#039;information, la bonne!!!","potentialAction":[{"@type":"SearchAction","target":{"@type":"EntryPoint","urlTemplate":"https:\/\/macite.tg\/?s={search_term_string}"},"query-input":{"@type":"PropertyValueSpecification","valueRequired":true,"valueName":"search_term_string"}}],"inLanguage":"fr-FR"},{"@type":"Person","@id":"https:\/\/macite.tg\/#\/schema\/person\/e9f2de7e5dbbe7770a9402c7ce82f5c2","name":"Jean Pierre BAWELA","image":{"@type":"ImageObject","inLanguage":"fr-FR","@id":"https:\/\/macite.tg\/wp-content\/uploads\/2023\/09\/WhatsApp-Image-2023-09-19-at-14.44.41-122x122.jpeg","url":"https:\/\/macite.tg\/wp-content\/uploads\/2023\/09\/WhatsApp-Image-2023-09-19-at-14.44.41-122x122.jpeg","contentUrl":"https:\/\/macite.tg\/wp-content\/uploads\/2023\/09\/WhatsApp-Image-2023-09-19-at-14.44.41-122x122.jpeg","caption":"Jean Pierre BAWELA"},"url":"https:\/\/macite.tg\/?author=2"}]}},"_links":{"self":[{"href":"https:\/\/macite.tg\/index.php?rest_route=\/wp\/v2\/posts\/26726","targetHints":{"allow":["GET"]}}],"collection":[{"href":"https:\/\/macite.tg\/index.php?rest_route=\/wp\/v2\/posts"}],"about":[{"href":"https:\/\/macite.tg\/index.php?rest_route=\/wp\/v2\/types\/post"}],"author":[{"embeddable":true,"href":"https:\/\/macite.tg\/index.php?rest_route=\/wp\/v2\/users\/2"}],"replies":[{"embeddable":true,"href":"https:\/\/macite.tg\/index.php?rest_route=%2Fwp%2Fv2%2Fcomments&post=26726"}],"version-history":[{"count":0,"href":"https:\/\/macite.tg\/index.php?rest_route=\/wp\/v2\/posts\/26726\/revisions"}],"wp:featuredmedia":[{"embeddable":true,"href":"https:\/\/macite.tg\/index.php?rest_route=\/wp\/v2\/media\/26729"}],"wp:attachment":[{"href":"https:\/\/macite.tg\/index.php?rest_route=%2Fwp%2Fv2%2Fmedia&parent=26726"}],"wp:term":[{"taxonomy":"category","embeddable":true,"href":"https:\/\/macite.tg\/index.php?rest_route=%2Fwp%2Fv2%2Fcategories&post=26726"},{"taxonomy":"post_tag","embeddable":true,"href":"https:\/\/macite.tg\/index.php?rest_route=%2Fwp%2Fv2%2Ftags&post=26726"}],"curies":[{"name":"wp","href":"https:\/\/api.w.org\/{rel}","templated":true}]}}