{"id":26720,"date":"2025-12-09T17:21:12","date_gmt":"2025-12-09T17:21:12","guid":{"rendered":"https:\/\/macite.tg\/?p=26720"},"modified":"2025-12-09T17:21:29","modified_gmt":"2025-12-09T17:21:29","slug":"can-maroc-2025-la-caf-devoile-assad-la-mascotte-officielle-de-la-grande-messe-du-football-africain","status":"publish","type":"post","link":"https:\/\/macite.tg\/?p=26720","title":{"rendered":"CAN MAROC 2025\u00a0: La CAF d\u00e9voile \u00ab Assad \u00bb, la mascotte officielle de la grande messe du football africain"},"content":{"rendered":"\n<p class=\"wp-block-paragraph\"><\/p>\n\n\n\n<p class=\"wp-block-paragraph\"><strong><em>La mascotte officielle de la\u00a0CAN Maroc 2025\u00a0a \u00e9t\u00e9 d\u00e9voil\u00e9e ce lundi par la\u00a0Conf\u00e9d\u00e9ration africaine de football (CAF). \u00ab\u00a0Assad\u00a0tire son nom du mot arabe signifiant \u201clion\u201d.<\/em><\/strong><\/p>\n\n\n\n<p class=\"wp-block-paragraph\"><em><em>\u00ab<\/em><\/em> <em>Il incarne la force, la fiert\u00e9 et l\u2019authenticit\u00e9 culturelle qui r\u00e9sonnent profond\u00e9ment aupr\u00e8s des passionn\u00e9s, aussi bien au Maroc qu\u2019\u00e0 travers toute l\u2019Afrique \u00bb<\/em>, pr\u00e9cise la CAF dans son communiqu\u00e9. Le\u00a0<strong>Lion de l\u2019Atlas<\/strong>, esp\u00e8ce embl\u00e9matique du Royaume et figure f\u00e9d\u00e9ratrice sur le continent, a naturellement inspir\u00e9 cette cr\u00e9ation destin\u00e9e \u00e0 devenir l\u2019ambassadeur populaire du tournoi.<\/p>\n\n\n\n<p class=\"wp-block-paragraph\">Dot\u00e9 d\u2019une personnalit\u00e9 \u00e9nergique et de traits expressifs,<strong>&nbsp;Assad&nbsp;<\/strong>refl\u00e8te la chaleur, la cr\u00e9ativit\u00e9 et la diversit\u00e9 qui caract\u00e9risent le&nbsp;<strong>football africain<\/strong>. Son design, aux couleurs harmonis\u00e9es avec l\u2019identit\u00e9 visuelle de la comp\u00e9tition, vise \u00e0 instaurer un lien \u00e9motionnel fort avec les publics de tous \u00e2ges, particuli\u00e8rement les enfants et les familles.<\/p>\n\n\n\n<p class=\"wp-block-paragraph\">La mascotte occupera une place centrale dans l\u2019animation des stades, des fan zones et des \u00e9v\u00e9nements communautaires organis\u00e9s pendant la&nbsp;<strong>CAN 2025<\/strong>. Elle sera \u00e9galement pr\u00e9sente dans les campagnes promotionnelles, num\u00e9riques et physiques, d\u00e9ploy\u00e9es \u00e0 l\u2019\u00e9chelle continentale.<\/p>\n\n\n<div class=\"wp-block-image\">\n<figure class=\"aligncenter size-large is-resized\"><img loading=\"lazy\" decoding=\"async\" width=\"1024\" height=\"1024\" src=\"https:\/\/macite.tg\/wp-content\/uploads\/2025\/12\/d4c3a8a5-b555-493c-b116-93e62f3746c8-1024x1024.jpg\" alt=\"\" class=\"wp-image-26560\" style=\"width:708px;height:auto\" srcset=\"https:\/\/macite.tg\/wp-content\/uploads\/2025\/12\/d4c3a8a5-b555-493c-b116-93e62f3746c8-1024x1024.jpg 1024w, https:\/\/macite.tg\/wp-content\/uploads\/2025\/12\/d4c3a8a5-b555-493c-b116-93e62f3746c8-300x300.jpg 300w, https:\/\/macite.tg\/wp-content\/uploads\/2025\/12\/d4c3a8a5-b555-493c-b116-93e62f3746c8-150x150.jpg 150w, https:\/\/macite.tg\/wp-content\/uploads\/2025\/12\/d4c3a8a5-b555-493c-b116-93e62f3746c8-768x768.jpg 768w, https:\/\/macite.tg\/wp-content\/uploads\/2025\/12\/d4c3a8a5-b555-493c-b116-93e62f3746c8-122x122.jpg 122w, https:\/\/macite.tg\/wp-content\/uploads\/2025\/12\/d4c3a8a5-b555-493c-b116-93e62f3746c8.jpg 1080w\" sizes=\"auto, (max-width: 1024px) 100vw, 1024px\" \/><\/figure>\n<\/div>\n\n\n<p class=\"wp-block-paragraph\">Avec Assad en t\u00eate d\u2019affiche, le&nbsp;<strong>Maroc&nbsp;<\/strong>s\u2019appr\u00eate \u00e0 accueillir, pour la deuxi\u00e8me fois de son histoire apr\u00e8s l\u2019\u00e9dition de 1988, la plus grande \u00e9ch\u00e9ance du football africain. Six villes (Casablanca, Rabat, Tanger, Agadir, Marrakech et F\u00e8s) vibreront, du 21 d\u00e9cembre 2025 au 18 janvier 2026, au rythme du ballon rond africain.<\/p>\n\n\n\n<p class=\"wp-block-paragraph\"><strong>SyndiGateMedia<\/strong><strong><\/strong><\/p>\n\n\n\n<p class=\"wp-block-paragraph\"><a><strong><em>@macite.tg&nbsp;&nbsp;&nbsp;&nbsp;&nbsp;&nbsp;&nbsp;&nbsp;<\/em><\/strong><\/a><\/p>\n\n\n\n<p class=\"wp-block-paragraph\"><strong><em>E-mail&nbsp;: <\/em><\/strong><a href=\"mailto:maciteinfo@gmail.com\"><strong><em>maciteinfo@gmail.com<\/em><\/strong><\/a><strong><em>; <\/em><\/strong><a href=\"mailto:bawela1@gmail.com\"><strong><em>bawela1@gmail.com<\/em><\/strong><\/a><strong><em><\/em><\/strong><\/p>\n\n\n\n<p class=\"wp-block-paragraph\"><strong><em>Pour vos annonces, (publi)reportages, etc., joignez-nous au (00228)91515309\/<strong>79872224 <\/strong><strong><\/strong><\/em><\/strong><\/p>\n\n\n\n<p class=\"wp-block-paragraph\"><strong><em>www.macite.tg, L\u2019information, la bonne&nbsp;!<\/em><\/strong><\/p>\n\n\n\n<p class=\"wp-block-paragraph\"><\/p>\n","protected":false},"excerpt":{"rendered":"<p class=\"text-justify mb-2\" >La mascotte officielle de la\u00a0CAN Maroc 2025\u00a0a \u00e9t\u00e9 d\u00e9voil\u00e9e ce lundi par la\u00a0Conf\u00e9d\u00e9ration africaine de football (CAF). \u00ab\u00a0Assad\u00a0tire son nom du mot arabe signifiant \u201clion\u201d. \u00ab Il incarne la force, la fiert\u00e9 et l\u2019authenticit\u00e9 culturelle qui r\u00e9sonnent profond\u00e9ment aupr\u00e8s des passionn\u00e9s, aussi bien au Maroc [&hellip;]<\/p>\n","protected":false},"author":2,"featured_media":26724,"comment_status":"open","ping_status":"open","sticky":false,"template":"","format":"standard","meta":{"footnotes":""},"categories":[20,63,7],"tags":[],"class_list":["post-26720","post","type-post","status-publish","format-standard","has-post-thumbnail","hentry","category-actualite","category-football","category-sports"],"yoast_head":"<!-- This site is optimized with the Yoast SEO plugin v28.4 - https:\/\/yoast.com\/product\/yoast-seo-wordpress\/ -->\n<title>CAN MAROC 2025\u00a0: La CAF d\u00e9voile \u00ab Assad \u00bb, la mascotte officielle de la grande messe du football africain -<\/title>\n<meta name=\"robots\" content=\"index, follow, max-snippet:-1, max-image-preview:large, max-video-preview:-1\" \/>\n<link rel=\"canonical\" href=\"https:\/\/macite.tg\/?p=26720\" \/>\n<meta property=\"og:locale\" content=\"fr_FR\" \/>\n<meta property=\"og:type\" content=\"article\" \/>\n<meta property=\"og:title\" content=\"CAN MAROC 2025\u00a0: La CAF d\u00e9voile \u00ab Assad \u00bb, la mascotte officielle de la grande messe du football africain -\" \/>\n<meta property=\"og:description\" content=\"La mascotte officielle de la\u00a0CAN Maroc 2025\u00a0a \u00e9t\u00e9 d\u00e9voil\u00e9e ce lundi par la\u00a0Conf\u00e9d\u00e9ration africaine de football (CAF). \u00ab\u00a0Assad\u00a0tire son nom du mot arabe signifiant \u201clion\u201d. \u00ab Il incarne la force, la fiert\u00e9 et l\u2019authenticit\u00e9 culturelle qui r\u00e9sonnent profond\u00e9ment aupr\u00e8s des passionn\u00e9s, aussi bien au Maroc [&hellip;]\" \/>\n<meta property=\"og:url\" content=\"https:\/\/macite.tg\/?p=26720\" \/>\n<meta property=\"article:published_time\" content=\"2025-12-09T17:21:12+00:00\" \/>\n<meta property=\"article:modified_time\" content=\"2025-12-09T17:21:29+00:00\" \/>\n<meta property=\"og:image\" content=\"https:\/\/macite.tg\/wp-content\/uploads\/2025\/12\/assad.jpg\" \/>\n\t<meta property=\"og:image:width\" content=\"282\" \/>\n\t<meta property=\"og:image:height\" content=\"234\" \/>\n\t<meta property=\"og:image:type\" content=\"image\/jpeg\" \/>\n<meta name=\"author\" content=\"Jean Pierre BAWELA\" \/>\n<meta name=\"twitter:card\" content=\"summary_large_image\" \/>\n<meta name=\"twitter:label1\" content=\"\u00c9crit par\" \/>\n\t<meta name=\"twitter:data1\" content=\"Jean Pierre BAWELA\" \/>\n\t<meta name=\"twitter:label2\" content=\"Dur\u00e9e de lecture estim\u00e9e\" \/>\n\t<meta name=\"twitter:data2\" content=\"2 minutes\" \/>\n<script type=\"application\/ld+json\" class=\"yoast-schema-graph\">{\"@context\":\"https:\\\/\\\/schema.org\",\"@graph\":[{\"@type\":\"Article\",\"@id\":\"https:\\\/\\\/macite.tg\\\/?p=26720#article\",\"isPartOf\":{\"@id\":\"https:\\\/\\\/macite.tg\\\/?p=26720\"},\"author\":{\"name\":\"Jean Pierre BAWELA\",\"@id\":\"https:\\\/\\\/macite.tg\\\/#\\\/schema\\\/person\\\/e9f2de7e5dbbe7770a9402c7ce82f5c2\"},\"headline\":\"CAN MAROC 2025\u00a0: La CAF d\u00e9voile \u00ab Assad \u00bb, la mascotte officielle de la grande messe du football africain\",\"datePublished\":\"2025-12-09T17:21:12+00:00\",\"dateModified\":\"2025-12-09T17:21:29+00:00\",\"mainEntityOfPage\":{\"@id\":\"https:\\\/\\\/macite.tg\\\/?p=26720\"},\"wordCount\":317,\"commentCount\":0,\"image\":{\"@id\":\"https:\\\/\\\/macite.tg\\\/?p=26720#primaryimage\"},\"thumbnailUrl\":\"https:\\\/\\\/macite.tg\\\/wp-content\\\/uploads\\\/2025\\\/12\\\/assad.jpg\",\"articleSection\":[\"ACTUALITE\",\"FOOTBALL\",\"SPORTS\"],\"inLanguage\":\"fr-FR\",\"potentialAction\":[{\"@type\":\"CommentAction\",\"name\":\"Comment\",\"target\":[\"https:\\\/\\\/macite.tg\\\/?p=26720#respond\"]}]},{\"@type\":\"WebPage\",\"@id\":\"https:\\\/\\\/macite.tg\\\/?p=26720\",\"url\":\"https:\\\/\\\/macite.tg\\\/?p=26720\",\"name\":\"CAN MAROC 2025\u00a0: La CAF d\u00e9voile \u00ab Assad \u00bb, la mascotte officielle de la grande messe du football africain -\",\"isPartOf\":{\"@id\":\"https:\\\/\\\/macite.tg\\\/#website\"},\"primaryImageOfPage\":{\"@id\":\"https:\\\/\\\/macite.tg\\\/?p=26720#primaryimage\"},\"image\":{\"@id\":\"https:\\\/\\\/macite.tg\\\/?p=26720#primaryimage\"},\"thumbnailUrl\":\"https:\\\/\\\/macite.tg\\\/wp-content\\\/uploads\\\/2025\\\/12\\\/assad.jpg\",\"datePublished\":\"2025-12-09T17:21:12+00:00\",\"dateModified\":\"2025-12-09T17:21:29+00:00\",\"author\":{\"@id\":\"https:\\\/\\\/macite.tg\\\/#\\\/schema\\\/person\\\/e9f2de7e5dbbe7770a9402c7ce82f5c2\"},\"breadcrumb\":{\"@id\":\"https:\\\/\\\/macite.tg\\\/?p=26720#breadcrumb\"},\"inLanguage\":\"fr-FR\",\"potentialAction\":[{\"@type\":\"ReadAction\",\"target\":[\"https:\\\/\\\/macite.tg\\\/?p=26720\"]}]},{\"@type\":\"ImageObject\",\"inLanguage\":\"fr-FR\",\"@id\":\"https:\\\/\\\/macite.tg\\\/?p=26720#primaryimage\",\"url\":\"https:\\\/\\\/macite.tg\\\/wp-content\\\/uploads\\\/2025\\\/12\\\/assad.jpg\",\"contentUrl\":\"https:\\\/\\\/macite.tg\\\/wp-content\\\/uploads\\\/2025\\\/12\\\/assad.jpg\",\"width\":282,\"height\":234},{\"@type\":\"BreadcrumbList\",\"@id\":\"https:\\\/\\\/macite.tg\\\/?p=26720#breadcrumb\",\"itemListElement\":[{\"@type\":\"ListItem\",\"position\":1,\"name\":\"Accueil\",\"item\":\"https:\\\/\\\/macite.tg\\\/\"},{\"@type\":\"ListItem\",\"position\":2,\"name\":\"CAN MAROC 2025\u00a0: La CAF d\u00e9voile \u00ab Assad \u00bb, la mascotte officielle de la grande messe du football africain\"}]},{\"@type\":\"WebSite\",\"@id\":\"https:\\\/\\\/macite.tg\\\/#website\",\"url\":\"https:\\\/\\\/macite.tg\\\/\",\"name\":\"\",\"description\":\"L&#039;information, la bonne!!!\",\"potentialAction\":[{\"@type\":\"SearchAction\",\"target\":{\"@type\":\"EntryPoint\",\"urlTemplate\":\"https:\\\/\\\/macite.tg\\\/?s={search_term_string}\"},\"query-input\":{\"@type\":\"PropertyValueSpecification\",\"valueRequired\":true,\"valueName\":\"search_term_string\"}}],\"inLanguage\":\"fr-FR\"},{\"@type\":\"Person\",\"@id\":\"https:\\\/\\\/macite.tg\\\/#\\\/schema\\\/person\\\/e9f2de7e5dbbe7770a9402c7ce82f5c2\",\"name\":\"Jean Pierre BAWELA\",\"image\":{\"@type\":\"ImageObject\",\"inLanguage\":\"fr-FR\",\"@id\":\"https:\\\/\\\/macite.tg\\\/wp-content\\\/uploads\\\/2023\\\/09\\\/WhatsApp-Image-2023-09-19-at-14.44.41-122x122.jpeg\",\"url\":\"https:\\\/\\\/macite.tg\\\/wp-content\\\/uploads\\\/2023\\\/09\\\/WhatsApp-Image-2023-09-19-at-14.44.41-122x122.jpeg\",\"contentUrl\":\"https:\\\/\\\/macite.tg\\\/wp-content\\\/uploads\\\/2023\\\/09\\\/WhatsApp-Image-2023-09-19-at-14.44.41-122x122.jpeg\",\"caption\":\"Jean Pierre BAWELA\"},\"url\":\"https:\\\/\\\/macite.tg\\\/?author=2\"}]}<\/script>\n<!-- \/ Yoast SEO plugin. -->","yoast_head_json":{"title":"CAN MAROC 2025\u00a0: La CAF d\u00e9voile \u00ab Assad \u00bb, la mascotte officielle de la grande messe du football africain -","robots":{"index":"index","follow":"follow","max-snippet":"max-snippet:-1","max-image-preview":"max-image-preview:large","max-video-preview":"max-video-preview:-1"},"canonical":"https:\/\/macite.tg\/?p=26720","og_locale":"fr_FR","og_type":"article","og_title":"CAN MAROC 2025\u00a0: La CAF d\u00e9voile \u00ab Assad \u00bb, la mascotte officielle de la grande messe du football africain -","og_description":"La mascotte officielle de la\u00a0CAN Maroc 2025\u00a0a \u00e9t\u00e9 d\u00e9voil\u00e9e ce lundi par la\u00a0Conf\u00e9d\u00e9ration africaine de football (CAF). \u00ab\u00a0Assad\u00a0tire son nom du mot arabe signifiant \u201clion\u201d. \u00ab Il incarne la force, la fiert\u00e9 et l\u2019authenticit\u00e9 culturelle qui r\u00e9sonnent profond\u00e9ment aupr\u00e8s des passionn\u00e9s, aussi bien au Maroc [&hellip;]","og_url":"https:\/\/macite.tg\/?p=26720","article_published_time":"2025-12-09T17:21:12+00:00","article_modified_time":"2025-12-09T17:21:29+00:00","og_image":[{"width":282,"height":234,"url":"https:\/\/macite.tg\/wp-content\/uploads\/2025\/12\/assad.jpg","type":"image\/jpeg"}],"author":"Jean Pierre BAWELA","twitter_card":"summary_large_image","twitter_misc":{"\u00c9crit par":"Jean Pierre BAWELA","Dur\u00e9e de lecture estim\u00e9e":"2 minutes"},"schema":{"@context":"https:\/\/schema.org","@graph":[{"@type":"Article","@id":"https:\/\/macite.tg\/?p=26720#article","isPartOf":{"@id":"https:\/\/macite.tg\/?p=26720"},"author":{"name":"Jean Pierre BAWELA","@id":"https:\/\/macite.tg\/#\/schema\/person\/e9f2de7e5dbbe7770a9402c7ce82f5c2"},"headline":"CAN MAROC 2025\u00a0: La CAF d\u00e9voile \u00ab Assad \u00bb, la mascotte officielle de la grande messe du football africain","datePublished":"2025-12-09T17:21:12+00:00","dateModified":"2025-12-09T17:21:29+00:00","mainEntityOfPage":{"@id":"https:\/\/macite.tg\/?p=26720"},"wordCount":317,"commentCount":0,"image":{"@id":"https:\/\/macite.tg\/?p=26720#primaryimage"},"thumbnailUrl":"https:\/\/macite.tg\/wp-content\/uploads\/2025\/12\/assad.jpg","articleSection":["ACTUALITE","FOOTBALL","SPORTS"],"inLanguage":"fr-FR","potentialAction":[{"@type":"CommentAction","name":"Comment","target":["https:\/\/macite.tg\/?p=26720#respond"]}]},{"@type":"WebPage","@id":"https:\/\/macite.tg\/?p=26720","url":"https:\/\/macite.tg\/?p=26720","name":"CAN MAROC 2025\u00a0: La CAF d\u00e9voile \u00ab Assad \u00bb, la mascotte officielle de la grande messe du football africain -","isPartOf":{"@id":"https:\/\/macite.tg\/#website"},"primaryImageOfPage":{"@id":"https:\/\/macite.tg\/?p=26720#primaryimage"},"image":{"@id":"https:\/\/macite.tg\/?p=26720#primaryimage"},"thumbnailUrl":"https:\/\/macite.tg\/wp-content\/uploads\/2025\/12\/assad.jpg","datePublished":"2025-12-09T17:21:12+00:00","dateModified":"2025-12-09T17:21:29+00:00","author":{"@id":"https:\/\/macite.tg\/#\/schema\/person\/e9f2de7e5dbbe7770a9402c7ce82f5c2"},"breadcrumb":{"@id":"https:\/\/macite.tg\/?p=26720#breadcrumb"},"inLanguage":"fr-FR","potentialAction":[{"@type":"ReadAction","target":["https:\/\/macite.tg\/?p=26720"]}]},{"@type":"ImageObject","inLanguage":"fr-FR","@id":"https:\/\/macite.tg\/?p=26720#primaryimage","url":"https:\/\/macite.tg\/wp-content\/uploads\/2025\/12\/assad.jpg","contentUrl":"https:\/\/macite.tg\/wp-content\/uploads\/2025\/12\/assad.jpg","width":282,"height":234},{"@type":"BreadcrumbList","@id":"https:\/\/macite.tg\/?p=26720#breadcrumb","itemListElement":[{"@type":"ListItem","position":1,"name":"Accueil","item":"https:\/\/macite.tg\/"},{"@type":"ListItem","position":2,"name":"CAN MAROC 2025\u00a0: La CAF d\u00e9voile \u00ab Assad \u00bb, la mascotte officielle de la grande messe du football africain"}]},{"@type":"WebSite","@id":"https:\/\/macite.tg\/#website","url":"https:\/\/macite.tg\/","name":"","description":"L&#039;information, la bonne!!!","potentialAction":[{"@type":"SearchAction","target":{"@type":"EntryPoint","urlTemplate":"https:\/\/macite.tg\/?s={search_term_string}"},"query-input":{"@type":"PropertyValueSpecification","valueRequired":true,"valueName":"search_term_string"}}],"inLanguage":"fr-FR"},{"@type":"Person","@id":"https:\/\/macite.tg\/#\/schema\/person\/e9f2de7e5dbbe7770a9402c7ce82f5c2","name":"Jean Pierre BAWELA","image":{"@type":"ImageObject","inLanguage":"fr-FR","@id":"https:\/\/macite.tg\/wp-content\/uploads\/2023\/09\/WhatsApp-Image-2023-09-19-at-14.44.41-122x122.jpeg","url":"https:\/\/macite.tg\/wp-content\/uploads\/2023\/09\/WhatsApp-Image-2023-09-19-at-14.44.41-122x122.jpeg","contentUrl":"https:\/\/macite.tg\/wp-content\/uploads\/2023\/09\/WhatsApp-Image-2023-09-19-at-14.44.41-122x122.jpeg","caption":"Jean Pierre BAWELA"},"url":"https:\/\/macite.tg\/?author=2"}]}},"_links":{"self":[{"href":"https:\/\/macite.tg\/index.php?rest_route=\/wp\/v2\/posts\/26720","targetHints":{"allow":["GET"]}}],"collection":[{"href":"https:\/\/macite.tg\/index.php?rest_route=\/wp\/v2\/posts"}],"about":[{"href":"https:\/\/macite.tg\/index.php?rest_route=\/wp\/v2\/types\/post"}],"author":[{"embeddable":true,"href":"https:\/\/macite.tg\/index.php?rest_route=\/wp\/v2\/users\/2"}],"replies":[{"embeddable":true,"href":"https:\/\/macite.tg\/index.php?rest_route=%2Fwp%2Fv2%2Fcomments&post=26720"}],"version-history":[{"count":0,"href":"https:\/\/macite.tg\/index.php?rest_route=\/wp\/v2\/posts\/26720\/revisions"}],"wp:featuredmedia":[{"embeddable":true,"href":"https:\/\/macite.tg\/index.php?rest_route=\/wp\/v2\/media\/26724"}],"wp:attachment":[{"href":"https:\/\/macite.tg\/index.php?rest_route=%2Fwp%2Fv2%2Fmedia&parent=26720"}],"wp:term":[{"taxonomy":"category","embeddable":true,"href":"https:\/\/macite.tg\/index.php?rest_route=%2Fwp%2Fv2%2Fcategories&post=26720"},{"taxonomy":"post_tag","embeddable":true,"href":"https:\/\/macite.tg\/index.php?rest_route=%2Fwp%2Fv2%2Ftags&post=26720"}],"curies":[{"name":"wp","href":"https:\/\/api.w.org\/{rel}","templated":true}]}}