{"id":26714,"date":"2025-12-09T16:56:44","date_gmt":"2025-12-09T16:56:44","guid":{"rendered":"https:\/\/macite.tg\/?p=26714"},"modified":"2025-12-09T16:56:44","modified_gmt":"2025-12-09T16:56:44","slug":"can-2025-cameroun-bien-que-vire-par-etoo-marc-brys-rend-public-sa-propre-liste","status":"publish","type":"post","link":"https:\/\/macite.tg\/?p=26714","title":{"rendered":"CAN 2025\/CAMEROUN : Bien que vir\u00e9 par Eto&rsquo;o, Marc Brys rend public sa propre liste"},"content":{"rendered":"\n<p class=\"wp-block-paragraph\"><strong><em>\u00c9cart\u00e9 de ses fonctions lundi par le pr\u00e9sident de la F\u00e9d\u00e9ration camerounaise de football (Fecafoot), Samuel Eto\u2019o, Marc Brys continue de se consid\u00e9rer comme le s\u00e9lectionneur l\u00e9gitime des Lions indomptables. Le technicien belge a ainsi r\u00e9v\u00e9l\u00e9 une liste de 28 joueurs pour la Coupe d\u2019Afrique des Nations 2025, alors m\u00eame que son contrat court officiellement jusqu\u2019au 30 septembre 2026.<\/em><\/strong><em><\/em><\/p>\n\n\n\n<p class=\"wp-block-paragraph\">La situation a de quoi surprendre. \u00c0 moins de trois semaines du coup d\u2019envoi de la CAN, pr\u00e9vue au Maroc, la Fecafoot avait d\u00e9cid\u00e9, en r\u00e9union d\u2019urgence, de mettre fin \u00e0 la mission de Marc Brys et de nommer David Pagou \u00e0 la t\u00eate de la s\u00e9lection. Arriv\u00e9 en avril 2024, Brys \u00e9tait engag\u00e9 dans un bras de fer prolong\u00e9 avec la f\u00e9d\u00e9ration et son pr\u00e9sident, Samuel Eto\u2019o, fra\u00eechement reconduit \u00e0 son poste.<\/p>\n\n\n\n<figure class=\"wp-block-image size-large\"><img loading=\"lazy\" decoding=\"async\" width=\"1024\" height=\"392\" src=\"https:\/\/macite.tg\/wp-content\/uploads\/2025\/11\/8d9cf208-3716-4e73-bc0c-3341ae213e6b-1-1024x392.jpg\" alt=\"\" class=\"wp-image-26484\" srcset=\"https:\/\/macite.tg\/wp-content\/uploads\/2025\/11\/8d9cf208-3716-4e73-bc0c-3341ae213e6b-1-1024x392.jpg 1024w, https:\/\/macite.tg\/wp-content\/uploads\/2025\/11\/8d9cf208-3716-4e73-bc0c-3341ae213e6b-1-300x115.jpg 300w, https:\/\/macite.tg\/wp-content\/uploads\/2025\/11\/8d9cf208-3716-4e73-bc0c-3341ae213e6b-1-768x294.jpg 768w, https:\/\/macite.tg\/wp-content\/uploads\/2025\/11\/8d9cf208-3716-4e73-bc0c-3341ae213e6b-1.jpg 1080w\" sizes=\"auto, (max-width: 1024px) 100vw, 1024px\" \/><\/figure>\n\n\n\n<p class=\"wp-block-paragraph\">Mais l\u2019entra\u00eeneur belge ne semble pas dispos\u00e9 \u00e0 tourner la page. Selon Actu Cameroun, il a choisi de rendre publique sa propre s\u00e9lection de 28 joueurs, comme s\u2019il \u00e9tait toujours en poste. On y retrouve plusieurs cadres absents de la liste de Pagou, dont Andr\u00e9 Onana, Vincent Aboubakar et Michael Ngadeu.<\/p>\n\n\n\n<p class=\"wp-block-paragraph\">Tr\u00e8s critique \u00e0 l\u2019\u00e9gard de la gouvernance actuelle, Brys avait r\u00e9cemment d\u00e9nonc\u00e9 l\u2019exclusion de joueurs cl\u00e9s dans un entretien accord\u00e9 \u00e0 Afrik Foot. Il accusait Samuel Eto\u2019o d\u2019avoir \u00e9cart\u00e9 des leaders capables de contester son autorit\u00e9, estimant inconcevable de disputer une comp\u00e9tition majeure sans un gardien de classe mondiale ou sans un attaquant de r\u00e9f\u00e9rence.<\/p>\n\n\n\n<figure class=\"wp-block-image size-full\"><img loading=\"lazy\" decoding=\"async\" width=\"851\" height=\"315\" src=\"https:\/\/macite.tg\/wp-content\/uploads\/2025\/12\/OTR_Ferer-pour-batir-1.jpg\" alt=\"\" class=\"wp-image-26559\" srcset=\"https:\/\/macite.tg\/wp-content\/uploads\/2025\/12\/OTR_Ferer-pour-batir-1.jpg 851w, https:\/\/macite.tg\/wp-content\/uploads\/2025\/12\/OTR_Ferer-pour-batir-1-300x111.jpg 300w, https:\/\/macite.tg\/wp-content\/uploads\/2025\/12\/OTR_Ferer-pour-batir-1-768x284.jpg 768w\" sizes=\"auto, (max-width: 851px) 100vw, 851px\" \/><\/figure>\n\n\n\n<p class=\"wp-block-paragraph\">De son c\u00f4t\u00e9, la Fecafoot avait justifi\u00e9 la r\u00e9vocation de l\u2019ex-s\u00e9lectionneur en \u00e9voquant onze griefs, soulignant sa volont\u00e9 de r\u00e9tablir un environnement apais\u00e9 afin d\u2019assurer une pr\u00e9paration optimale pour la CAN, programm\u00e9e du 21 d\u00e9cembre 2025 au 18 janvier 2026. Plac\u00e9 dans le groupe F, le Cameroun devra y affronter la C\u00f4te d\u2019Ivoire, tenante du titre, ainsi que le Gabon et le Mozambique.<\/p>\n\n\n\n<p class=\"wp-block-paragraph\"><strong>MSN<\/strong><\/p>\n\n\n\n<p class=\"wp-block-paragraph\"><a><strong><em>@macite.tg&nbsp;&nbsp;&nbsp;&nbsp;&nbsp;&nbsp;&nbsp;&nbsp;<\/em><\/strong><\/a><\/p>\n\n\n\n<p class=\"wp-block-paragraph\"><strong><em>E-mail&nbsp;: <\/em><\/strong><a href=\"mailto:maciteinfo@gmail.com\"><strong><em>maciteinfo@gmail.com<\/em><\/strong><\/a><strong><em>; <\/em><\/strong><a href=\"mailto:bawela1@gmail.com\"><strong><em>bawela1@gmail.com<\/em><\/strong><\/a><strong><em><\/em><\/strong><\/p>\n\n\n\n<p class=\"wp-block-paragraph\"><strong><em>Pour vos annonces, (publi)reportages, etc., joignez-nous au (00228)91515309\/<strong>79872224 <\/strong><strong><\/strong><\/em><\/strong><\/p>\n\n\n\n<p class=\"wp-block-paragraph\"><strong><em>www.macite.tg, L\u2019information, la bonne&nbsp;!<\/em><\/strong><\/p>\n\n\n\n<p class=\"wp-block-paragraph\"><\/p>\n","protected":false},"excerpt":{"rendered":"<p class=\"text-justify mb-2\" >\u00c9cart\u00e9 de ses fonctions lundi par le pr\u00e9sident de la F\u00e9d\u00e9ration camerounaise de football (Fecafoot), Samuel Eto\u2019o, Marc Brys continue de se consid\u00e9rer comme le s\u00e9lectionneur l\u00e9gitime des Lions indomptables. Le technicien belge a ainsi r\u00e9v\u00e9l\u00e9 une liste de 28 joueurs pour la Coupe d\u2019Afrique [&hellip;]<\/p>\n","protected":false},"author":2,"featured_media":26717,"comment_status":"open","ping_status":"open","sticky":false,"template":"","format":"standard","meta":{"footnotes":""},"categories":[20,63,7],"tags":[],"class_list":["post-26714","post","type-post","status-publish","format-standard","has-post-thumbnail","hentry","category-actualite","category-football","category-sports"],"yoast_head":"<!-- This site is optimized with the Yoast SEO plugin v28.4 - https:\/\/yoast.com\/product\/yoast-seo-wordpress\/ -->\n<title>CAN 2025\/CAMEROUN : Bien que vir\u00e9 par Eto&#039;o, Marc Brys rend public sa propre liste -<\/title>\n<meta name=\"robots\" content=\"index, follow, max-snippet:-1, max-image-preview:large, max-video-preview:-1\" \/>\n<link rel=\"canonical\" href=\"https:\/\/macite.tg\/?p=26714\" \/>\n<meta property=\"og:locale\" content=\"fr_FR\" \/>\n<meta property=\"og:type\" content=\"article\" \/>\n<meta property=\"og:title\" content=\"CAN 2025\/CAMEROUN : Bien que vir\u00e9 par Eto&#039;o, Marc Brys rend public sa propre liste -\" \/>\n<meta property=\"og:description\" content=\"\u00c9cart\u00e9 de ses fonctions lundi par le pr\u00e9sident de la F\u00e9d\u00e9ration camerounaise de football (Fecafoot), Samuel Eto\u2019o, Marc Brys continue de se consid\u00e9rer comme le s\u00e9lectionneur l\u00e9gitime des Lions indomptables. Le technicien belge a ainsi r\u00e9v\u00e9l\u00e9 une liste de 28 joueurs pour la Coupe d\u2019Afrique [&hellip;]\" \/>\n<meta property=\"og:url\" content=\"https:\/\/macite.tg\/?p=26714\" \/>\n<meta property=\"article:published_time\" content=\"2025-12-09T16:56:44+00:00\" \/>\n<meta property=\"og:image\" content=\"https:\/\/macite.tg\/wp-content\/uploads\/2025\/12\/Marcs-Brys.jpg\" \/>\n\t<meta property=\"og:image:width\" content=\"500\" \/>\n\t<meta property=\"og:image:height\" content=\"333\" \/>\n\t<meta property=\"og:image:type\" content=\"image\/jpeg\" \/>\n<meta name=\"author\" content=\"Jean Pierre BAWELA\" \/>\n<meta name=\"twitter:card\" content=\"summary_large_image\" \/>\n<meta name=\"twitter:label1\" content=\"\u00c9crit par\" \/>\n\t<meta name=\"twitter:data1\" content=\"Jean Pierre BAWELA\" \/>\n\t<meta name=\"twitter:label2\" content=\"Dur\u00e9e de lecture estim\u00e9e\" \/>\n\t<meta name=\"twitter:data2\" content=\"2 minutes\" \/>\n<script type=\"application\/ld+json\" class=\"yoast-schema-graph\">{\"@context\":\"https:\\\/\\\/schema.org\",\"@graph\":[{\"@type\":\"Article\",\"@id\":\"https:\\\/\\\/macite.tg\\\/?p=26714#article\",\"isPartOf\":{\"@id\":\"https:\\\/\\\/macite.tg\\\/?p=26714\"},\"author\":{\"name\":\"Jean Pierre BAWELA\",\"@id\":\"https:\\\/\\\/macite.tg\\\/#\\\/schema\\\/person\\\/e9f2de7e5dbbe7770a9402c7ce82f5c2\"},\"headline\":\"CAN 2025\\\/CAMEROUN : Bien que vir\u00e9 par Eto&rsquo;o, Marc Brys rend public sa propre liste\",\"datePublished\":\"2025-12-09T16:56:44+00:00\",\"mainEntityOfPage\":{\"@id\":\"https:\\\/\\\/macite.tg\\\/?p=26714\"},\"wordCount\":384,\"commentCount\":0,\"image\":{\"@id\":\"https:\\\/\\\/macite.tg\\\/?p=26714#primaryimage\"},\"thumbnailUrl\":\"https:\\\/\\\/macite.tg\\\/wp-content\\\/uploads\\\/2025\\\/12\\\/Marcs-Brys.jpg\",\"articleSection\":[\"ACTUALITE\",\"FOOTBALL\",\"SPORTS\"],\"inLanguage\":\"fr-FR\",\"potentialAction\":[{\"@type\":\"CommentAction\",\"name\":\"Comment\",\"target\":[\"https:\\\/\\\/macite.tg\\\/?p=26714#respond\"]}]},{\"@type\":\"WebPage\",\"@id\":\"https:\\\/\\\/macite.tg\\\/?p=26714\",\"url\":\"https:\\\/\\\/macite.tg\\\/?p=26714\",\"name\":\"CAN 2025\\\/CAMEROUN : Bien que vir\u00e9 par Eto'o, Marc Brys rend public sa propre liste -\",\"isPartOf\":{\"@id\":\"https:\\\/\\\/macite.tg\\\/#website\"},\"primaryImageOfPage\":{\"@id\":\"https:\\\/\\\/macite.tg\\\/?p=26714#primaryimage\"},\"image\":{\"@id\":\"https:\\\/\\\/macite.tg\\\/?p=26714#primaryimage\"},\"thumbnailUrl\":\"https:\\\/\\\/macite.tg\\\/wp-content\\\/uploads\\\/2025\\\/12\\\/Marcs-Brys.jpg\",\"datePublished\":\"2025-12-09T16:56:44+00:00\",\"author\":{\"@id\":\"https:\\\/\\\/macite.tg\\\/#\\\/schema\\\/person\\\/e9f2de7e5dbbe7770a9402c7ce82f5c2\"},\"breadcrumb\":{\"@id\":\"https:\\\/\\\/macite.tg\\\/?p=26714#breadcrumb\"},\"inLanguage\":\"fr-FR\",\"potentialAction\":[{\"@type\":\"ReadAction\",\"target\":[\"https:\\\/\\\/macite.tg\\\/?p=26714\"]}]},{\"@type\":\"ImageObject\",\"inLanguage\":\"fr-FR\",\"@id\":\"https:\\\/\\\/macite.tg\\\/?p=26714#primaryimage\",\"url\":\"https:\\\/\\\/macite.tg\\\/wp-content\\\/uploads\\\/2025\\\/12\\\/Marcs-Brys.jpg\",\"contentUrl\":\"https:\\\/\\\/macite.tg\\\/wp-content\\\/uploads\\\/2025\\\/12\\\/Marcs-Brys.jpg\",\"width\":500,\"height\":333,\"caption\":\"Marc Brys\"},{\"@type\":\"BreadcrumbList\",\"@id\":\"https:\\\/\\\/macite.tg\\\/?p=26714#breadcrumb\",\"itemListElement\":[{\"@type\":\"ListItem\",\"position\":1,\"name\":\"Accueil\",\"item\":\"https:\\\/\\\/macite.tg\\\/\"},{\"@type\":\"ListItem\",\"position\":2,\"name\":\"CAN 2025\\\/CAMEROUN : Bien que vir\u00e9 par Eto&rsquo;o, Marc Brys rend public sa propre liste\"}]},{\"@type\":\"WebSite\",\"@id\":\"https:\\\/\\\/macite.tg\\\/#website\",\"url\":\"https:\\\/\\\/macite.tg\\\/\",\"name\":\"\",\"description\":\"L&#039;information, la bonne!!!\",\"potentialAction\":[{\"@type\":\"SearchAction\",\"target\":{\"@type\":\"EntryPoint\",\"urlTemplate\":\"https:\\\/\\\/macite.tg\\\/?s={search_term_string}\"},\"query-input\":{\"@type\":\"PropertyValueSpecification\",\"valueRequired\":true,\"valueName\":\"search_term_string\"}}],\"inLanguage\":\"fr-FR\"},{\"@type\":\"Person\",\"@id\":\"https:\\\/\\\/macite.tg\\\/#\\\/schema\\\/person\\\/e9f2de7e5dbbe7770a9402c7ce82f5c2\",\"name\":\"Jean Pierre BAWELA\",\"image\":{\"@type\":\"ImageObject\",\"inLanguage\":\"fr-FR\",\"@id\":\"https:\\\/\\\/macite.tg\\\/wp-content\\\/uploads\\\/2023\\\/09\\\/WhatsApp-Image-2023-09-19-at-14.44.41-122x122.jpeg\",\"url\":\"https:\\\/\\\/macite.tg\\\/wp-content\\\/uploads\\\/2023\\\/09\\\/WhatsApp-Image-2023-09-19-at-14.44.41-122x122.jpeg\",\"contentUrl\":\"https:\\\/\\\/macite.tg\\\/wp-content\\\/uploads\\\/2023\\\/09\\\/WhatsApp-Image-2023-09-19-at-14.44.41-122x122.jpeg\",\"caption\":\"Jean Pierre BAWELA\"},\"url\":\"https:\\\/\\\/macite.tg\\\/?author=2\"}]}<\/script>\n<!-- \/ Yoast SEO plugin. -->","yoast_head_json":{"title":"CAN 2025\/CAMEROUN : Bien que vir\u00e9 par Eto'o, Marc Brys rend public sa propre liste -","robots":{"index":"index","follow":"follow","max-snippet":"max-snippet:-1","max-image-preview":"max-image-preview:large","max-video-preview":"max-video-preview:-1"},"canonical":"https:\/\/macite.tg\/?p=26714","og_locale":"fr_FR","og_type":"article","og_title":"CAN 2025\/CAMEROUN : Bien que vir\u00e9 par Eto'o, Marc Brys rend public sa propre liste -","og_description":"\u00c9cart\u00e9 de ses fonctions lundi par le pr\u00e9sident de la F\u00e9d\u00e9ration camerounaise de football (Fecafoot), Samuel Eto\u2019o, Marc Brys continue de se consid\u00e9rer comme le s\u00e9lectionneur l\u00e9gitime des Lions indomptables. Le technicien belge a ainsi r\u00e9v\u00e9l\u00e9 une liste de 28 joueurs pour la Coupe d\u2019Afrique [&hellip;]","og_url":"https:\/\/macite.tg\/?p=26714","article_published_time":"2025-12-09T16:56:44+00:00","og_image":[{"width":500,"height":333,"url":"https:\/\/macite.tg\/wp-content\/uploads\/2025\/12\/Marcs-Brys.jpg","type":"image\/jpeg"}],"author":"Jean Pierre BAWELA","twitter_card":"summary_large_image","twitter_misc":{"\u00c9crit par":"Jean Pierre BAWELA","Dur\u00e9e de lecture estim\u00e9e":"2 minutes"},"schema":{"@context":"https:\/\/schema.org","@graph":[{"@type":"Article","@id":"https:\/\/macite.tg\/?p=26714#article","isPartOf":{"@id":"https:\/\/macite.tg\/?p=26714"},"author":{"name":"Jean Pierre BAWELA","@id":"https:\/\/macite.tg\/#\/schema\/person\/e9f2de7e5dbbe7770a9402c7ce82f5c2"},"headline":"CAN 2025\/CAMEROUN : Bien que vir\u00e9 par Eto&rsquo;o, Marc Brys rend public sa propre liste","datePublished":"2025-12-09T16:56:44+00:00","mainEntityOfPage":{"@id":"https:\/\/macite.tg\/?p=26714"},"wordCount":384,"commentCount":0,"image":{"@id":"https:\/\/macite.tg\/?p=26714#primaryimage"},"thumbnailUrl":"https:\/\/macite.tg\/wp-content\/uploads\/2025\/12\/Marcs-Brys.jpg","articleSection":["ACTUALITE","FOOTBALL","SPORTS"],"inLanguage":"fr-FR","potentialAction":[{"@type":"CommentAction","name":"Comment","target":["https:\/\/macite.tg\/?p=26714#respond"]}]},{"@type":"WebPage","@id":"https:\/\/macite.tg\/?p=26714","url":"https:\/\/macite.tg\/?p=26714","name":"CAN 2025\/CAMEROUN : Bien que vir\u00e9 par Eto'o, Marc Brys rend public sa propre liste -","isPartOf":{"@id":"https:\/\/macite.tg\/#website"},"primaryImageOfPage":{"@id":"https:\/\/macite.tg\/?p=26714#primaryimage"},"image":{"@id":"https:\/\/macite.tg\/?p=26714#primaryimage"},"thumbnailUrl":"https:\/\/macite.tg\/wp-content\/uploads\/2025\/12\/Marcs-Brys.jpg","datePublished":"2025-12-09T16:56:44+00:00","author":{"@id":"https:\/\/macite.tg\/#\/schema\/person\/e9f2de7e5dbbe7770a9402c7ce82f5c2"},"breadcrumb":{"@id":"https:\/\/macite.tg\/?p=26714#breadcrumb"},"inLanguage":"fr-FR","potentialAction":[{"@type":"ReadAction","target":["https:\/\/macite.tg\/?p=26714"]}]},{"@type":"ImageObject","inLanguage":"fr-FR","@id":"https:\/\/macite.tg\/?p=26714#primaryimage","url":"https:\/\/macite.tg\/wp-content\/uploads\/2025\/12\/Marcs-Brys.jpg","contentUrl":"https:\/\/macite.tg\/wp-content\/uploads\/2025\/12\/Marcs-Brys.jpg","width":500,"height":333,"caption":"Marc Brys"},{"@type":"BreadcrumbList","@id":"https:\/\/macite.tg\/?p=26714#breadcrumb","itemListElement":[{"@type":"ListItem","position":1,"name":"Accueil","item":"https:\/\/macite.tg\/"},{"@type":"ListItem","position":2,"name":"CAN 2025\/CAMEROUN : Bien que vir\u00e9 par Eto&rsquo;o, Marc Brys rend public sa propre liste"}]},{"@type":"WebSite","@id":"https:\/\/macite.tg\/#website","url":"https:\/\/macite.tg\/","name":"","description":"L&#039;information, la bonne!!!","potentialAction":[{"@type":"SearchAction","target":{"@type":"EntryPoint","urlTemplate":"https:\/\/macite.tg\/?s={search_term_string}"},"query-input":{"@type":"PropertyValueSpecification","valueRequired":true,"valueName":"search_term_string"}}],"inLanguage":"fr-FR"},{"@type":"Person","@id":"https:\/\/macite.tg\/#\/schema\/person\/e9f2de7e5dbbe7770a9402c7ce82f5c2","name":"Jean Pierre BAWELA","image":{"@type":"ImageObject","inLanguage":"fr-FR","@id":"https:\/\/macite.tg\/wp-content\/uploads\/2023\/09\/WhatsApp-Image-2023-09-19-at-14.44.41-122x122.jpeg","url":"https:\/\/macite.tg\/wp-content\/uploads\/2023\/09\/WhatsApp-Image-2023-09-19-at-14.44.41-122x122.jpeg","contentUrl":"https:\/\/macite.tg\/wp-content\/uploads\/2023\/09\/WhatsApp-Image-2023-09-19-at-14.44.41-122x122.jpeg","caption":"Jean Pierre BAWELA"},"url":"https:\/\/macite.tg\/?author=2"}]}},"_links":{"self":[{"href":"https:\/\/macite.tg\/index.php?rest_route=\/wp\/v2\/posts\/26714","targetHints":{"allow":["GET"]}}],"collection":[{"href":"https:\/\/macite.tg\/index.php?rest_route=\/wp\/v2\/posts"}],"about":[{"href":"https:\/\/macite.tg\/index.php?rest_route=\/wp\/v2\/types\/post"}],"author":[{"embeddable":true,"href":"https:\/\/macite.tg\/index.php?rest_route=\/wp\/v2\/users\/2"}],"replies":[{"embeddable":true,"href":"https:\/\/macite.tg\/index.php?rest_route=%2Fwp%2Fv2%2Fcomments&post=26714"}],"version-history":[{"count":0,"href":"https:\/\/macite.tg\/index.php?rest_route=\/wp\/v2\/posts\/26714\/revisions"}],"wp:featuredmedia":[{"embeddable":true,"href":"https:\/\/macite.tg\/index.php?rest_route=\/wp\/v2\/media\/26717"}],"wp:attachment":[{"href":"https:\/\/macite.tg\/index.php?rest_route=%2Fwp%2Fv2%2Fmedia&parent=26714"}],"wp:term":[{"taxonomy":"category","embeddable":true,"href":"https:\/\/macite.tg\/index.php?rest_route=%2Fwp%2Fv2%2Fcategories&post=26714"},{"taxonomy":"post_tag","embeddable":true,"href":"https:\/\/macite.tg\/index.php?rest_route=%2Fwp%2Fv2%2Ftags&post=26714"}],"curies":[{"name":"wp","href":"https:\/\/api.w.org\/{rel}","templated":true}]}}