{"id":26713,"date":"2025-12-09T16:52:46","date_gmt":"2025-12-09T16:52:46","guid":{"rendered":"https:\/\/macite.tg\/?p=26713"},"modified":"2025-12-09T16:52:46","modified_gmt":"2025-12-09T16:52:46","slug":"9eme-congres-panafricain-lome-jette-les-bases-de-la-vision-du-president-faure-gnassingbe-pour-un-panafricanisme-renove-et-profitable-a-lafrique","status":"publish","type":"post","link":"https:\/\/macite.tg\/?p=26713","title":{"rendered":"9EME CONGRES PANAFRICAIN\u00a0: Lom\u00e9 jette les bases de la vision du Pr\u00e9sident Faure Gnassingb\u00e9 pour un panafricanisme r\u00e9nov\u00e9 et profitable \u00e0 l\u2019Afrique"},"content":{"rendered":"\n<p class=\"wp-block-paragraph\"><strong><em>\u00ab&nbsp;Renouveau du panafricanisme et r\u00f4le de l\u2019Afrique dans la r\u00e9forme des institutions multilat\u00e9rales : mobiliser les ressources et se r\u00e9inventer pour agir&nbsp;\u00bb, tel est le th\u00e8me retenu pour l\u2019\u00e9dition 9 du Congr\u00e8s panafricain dont la capitale togolaise abrite depuis hier lundi 08 d\u00e9cembre. La c\u00e9r\u00e9monie d\u2019ouverture des travaux pr\u00e9sid\u00e9e par le Pr\u00e9sident du Conseil, Faure Essozimna Gnassingb\u00e9, a ouvert la voix \u00e0 quelques jours d\u2019intenses travaux, qui traduisent la vision prospective et inclusive port\u00e9e par le Pr\u00e9sident du Conseil.<\/em><\/strong><\/p>\n\n\n\n<p class=\"wp-block-paragraph\">L\u2019initiative Lom\u00e9 qui s\u2019inscrit dans la D\u00e9cennie 2021-2031 des racines africaines et de la diaspora africaine a \u00e9t\u00e9 pr\u00e9sent\u00e9e lors du 33\u1d49 sommet de l\u2019Union africaine, avec pour objectif de renforcer la repr\u00e9sentativit\u00e9 de l\u2019Afrique dans la gouvernance mondiale tout en valorisant les contributions des diasporas et Afrodescendants.<\/p>\n\n\n\n<p class=\"wp-block-paragraph\">C\u2019est dans cet esprit de leadership visionnaire et de profonde conviction panafricaine que le Pr\u00e9sident Faure Essozimna Gnassingb\u00e9, a prononc\u00e9 le discours inaugural du 9\u1d49 Congr\u00e8s panafricain de Lom\u00e9 qui selon lui, arrive \u00e0 un moment o\u00f9 l\u2019Afrique n\u2019est plus p\u00e9riph\u00e9rique. Elle n\u2019est plus silencieuse. Elle est jeune. Elle est forte. Elle est ouverte au monde, et d\u00e9termin\u00e9e \u00e0 ne plus \u00eatre model\u00e9e par d\u2019autres.<\/p>\n\n\n\n<figure class=\"wp-block-image size-large\"><img loading=\"lazy\" decoding=\"async\" width=\"1024\" height=\"392\" src=\"https:\/\/macite.tg\/wp-content\/uploads\/2025\/11\/8d9cf208-3716-4e73-bc0c-3341ae213e6b-1-1024x392.jpg\" alt=\"\" class=\"wp-image-26484\" srcset=\"https:\/\/macite.tg\/wp-content\/uploads\/2025\/11\/8d9cf208-3716-4e73-bc0c-3341ae213e6b-1-1024x392.jpg 1024w, https:\/\/macite.tg\/wp-content\/uploads\/2025\/11\/8d9cf208-3716-4e73-bc0c-3341ae213e6b-1-300x115.jpg 300w, https:\/\/macite.tg\/wp-content\/uploads\/2025\/11\/8d9cf208-3716-4e73-bc0c-3341ae213e6b-1-768x294.jpg 768w, https:\/\/macite.tg\/wp-content\/uploads\/2025\/11\/8d9cf208-3716-4e73-bc0c-3341ae213e6b-1.jpg 1080w\" sizes=\"auto, (max-width: 1024px) 100vw, 1024px\" \/><\/figure>\n\n\n\n<p class=\"wp-block-paragraph\">Il affirme avec force que <em>\u00ab&nbsp;ce 9\u00e8me Congr\u00e8s n\u2019est donc pas une comm\u00e9moration. C\u2019est une r\u00e9affirmation. C\u2019est une reconqu\u00eate. C\u2019est un tournant. Car jamais, jamais depuis les ind\u00e9pendances, notre destin collectif n\u2019a \u00e9t\u00e9\u0301 autant entre nos mains. Jamais notre voix n\u2019a \u00e9t\u00e9\u0301 autant attendue. Jamais nos choix n\u2019ont eu autant de r\u00e9sonance dans le monde&nbsp;\u00bb.<\/em><\/p>\n\n\n\n<p class=\"wp-block-paragraph\">Pour promouvoir cette vision, le Pr\u00e9sident du Conseil, Faure Essozimna Gnassingb\u00e9, a partag\u00e9 avec les acteurs, cinq observations.<\/p>\n\n\n\n<p class=\"wp-block-paragraph\"><strong><em>Le renouveau panafricain, une n\u00e9cessit\u00e9 strat\u00e9gique<\/em><\/strong><\/p>\n\n\n\n<p class=\"wp-block-paragraph\">Dans un contexte mondial en pleine mutation, o\u00f9 les rapports de force se redessinent et o\u00f9 les d\u00e9fis s\u2019intensifient, la question du renouveau panafricain s\u2019impose avec une urgence nouvelle. Avant d\u2019entrer dans le d\u00e9tail de cette r\u00e9flexion, le Pr\u00e9sident du Conseil a rappel\u00e9 le sens et la port\u00e9e du panafricanisme.<\/p>\n\n\n\n<p class=\"wp-block-paragraph\"><em>\u00ab&nbsp;Le panafricanisme n\u2019est donc plus seulement une id\u00e9e. C\u2019est un imp\u00e9ratif. C\u2019est une strat\u00e9gie de souverainet\u00e9\u0301. Il s\u2019agit de d\u00e9cider pour nous-m\u00eames, sur la base d\u2019une vision collective, r\u00e9aliste et ambitieuse.&nbsp;Le panafricanisme que nous appelons ici, n\u2019est pas celui des slogans. C\u2019est un panafricanisme pragmatique et exigeant. Un panafricanisme qui unit nos peuples, nos cultures, nos march\u00e9s, nos savoirs. Un panafricanisme capable d\u2019agir dans un monde qui lui, ne nous attendra pas&nbsp;\u00bb.<\/em><\/p>\n\n\n\n<p class=\"wp-block-paragraph\">La r\u00e9alisation de ces ambitions repose la solidarit\u00e9 et la coh\u00e9sion entre les peuples africains. Et c\u2019est cet esprit qui guide ce congr\u00e8s organis\u00e9 \u00e0 l\u2019initiative du Togo et de l\u2019Union africaine. Dans ce contexte, le Pr\u00e9sident du Conseil a indiqu\u00e9 que <em>\u00ab&nbsp;l\u2019Afrique ne peut plus se contenter d\u2019\u00eatre spectatrice. Divis\u00e9e, elle sera vuln\u00e9rable. Unie, elle sera.&nbsp;\u00bb.<\/em> Il est alors clair qu\u2019avec ce renouveau panafricain, l\u2019Afrique ne doit d\u00e9sormais envisager son avenir que dans une vision collective, car c\u2019est <em>\u00ab&nbsp;Ensemble que nous pouvons \u00e9crire une nouvelle page de notre histoire. Une page de dignit\u00e9, une page de souverainet\u00e9, une page de renaissance&nbsp;\u00bb,<\/em> a pr\u00e9cis\u00e9 le Pr\u00e9sident du Conseil.<\/p>\n\n\n\n<p class=\"wp-block-paragraph\"><strong><em>La r\u00e9forme du multilat\u00e9ralisme, une exigence de l\u2019heure<\/em><\/strong><\/p>\n\n\n\n<p class=\"wp-block-paragraph\">Pour approfondir sa r\u00e9flexion, le Pr\u00e9sident du Conseil est parti d\u2019un constat global sur la g\u00e9opolitique mondiale qui reste toujours en d\u00e9faveur du continent africain.&nbsp; <em>\u00ab&nbsp;Depuis le Consensus d\u2019Ezulwini et la D\u00e9claration de Syrte, l\u2019Afrique porte une position claire&nbsp;: deux si\u00e8ges permanents au Conseil de s\u00e9curit\u00e9 avec droit de v\u00e9to&nbsp;\u00bb.<\/em><\/p>\n\n\n\n<figure class=\"wp-block-image size-full\"><img loading=\"lazy\" decoding=\"async\" width=\"851\" height=\"315\" src=\"https:\/\/macite.tg\/wp-content\/uploads\/2025\/12\/OTR_Ferer-pour-batir-1.jpg\" alt=\"\" class=\"wp-image-26559\" srcset=\"https:\/\/macite.tg\/wp-content\/uploads\/2025\/12\/OTR_Ferer-pour-batir-1.jpg 851w, https:\/\/macite.tg\/wp-content\/uploads\/2025\/12\/OTR_Ferer-pour-batir-1-300x111.jpg 300w, https:\/\/macite.tg\/wp-content\/uploads\/2025\/12\/OTR_Ferer-pour-batir-1-768x284.jpg 768w\" sizes=\"auto, (max-width: 851px) 100vw, 851px\" \/><\/figure>\n\n\n\n<p class=\"wp-block-paragraph\">Force est de constater que cette position du continent n\u2019est pas encore mat\u00e9rialis\u00e9e. Le constat est le m\u00eame au sein dans la finance mondiale et dans le commerce. Or l\u2019Afrique doit jouer un r\u00f4le au sein du concert des nations puisque le continent ne cesse d\u2019\u00eatre un acteur incontournable dans la g\u00e9opolitique mondiale.<\/p>\n\n\n\n<p class=\"wp-block-paragraph\">Face aux d\u00e9s\u00e9quilibres g\u00e9opolitiques, le Pr\u00e9sident du Conseil propose une r\u00e9forme du multilat\u00e9ralisme. Et c\u2019est ce que congr\u00e8s est appel\u00e9 \u00e0 faire pour transformer les principes port\u00e9s par les panafricains en plan d\u2019action africain, cr\u00e9dible et unifi\u00e9.&nbsp;<\/p>\n\n\n\n<p class=\"wp-block-paragraph\"><em>\u00ab&nbsp;Il faut r\u00e9former les institutions, et r\u00e9former dans les institutions. Les deux sont indispensables. R\u00e9former les institutions, c\u2019est corriger les d\u00e9s\u00e9quilibres de gouvernance. R\u00e9former dans les institutions, c\u2019est peser davantage au quotidien, dans les d\u00e9cisions, dans les normes, dans les financements.&nbsp;\u00bb<\/em><\/p>\n\n\n\n<p class=\"wp-block-paragraph\">Cette r\u00e9forme du multilat\u00e9ralisme n\u2019est pas seulement une revendication africaine. C\u2019est une condition de stabilit\u00e9 pour le monde entier.<\/p>\n\n\n\n<p class=\"wp-block-paragraph\"><strong><em>Faire de la mobilisation des propres ressources africaines, le principal levier d\u2019action du panafricanisme<\/em><\/strong><\/p>\n\n\n\n<p class=\"wp-block-paragraph\">En plus de la r\u00e9forme du multilat\u00e9ralisme, le Pr\u00e9sident du Conseil propose la mobilisation des ressources propres \u00e0 l\u2019Afrique, gage de la r\u00e9affirmation de la position du continent dans le concert des nations.<\/p>\n\n\n\n<p class=\"wp-block-paragraph\"><em>\u00ab&nbsp;Notre d\u00e9veloppement ne viendra pas de solutions venues d\u2019ailleurs. Il viendra d\u2019abord de nous-m\u00eames&nbsp;: de nos ressources naturelles, de nos jeunes talents, de nos entreprises, de nos diasporas, de nos savoirs, de nos cultures&nbsp;\u00bb.<\/em><\/p>\n\n\n\n<p class=\"wp-block-paragraph\">Pour le Pr\u00e9sident du Conseil, cette mobilisation permettra aux nations africaines d\u2019assurer leur souverainet\u00e9, de financer leurs propres priorit\u00e9s nationales et de moderniser leurs syst\u00e8mes de d\u00e9veloppement \u00e9conomique et social. <em>\u00ab&nbsp;Mobiliser notre propre capital, c\u2019est aussi reconna\u00eetre la valeur de nos savoirs endog\u00e8nes&nbsp;: nos langues, nos syst\u00e8mes \u00e9ducatifs, nos connaissances m\u00e9dicinales, nos traditions intellectuelles&nbsp;\u00bb.<\/em><\/p>\n\n\n\n<p class=\"wp-block-paragraph\">Le Pr\u00e9sident du Conseil a pour cela, mis en relief les ressources humaines et \u00e9conomiques dont dispose le contient pour relever ces d\u00e9fis.<\/p>\n\n\n\n<p class=\"wp-block-paragraph\"><em>\u00ab&nbsp;Nous avons la jeunesse la plus dynamique du monde. Nous avons des terres abondantes. Nous avons des diasporas puissantes. Nous avons la cr\u00e9ativit\u00e9, l\u2019\u00e9nergie, l\u2019innovation. Mobiliser notre capital, c\u2019est transformer enfin ce potentiel en puissance&nbsp;\u00bb<\/em><\/p>\n\n\n\n<p class=\"wp-block-paragraph\"><strong><em>&nbsp;L\u2019Afrique est une et indivisible<\/em><\/strong><\/p>\n\n\n\n<p class=\"wp-block-paragraph\">Le Pr\u00e9sident du Conseil est revenu sur la solidarit\u00e9 et la coh\u00e9sion entre les peuples africains, appelant ainsi \u00e0 un panafricanisme global qui renforce l\u2019unit\u00e9, la cr\u00e9ativit\u00e9 et la puissance africaine.<\/p>\n\n\n<div class=\"wp-block-image\">\n<figure class=\"aligncenter size-full is-resized\"><img loading=\"lazy\" decoding=\"async\" width=\"500\" height=\"500\" src=\"https:\/\/macite.tg\/wp-content\/uploads\/2025\/12\/Geo-ref.jpg\" alt=\"\" class=\"wp-image-26561\" style=\"width:684px;height:auto\" srcset=\"https:\/\/macite.tg\/wp-content\/uploads\/2025\/12\/Geo-ref.jpg 500w, https:\/\/macite.tg\/wp-content\/uploads\/2025\/12\/Geo-ref-300x300.jpg 300w, https:\/\/macite.tg\/wp-content\/uploads\/2025\/12\/Geo-ref-150x150.jpg 150w, https:\/\/macite.tg\/wp-content\/uploads\/2025\/12\/Geo-ref-122x122.jpg 122w\" sizes=\"auto, (max-width: 500px) 100vw, 500px\" \/><\/figure>\n<\/div>\n\n\n<p class=\"wp-block-paragraph\"><em>\u00ab&nbsp;Le panafricanisme est global. Il est dans notre continent. Il est dans la diaspora. Il est dans notre jeunesse. La diaspora, les Afrodescendants et les jeunes sont les trois forces motrices du renouveau africain. Faire d\u2019eux des acteurs centraux, c\u2019est renforcer l\u2019unit\u00e9, la cr\u00e9ativit\u00e9 et la puissance africaine&nbsp;\u00bb.<\/em><\/p>\n\n\n\n<p class=\"wp-block-paragraph\">Il a insist\u00e9 sur l\u2019importance de la Diaspora et les Afrodescendants dans cette qu\u00eate, d\u2019autant plus qu\u2019ils constituent une source immense de savoirs, de cr\u00e9ativit\u00e9, et surtout d\u2019influence. Ils prolongent l\u2019Afrique dans le monde. Ils \u00e9largissent notre horizon collectif.<\/p>\n\n\n\n<p class=\"wp-block-paragraph\">En plus de la diaspora et des Afrodescendants, le Pr\u00e9sident du Conseil a \u00e9voqu\u00e9 la n\u00e9cessit\u00e9 d\u2019impliquer la jeunesse africaine dans ce renouveau du panafricanisme, car <em>\u00ab&nbsp;notre jeunesse est notre plus grand atout strat\u00e9gique. Elle porte l\u2019innovation, le num\u00e9rique, la culture, l\u2019\u00e9conomie cr\u00e9ative, les luttes sociales. Elle est pr\u00eate, si nous savons lui faire confiance&nbsp;\u00bb.<\/em><\/p>\n\n\n\n<p class=\"wp-block-paragraph\">Il est alors clair que ce neuvi\u00e8me congr\u00e8s, doit r\u00e9affirmer l\u2019unit\u00e9 de cette grande famille africaine&nbsp;: une unit\u00e9 historique, une unit\u00e9 politique, une unit\u00e9 culturelle et enfin une unit\u00e9 de destin.<\/p>\n\n\n\n<p class=\"wp-block-paragraph\"><strong><em>La reconqu\u00eate du narratif et de l\u2019identit\u00e9 africains<\/em><\/strong><\/p>\n\n\n\n<p class=\"wp-block-paragraph\">La derni\u00e8re observation du Pr\u00e9sident du Conseil a trait au fondement de notre souverainet\u00e9 comme strat\u00e9gie de reconqu\u00eate du narratif et de l\u2019identit\u00e9 africains, car <em>\u00ab&nbsp;aucune puissance ne s\u2019est affirm\u00e9e en laissant les autres raconter son histoire. Depuis des si\u00e8cles, l\u2019image de notre continent a \u00e9t\u00e9 fabriqu\u00e9e hors d\u2019Afrique. Elle a \u00e9t\u00e9 d\u00e9form\u00e9e, st\u00e9r\u00e9otyp\u00e9e, instrumentalis\u00e9e&nbsp;\u00bb.<\/em><\/p>\n\n\n\n<p class=\"wp-block-paragraph\">Reconqu\u00e9rir le narratif revient \u00e0 r\u00e9tablir la v\u00e9rit\u00e9 sur l\u2019histoire africaine, \u00e0 valoriser les victoires, \u00e0 corriger les r\u00e9cits coloniaux et \u00e0 faire des arts, des langues, des cultures africaines, des instruments d\u2019influence. C\u2019est aussi ma\u00eetriser les nouveaux espaces de communication num\u00e9riques, m\u00e9diatiques et acad\u00e9miques.<\/p>\n\n\n\n<p class=\"wp-block-paragraph\">La mat\u00e9rialisation de cette vision fera de l\u2019Afrique, un continent qui ma\u00eetrise son r\u00e9cit et son avenir, qui inspire, qui attire, qui investit et qui influence. Le Pr\u00e9sident du Conseil a \u00e9mis le v\u0153u que le Congr\u00e8s de Lom\u00e9 soit le lieu o\u00f9 l\u2019Afrique s\u2019unit pour agir, o\u00f9 voix africaines se rassemblent, o\u00f9 s\u2019\u00e9l\u00e8vent les id\u00e9es des Africains et des Afrodescendants, o\u00f9 leur destin se clarifie.<\/p>\n\n\n\n<p class=\"wp-block-paragraph\">Les travaux de cette \u00e9dition vont d\u00e9boucher sur la <em>\u00ab&nbsp;D\u00e9claration du Congr\u00e8s panafricain de Lom\u00e9&nbsp;\u00bb<\/em>, laquelle portera notamment sur les enjeux fondamentaux relatifs au devenir humain, politique, culturel, social, identitaire et soci\u00e9tal de l\u2019Africain.<\/p>\n\n\n<div class=\"wp-block-image\">\n<figure class=\"aligncenter size-large is-resized\"><img loading=\"lazy\" decoding=\"async\" width=\"1024\" height=\"1024\" src=\"https:\/\/macite.tg\/wp-content\/uploads\/2025\/12\/d4c3a8a5-b555-493c-b116-93e62f3746c8-1024x1024.jpg\" alt=\"\" class=\"wp-image-26560\" style=\"width:658px;height:auto\" srcset=\"https:\/\/macite.tg\/wp-content\/uploads\/2025\/12\/d4c3a8a5-b555-493c-b116-93e62f3746c8-1024x1024.jpg 1024w, https:\/\/macite.tg\/wp-content\/uploads\/2025\/12\/d4c3a8a5-b555-493c-b116-93e62f3746c8-300x300.jpg 300w, https:\/\/macite.tg\/wp-content\/uploads\/2025\/12\/d4c3a8a5-b555-493c-b116-93e62f3746c8-150x150.jpg 150w, https:\/\/macite.tg\/wp-content\/uploads\/2025\/12\/d4c3a8a5-b555-493c-b116-93e62f3746c8-768x768.jpg 768w, https:\/\/macite.tg\/wp-content\/uploads\/2025\/12\/d4c3a8a5-b555-493c-b116-93e62f3746c8-122x122.jpg 122w, https:\/\/macite.tg\/wp-content\/uploads\/2025\/12\/d4c3a8a5-b555-493c-b116-93e62f3746c8.jpg 1080w\" sizes=\"auto, (max-width: 1024px) 100vw, 1024px\" \/><\/figure>\n<\/div>\n\n\n<p class=\"wp-block-paragraph\">Elle mettra en lumi\u00e8re la n\u00e9cessit\u00e9 de concevoir collectivement pour l\u2019Afrique, une vision, une doctrine et des principes d\u2019action propres \u00e0 un panafricanisme r\u00e9invent\u00e9 et ressourc\u00e9, capable d\u2019influencer la r\u00e9forme des institutions internationales en s\u2019appuyant sur les atouts et les potentialit\u00e9s du continent.<\/p>\n\n\n\n<p class=\"wp-block-paragraph\">La D\u00e9claration soulignera \u00e9galement l\u2019existence d\u2019une communaut\u00e9 de pass\u00e9, de racines et de destins unissant les Africains du continent et ceux vivant hors de celui-ci, ouvrant ainsi la voie \u00e0 des approches innovantes destin\u00e9es \u00e0 faire de la diaspora et des Afrodescendants des acteurs strat\u00e9giques pleinement reconnus dans le d\u00e9veloppement de l\u2019Afrique.<\/p>\n\n\n\n<p class=\"wp-block-paragraph\"><strong>(Mab\u00e9 B. &amp; Pr\u00e9sidence du Conseil)<\/strong><\/p>\n\n\n\n<p class=\"wp-block-paragraph\"><a><strong><em>@macite.tg&nbsp;&nbsp;&nbsp;&nbsp;&nbsp;&nbsp;&nbsp;&nbsp;<\/em><\/strong><\/a><\/p>\n\n\n\n<p class=\"wp-block-paragraph\"><strong><em>E-mail&nbsp;: <\/em><\/strong><a href=\"mailto:maciteinfo@gmail.com\"><strong><em>maciteinfo@gmail.com<\/em><\/strong><\/a><strong><em>; <\/em><\/strong><a href=\"mailto:bawela1@gmail.com\"><strong><em>bawela1@gmail.com<\/em><\/strong><\/a><strong><em><\/em><\/strong><\/p>\n\n\n\n<p class=\"wp-block-paragraph\"><strong><em>Pour vos annonces, (publi)reportages, etc., joignez-nous au (00228)91515309\/<strong>79872224 <\/strong><strong><\/strong><\/em><\/strong><\/p>\n\n\n\n<p class=\"wp-block-paragraph\"><strong><em>www.macite.tg, L\u2019information, la bonne&nbsp;!<\/em><\/strong><\/p>\n\n\n\n<p class=\"wp-block-paragraph\"><\/p>\n","protected":false},"excerpt":{"rendered":"<p class=\"text-justify mb-2\" >\u00ab&nbsp;Renouveau du panafricanisme et r\u00f4le de l\u2019Afrique dans la r\u00e9forme des institutions multilat\u00e9rales : mobiliser les ressources et se r\u00e9inventer pour agir&nbsp;\u00bb, tel est le th\u00e8me retenu pour l\u2019\u00e9dition 9 du Congr\u00e8s panafricain dont la capitale togolaise abrite depuis hier lundi 08 d\u00e9cembre. La c\u00e9r\u00e9monie [&hellip;]<\/p>\n","protected":false},"author":2,"featured_media":26715,"comment_status":"open","ping_status":"open","sticky":false,"template":"","format":"standard","meta":{"footnotes":""},"categories":[20,8],"tags":[],"class_list":["post-26713","post","type-post","status-publish","format-standard","has-post-thumbnail","hentry","category-actualite","category-diplomatie"],"yoast_head":"<!-- This site is optimized with the Yoast SEO plugin v28.4 - https:\/\/yoast.com\/product\/yoast-seo-wordpress\/ -->\n<title>9EME CONGRES PANAFRICAIN\u00a0: Lom\u00e9 jette les bases de la vision du Pr\u00e9sident Faure Gnassingb\u00e9 pour un panafricanisme r\u00e9nov\u00e9 et profitable \u00e0 l\u2019Afrique -<\/title>\n<meta name=\"robots\" content=\"index, follow, max-snippet:-1, max-image-preview:large, max-video-preview:-1\" \/>\n<link rel=\"canonical\" href=\"https:\/\/macite.tg\/?p=26713\" \/>\n<meta property=\"og:locale\" content=\"fr_FR\" \/>\n<meta property=\"og:type\" content=\"article\" \/>\n<meta property=\"og:title\" content=\"9EME CONGRES PANAFRICAIN\u00a0: Lom\u00e9 jette les bases de la vision du Pr\u00e9sident Faure Gnassingb\u00e9 pour un panafricanisme r\u00e9nov\u00e9 et profitable \u00e0 l\u2019Afrique -\" \/>\n<meta property=\"og:description\" content=\"\u00ab&nbsp;Renouveau du panafricanisme et r\u00f4le de l\u2019Afrique dans la r\u00e9forme des institutions multilat\u00e9rales : mobiliser les ressources et se r\u00e9inventer pour agir&nbsp;\u00bb, tel est le th\u00e8me retenu pour l\u2019\u00e9dition 9 du Congr\u00e8s panafricain dont la capitale togolaise abrite depuis hier lundi 08 d\u00e9cembre. La c\u00e9r\u00e9monie [&hellip;]\" \/>\n<meta property=\"og:url\" content=\"https:\/\/macite.tg\/?p=26713\" \/>\n<meta property=\"article:published_time\" content=\"2025-12-09T16:52:46+00:00\" \/>\n<meta property=\"og:image\" content=\"https:\/\/macite.tg\/wp-content\/uploads\/2025\/12\/AAA.jpg\" \/>\n\t<meta property=\"og:image:width\" content=\"500\" \/>\n\t<meta property=\"og:image:height\" content=\"156\" \/>\n\t<meta property=\"og:image:type\" content=\"image\/jpeg\" \/>\n<meta name=\"author\" content=\"Jean Pierre BAWELA\" \/>\n<meta name=\"twitter:card\" content=\"summary_large_image\" \/>\n<meta name=\"twitter:label1\" content=\"\u00c9crit par\" \/>\n\t<meta name=\"twitter:data1\" content=\"Jean Pierre BAWELA\" \/>\n\t<meta name=\"twitter:label2\" content=\"Dur\u00e9e de lecture estim\u00e9e\" \/>\n\t<meta name=\"twitter:data2\" content=\"9 minutes\" \/>\n<script type=\"application\/ld+json\" class=\"yoast-schema-graph\">{\"@context\":\"https:\\\/\\\/schema.org\",\"@graph\":[{\"@type\":\"Article\",\"@id\":\"https:\\\/\\\/macite.tg\\\/?p=26713#article\",\"isPartOf\":{\"@id\":\"https:\\\/\\\/macite.tg\\\/?p=26713\"},\"author\":{\"name\":\"Jean Pierre BAWELA\",\"@id\":\"https:\\\/\\\/macite.tg\\\/#\\\/schema\\\/person\\\/e9f2de7e5dbbe7770a9402c7ce82f5c2\"},\"headline\":\"9EME CONGRES PANAFRICAIN\u00a0: Lom\u00e9 jette les bases de la vision du Pr\u00e9sident Faure Gnassingb\u00e9 pour un panafricanisme r\u00e9nov\u00e9 et profitable \u00e0 l\u2019Afrique\",\"datePublished\":\"2025-12-09T16:52:46+00:00\",\"mainEntityOfPage\":{\"@id\":\"https:\\\/\\\/macite.tg\\\/?p=26713\"},\"wordCount\":1755,\"commentCount\":0,\"image\":{\"@id\":\"https:\\\/\\\/macite.tg\\\/?p=26713#primaryimage\"},\"thumbnailUrl\":\"https:\\\/\\\/macite.tg\\\/wp-content\\\/uploads\\\/2025\\\/12\\\/AAA.jpg\",\"articleSection\":[\"ACTUALITE\",\"DIPLOMATIE\"],\"inLanguage\":\"fr-FR\",\"potentialAction\":[{\"@type\":\"CommentAction\",\"name\":\"Comment\",\"target\":[\"https:\\\/\\\/macite.tg\\\/?p=26713#respond\"]}]},{\"@type\":\"WebPage\",\"@id\":\"https:\\\/\\\/macite.tg\\\/?p=26713\",\"url\":\"https:\\\/\\\/macite.tg\\\/?p=26713\",\"name\":\"9EME CONGRES PANAFRICAIN\u00a0: Lom\u00e9 jette les bases de la vision du Pr\u00e9sident Faure Gnassingb\u00e9 pour un panafricanisme r\u00e9nov\u00e9 et profitable \u00e0 l\u2019Afrique -\",\"isPartOf\":{\"@id\":\"https:\\\/\\\/macite.tg\\\/#website\"},\"primaryImageOfPage\":{\"@id\":\"https:\\\/\\\/macite.tg\\\/?p=26713#primaryimage\"},\"image\":{\"@id\":\"https:\\\/\\\/macite.tg\\\/?p=26713#primaryimage\"},\"thumbnailUrl\":\"https:\\\/\\\/macite.tg\\\/wp-content\\\/uploads\\\/2025\\\/12\\\/AAA.jpg\",\"datePublished\":\"2025-12-09T16:52:46+00:00\",\"author\":{\"@id\":\"https:\\\/\\\/macite.tg\\\/#\\\/schema\\\/person\\\/e9f2de7e5dbbe7770a9402c7ce82f5c2\"},\"breadcrumb\":{\"@id\":\"https:\\\/\\\/macite.tg\\\/?p=26713#breadcrumb\"},\"inLanguage\":\"fr-FR\",\"potentialAction\":[{\"@type\":\"ReadAction\",\"target\":[\"https:\\\/\\\/macite.tg\\\/?p=26713\"]}]},{\"@type\":\"ImageObject\",\"inLanguage\":\"fr-FR\",\"@id\":\"https:\\\/\\\/macite.tg\\\/?p=26713#primaryimage\",\"url\":\"https:\\\/\\\/macite.tg\\\/wp-content\\\/uploads\\\/2025\\\/12\\\/AAA.jpg\",\"contentUrl\":\"https:\\\/\\\/macite.tg\\\/wp-content\\\/uploads\\\/2025\\\/12\\\/AAA.jpg\",\"width\":500,\"height\":156},{\"@type\":\"BreadcrumbList\",\"@id\":\"https:\\\/\\\/macite.tg\\\/?p=26713#breadcrumb\",\"itemListElement\":[{\"@type\":\"ListItem\",\"position\":1,\"name\":\"Accueil\",\"item\":\"https:\\\/\\\/macite.tg\\\/\"},{\"@type\":\"ListItem\",\"position\":2,\"name\":\"9EME CONGRES PANAFRICAIN\u00a0: Lom\u00e9 jette les bases de la vision du Pr\u00e9sident Faure Gnassingb\u00e9 pour un panafricanisme r\u00e9nov\u00e9 et profitable \u00e0 l\u2019Afrique\"}]},{\"@type\":\"WebSite\",\"@id\":\"https:\\\/\\\/macite.tg\\\/#website\",\"url\":\"https:\\\/\\\/macite.tg\\\/\",\"name\":\"\",\"description\":\"L&#039;information, la bonne!!!\",\"potentialAction\":[{\"@type\":\"SearchAction\",\"target\":{\"@type\":\"EntryPoint\",\"urlTemplate\":\"https:\\\/\\\/macite.tg\\\/?s={search_term_string}\"},\"query-input\":{\"@type\":\"PropertyValueSpecification\",\"valueRequired\":true,\"valueName\":\"search_term_string\"}}],\"inLanguage\":\"fr-FR\"},{\"@type\":\"Person\",\"@id\":\"https:\\\/\\\/macite.tg\\\/#\\\/schema\\\/person\\\/e9f2de7e5dbbe7770a9402c7ce82f5c2\",\"name\":\"Jean Pierre BAWELA\",\"image\":{\"@type\":\"ImageObject\",\"inLanguage\":\"fr-FR\",\"@id\":\"https:\\\/\\\/macite.tg\\\/wp-content\\\/uploads\\\/2023\\\/09\\\/WhatsApp-Image-2023-09-19-at-14.44.41-122x122.jpeg\",\"url\":\"https:\\\/\\\/macite.tg\\\/wp-content\\\/uploads\\\/2023\\\/09\\\/WhatsApp-Image-2023-09-19-at-14.44.41-122x122.jpeg\",\"contentUrl\":\"https:\\\/\\\/macite.tg\\\/wp-content\\\/uploads\\\/2023\\\/09\\\/WhatsApp-Image-2023-09-19-at-14.44.41-122x122.jpeg\",\"caption\":\"Jean Pierre BAWELA\"},\"url\":\"https:\\\/\\\/macite.tg\\\/?author=2\"}]}<\/script>\n<!-- \/ Yoast SEO plugin. -->","yoast_head_json":{"title":"9EME CONGRES PANAFRICAIN\u00a0: Lom\u00e9 jette les bases de la vision du Pr\u00e9sident Faure Gnassingb\u00e9 pour un panafricanisme r\u00e9nov\u00e9 et profitable \u00e0 l\u2019Afrique -","robots":{"index":"index","follow":"follow","max-snippet":"max-snippet:-1","max-image-preview":"max-image-preview:large","max-video-preview":"max-video-preview:-1"},"canonical":"https:\/\/macite.tg\/?p=26713","og_locale":"fr_FR","og_type":"article","og_title":"9EME CONGRES PANAFRICAIN\u00a0: Lom\u00e9 jette les bases de la vision du Pr\u00e9sident Faure Gnassingb\u00e9 pour un panafricanisme r\u00e9nov\u00e9 et profitable \u00e0 l\u2019Afrique -","og_description":"\u00ab&nbsp;Renouveau du panafricanisme et r\u00f4le de l\u2019Afrique dans la r\u00e9forme des institutions multilat\u00e9rales : mobiliser les ressources et se r\u00e9inventer pour agir&nbsp;\u00bb, tel est le th\u00e8me retenu pour l\u2019\u00e9dition 9 du Congr\u00e8s panafricain dont la capitale togolaise abrite depuis hier lundi 08 d\u00e9cembre. La c\u00e9r\u00e9monie [&hellip;]","og_url":"https:\/\/macite.tg\/?p=26713","article_published_time":"2025-12-09T16:52:46+00:00","og_image":[{"width":500,"height":156,"url":"https:\/\/macite.tg\/wp-content\/uploads\/2025\/12\/AAA.jpg","type":"image\/jpeg"}],"author":"Jean Pierre BAWELA","twitter_card":"summary_large_image","twitter_misc":{"\u00c9crit par":"Jean Pierre BAWELA","Dur\u00e9e de lecture estim\u00e9e":"9 minutes"},"schema":{"@context":"https:\/\/schema.org","@graph":[{"@type":"Article","@id":"https:\/\/macite.tg\/?p=26713#article","isPartOf":{"@id":"https:\/\/macite.tg\/?p=26713"},"author":{"name":"Jean Pierre BAWELA","@id":"https:\/\/macite.tg\/#\/schema\/person\/e9f2de7e5dbbe7770a9402c7ce82f5c2"},"headline":"9EME CONGRES PANAFRICAIN\u00a0: Lom\u00e9 jette les bases de la vision du Pr\u00e9sident Faure Gnassingb\u00e9 pour un panafricanisme r\u00e9nov\u00e9 et profitable \u00e0 l\u2019Afrique","datePublished":"2025-12-09T16:52:46+00:00","mainEntityOfPage":{"@id":"https:\/\/macite.tg\/?p=26713"},"wordCount":1755,"commentCount":0,"image":{"@id":"https:\/\/macite.tg\/?p=26713#primaryimage"},"thumbnailUrl":"https:\/\/macite.tg\/wp-content\/uploads\/2025\/12\/AAA.jpg","articleSection":["ACTUALITE","DIPLOMATIE"],"inLanguage":"fr-FR","potentialAction":[{"@type":"CommentAction","name":"Comment","target":["https:\/\/macite.tg\/?p=26713#respond"]}]},{"@type":"WebPage","@id":"https:\/\/macite.tg\/?p=26713","url":"https:\/\/macite.tg\/?p=26713","name":"9EME CONGRES PANAFRICAIN\u00a0: Lom\u00e9 jette les bases de la vision du Pr\u00e9sident Faure Gnassingb\u00e9 pour un panafricanisme r\u00e9nov\u00e9 et profitable \u00e0 l\u2019Afrique -","isPartOf":{"@id":"https:\/\/macite.tg\/#website"},"primaryImageOfPage":{"@id":"https:\/\/macite.tg\/?p=26713#primaryimage"},"image":{"@id":"https:\/\/macite.tg\/?p=26713#primaryimage"},"thumbnailUrl":"https:\/\/macite.tg\/wp-content\/uploads\/2025\/12\/AAA.jpg","datePublished":"2025-12-09T16:52:46+00:00","author":{"@id":"https:\/\/macite.tg\/#\/schema\/person\/e9f2de7e5dbbe7770a9402c7ce82f5c2"},"breadcrumb":{"@id":"https:\/\/macite.tg\/?p=26713#breadcrumb"},"inLanguage":"fr-FR","potentialAction":[{"@type":"ReadAction","target":["https:\/\/macite.tg\/?p=26713"]}]},{"@type":"ImageObject","inLanguage":"fr-FR","@id":"https:\/\/macite.tg\/?p=26713#primaryimage","url":"https:\/\/macite.tg\/wp-content\/uploads\/2025\/12\/AAA.jpg","contentUrl":"https:\/\/macite.tg\/wp-content\/uploads\/2025\/12\/AAA.jpg","width":500,"height":156},{"@type":"BreadcrumbList","@id":"https:\/\/macite.tg\/?p=26713#breadcrumb","itemListElement":[{"@type":"ListItem","position":1,"name":"Accueil","item":"https:\/\/macite.tg\/"},{"@type":"ListItem","position":2,"name":"9EME CONGRES PANAFRICAIN\u00a0: Lom\u00e9 jette les bases de la vision du Pr\u00e9sident Faure Gnassingb\u00e9 pour un panafricanisme r\u00e9nov\u00e9 et profitable \u00e0 l\u2019Afrique"}]},{"@type":"WebSite","@id":"https:\/\/macite.tg\/#website","url":"https:\/\/macite.tg\/","name":"","description":"L&#039;information, la bonne!!!","potentialAction":[{"@type":"SearchAction","target":{"@type":"EntryPoint","urlTemplate":"https:\/\/macite.tg\/?s={search_term_string}"},"query-input":{"@type":"PropertyValueSpecification","valueRequired":true,"valueName":"search_term_string"}}],"inLanguage":"fr-FR"},{"@type":"Person","@id":"https:\/\/macite.tg\/#\/schema\/person\/e9f2de7e5dbbe7770a9402c7ce82f5c2","name":"Jean Pierre BAWELA","image":{"@type":"ImageObject","inLanguage":"fr-FR","@id":"https:\/\/macite.tg\/wp-content\/uploads\/2023\/09\/WhatsApp-Image-2023-09-19-at-14.44.41-122x122.jpeg","url":"https:\/\/macite.tg\/wp-content\/uploads\/2023\/09\/WhatsApp-Image-2023-09-19-at-14.44.41-122x122.jpeg","contentUrl":"https:\/\/macite.tg\/wp-content\/uploads\/2023\/09\/WhatsApp-Image-2023-09-19-at-14.44.41-122x122.jpeg","caption":"Jean Pierre BAWELA"},"url":"https:\/\/macite.tg\/?author=2"}]}},"_links":{"self":[{"href":"https:\/\/macite.tg\/index.php?rest_route=\/wp\/v2\/posts\/26713","targetHints":{"allow":["GET"]}}],"collection":[{"href":"https:\/\/macite.tg\/index.php?rest_route=\/wp\/v2\/posts"}],"about":[{"href":"https:\/\/macite.tg\/index.php?rest_route=\/wp\/v2\/types\/post"}],"author":[{"embeddable":true,"href":"https:\/\/macite.tg\/index.php?rest_route=\/wp\/v2\/users\/2"}],"replies":[{"embeddable":true,"href":"https:\/\/macite.tg\/index.php?rest_route=%2Fwp%2Fv2%2Fcomments&post=26713"}],"version-history":[{"count":0,"href":"https:\/\/macite.tg\/index.php?rest_route=\/wp\/v2\/posts\/26713\/revisions"}],"wp:featuredmedia":[{"embeddable":true,"href":"https:\/\/macite.tg\/index.php?rest_route=\/wp\/v2\/media\/26715"}],"wp:attachment":[{"href":"https:\/\/macite.tg\/index.php?rest_route=%2Fwp%2Fv2%2Fmedia&parent=26713"}],"wp:term":[{"taxonomy":"category","embeddable":true,"href":"https:\/\/macite.tg\/index.php?rest_route=%2Fwp%2Fv2%2Fcategories&post=26713"},{"taxonomy":"post_tag","embeddable":true,"href":"https:\/\/macite.tg\/index.php?rest_route=%2Fwp%2Fv2%2Ftags&post=26713"}],"curies":[{"name":"wp","href":"https:\/\/api.w.org\/{rel}","templated":true}]}}