{"id":26703,"date":"2025-12-09T13:37:00","date_gmt":"2025-12-09T13:37:00","guid":{"rendered":"https:\/\/macite.tg\/?p=26703"},"modified":"2025-12-09T13:51:34","modified_gmt":"2025-12-09T13:51:34","slug":"9e-congres-panafricain-agenda-du-jour-2-avec-lappel-a-la-jeunesse","status":"publish","type":"post","link":"https:\/\/macite.tg\/?p=26703","title":{"rendered":"9e CONGRES PANAFRICAIN : Agenda du Jour 2 avec l\u2019appel \u00e0 la jeunesse"},"content":{"rendered":"\n<p class=\"wp-block-paragraph\"><strong><em>\u00ab Renouveau du panafricanisme et r\u00f4le de l\u2019Afrique dans la r\u00e9forme des institutions multilat\u00e9rales : mobiliser les ressources et se r\u00e9inventer pour agir \u00bb, tel est le th\u00e8me du 9\u00e8 congr\u00e8s panafricain que la capitale togolaise abrite depuis hier lundi. La c\u00e9r\u00e9monie d\u2019ouverture des travaux de cet important rendez-vous pour l\u2019Afrique et sa diaspora, a \u00e9t\u00e9 pr\u00e9sid\u00e9e par le Pr\u00e9sident du conseil, Faure Essozimna Gnassingb\u00e9.<\/em><\/strong><\/p>\n\n\n\n<figure class=\"wp-block-image size-large\"><img loading=\"lazy\" decoding=\"async\" width=\"1024\" height=\"1024\" src=\"https:\/\/macite.tg\/wp-content\/uploads\/2025\/12\/image-31-1024x1024.png\" alt=\"\" class=\"wp-image-26710\" srcset=\"https:\/\/macite.tg\/wp-content\/uploads\/2025\/12\/image-31-1024x1024.png 1024w, https:\/\/macite.tg\/wp-content\/uploads\/2025\/12\/image-31-300x300.png 300w, https:\/\/macite.tg\/wp-content\/uploads\/2025\/12\/image-31-150x150.png 150w, https:\/\/macite.tg\/wp-content\/uploads\/2025\/12\/image-31-768x768.png 768w, https:\/\/macite.tg\/wp-content\/uploads\/2025\/12\/image-31-122x122.png 122w, https:\/\/macite.tg\/wp-content\/uploads\/2025\/12\/image-31.png 1080w\" sizes=\"auto, (max-width: 1024px) 100vw, 1024px\" \/><\/figure>\n\n\n\n<p class=\"wp-block-paragraph\"><strong><em>Voici l\u2019agenda du second jour de cette rencontre historique.<\/em><\/strong><\/p>\n\n\n\n<p class=\"wp-block-paragraph\">08H00-10H00\u00a0: (Auditorium du Palais des Congr\u00e8s de Lom\u00e9)<\/p>\n\n\n\n<p class=\"wp-block-paragraph\">&#8211; Parole aux panafricanistes (07 min par intervenant)<\/p>\n\n\n\n<p class=\"wp-block-paragraph\">&#8211; D\u00e9bats<\/p>\n\n\n\n<p class=\"wp-block-paragraph\">Mod\u00e9rateur(trice)<\/p>\n\n\n\n<p class=\"wp-block-paragraph\">10H00-12H00 Rencontre avec la jeunesse panafricaine<\/p>\n\n\n\n<p class=\"wp-block-paragraph\">Th\u00e8me : <em>\u00ab L\u2019id\u00e9al panafricain dans le contexte actuel : enjeux pour les jeunes et perspectives pour une Afrique nouvelle, forte et souveraine \u00bb<\/em><\/p>\n\n\n\n<p class=\"wp-block-paragraph\">Intervenants : Universit\u00e9 de Lom\u00e9 Amphith\u00e9\u00e2tre Prof. JOHNSON<\/p>\n\n\n\n<p class=\"wp-block-paragraph\">Mod\u00e9rateurs : Campus Nord (\u00c9v\u00e8nement d\u00e9localis\u00e9)<\/p>\n\n\n\n<p class=\"wp-block-paragraph\">10H00-10H15 Pause-Caf\u00e9<\/p>\n\n\n\n<p class=\"wp-block-paragraph\">10H30-12H30 Travaux en commission<\/p>\n\n\n\n<p class=\"wp-block-paragraph\">&#8211; Commission 1 : Afrique au XXIe si\u00e8cle et vision nouvelle du panafricanisme<\/p>\n\n\n\n<p class=\"wp-block-paragraph\">&#8211; Commission 2 : R\u00e9forme des institutions multilat\u00e9rales : r\u00f4le et place de l\u2019Afrique<\/p>\n\n\n\n<p class=\"wp-block-paragraph\">&#8211; Commission 3 : Mobilisation des ressources et d\u00e9veloppement autocentr\u00e9<\/p>\n\n\n\n<p class=\"wp-block-paragraph\">&#8211; Commission 4 : D\u00e9colonisation de l&rsquo;esprit et r\u00e9invention de soi<\/p>\n\n\n\n<p class=\"wp-block-paragraph\">&#8211; Commission 5 : R\u00e9paration et restitution des biens culturels africains<\/p>\n\n\n\n<p class=\"wp-block-paragraph\">&#8211; Commission 6 : Lutte des peuples africains et afrodescendants contre le racisme \u00e0 l\u2019aune de la D\u00e9claration de Durban de 2001 et programme d\u2019action<\/p>\n\n\n\n<p class=\"wp-block-paragraph\">&#8211; Commission 7 : R\u00f4le et place de la femme dans le mouvement panafricain<\/p>\n\n\n\n<p class=\"wp-block-paragraph\">&#8211; Commission 8 : \u00c9tudes africaines et panafricaines, d\u00e9colonisation du savoir et promotion du panafricanisme<\/p>\n\n\n\n<p class=\"wp-block-paragraph\">12H30-14h00 Pause D\u00e9jeuner<\/p>\n\n\n\n<p class=\"wp-block-paragraph\">14H00-16H00 Suite et fin des travaux en commission<\/p>\n\n\n\n<p class=\"wp-block-paragraph\">&#8211; Commission 1 : Afrique au XXIe si\u00e8cle et vision nouvelle du panafricanisme<\/p>\n\n\n\n<p class=\"wp-block-paragraph\">&#8211; Commission 2 : R\u00e9forme des institutions multilat\u00e9rales : r\u00f4le et place de l\u2019Afrique<\/p>\n\n\n\n<p class=\"wp-block-paragraph\">&#8211; Commission 3 : Mobilisation des ressources et d\u00e9veloppement autocentr\u00e9<\/p>\n\n\n\n<p class=\"wp-block-paragraph\">&#8211; Commission 4 : D\u00e9colonisation de l&rsquo;esprit et r\u00e9invention de soi<\/p>\n\n\n\n<p class=\"wp-block-paragraph\">&#8211; Commission 5 : R\u00e9paration et restitution des biens culturels africains<\/p>\n\n\n\n<p class=\"wp-block-paragraph\">&#8211; Commission 6 : Lutte des peuples africains et afrodescendants contre le racisme \u00e0 l\u2019aune de la D\u00e9claration de Durban de 2001 et programme d\u2019action<\/p>\n\n\n\n<p class=\"wp-block-paragraph\">&#8211; Commission 7 : R\u00f4le et place de la femme dans le mouvement panafricain<\/p>\n\n\n\n<p class=\"wp-block-paragraph\">&#8211; Commission 8 : \u00c9tudes africaines et panafricaines, d\u00e9colonisation du savoir et promotion du panafricanisme<\/p>\n\n\n\n<figure class=\"wp-block-image size-large\"><img loading=\"lazy\" decoding=\"async\" width=\"1024\" height=\"1024\" src=\"https:\/\/macite.tg\/wp-content\/uploads\/2025\/12\/image-32-1024x1024.png\" alt=\"\" class=\"wp-image-26711\" srcset=\"https:\/\/macite.tg\/wp-content\/uploads\/2025\/12\/image-32-1024x1024.png 1024w, https:\/\/macite.tg\/wp-content\/uploads\/2025\/12\/image-32-300x300.png 300w, https:\/\/macite.tg\/wp-content\/uploads\/2025\/12\/image-32-150x150.png 150w, https:\/\/macite.tg\/wp-content\/uploads\/2025\/12\/image-32-768x768.png 768w, https:\/\/macite.tg\/wp-content\/uploads\/2025\/12\/image-32-122x122.png 122w, https:\/\/macite.tg\/wp-content\/uploads\/2025\/12\/image-32.png 1080w\" sizes=\"auto, (max-width: 1024px) 100vw, 1024px\" \/><\/figure>\n\n\n\n<p class=\"wp-block-paragraph\">16H00-16H15 Pause-caf\u00e9<\/p>\n\n\n\n<p class=\"wp-block-paragraph\">16H45-18H30<\/p>\n\n\n\n<p class=\"wp-block-paragraph\">(Auditorium du Palais des Congr\u00e8s de Lom\u00e9)<\/p>\n\n\n\n<p class=\"wp-block-paragraph\">Restitution des travaux des commissions et de la rencontre avec la jeunesse panafricaine (07 min par commission)<\/p>\n\n\n\n<p class=\"wp-block-paragraph\">&#8211; Commission 1 : Afrique au XXIe si\u00e8cle et vision nouvelle du panafricanisme<\/p>\n\n\n\n<p class=\"wp-block-paragraph\">&#8211; Commission 2 : R\u00e9forme des institutions multilat\u00e9rales : r\u00f4le et place de l\u2019Afrique<\/p>\n\n\n\n<p class=\"wp-block-paragraph\">&#8211; Commission 3 : Mobilisation des ressources et d\u00e9veloppement autocentr\u00e9<\/p>\n\n\n\n<p class=\"wp-block-paragraph\">&#8211; Commission 4 : D\u00e9colonisation de l&rsquo;esprit et r\u00e9invention de soi<\/p>\n\n\n\n<p class=\"wp-block-paragraph\">&#8211; Commission 5 : R\u00e9paration et restitution des biens culturels africains<\/p>\n\n\n\n<p class=\"wp-block-paragraph\">&#8211; Commission 6 : Lutte des peuples africains et afrodescendants contre le racisme \u00e0 l\u2019aune de la D\u00e9claration de Durban de 2001 et programme d\u2019action<\/p>\n\n\n\n<p class=\"wp-block-paragraph\">&#8211; Commission 7 : R\u00f4le et place de la femme dans le mouvement panafricain<\/p>\n\n\n\n<p class=\"wp-block-paragraph\">&#8211; Commission 8 : \u00c9tudes africaines et panafricaines, d\u00e9colonisation du savoir et promotion du panafricanisme S\u00e9ance de Questions-R\u00e9ponses<\/p>\n\n\n\n<p class=\"wp-block-paragraph\"><strong>Fin du jour 2<\/strong><\/p>\n\n\n\n<p class=\"wp-block-paragraph\"><a><strong><em>@macite.tg&nbsp;&nbsp;&nbsp;&nbsp;&nbsp;&nbsp;&nbsp;&nbsp;<\/em><\/strong><\/a><\/p>\n\n\n\n<p class=\"wp-block-paragraph\"><strong><em>E-mail&nbsp;: <\/em><\/strong><a href=\"mailto:maciteinfo@gmail.com\"><strong><em>maciteinfo@gmail.com<\/em><\/strong><\/a><strong><em>; <\/em><\/strong><a href=\"mailto:bawela1@gmail.com\"><strong><em>bawela1@gmail.com<\/em><\/strong><\/a><strong><em><\/em><\/strong><\/p>\n\n\n\n<p class=\"wp-block-paragraph\"><strong><em>Pour vos annonces, (publi)reportages, etc., joignez-nous au (00228)91515309\/<strong>79872224 <\/strong><strong><\/strong><\/em><\/strong><\/p>\n\n\n\n<p class=\"wp-block-paragraph\"><strong><em>www.macite.tg, L\u2019information, la bonne&nbsp;!<\/em><\/strong><\/p>\n\n\n\n<p class=\"wp-block-paragraph\"><\/p>\n","protected":false},"excerpt":{"rendered":"<p class=\"text-justify mb-2\" >\u00ab Renouveau du panafricanisme et r\u00f4le de l\u2019Afrique dans la r\u00e9forme des institutions multilat\u00e9rales : mobiliser les ressources et se r\u00e9inventer pour agir \u00bb, tel est le th\u00e8me du 9\u00e8 congr\u00e8s panafricain que la capitale togolaise abrite depuis hier lundi. La c\u00e9r\u00e9monie d\u2019ouverture des travaux [&hellip;]<\/p>\n","protected":false},"author":2,"featured_media":26707,"comment_status":"open","ping_status":"open","sticky":false,"template":"","format":"standard","meta":{"footnotes":""},"categories":[20,8],"tags":[],"class_list":["post-26703","post","type-post","status-publish","format-standard","has-post-thumbnail","hentry","category-actualite","category-diplomatie"],"yoast_head":"<!-- This site is optimized with the Yoast SEO plugin v28.4 - https:\/\/yoast.com\/product\/yoast-seo-wordpress\/ -->\n<title>9e CONGRES PANAFRICAIN : Agenda du Jour 2 avec l\u2019appel \u00e0 la jeunesse -<\/title>\n<meta name=\"robots\" content=\"index, follow, max-snippet:-1, max-image-preview:large, max-video-preview:-1\" \/>\n<link rel=\"canonical\" href=\"https:\/\/macite.tg\/?p=26703\" \/>\n<meta property=\"og:locale\" content=\"fr_FR\" \/>\n<meta property=\"og:type\" content=\"article\" \/>\n<meta property=\"og:title\" content=\"9e CONGRES PANAFRICAIN : Agenda du Jour 2 avec l\u2019appel \u00e0 la jeunesse -\" \/>\n<meta property=\"og:description\" content=\"\u00ab Renouveau du panafricanisme et r\u00f4le de l\u2019Afrique dans la r\u00e9forme des institutions multilat\u00e9rales : mobiliser les ressources et se r\u00e9inventer pour agir \u00bb, tel est le th\u00e8me du 9\u00e8 congr\u00e8s panafricain que la capitale togolaise abrite depuis hier lundi. La c\u00e9r\u00e9monie d\u2019ouverture des travaux [&hellip;]\" \/>\n<meta property=\"og:url\" content=\"https:\/\/macite.tg\/?p=26703\" \/>\n<meta property=\"article:published_time\" content=\"2025-12-09T13:37:00+00:00\" \/>\n<meta property=\"article:modified_time\" content=\"2025-12-09T13:51:34+00:00\" \/>\n<meta property=\"og:image\" content=\"https:\/\/macite.tg\/wp-content\/uploads\/2025\/12\/9e-congres-1.jpg\" \/>\n\t<meta property=\"og:image:width\" content=\"500\" \/>\n\t<meta property=\"og:image:height\" content=\"333\" \/>\n\t<meta property=\"og:image:type\" content=\"image\/jpeg\" \/>\n<meta name=\"author\" content=\"Jean Pierre BAWELA\" \/>\n<meta name=\"twitter:card\" content=\"summary_large_image\" \/>\n<meta name=\"twitter:label1\" content=\"\u00c9crit par\" \/>\n\t<meta name=\"twitter:data1\" content=\"Jean Pierre BAWELA\" \/>\n\t<meta name=\"twitter:label2\" content=\"Dur\u00e9e de lecture estim\u00e9e\" \/>\n\t<meta name=\"twitter:data2\" content=\"4 minutes\" \/>\n<script type=\"application\/ld+json\" class=\"yoast-schema-graph\">{\"@context\":\"https:\\\/\\\/schema.org\",\"@graph\":[{\"@type\":\"Article\",\"@id\":\"https:\\\/\\\/macite.tg\\\/?p=26703#article\",\"isPartOf\":{\"@id\":\"https:\\\/\\\/macite.tg\\\/?p=26703\"},\"author\":{\"name\":\"Jean Pierre BAWELA\",\"@id\":\"https:\\\/\\\/macite.tg\\\/#\\\/schema\\\/person\\\/e9f2de7e5dbbe7770a9402c7ce82f5c2\"},\"headline\":\"9e CONGRES PANAFRICAIN : Agenda du Jour 2 avec l\u2019appel \u00e0 la jeunesse\",\"datePublished\":\"2025-12-09T13:37:00+00:00\",\"dateModified\":\"2025-12-09T13:51:34+00:00\",\"mainEntityOfPage\":{\"@id\":\"https:\\\/\\\/macite.tg\\\/?p=26703\"},\"wordCount\":593,\"commentCount\":0,\"image\":{\"@id\":\"https:\\\/\\\/macite.tg\\\/?p=26703#primaryimage\"},\"thumbnailUrl\":\"https:\\\/\\\/macite.tg\\\/wp-content\\\/uploads\\\/2025\\\/12\\\/9e-congres-1.jpg\",\"articleSection\":[\"ACTUALITE\",\"DIPLOMATIE\"],\"inLanguage\":\"fr-FR\",\"potentialAction\":[{\"@type\":\"CommentAction\",\"name\":\"Comment\",\"target\":[\"https:\\\/\\\/macite.tg\\\/?p=26703#respond\"]}]},{\"@type\":\"WebPage\",\"@id\":\"https:\\\/\\\/macite.tg\\\/?p=26703\",\"url\":\"https:\\\/\\\/macite.tg\\\/?p=26703\",\"name\":\"9e CONGRES PANAFRICAIN : Agenda du Jour 2 avec l\u2019appel \u00e0 la jeunesse -\",\"isPartOf\":{\"@id\":\"https:\\\/\\\/macite.tg\\\/#website\"},\"primaryImageOfPage\":{\"@id\":\"https:\\\/\\\/macite.tg\\\/?p=26703#primaryimage\"},\"image\":{\"@id\":\"https:\\\/\\\/macite.tg\\\/?p=26703#primaryimage\"},\"thumbnailUrl\":\"https:\\\/\\\/macite.tg\\\/wp-content\\\/uploads\\\/2025\\\/12\\\/9e-congres-1.jpg\",\"datePublished\":\"2025-12-09T13:37:00+00:00\",\"dateModified\":\"2025-12-09T13:51:34+00:00\",\"author\":{\"@id\":\"https:\\\/\\\/macite.tg\\\/#\\\/schema\\\/person\\\/e9f2de7e5dbbe7770a9402c7ce82f5c2\"},\"breadcrumb\":{\"@id\":\"https:\\\/\\\/macite.tg\\\/?p=26703#breadcrumb\"},\"inLanguage\":\"fr-FR\",\"potentialAction\":[{\"@type\":\"ReadAction\",\"target\":[\"https:\\\/\\\/macite.tg\\\/?p=26703\"]}]},{\"@type\":\"ImageObject\",\"inLanguage\":\"fr-FR\",\"@id\":\"https:\\\/\\\/macite.tg\\\/?p=26703#primaryimage\",\"url\":\"https:\\\/\\\/macite.tg\\\/wp-content\\\/uploads\\\/2025\\\/12\\\/9e-congres-1.jpg\",\"contentUrl\":\"https:\\\/\\\/macite.tg\\\/wp-content\\\/uploads\\\/2025\\\/12\\\/9e-congres-1.jpg\",\"width\":500,\"height\":333},{\"@type\":\"BreadcrumbList\",\"@id\":\"https:\\\/\\\/macite.tg\\\/?p=26703#breadcrumb\",\"itemListElement\":[{\"@type\":\"ListItem\",\"position\":1,\"name\":\"Accueil\",\"item\":\"https:\\\/\\\/macite.tg\\\/\"},{\"@type\":\"ListItem\",\"position\":2,\"name\":\"9e CONGRES PANAFRICAIN : Agenda du Jour 2 avec l\u2019appel \u00e0 la jeunesse\"}]},{\"@type\":\"WebSite\",\"@id\":\"https:\\\/\\\/macite.tg\\\/#website\",\"url\":\"https:\\\/\\\/macite.tg\\\/\",\"name\":\"\",\"description\":\"L&#039;information, la bonne!!!\",\"potentialAction\":[{\"@type\":\"SearchAction\",\"target\":{\"@type\":\"EntryPoint\",\"urlTemplate\":\"https:\\\/\\\/macite.tg\\\/?s={search_term_string}\"},\"query-input\":{\"@type\":\"PropertyValueSpecification\",\"valueRequired\":true,\"valueName\":\"search_term_string\"}}],\"inLanguage\":\"fr-FR\"},{\"@type\":\"Person\",\"@id\":\"https:\\\/\\\/macite.tg\\\/#\\\/schema\\\/person\\\/e9f2de7e5dbbe7770a9402c7ce82f5c2\",\"name\":\"Jean Pierre BAWELA\",\"image\":{\"@type\":\"ImageObject\",\"inLanguage\":\"fr-FR\",\"@id\":\"https:\\\/\\\/macite.tg\\\/wp-content\\\/uploads\\\/2023\\\/09\\\/WhatsApp-Image-2023-09-19-at-14.44.41-122x122.jpeg\",\"url\":\"https:\\\/\\\/macite.tg\\\/wp-content\\\/uploads\\\/2023\\\/09\\\/WhatsApp-Image-2023-09-19-at-14.44.41-122x122.jpeg\",\"contentUrl\":\"https:\\\/\\\/macite.tg\\\/wp-content\\\/uploads\\\/2023\\\/09\\\/WhatsApp-Image-2023-09-19-at-14.44.41-122x122.jpeg\",\"caption\":\"Jean Pierre BAWELA\"},\"url\":\"https:\\\/\\\/macite.tg\\\/?author=2\"}]}<\/script>\n<!-- \/ Yoast SEO plugin. -->","yoast_head_json":{"title":"9e CONGRES PANAFRICAIN : Agenda du Jour 2 avec l\u2019appel \u00e0 la jeunesse -","robots":{"index":"index","follow":"follow","max-snippet":"max-snippet:-1","max-image-preview":"max-image-preview:large","max-video-preview":"max-video-preview:-1"},"canonical":"https:\/\/macite.tg\/?p=26703","og_locale":"fr_FR","og_type":"article","og_title":"9e CONGRES PANAFRICAIN : Agenda du Jour 2 avec l\u2019appel \u00e0 la jeunesse -","og_description":"\u00ab Renouveau du panafricanisme et r\u00f4le de l\u2019Afrique dans la r\u00e9forme des institutions multilat\u00e9rales : mobiliser les ressources et se r\u00e9inventer pour agir \u00bb, tel est le th\u00e8me du 9\u00e8 congr\u00e8s panafricain que la capitale togolaise abrite depuis hier lundi. La c\u00e9r\u00e9monie d\u2019ouverture des travaux [&hellip;]","og_url":"https:\/\/macite.tg\/?p=26703","article_published_time":"2025-12-09T13:37:00+00:00","article_modified_time":"2025-12-09T13:51:34+00:00","og_image":[{"width":500,"height":333,"url":"https:\/\/macite.tg\/wp-content\/uploads\/2025\/12\/9e-congres-1.jpg","type":"image\/jpeg"}],"author":"Jean Pierre BAWELA","twitter_card":"summary_large_image","twitter_misc":{"\u00c9crit par":"Jean Pierre BAWELA","Dur\u00e9e de lecture estim\u00e9e":"4 minutes"},"schema":{"@context":"https:\/\/schema.org","@graph":[{"@type":"Article","@id":"https:\/\/macite.tg\/?p=26703#article","isPartOf":{"@id":"https:\/\/macite.tg\/?p=26703"},"author":{"name":"Jean Pierre BAWELA","@id":"https:\/\/macite.tg\/#\/schema\/person\/e9f2de7e5dbbe7770a9402c7ce82f5c2"},"headline":"9e CONGRES PANAFRICAIN : Agenda du Jour 2 avec l\u2019appel \u00e0 la jeunesse","datePublished":"2025-12-09T13:37:00+00:00","dateModified":"2025-12-09T13:51:34+00:00","mainEntityOfPage":{"@id":"https:\/\/macite.tg\/?p=26703"},"wordCount":593,"commentCount":0,"image":{"@id":"https:\/\/macite.tg\/?p=26703#primaryimage"},"thumbnailUrl":"https:\/\/macite.tg\/wp-content\/uploads\/2025\/12\/9e-congres-1.jpg","articleSection":["ACTUALITE","DIPLOMATIE"],"inLanguage":"fr-FR","potentialAction":[{"@type":"CommentAction","name":"Comment","target":["https:\/\/macite.tg\/?p=26703#respond"]}]},{"@type":"WebPage","@id":"https:\/\/macite.tg\/?p=26703","url":"https:\/\/macite.tg\/?p=26703","name":"9e CONGRES PANAFRICAIN : Agenda du Jour 2 avec l\u2019appel \u00e0 la jeunesse -","isPartOf":{"@id":"https:\/\/macite.tg\/#website"},"primaryImageOfPage":{"@id":"https:\/\/macite.tg\/?p=26703#primaryimage"},"image":{"@id":"https:\/\/macite.tg\/?p=26703#primaryimage"},"thumbnailUrl":"https:\/\/macite.tg\/wp-content\/uploads\/2025\/12\/9e-congres-1.jpg","datePublished":"2025-12-09T13:37:00+00:00","dateModified":"2025-12-09T13:51:34+00:00","author":{"@id":"https:\/\/macite.tg\/#\/schema\/person\/e9f2de7e5dbbe7770a9402c7ce82f5c2"},"breadcrumb":{"@id":"https:\/\/macite.tg\/?p=26703#breadcrumb"},"inLanguage":"fr-FR","potentialAction":[{"@type":"ReadAction","target":["https:\/\/macite.tg\/?p=26703"]}]},{"@type":"ImageObject","inLanguage":"fr-FR","@id":"https:\/\/macite.tg\/?p=26703#primaryimage","url":"https:\/\/macite.tg\/wp-content\/uploads\/2025\/12\/9e-congres-1.jpg","contentUrl":"https:\/\/macite.tg\/wp-content\/uploads\/2025\/12\/9e-congres-1.jpg","width":500,"height":333},{"@type":"BreadcrumbList","@id":"https:\/\/macite.tg\/?p=26703#breadcrumb","itemListElement":[{"@type":"ListItem","position":1,"name":"Accueil","item":"https:\/\/macite.tg\/"},{"@type":"ListItem","position":2,"name":"9e CONGRES PANAFRICAIN : Agenda du Jour 2 avec l\u2019appel \u00e0 la jeunesse"}]},{"@type":"WebSite","@id":"https:\/\/macite.tg\/#website","url":"https:\/\/macite.tg\/","name":"","description":"L&#039;information, la bonne!!!","potentialAction":[{"@type":"SearchAction","target":{"@type":"EntryPoint","urlTemplate":"https:\/\/macite.tg\/?s={search_term_string}"},"query-input":{"@type":"PropertyValueSpecification","valueRequired":true,"valueName":"search_term_string"}}],"inLanguage":"fr-FR"},{"@type":"Person","@id":"https:\/\/macite.tg\/#\/schema\/person\/e9f2de7e5dbbe7770a9402c7ce82f5c2","name":"Jean Pierre BAWELA","image":{"@type":"ImageObject","inLanguage":"fr-FR","@id":"https:\/\/macite.tg\/wp-content\/uploads\/2023\/09\/WhatsApp-Image-2023-09-19-at-14.44.41-122x122.jpeg","url":"https:\/\/macite.tg\/wp-content\/uploads\/2023\/09\/WhatsApp-Image-2023-09-19-at-14.44.41-122x122.jpeg","contentUrl":"https:\/\/macite.tg\/wp-content\/uploads\/2023\/09\/WhatsApp-Image-2023-09-19-at-14.44.41-122x122.jpeg","caption":"Jean Pierre BAWELA"},"url":"https:\/\/macite.tg\/?author=2"}]}},"_links":{"self":[{"href":"https:\/\/macite.tg\/index.php?rest_route=\/wp\/v2\/posts\/26703","targetHints":{"allow":["GET"]}}],"collection":[{"href":"https:\/\/macite.tg\/index.php?rest_route=\/wp\/v2\/posts"}],"about":[{"href":"https:\/\/macite.tg\/index.php?rest_route=\/wp\/v2\/types\/post"}],"author":[{"embeddable":true,"href":"https:\/\/macite.tg\/index.php?rest_route=\/wp\/v2\/users\/2"}],"replies":[{"embeddable":true,"href":"https:\/\/macite.tg\/index.php?rest_route=%2Fwp%2Fv2%2Fcomments&post=26703"}],"version-history":[{"count":0,"href":"https:\/\/macite.tg\/index.php?rest_route=\/wp\/v2\/posts\/26703\/revisions"}],"wp:featuredmedia":[{"embeddable":true,"href":"https:\/\/macite.tg\/index.php?rest_route=\/wp\/v2\/media\/26707"}],"wp:attachment":[{"href":"https:\/\/macite.tg\/index.php?rest_route=%2Fwp%2Fv2%2Fmedia&parent=26703"}],"wp:term":[{"taxonomy":"category","embeddable":true,"href":"https:\/\/macite.tg\/index.php?rest_route=%2Fwp%2Fv2%2Fcategories&post=26703"},{"taxonomy":"post_tag","embeddable":true,"href":"https:\/\/macite.tg\/index.php?rest_route=%2Fwp%2Fv2%2Ftags&post=26703"}],"curies":[{"name":"wp","href":"https:\/\/api.w.org\/{rel}","templated":true}]}}