{"id":26700,"date":"2025-12-09T13:20:39","date_gmt":"2025-12-09T13:20:39","guid":{"rendered":"https:\/\/macite.tg\/?p=26700"},"modified":"2025-12-09T13:24:15","modified_gmt":"2025-12-09T13:24:15","slug":"le-football-togolais-en-deuil-ludovic-assemoassa-lepervier-plus-haut-desormais-dans-les-cieux","status":"publish","type":"post","link":"https:\/\/macite.tg\/?p=26700","title":{"rendered":"LE FOOTBALL TOGOLAIS EN DEUIL\u00a0: Ludovic Ass\u00e9moassa, l\u2019Epervier, plus haut d\u00e9sormais dans les cieux"},"content":{"rendered":"\n<p class=\"wp-block-paragraph\"><strong><em>Le ballon rond togolais est en deuil. La famille du football togolais a perdu un de ses vaillant fils&nbsp;: Ludovic Ass\u00e9moassa, ce solide d\u00e9fenseur a rejoint son Cr\u00e9ateur \u00e0 seulement 45 ans. L\u2019annonce a \u00e9t\u00e9 faite ce jour via un message de son club, l\u2019Olympique Lyonnais, sur les r\u00e9seaux sociaux.<\/em><\/strong><\/p>\n\n\n\n<p class=\"wp-block-paragraph\">Ce mardi matin, son club formateur, l\u2019OL, a annonc\u00e9 sur son r\u00e9seau X que l\u2019ancien international togolais, Ludovic Ass\u00e9moassa, s\u2019est \u00e9teint \u00e0 l\u2019\u00e2ge de 45 ans. L\u2019OL a salu\u00e9 un homme <em>\u00ab profond\u00e9ment aim\u00e9 \u00bb,<\/em> qui a laiss\u00e9 une empreinte partout o\u00f9 il est pass\u00e9.<\/p>\n\n\n\n<figure class=\"wp-block-image size-large\"><img loading=\"lazy\" decoding=\"async\" width=\"1024\" height=\"392\" src=\"https:\/\/macite.tg\/wp-content\/uploads\/2025\/11\/8d9cf208-3716-4e73-bc0c-3341ae213e6b-1-1024x392.jpg\" alt=\"\" class=\"wp-image-26484\" srcset=\"https:\/\/macite.tg\/wp-content\/uploads\/2025\/11\/8d9cf208-3716-4e73-bc0c-3341ae213e6b-1-1024x392.jpg 1024w, https:\/\/macite.tg\/wp-content\/uploads\/2025\/11\/8d9cf208-3716-4e73-bc0c-3341ae213e6b-1-300x115.jpg 300w, https:\/\/macite.tg\/wp-content\/uploads\/2025\/11\/8d9cf208-3716-4e73-bc0c-3341ae213e6b-1-768x294.jpg 768w, https:\/\/macite.tg\/wp-content\/uploads\/2025\/11\/8d9cf208-3716-4e73-bc0c-3341ae213e6b-1.jpg 1080w\" sizes=\"auto, (max-width: 1024px) 100vw, 1024px\" \/><\/figure>\n\n\n\n<p class=\"wp-block-paragraph\">Avec cinq s\u00e9lections chez les Eperviers et une participation au mondial allemand de 2006, l\u2019Eperviers, l\u2019autre m\u00e9tronome de la d\u00e9fense togolaise, a \u00e9t\u00e9 vite frein\u00e9 dans sa carri\u00e8re par une vilaine blessure. Une rupture des ligaments crois\u00e9s au genou droit, lors du match contre la Suisse (1-2 \u00e0 l\u2019ouverture de la comp\u00e9tition). Ce qui l\u2019avait \u00e9loign\u00e9 tr\u00e8s longtemps du pr\u00e9.<\/p>\n\n\n\n<p class=\"wp-block-paragraph\">Mais pas autant, sa reconversion a \u00e9t\u00e9 vite pens\u00e9e, le natif de Lyon, form\u00e9 \u00e0 l\u2019OL (avec dans les jambes plus de 120 matchs en Ligue 2) et pass\u00e9 par l\u2019Espagne, notamment \u00e0 Ciudad Murcia et \u00e0 Grenade (34 matchs de Liga 2 et un de Coupe du Roi), avait vite fait de rebondir comme entraineur des jeunes.<\/p>\n\n\n<div class=\"wp-block-image\">\n<figure class=\"aligncenter size-full\"><img loading=\"lazy\" decoding=\"async\" width=\"500\" height=\"500\" src=\"https:\/\/macite.tg\/wp-content\/uploads\/2025\/12\/19SEept25_OTR_obtenez-votre-laissez-passer-de-vehicule-en-ligne-via-www.lpv_.otr_.tg_-768x768-1.jpg\" alt=\"\" class=\"wp-image-26549\" srcset=\"https:\/\/macite.tg\/wp-content\/uploads\/2025\/12\/19SEept25_OTR_obtenez-votre-laissez-passer-de-vehicule-en-ligne-via-www.lpv_.otr_.tg_-768x768-1.jpg 500w, https:\/\/macite.tg\/wp-content\/uploads\/2025\/12\/19SEept25_OTR_obtenez-votre-laissez-passer-de-vehicule-en-ligne-via-www.lpv_.otr_.tg_-768x768-1-300x300.jpg 300w, https:\/\/macite.tg\/wp-content\/uploads\/2025\/12\/19SEept25_OTR_obtenez-votre-laissez-passer-de-vehicule-en-ligne-via-www.lpv_.otr_.tg_-768x768-1-150x150.jpg 150w, https:\/\/macite.tg\/wp-content\/uploads\/2025\/12\/19SEept25_OTR_obtenez-votre-laissez-passer-de-vehicule-en-ligne-via-www.lpv_.otr_.tg_-768x768-1-122x122.jpg 122w\" sizes=\"auto, (max-width: 500px) 100vw, 500px\" \/><\/figure>\n<\/div>\n\n\n<p class=\"wp-block-paragraph\">En 2023, Ludovic As\u00e9moassa, avec Karim Bounouara et Habib Sisbane, r\u00e9ussissent \u00e0 la t\u00eate de Lyon-la Duch\u00e8re, pensionnaire de National 3, \u00e0 r\u00e9aliser un beau parcours en Coupe de France.<\/p>\n\n\n\n<p class=\"wp-block-paragraph\"><strong><em>Repose en paix, vaillant Eperviers&nbsp;!!!<\/em><\/strong><\/p>\n\n\n\n<p class=\"wp-block-paragraph\"><strong>La R\u00e9daction<\/strong><\/p>\n\n\n\n<p class=\"wp-block-paragraph\"><a><strong><em>@macite.tg&nbsp;&nbsp;&nbsp;&nbsp;&nbsp;&nbsp;&nbsp;&nbsp;<\/em><\/strong><\/a><\/p>\n\n\n\n<p class=\"wp-block-paragraph\"><strong><em>E-mail&nbsp;: <\/em><\/strong><a href=\"mailto:maciteinfo@gmail.com\"><strong><em>maciteinfo@gmail.com<\/em><\/strong><\/a><strong><em>; <\/em><\/strong><a href=\"mailto:bawela1@gmail.com\"><strong><em>bawela1@gmail.com<\/em><\/strong><\/a><strong><em><\/em><\/strong><\/p>\n\n\n\n<p class=\"wp-block-paragraph\"><strong><em>Pour vos annonces, (publi)reportages, etc., joignez-nous au (00228)91515309\/<strong>79872224 <\/strong><strong><\/strong><\/em><\/strong><\/p>\n\n\n\n<p class=\"wp-block-paragraph\"><strong><em>www.macite.tg, L\u2019information, la bonne&nbsp;!<\/em><\/strong><\/p>\n\n\n\n<p class=\"wp-block-paragraph\"><\/p>\n","protected":false},"excerpt":{"rendered":"<p class=\"text-justify mb-2\" >Le ballon rond togolais est en deuil. La famille du football togolais a perdu un de ses vaillant fils&nbsp;: Ludovic Ass\u00e9moassa, ce solide d\u00e9fenseur a rejoint son Cr\u00e9ateur \u00e0 seulement 45 ans. L\u2019annonce a \u00e9t\u00e9 faite ce jour via un message de son club, l\u2019Olympique [&hellip;]<\/p>\n","protected":false},"author":2,"featured_media":26704,"comment_status":"open","ping_status":"open","sticky":false,"template":"","format":"standard","meta":{"footnotes":""},"categories":[20,35,7],"tags":[],"class_list":["post-26700","post","type-post","status-publish","format-standard","has-post-thumbnail","hentry","category-actualite","category-necrologie","category-sports"],"yoast_head":"<!-- This site is optimized with the Yoast SEO plugin v28.4 - https:\/\/yoast.com\/product\/yoast-seo-wordpress\/ -->\n<title>LE FOOTBALL TOGOLAIS EN DEUIL\u00a0: Ludovic Ass\u00e9moassa, l\u2019Epervier, plus haut d\u00e9sormais dans les cieux -<\/title>\n<meta name=\"robots\" content=\"index, follow, max-snippet:-1, max-image-preview:large, max-video-preview:-1\" \/>\n<link rel=\"canonical\" href=\"https:\/\/macite.tg\/?p=26700\" \/>\n<meta property=\"og:locale\" content=\"fr_FR\" \/>\n<meta property=\"og:type\" content=\"article\" \/>\n<meta property=\"og:title\" content=\"LE FOOTBALL TOGOLAIS EN DEUIL\u00a0: Ludovic Ass\u00e9moassa, l\u2019Epervier, plus haut d\u00e9sormais dans les cieux -\" \/>\n<meta property=\"og:description\" content=\"Le ballon rond togolais est en deuil. La famille du football togolais a perdu un de ses vaillant fils&nbsp;: Ludovic Ass\u00e9moassa, ce solide d\u00e9fenseur a rejoint son Cr\u00e9ateur \u00e0 seulement 45 ans. L\u2019annonce a \u00e9t\u00e9 faite ce jour via un message de son club, l\u2019Olympique [&hellip;]\" \/>\n<meta property=\"og:url\" content=\"https:\/\/macite.tg\/?p=26700\" \/>\n<meta property=\"article:published_time\" content=\"2025-12-09T13:20:39+00:00\" \/>\n<meta property=\"article:modified_time\" content=\"2025-12-09T13:24:15+00:00\" \/>\n<meta property=\"og:image\" content=\"https:\/\/macite.tg\/wp-content\/uploads\/2025\/12\/Assemoissa.jpg\" \/>\n\t<meta property=\"og:image:width\" content=\"500\" \/>\n\t<meta property=\"og:image:height\" content=\"281\" \/>\n\t<meta property=\"og:image:type\" content=\"image\/jpeg\" \/>\n<meta name=\"author\" content=\"Jean Pierre BAWELA\" \/>\n<meta name=\"twitter:card\" content=\"summary_large_image\" \/>\n<meta name=\"twitter:label1\" content=\"\u00c9crit par\" \/>\n\t<meta name=\"twitter:data1\" content=\"Jean Pierre BAWELA\" \/>\n\t<meta name=\"twitter:label2\" content=\"Dur\u00e9e de lecture estim\u00e9e\" \/>\n\t<meta name=\"twitter:data2\" content=\"2 minutes\" \/>\n<script type=\"application\/ld+json\" class=\"yoast-schema-graph\">{\"@context\":\"https:\\\/\\\/schema.org\",\"@graph\":[{\"@type\":\"Article\",\"@id\":\"https:\\\/\\\/macite.tg\\\/?p=26700#article\",\"isPartOf\":{\"@id\":\"https:\\\/\\\/macite.tg\\\/?p=26700\"},\"author\":{\"name\":\"Jean Pierre BAWELA\",\"@id\":\"https:\\\/\\\/macite.tg\\\/#\\\/schema\\\/person\\\/e9f2de7e5dbbe7770a9402c7ce82f5c2\"},\"headline\":\"LE FOOTBALL TOGOLAIS EN DEUIL\u00a0: Ludovic Ass\u00e9moassa, l\u2019Epervier, plus haut d\u00e9sormais dans les cieux\",\"datePublished\":\"2025-12-09T13:20:39+00:00\",\"dateModified\":\"2025-12-09T13:24:15+00:00\",\"mainEntityOfPage\":{\"@id\":\"https:\\\/\\\/macite.tg\\\/?p=26700\"},\"wordCount\":318,\"commentCount\":0,\"image\":{\"@id\":\"https:\\\/\\\/macite.tg\\\/?p=26700#primaryimage\"},\"thumbnailUrl\":\"https:\\\/\\\/macite.tg\\\/wp-content\\\/uploads\\\/2025\\\/12\\\/Assemoissa.jpg\",\"articleSection\":[\"ACTUALITE\",\"NECROLOGIE\",\"SPORTS\"],\"inLanguage\":\"fr-FR\",\"potentialAction\":[{\"@type\":\"CommentAction\",\"name\":\"Comment\",\"target\":[\"https:\\\/\\\/macite.tg\\\/?p=26700#respond\"]}]},{\"@type\":\"WebPage\",\"@id\":\"https:\\\/\\\/macite.tg\\\/?p=26700\",\"url\":\"https:\\\/\\\/macite.tg\\\/?p=26700\",\"name\":\"LE FOOTBALL TOGOLAIS EN DEUIL\u00a0: Ludovic Ass\u00e9moassa, l\u2019Epervier, plus haut d\u00e9sormais dans les cieux -\",\"isPartOf\":{\"@id\":\"https:\\\/\\\/macite.tg\\\/#website\"},\"primaryImageOfPage\":{\"@id\":\"https:\\\/\\\/macite.tg\\\/?p=26700#primaryimage\"},\"image\":{\"@id\":\"https:\\\/\\\/macite.tg\\\/?p=26700#primaryimage\"},\"thumbnailUrl\":\"https:\\\/\\\/macite.tg\\\/wp-content\\\/uploads\\\/2025\\\/12\\\/Assemoissa.jpg\",\"datePublished\":\"2025-12-09T13:20:39+00:00\",\"dateModified\":\"2025-12-09T13:24:15+00:00\",\"author\":{\"@id\":\"https:\\\/\\\/macite.tg\\\/#\\\/schema\\\/person\\\/e9f2de7e5dbbe7770a9402c7ce82f5c2\"},\"breadcrumb\":{\"@id\":\"https:\\\/\\\/macite.tg\\\/?p=26700#breadcrumb\"},\"inLanguage\":\"fr-FR\",\"potentialAction\":[{\"@type\":\"ReadAction\",\"target\":[\"https:\\\/\\\/macite.tg\\\/?p=26700\"]}]},{\"@type\":\"ImageObject\",\"inLanguage\":\"fr-FR\",\"@id\":\"https:\\\/\\\/macite.tg\\\/?p=26700#primaryimage\",\"url\":\"https:\\\/\\\/macite.tg\\\/wp-content\\\/uploads\\\/2025\\\/12\\\/Assemoissa.jpg\",\"contentUrl\":\"https:\\\/\\\/macite.tg\\\/wp-content\\\/uploads\\\/2025\\\/12\\\/Assemoissa.jpg\",\"width\":500,\"height\":281,\"caption\":\"Ludovic Ass\u00e9moissa\"},{\"@type\":\"BreadcrumbList\",\"@id\":\"https:\\\/\\\/macite.tg\\\/?p=26700#breadcrumb\",\"itemListElement\":[{\"@type\":\"ListItem\",\"position\":1,\"name\":\"Accueil\",\"item\":\"https:\\\/\\\/macite.tg\\\/\"},{\"@type\":\"ListItem\",\"position\":2,\"name\":\"LE FOOTBALL TOGOLAIS EN DEUIL\u00a0: Ludovic Ass\u00e9moassa, l\u2019Epervier, plus haut d\u00e9sormais dans les cieux\"}]},{\"@type\":\"WebSite\",\"@id\":\"https:\\\/\\\/macite.tg\\\/#website\",\"url\":\"https:\\\/\\\/macite.tg\\\/\",\"name\":\"\",\"description\":\"L&#039;information, la bonne!!!\",\"potentialAction\":[{\"@type\":\"SearchAction\",\"target\":{\"@type\":\"EntryPoint\",\"urlTemplate\":\"https:\\\/\\\/macite.tg\\\/?s={search_term_string}\"},\"query-input\":{\"@type\":\"PropertyValueSpecification\",\"valueRequired\":true,\"valueName\":\"search_term_string\"}}],\"inLanguage\":\"fr-FR\"},{\"@type\":\"Person\",\"@id\":\"https:\\\/\\\/macite.tg\\\/#\\\/schema\\\/person\\\/e9f2de7e5dbbe7770a9402c7ce82f5c2\",\"name\":\"Jean Pierre BAWELA\",\"image\":{\"@type\":\"ImageObject\",\"inLanguage\":\"fr-FR\",\"@id\":\"https:\\\/\\\/macite.tg\\\/wp-content\\\/uploads\\\/2023\\\/09\\\/WhatsApp-Image-2023-09-19-at-14.44.41-122x122.jpeg\",\"url\":\"https:\\\/\\\/macite.tg\\\/wp-content\\\/uploads\\\/2023\\\/09\\\/WhatsApp-Image-2023-09-19-at-14.44.41-122x122.jpeg\",\"contentUrl\":\"https:\\\/\\\/macite.tg\\\/wp-content\\\/uploads\\\/2023\\\/09\\\/WhatsApp-Image-2023-09-19-at-14.44.41-122x122.jpeg\",\"caption\":\"Jean Pierre BAWELA\"},\"url\":\"https:\\\/\\\/macite.tg\\\/?author=2\"}]}<\/script>\n<!-- \/ Yoast SEO plugin. -->","yoast_head_json":{"title":"LE FOOTBALL TOGOLAIS EN DEUIL\u00a0: Ludovic Ass\u00e9moassa, l\u2019Epervier, plus haut d\u00e9sormais dans les cieux -","robots":{"index":"index","follow":"follow","max-snippet":"max-snippet:-1","max-image-preview":"max-image-preview:large","max-video-preview":"max-video-preview:-1"},"canonical":"https:\/\/macite.tg\/?p=26700","og_locale":"fr_FR","og_type":"article","og_title":"LE FOOTBALL TOGOLAIS EN DEUIL\u00a0: Ludovic Ass\u00e9moassa, l\u2019Epervier, plus haut d\u00e9sormais dans les cieux -","og_description":"Le ballon rond togolais est en deuil. La famille du football togolais a perdu un de ses vaillant fils&nbsp;: Ludovic Ass\u00e9moassa, ce solide d\u00e9fenseur a rejoint son Cr\u00e9ateur \u00e0 seulement 45 ans. L\u2019annonce a \u00e9t\u00e9 faite ce jour via un message de son club, l\u2019Olympique [&hellip;]","og_url":"https:\/\/macite.tg\/?p=26700","article_published_time":"2025-12-09T13:20:39+00:00","article_modified_time":"2025-12-09T13:24:15+00:00","og_image":[{"width":500,"height":281,"url":"https:\/\/macite.tg\/wp-content\/uploads\/2025\/12\/Assemoissa.jpg","type":"image\/jpeg"}],"author":"Jean Pierre BAWELA","twitter_card":"summary_large_image","twitter_misc":{"\u00c9crit par":"Jean Pierre BAWELA","Dur\u00e9e de lecture estim\u00e9e":"2 minutes"},"schema":{"@context":"https:\/\/schema.org","@graph":[{"@type":"Article","@id":"https:\/\/macite.tg\/?p=26700#article","isPartOf":{"@id":"https:\/\/macite.tg\/?p=26700"},"author":{"name":"Jean Pierre BAWELA","@id":"https:\/\/macite.tg\/#\/schema\/person\/e9f2de7e5dbbe7770a9402c7ce82f5c2"},"headline":"LE FOOTBALL TOGOLAIS EN DEUIL\u00a0: Ludovic Ass\u00e9moassa, l\u2019Epervier, plus haut d\u00e9sormais dans les cieux","datePublished":"2025-12-09T13:20:39+00:00","dateModified":"2025-12-09T13:24:15+00:00","mainEntityOfPage":{"@id":"https:\/\/macite.tg\/?p=26700"},"wordCount":318,"commentCount":0,"image":{"@id":"https:\/\/macite.tg\/?p=26700#primaryimage"},"thumbnailUrl":"https:\/\/macite.tg\/wp-content\/uploads\/2025\/12\/Assemoissa.jpg","articleSection":["ACTUALITE","NECROLOGIE","SPORTS"],"inLanguage":"fr-FR","potentialAction":[{"@type":"CommentAction","name":"Comment","target":["https:\/\/macite.tg\/?p=26700#respond"]}]},{"@type":"WebPage","@id":"https:\/\/macite.tg\/?p=26700","url":"https:\/\/macite.tg\/?p=26700","name":"LE FOOTBALL TOGOLAIS EN DEUIL\u00a0: Ludovic Ass\u00e9moassa, l\u2019Epervier, plus haut d\u00e9sormais dans les cieux -","isPartOf":{"@id":"https:\/\/macite.tg\/#website"},"primaryImageOfPage":{"@id":"https:\/\/macite.tg\/?p=26700#primaryimage"},"image":{"@id":"https:\/\/macite.tg\/?p=26700#primaryimage"},"thumbnailUrl":"https:\/\/macite.tg\/wp-content\/uploads\/2025\/12\/Assemoissa.jpg","datePublished":"2025-12-09T13:20:39+00:00","dateModified":"2025-12-09T13:24:15+00:00","author":{"@id":"https:\/\/macite.tg\/#\/schema\/person\/e9f2de7e5dbbe7770a9402c7ce82f5c2"},"breadcrumb":{"@id":"https:\/\/macite.tg\/?p=26700#breadcrumb"},"inLanguage":"fr-FR","potentialAction":[{"@type":"ReadAction","target":["https:\/\/macite.tg\/?p=26700"]}]},{"@type":"ImageObject","inLanguage":"fr-FR","@id":"https:\/\/macite.tg\/?p=26700#primaryimage","url":"https:\/\/macite.tg\/wp-content\/uploads\/2025\/12\/Assemoissa.jpg","contentUrl":"https:\/\/macite.tg\/wp-content\/uploads\/2025\/12\/Assemoissa.jpg","width":500,"height":281,"caption":"Ludovic Ass\u00e9moissa"},{"@type":"BreadcrumbList","@id":"https:\/\/macite.tg\/?p=26700#breadcrumb","itemListElement":[{"@type":"ListItem","position":1,"name":"Accueil","item":"https:\/\/macite.tg\/"},{"@type":"ListItem","position":2,"name":"LE FOOTBALL TOGOLAIS EN DEUIL\u00a0: Ludovic Ass\u00e9moassa, l\u2019Epervier, plus haut d\u00e9sormais dans les cieux"}]},{"@type":"WebSite","@id":"https:\/\/macite.tg\/#website","url":"https:\/\/macite.tg\/","name":"","description":"L&#039;information, la bonne!!!","potentialAction":[{"@type":"SearchAction","target":{"@type":"EntryPoint","urlTemplate":"https:\/\/macite.tg\/?s={search_term_string}"},"query-input":{"@type":"PropertyValueSpecification","valueRequired":true,"valueName":"search_term_string"}}],"inLanguage":"fr-FR"},{"@type":"Person","@id":"https:\/\/macite.tg\/#\/schema\/person\/e9f2de7e5dbbe7770a9402c7ce82f5c2","name":"Jean Pierre BAWELA","image":{"@type":"ImageObject","inLanguage":"fr-FR","@id":"https:\/\/macite.tg\/wp-content\/uploads\/2023\/09\/WhatsApp-Image-2023-09-19-at-14.44.41-122x122.jpeg","url":"https:\/\/macite.tg\/wp-content\/uploads\/2023\/09\/WhatsApp-Image-2023-09-19-at-14.44.41-122x122.jpeg","contentUrl":"https:\/\/macite.tg\/wp-content\/uploads\/2023\/09\/WhatsApp-Image-2023-09-19-at-14.44.41-122x122.jpeg","caption":"Jean Pierre BAWELA"},"url":"https:\/\/macite.tg\/?author=2"}]}},"_links":{"self":[{"href":"https:\/\/macite.tg\/index.php?rest_route=\/wp\/v2\/posts\/26700","targetHints":{"allow":["GET"]}}],"collection":[{"href":"https:\/\/macite.tg\/index.php?rest_route=\/wp\/v2\/posts"}],"about":[{"href":"https:\/\/macite.tg\/index.php?rest_route=\/wp\/v2\/types\/post"}],"author":[{"embeddable":true,"href":"https:\/\/macite.tg\/index.php?rest_route=\/wp\/v2\/users\/2"}],"replies":[{"embeddable":true,"href":"https:\/\/macite.tg\/index.php?rest_route=%2Fwp%2Fv2%2Fcomments&post=26700"}],"version-history":[{"count":0,"href":"https:\/\/macite.tg\/index.php?rest_route=\/wp\/v2\/posts\/26700\/revisions"}],"wp:featuredmedia":[{"embeddable":true,"href":"https:\/\/macite.tg\/index.php?rest_route=\/wp\/v2\/media\/26704"}],"wp:attachment":[{"href":"https:\/\/macite.tg\/index.php?rest_route=%2Fwp%2Fv2%2Fmedia&parent=26700"}],"wp:term":[{"taxonomy":"category","embeddable":true,"href":"https:\/\/macite.tg\/index.php?rest_route=%2Fwp%2Fv2%2Fcategories&post=26700"},{"taxonomy":"post_tag","embeddable":true,"href":"https:\/\/macite.tg\/index.php?rest_route=%2Fwp%2Fv2%2Ftags&post=26700"}],"curies":[{"name":"wp","href":"https:\/\/api.w.org\/{rel}","templated":true}]}}